{"id":187757,"date":"2018-11-03T07:28:07","date_gmt":"2018-11-03T10:28:07","guid":{"rendered":"http:\/\/franciscanos.org.br\/?p=176142"},"modified":"2020-06-06T17:36:55","modified_gmt":"2020-06-06T20:36:55","slug":"e-importante-fazer-memoria-isso-nos-deixa-mais-fortes","status":"publish","type":"post","link":"https:\/\/franciscanos.org.br\/noticias\/e-importante-fazer-memoria-isso-nos-deixa-mais-fortes.html","title":{"rendered":"Papa: \u201c\u00c9 importante fazer mem\u00f3ria. Isso nos deixa mais fortes&#8221;"},"content":{"rendered":"<p><img loading=\"lazy\" class=\"alignleft size-full wp-image-176143\" src=\"http:\/\/franciscanos.org.br\/wp-content\/uploads\/2018\/11\/finados_031118_1.jpg\" alt=\"finados_031118_1\" width=\"830\" height=\"478\" \/><\/p>\n<p><strong>Cidade do Vaticano &#8211;<\/strong>\u00a0 Na tarde desta sexta-feira (02\/11), dia da celebra\u00e7\u00e3o dos Fi\u00e9is Defuntos, o Papa Francisco presidiu uma Santa Missa no Cemit\u00e9rio Laurentino, em Roma. Ao chegar no Cemit\u00e9rio, o Papa foi rezar no Jardim dos Anjos, onde est\u00e3o sepultadas as crian\u00e7as n\u00e3o nascidas e as crian\u00e7as que morreram por outras causas.<\/p>\n<p>Na sua homilia o Papa iniciou recordando que &#8220;a liturgia de hoje \u00e9 uma liturgia concreta porque nos enquadra nas tr\u00eas dimens\u00f5es da vida, que at\u00e9 as crian\u00e7as entendem, ou seja, o passado, o futuro e o presente&#8221;. &#8220;Recordando o dia da mem\u00f3ria&#8221;, disse o Papa, &#8220;falamos no passado, dos que caminharam antes de n\u00f3s, dos que nos deram vida, nos acompanharam\u2026<\/p>\n<p>\u201c\u00c9 importante recordar e fazer mem\u00f3ria, isso nos deixa mais fortes, como pessoa e como povo. Nos sentimos enraizados, nos faz entender quem somos e que n\u00e3o estamos sozinhos: um povo que tem uma hist\u00f3ria, tem um passado, tem uma vida\u201d.<\/p>\n<p>Nem sempre \u00e9 f\u00e1cil recordar, voltar para tr\u00e1s &#8211; disse o Papa &#8211; e lembrar da nossa vida, da nossa fam\u00edlia, do nosso povo. Mas hoje \u00e9 dia de mem\u00f3ria e a mem\u00f3ria nos leva \u00e0s nossas ra\u00edzes .<\/p>\n<p><img loading=\"lazy\" class=\"alignleft size-full wp-image-176145\" src=\"http:\/\/franciscanos.org.br\/wp-content\/uploads\/2018\/11\/finados_031118.jpg\" alt=\"finados_031118\" width=\"820\" height=\"546\" \/><\/p>\n<p><strong>Esperan\u00e7a<\/strong><br \/>\n&#8220;Hoje tamb\u00e9m \u00e9 um dia de esperan\u00e7a, disse o Pont\u00edfice, como diz a segunda leitura, nos mostra o que nos espera. Um c\u00e9u novo, uma terra nova, mais bela, a santa cidade de Jerusal\u00e9m, nova e bela. Espera-se a beleza\u2026 Mem\u00f3ria e esperan\u00e7a de nos encontrarmos, esperan\u00e7a de chegar onde h\u00e1 o amor que nos criou: o amor do Pai&#8221;.<\/p>\n<p>O Papa seguiu dizendo que entre mem\u00f3ria e esperan\u00e7a h\u00e1 a terceira dimens\u00e3o: o caminho que devemos seguir. &#8220;Como fazer para n\u00e3o errar e seguir o caminho&#8221;. Papa Francisco completou: &#8220;A resposta est\u00e1 no Evangelho, que nos diz para seguir as Bem-aventuran\u00e7as. As Bem-aventuran\u00e7as s\u00e3o as luzes que nos acompanham para n\u00e3o errar o caminho: este \u00e9 o nosso presente.<\/p>\n<p><strong>Tr\u00eas dimens\u00f5es<\/strong><br \/>\n&#8220;Neste cemit\u00e9rio h\u00e1 as tr\u00eas dimens\u00f5es da vida: Mem\u00f3ria que vemos \u00e0 nossa frente, a esperan\u00e7a que celebramos agora na f\u00e9, e as luzes para nos guiar no caminho que s\u00e3o as Bem-aventuran\u00e7as. \u201cJamais devemos perder ou esconder a mem\u00f3ria, das pessoas, da fam\u00edlia e de povo\u201d.<\/p>\n<p>Concluindo, o Papa desejou que &#8220;Deus nos d\u00ea a gra\u00e7a da esperan\u00e7a, saber esperar, olhar o horizonte e a gra\u00e7a de entender quais s\u00e3o as luzes que nos acompanhar\u00e3o para seguir no caminho e assim chegar onde nos esperam com tanto amor&#8221;.<\/p>\n","protected":false},"excerpt":{"rendered":"<p>Celebra\u00e7\u00e3o dos F\u00e9is Defuntos <\/p>\n","protected":false},"author":1,"featured_media":191064,"comment_status":"open","ping_status":"open","sticky":false,"template":"","format":"standard","meta":[],"categories":[1428],"tags":[489,55],"acf":[],"yoast_head":"<!-- This site is optimized with the Yoast SEO plugin v19.2 - https:\/\/yoast.com\/wordpress\/plugins\/seo\/ -->\n<title>Papa: \u201c\u00c9 importante fazer mem\u00f3ria. Isso nos deixa mais fortes&quot; - Not\u00edcias - Franciscanos<\/title>\n<meta name=\"robots\" content=\"index, follow, max-snippet:-1, max-image-preview:large, max-video-preview:-1\" \/>\n<link rel=\"canonical\" href=\"https:\/\/franciscanos.org.br\/noticias\/e-importante-fazer-memoria-isso-nos-deixa-mais-fortes.html\" \/>\n<meta property=\"og:locale\" content=\"pt_BR\" \/>\n<meta property=\"og:type\" content=\"article\" \/>\n<meta property=\"og:title\" content=\"Papa: \u201c\u00c9 importante fazer mem\u00f3ria. Isso nos deixa mais fortes&quot; - Not\u00edcias - Franciscanos\" \/>\n<meta property=\"og:description\" content=\"Celebra\u00e7\u00e3o dos F\u00e9is Defuntos\" \/>\n<meta property=\"og:url\" content=\"https:\/\/franciscanos.org.br\/noticias\/e-importante-fazer-memoria-isso-nos-deixa-mais-fortes.html\" \/>\n<meta property=\"og:site_name\" content=\"Not\u00edcias - Franciscanos\" \/>\n<meta property=\"article:published_time\" content=\"2018-11-03T10:28:07+00:00\" \/>\n<meta property=\"article:modified_time\" content=\"2020-06-06T20:36:55+00:00\" \/>\n<meta property=\"og:image\" content=\"https:\/\/franciscanos.org.br\/noticias\/wp-content\/uploads\/2018\/11\/finados_031118_1-2.jpg\" \/>\n\t<meta property=\"og:image:width\" content=\"273\" \/>\n\t<meta property=\"og:image:height\" content=\"181\" \/>\n\t<meta property=\"og:image:type\" content=\"image\/jpeg\" \/>\n<meta name=\"author\" content=\"admin\" \/>\n<meta name=\"twitter:card\" content=\"summary_large_image\" \/>\n<meta name=\"twitter:label1\" content=\"Escrito por\" \/>\n\t<meta name=\"twitter:data1\" content=\"admin\" \/>\n\t<meta name=\"twitter:label2\" content=\"Est. tempo de leitura\" \/>\n\t<meta name=\"twitter:data2\" content=\"2 minutos\" \/>\n<script type=\"application\/ld+json\" class=\"yoast-schema-graph\">{\"@context\":\"https:\/\/schema.org\",\"@graph\":[{\"@type\":\"WebSite\",\"@id\":\"https:\/\/franciscanos.org.br\/noticias\/#website\",\"url\":\"https:\/\/franciscanos.org.br\/noticias\/\",\"name\":\"Not\u00edcias - Franciscanos\",\"description\":\"Prov\u00edncia Franciscana da Imaculada Concei\u00e7\u00e3o do Brasil - Ordem dos Frades Menores - OFM\",\"potentialAction\":[{\"@type\":\"SearchAction\",\"target\":{\"@type\":\"EntryPoint\",\"urlTemplate\":\"https:\/\/franciscanos.org.br\/noticias\/?s={search_term_string}\"},\"query-input\":\"required name=search_term_string\"}],\"inLanguage\":\"pt-BR\"},{\"@type\":\"ImageObject\",\"inLanguage\":\"pt-BR\",\"@id\":\"https:\/\/franciscanos.org.br\/noticias\/e-importante-fazer-memoria-isso-nos-deixa-mais-fortes.html#primaryimage\",\"url\":\"https:\/\/franciscanos.org.br\/noticias\/wp-content\/uploads\/2018\/11\/finados_031118_1-2.jpg\",\"contentUrl\":\"https:\/\/franciscanos.org.br\/noticias\/wp-content\/uploads\/2018\/11\/finados_031118_1-2.jpg\",\"width\":273,\"height\":181},{\"@type\":\"WebPage\",\"@id\":\"https:\/\/franciscanos.org.br\/noticias\/e-importante-fazer-memoria-isso-nos-deixa-mais-fortes.html#webpage\",\"url\":\"https:\/\/franciscanos.org.br\/noticias\/e-importante-fazer-memoria-isso-nos-deixa-mais-fortes.html\",\"name\":\"Papa: \u201c\u00c9 importante fazer mem\u00f3ria. Isso nos deixa mais fortes\\\" - Not\u00edcias - Franciscanos\",\"isPartOf\":{\"@id\":\"https:\/\/franciscanos.org.br\/noticias\/#website\"},\"primaryImageOfPage\":{\"@id\":\"https:\/\/franciscanos.org.br\/noticias\/e-importante-fazer-memoria-isso-nos-deixa-mais-fortes.html#primaryimage\"},\"datePublished\":\"2018-11-03T10:28:07+00:00\",\"dateModified\":\"2020-06-06T20:36:55+00:00\",\"author\":{\"@id\":\"https:\/\/franciscanos.org.br\/noticias\/#\/schema\/person\/b38fbf43118f02820bd932f2e4b14ad3\"},\"breadcrumb\":{\"@id\":\"https:\/\/franciscanos.org.br\/noticias\/e-importante-fazer-memoria-isso-nos-deixa-mais-fortes.html#breadcrumb\"},\"inLanguage\":\"pt-BR\",\"potentialAction\":[{\"@type\":\"ReadAction\",\"target\":[\"https:\/\/franciscanos.org.br\/noticias\/e-importante-fazer-memoria-isso-nos-deixa-mais-fortes.html\"]}]},{\"@type\":\"BreadcrumbList\",\"@id\":\"https:\/\/franciscanos.org.br\/noticias\/e-importante-fazer-memoria-isso-nos-deixa-mais-fortes.html#breadcrumb\",\"itemListElement\":[{\"@type\":\"ListItem\",\"position\":1,\"name\":\"Home\",\"item\":\"https:\/\/franciscanos.org.br\/noticias\"},{\"@type\":\"ListItem\",\"position\":2,\"name\":\"Papa: \u201c\u00c9 importante fazer mem\u00f3ria. Isso nos deixa mais fortes&#8221;\"}]},{\"@type\":\"Person\",\"@id\":\"https:\/\/franciscanos.org.br\/noticias\/#\/schema\/person\/b38fbf43118f02820bd932f2e4b14ad3\",\"name\":\"admin\",\"image\":{\"@type\":\"ImageObject\",\"inLanguage\":\"pt-BR\",\"@id\":\"https:\/\/franciscanos.org.br\/noticias\/#\/schema\/person\/image\/\",\"url\":\"https:\/\/secure.gravatar.com\/avatar\/e8495742d34d0ba6448ea1c628263b3e?s=96&d=mm&r=g\",\"contentUrl\":\"https:\/\/secure.gravatar.com\/avatar\/e8495742d34d0ba6448ea1c628263b3e?s=96&d=mm&r=g\",\"caption\":\"admin\"},\"url\":\"https:\/\/franciscanos.org.br\/noticias\/author\/admin\"}]}<\/script>\n<!-- \/ Yoast SEO plugin. -->","yoast_head_json":{"title":"Papa: \u201c\u00c9 importante fazer mem\u00f3ria. Isso nos deixa mais fortes\" - Not\u00edcias - Franciscanos","robots":{"index":"index","follow":"follow","max-snippet":"max-snippet:-1","max-image-preview":"max-image-preview:large","max-video-preview":"max-video-preview:-1"},"canonical":"https:\/\/franciscanos.org.br\/noticias\/e-importante-fazer-memoria-isso-nos-deixa-mais-fortes.html","og_locale":"pt_BR","og_type":"article","og_title":"Papa: \u201c\u00c9 importante fazer mem\u00f3ria. Isso nos deixa mais fortes\" - Not\u00edcias - Franciscanos","og_description":"Celebra\u00e7\u00e3o dos F\u00e9is Defuntos","og_url":"https:\/\/franciscanos.org.br\/noticias\/e-importante-fazer-memoria-isso-nos-deixa-mais-fortes.html","og_site_name":"Not\u00edcias - Franciscanos","article_published_time":"2018-11-03T10:28:07+00:00","article_modified_time":"2020-06-06T20:36:55+00:00","og_image":[{"width":273,"height":181,"url":"https:\/\/franciscanos.org.br\/noticias\/wp-content\/uploads\/2018\/11\/finados_031118_1-2.jpg","type":"image\/jpeg"}],"author":"admin","twitter_card":"summary_large_image","twitter_misc":{"Escrito por":"admin","Est. tempo de leitura":"2 minutos"},"schema":{"@context":"https:\/\/schema.org","@graph":[{"@type":"WebSite","@id":"https:\/\/franciscanos.org.br\/noticias\/#website","url":"https:\/\/franciscanos.org.br\/noticias\/","name":"Not\u00edcias - Franciscanos","description":"Prov\u00edncia Franciscana da Imaculada Concei\u00e7\u00e3o do Brasil - Ordem dos Frades Menores - OFM","potentialAction":[{"@type":"SearchAction","target":{"@type":"EntryPoint","urlTemplate":"https:\/\/franciscanos.org.br\/noticias\/?s={search_term_string}"},"query-input":"required name=search_term_string"}],"inLanguage":"pt-BR"},{"@type":"ImageObject","inLanguage":"pt-BR","@id":"https:\/\/franciscanos.org.br\/noticias\/e-importante-fazer-memoria-isso-nos-deixa-mais-fortes.html#primaryimage","url":"https:\/\/franciscanos.org.br\/noticias\/wp-content\/uploads\/2018\/11\/finados_031118_1-2.jpg","contentUrl":"https:\/\/franciscanos.org.br\/noticias\/wp-content\/uploads\/2018\/11\/finados_031118_1-2.jpg","width":273,"height":181},{"@type":"WebPage","@id":"https:\/\/franciscanos.org.br\/noticias\/e-importante-fazer-memoria-isso-nos-deixa-mais-fortes.html#webpage","url":"https:\/\/franciscanos.org.br\/noticias\/e-importante-fazer-memoria-isso-nos-deixa-mais-fortes.html","name":"Papa: \u201c\u00c9 importante fazer mem\u00f3ria. Isso nos deixa mais fortes\" - Not\u00edcias - Franciscanos","isPartOf":{"@id":"https:\/\/franciscanos.org.br\/noticias\/#website"},"primaryImageOfPage":{"@id":"https:\/\/franciscanos.org.br\/noticias\/e-importante-fazer-memoria-isso-nos-deixa-mais-fortes.html#primaryimage"},"datePublished":"2018-11-03T10:28:07+00:00","dateModified":"2020-06-06T20:36:55+00:00","author":{"@id":"https:\/\/franciscanos.org.br\/noticias\/#\/schema\/person\/b38fbf43118f02820bd932f2e4b14ad3"},"breadcrumb":{"@id":"https:\/\/franciscanos.org.br\/noticias\/e-importante-fazer-memoria-isso-nos-deixa-mais-fortes.html#breadcrumb"},"inLanguage":"pt-BR","potentialAction":[{"@type":"ReadAction","target":["https:\/\/franciscanos.org.br\/noticias\/e-importante-fazer-memoria-isso-nos-deixa-mais-fortes.html"]}]},{"@type":"BreadcrumbList","@id":"https:\/\/franciscanos.org.br\/noticias\/e-importante-fazer-memoria-isso-nos-deixa-mais-fortes.html#breadcrumb","itemListElement":[{"@type":"ListItem","position":1,"name":"Home","item":"https:\/\/franciscanos.org.br\/noticias"},{"@type":"ListItem","position":2,"name":"Papa: \u201c\u00c9 importante fazer mem\u00f3ria. Isso nos deixa mais fortes&#8221;"}]},{"@type":"Person","@id":"https:\/\/franciscanos.org.br\/noticias\/#\/schema\/person\/b38fbf43118f02820bd932f2e4b14ad3","name":"admin","image":{"@type":"ImageObject","inLanguage":"pt-BR","@id":"https:\/\/franciscanos.org.br\/noticias\/#\/schema\/person\/image\/","url":"https:\/\/secure.gravatar.com\/avatar\/e8495742d34d0ba6448ea1c628263b3e?s=96&d=mm&r=g","contentUrl":"https:\/\/secure.gravatar.com\/avatar\/e8495742d34d0ba6448ea1c628263b3e?s=96&d=mm&r=g","caption":"admin"},"url":"https:\/\/franciscanos.org.br\/noticias\/author\/admin"}]}},"_links":{"self":[{"href":"https:\/\/franciscanos.org.br\/noticias\/wp-json\/wp\/v2\/posts\/187757"}],"collection":[{"href":"https:\/\/franciscanos.org.br\/noticias\/wp-json\/wp\/v2\/posts"}],"about":[{"href":"https:\/\/franciscanos.org.br\/noticias\/wp-json\/wp\/v2\/types\/post"}],"author":[{"embeddable":true,"href":"https:\/\/franciscanos.org.br\/noticias\/wp-json\/wp\/v2\/users\/1"}],"replies":[{"embeddable":true,"href":"https:\/\/franciscanos.org.br\/noticias\/wp-json\/wp\/v2\/comments?post=187757"}],"version-history":[{"count":1,"href":"https:\/\/franciscanos.org.br\/noticias\/wp-json\/wp\/v2\/posts\/187757\/revisions"}],"predecessor-version":[{"id":224714,"href":"https:\/\/franciscanos.org.br\/noticias\/wp-json\/wp\/v2\/posts\/187757\/revisions\/224714"}],"wp:featuredmedia":[{"embeddable":true,"href":"https:\/\/franciscanos.org.br\/noticias\/wp-json\/wp\/v2\/media\/191064"}],"wp:attachment":[{"href":"https:\/\/franciscanos.org.br\/noticias\/wp-json\/wp\/v2\/media?parent=187757"}],"wp:term":[{"taxonomy":"category","embeddable":true,"href":"https:\/\/franciscanos.org.br\/noticias\/wp-json\/wp\/v2\/categories?post=187757"},{"taxonomy":"post_tag","embeddable":true,"href":"https:\/\/franciscanos.org.br\/noticias\/wp-json\/wp\/v2\/tags?post=187757"}],"curies":[{"name":"wp","href":"https:\/\/api.w.org\/{rel}","templated":true}]}}