{"id":187753,"date":"2018-10-31T14:04:31","date_gmt":"2018-10-31T17:04:31","guid":{"rendered":"http:\/\/franciscanos.org.br\/?p=175894"},"modified":"2019-03-08T18:05:19","modified_gmt":"2019-03-08T21:05:19","slug":"vozes-e-mose-apresentam-nietzsche-hoje","status":"publish","type":"post","link":"https:\/\/franciscanos.org.br\/noticias\/vozes-e-mose-apresentam-nietzsche-hoje.html","title":{"rendered":"Vozes e Mos\u00e9 apresentam &#8220;Nietzsche hoje&#8221;"},"content":{"rendered":"<p><img loading=\"lazy\" class=\"alignleft\" src=\"http:\/\/franciscanos.org.br\/wp-content\/uploads\/2018\/10\/mose_311018.jpg\" alt=\"mose_311018\" width=\"830\" height=\"468\" \/><\/p>\n<p>A poetisa, fil\u00f3sofa, psic\u00f3loga, psicanalista e especialista em elabora\u00e7\u00e3o e implementa\u00e7\u00e3o de pol\u00edticas p\u00fablicas, Viviane Mos\u00e9, chega na Editora Vozes para marcar \u00e9poca com seu fil\u00f3sofo preferido: Nietzsche. \u201cFalar sobre Nietzsche para mim \u00e9 como falar sobre um amigo&#8221;, confessa a escritora, que lan\u00e7a pelo selo Nobilis da Editora &#8220;Nietzsche hoje &#8211; Sobre os desafios da vida contempor\u00e2nea&#8221; e tamb\u00e9m republica &#8220;Nietzsche e a grande pol\u00edtica da linguagem&#8221;, a sua tese de doutorado lan\u00e7ada anteriormente pela editora Civiliza\u00e7\u00e3o Brasileira.<\/p>\n<p>O lan\u00e7amento dos dois t\u00edtulos foi feito no dia 29 de outubro na Livraria Blooks, no Rio de Janeiro; e no dia 30, em S\u00e3o Paulo, na Livraria Martins Fontes.<\/p>\n<p>Capixaba, onde nasceu em 16 de janeiro de 1964, Viviane apresenta de modo simples, mas com rigor os pontos-chave do pensamento nietzscheano, fazendo com que o livro possa ser lido de diversas maneiras, sempre de forma prazerosa ao mesmo tempo que inquietante. O mais importante da filosofia de Nietzsche, traduzida e exercida por Viviane Mos\u00e9, \u00e9 a possibilidade de aproximar os opostos, a raz\u00e3o e a emo\u00e7\u00e3o, a natureza e a cultura, a dor e a alegria. Mais do que isso, ela nos faz, guiada por Nietzsche, uma pergunta essencial nos tempos em que vivemos: Por que os opostos?<\/p>\n<p>Mos\u00e9 escreveu e apresentou, em 2005 e 2006, o quadro &#8220;Ser ou n\u00e3o Ser&#8221;, no &#8220;Fant\u00e1stico&#8221;, onde trazia temas de filosofia para uma linguagem cotidiana, e tamb\u00e9m participou como comentarista do programa &#8220;Liberdade de Express\u00e3o&#8221;, na R\u00e1dio CBN, com Carlos Heitor Cony e Artur Xex\u00e9o. \u00c9 uma das fil\u00f3sofas mais requisitadas pelas corpora\u00e7\u00f5es, onde discursa sobre a busca pela felicidade, sobre a vida, a morte&#8230; &#8220;Nietzsche hoje&#8221; \u00e9, acima de tudo, uma <em>ode \u00e0 vida.<\/em> Nas palavras de Viviane, &#8220;viver \u00e9 o grande desafio, mas \u00e9 preciso que o fasc\u00ednio da vida possa nos seduzir, nos embriagar, nos fortalecer para que sejamos capazes de empreender as grandes jornadas em dire\u00e7\u00e3o a n\u00f3s mesmos e ao mundo. A arte \u00e9 um ant\u00eddoto para o sofrimento, somente a arte nos torna capazes de afirmar a vida com todas as contradi\u00e7\u00f5es e desconhecimentos&#8221;.<\/p>\n<p>\u201cEstud\u00e1-lo (Nietzsche) me ajudou a resolver diversas quest\u00f5es internas que me afetavam, por isso eu procuro sempre fazer com que a obra dele possa ajudar outras pessoas como voc\u00eas\u201d, comentou durante a 18\u00aa Feira Nacional do Livro de Ribeir\u00e3o Preto em maio deste ano.<\/p>\n<p><img loading=\"lazy\" class=\"alignleft\" src=\"http:\/\/franciscanos.org.br\/wp-content\/uploads\/2018\/10\/mose_311018_1.jpg\" alt=\"mose_311018_1\" width=\"830\" height=\"468\" \/><\/p>\n<p><strong>Nietzsche e a grande pol\u00edtica da linguagem<\/strong><\/p>\n<p>A quest\u00e3o da racionalidade como um modelo excludente para o pensamento \u00e9 o ponto central do trabalho de Viviane Mos\u00e9. Desde 1986, quando concluiu sua monografia de gradua\u00e7\u00e3o, at\u00e9 a concep\u00e7\u00e3o da sua tese de doutorado, em 2004, que deu origem a este livro, o pensamento de Nietzsche tem sido a base para o estudo da autora. Viviane destaca a import\u00e2ncia da linguagem nos processos de cristaliza\u00e7\u00e3o dos valores morais, e aponta a necessidade de uma cr\u00edtica radical da\u00a0linguagem, como o intuito de permitir o que o fil\u00f3sofo chama de \u201ctransvalora\u00e7\u00e3o dos valores\u201d.<\/p>\n<p>Transvalorar pode ser pensado, em princ\u00edpio, como tornar m\u00f3vel, male\u00e1vel, fluido. No entanto, ao contr\u00e1rio de male\u00e1veis, as avalia\u00e7\u00f5es e os ju\u00edzos que o homem produziu, tanto na Modernidade quanto na Antiguidade Cl\u00e1ssica, s\u00e3o\u00a0cristaliza\u00e7\u00f5es, fixa\u00e7\u00f5es sustentadas pela cren\u00e7a na identidade, na ess\u00eancia, no ser.<\/p>\n<p>Quando Nietzsche afirma a necessidade de uma transvalora\u00e7\u00e3o dos valores, refere-se \u00e0 possibilidade de desconstru\u00e7\u00e3o desta estrutura. Repensar a linguagem, avaliar a rela\u00e7\u00e3o que a cultura estabeleceu com os c\u00f3digos de comunica\u00e7\u00e3o, bem\u00a0como as leis e os princ\u00edpios que determinou para os enunciados, \u00e9 uma das condi\u00e7\u00f5es para o que Nietzsche, segundo Viviane Mos\u00e9, chama de uma nova grande pol\u00edtica.<\/p>\n<p>Nietzsche nasceu em Roecken, perto de Leipzig, Alemanha, em 1844. Durante dez anos foi professor de filologia cl\u00e1ssica na Universidade da Basileia, Su\u00ed\u00e7a. Em 1872, publicou seu primeiro livro, <em>O nascimento da trag\u00e9dia.<\/em> Escreveu mais treze obras de ensaios e aforismos, at\u00e9 o in\u00edcio de 1889, quando enlouqueceu. Deixou tamb\u00e9m milhares de p\u00e1ginas de anota\u00e7\u00f5es, publicadas postumamente. Um dos mais importantes fil\u00f3sofos do s\u00e9culo XIX, exerceu (e continua a exercer) profunda influ\u00eancia sobre o pensamento e a literatura ocidentais. Morreu em 1900.<\/p>\n<h3>Para adquirir os livros da Vozes, acesse: <a href=\"http:\/\/www.universovozes.com.br\">www.universovozes.com.br<\/a><\/h3>\n<p><strong>Nietzsche e a grande pol\u00edtica da linguagem<\/strong><br \/>\nViviane Mos\u00e9<br \/>\nFilosofia, Nobilis<br \/>\nPor R$ 36,00<\/p>\n<p><strong>Nietzsche hoje <\/strong><br \/>\n<strong>Sobre os desafios da vida contempor\u00e2nea<\/strong><br \/>\nViviane Mos\u00e9<br \/>\nFilosofia, Nobilis<br \/>\nPor R$ 28,00<\/p>\n<p><strong>Pol\u00edtica &#8211; N\u00f3s tamb\u00e9m sabemos fazer<\/strong><br \/>\nViviane Mos\u00e9<br \/>\nPol\u00edtica, Nobilis<br \/>\nPor R$ 24,90<\/p>\n","protected":false},"excerpt":{"rendered":"<p>Editora Vozes<\/p>\n","protected":false},"author":1,"featured_media":191095,"comment_status":"open","ping_status":"open","sticky":false,"template":"","format":"standard","meta":[],"categories":[1],"tags":[238],"acf":[],"yoast_head":"<!-- This site is optimized with the Yoast SEO plugin v19.2 - https:\/\/yoast.com\/wordpress\/plugins\/seo\/ -->\n<title>Vozes e Mos\u00e9 apresentam &quot;Nietzsche hoje&quot; - Not\u00edcias - Franciscanos<\/title>\n<meta name=\"robots\" content=\"index, follow, max-snippet:-1, max-image-preview:large, max-video-preview:-1\" \/>\n<link rel=\"canonical\" href=\"https:\/\/franciscanos.org.br\/noticias\/vozes-e-mose-apresentam-nietzsche-hoje.html\" \/>\n<meta property=\"og:locale\" content=\"pt_BR\" \/>\n<meta property=\"og:type\" content=\"article\" \/>\n<meta property=\"og:title\" content=\"Vozes e Mos\u00e9 apresentam &quot;Nietzsche hoje&quot; - Not\u00edcias - Franciscanos\" \/>\n<meta property=\"og:description\" content=\"Editora Vozes\" \/>\n<meta property=\"og:url\" content=\"https:\/\/franciscanos.org.br\/noticias\/vozes-e-mose-apresentam-nietzsche-hoje.html\" \/>\n<meta property=\"og:site_name\" content=\"Not\u00edcias - Franciscanos\" \/>\n<meta property=\"article:published_time\" content=\"2018-10-31T17:04:31+00:00\" \/>\n<meta property=\"article:modified_time\" content=\"2019-03-08T21:05:19+00:00\" \/>\n<meta property=\"og:image\" content=\"https:\/\/franciscanos.org.br\/noticias\/wp-content\/uploads\/2018\/10\/mose_311018.jpg\" \/>\n\t<meta property=\"og:image:width\" content=\"273\" \/>\n\t<meta property=\"og:image:height\" content=\"181\" \/>\n\t<meta property=\"og:image:type\" content=\"image\/jpeg\" \/>\n<meta name=\"author\" content=\"admin\" \/>\n<meta name=\"twitter:card\" content=\"summary_large_image\" \/>\n<meta name=\"twitter:label1\" content=\"Escrito por\" \/>\n\t<meta name=\"twitter:data1\" content=\"admin\" \/>\n\t<meta name=\"twitter:label2\" content=\"Est. tempo de leitura\" \/>\n\t<meta name=\"twitter:data2\" content=\"4 minutos\" \/>\n<script type=\"application\/ld+json\" class=\"yoast-schema-graph\">{\"@context\":\"https:\/\/schema.org\",\"@graph\":[{\"@type\":\"WebSite\",\"@id\":\"https:\/\/franciscanos.org.br\/noticias\/#website\",\"url\":\"https:\/\/franciscanos.org.br\/noticias\/\",\"name\":\"Not\u00edcias - Franciscanos\",\"description\":\"Prov\u00edncia Franciscana da Imaculada Concei\u00e7\u00e3o do Brasil - Ordem dos Frades Menores - OFM\",\"potentialAction\":[{\"@type\":\"SearchAction\",\"target\":{\"@type\":\"EntryPoint\",\"urlTemplate\":\"https:\/\/franciscanos.org.br\/noticias\/?s={search_term_string}\"},\"query-input\":\"required name=search_term_string\"}],\"inLanguage\":\"pt-BR\"},{\"@type\":\"ImageObject\",\"inLanguage\":\"pt-BR\",\"@id\":\"https:\/\/franciscanos.org.br\/noticias\/vozes-e-mose-apresentam-nietzsche-hoje.html#primaryimage\",\"url\":\"https:\/\/franciscanos.org.br\/noticias\/wp-content\/uploads\/2018\/10\/mose_311018.jpg\",\"contentUrl\":\"https:\/\/franciscanos.org.br\/noticias\/wp-content\/uploads\/2018\/10\/mose_311018.jpg\",\"width\":273,\"height\":181},{\"@type\":\"WebPage\",\"@id\":\"https:\/\/franciscanos.org.br\/noticias\/vozes-e-mose-apresentam-nietzsche-hoje.html#webpage\",\"url\":\"https:\/\/franciscanos.org.br\/noticias\/vozes-e-mose-apresentam-nietzsche-hoje.html\",\"name\":\"Vozes e Mos\u00e9 apresentam \\\"Nietzsche hoje\\\" - Not\u00edcias - Franciscanos\",\"isPartOf\":{\"@id\":\"https:\/\/franciscanos.org.br\/noticias\/#website\"},\"primaryImageOfPage\":{\"@id\":\"https:\/\/franciscanos.org.br\/noticias\/vozes-e-mose-apresentam-nietzsche-hoje.html#primaryimage\"},\"datePublished\":\"2018-10-31T17:04:31+00:00\",\"dateModified\":\"2019-03-08T21:05:19+00:00\",\"author\":{\"@id\":\"https:\/\/franciscanos.org.br\/noticias\/#\/schema\/person\/b38fbf43118f02820bd932f2e4b14ad3\"},\"breadcrumb\":{\"@id\":\"https:\/\/franciscanos.org.br\/noticias\/vozes-e-mose-apresentam-nietzsche-hoje.html#breadcrumb\"},\"inLanguage\":\"pt-BR\",\"potentialAction\":[{\"@type\":\"ReadAction\",\"target\":[\"https:\/\/franciscanos.org.br\/noticias\/vozes-e-mose-apresentam-nietzsche-hoje.html\"]}]},{\"@type\":\"BreadcrumbList\",\"@id\":\"https:\/\/franciscanos.org.br\/noticias\/vozes-e-mose-apresentam-nietzsche-hoje.html#breadcrumb\",\"itemListElement\":[{\"@type\":\"ListItem\",\"position\":1,\"name\":\"Home\",\"item\":\"https:\/\/franciscanos.org.br\/noticias\"},{\"@type\":\"ListItem\",\"position\":2,\"name\":\"Vozes e Mos\u00e9 apresentam &#8220;Nietzsche hoje&#8221;\"}]},{\"@type\":\"Person\",\"@id\":\"https:\/\/franciscanos.org.br\/noticias\/#\/schema\/person\/b38fbf43118f02820bd932f2e4b14ad3\",\"name\":\"admin\",\"image\":{\"@type\":\"ImageObject\",\"inLanguage\":\"pt-BR\",\"@id\":\"https:\/\/franciscanos.org.br\/noticias\/#\/schema\/person\/image\/\",\"url\":\"https:\/\/secure.gravatar.com\/avatar\/e8495742d34d0ba6448ea1c628263b3e?s=96&d=mm&r=g\",\"contentUrl\":\"https:\/\/secure.gravatar.com\/avatar\/e8495742d34d0ba6448ea1c628263b3e?s=96&d=mm&r=g\",\"caption\":\"admin\"},\"url\":\"https:\/\/franciscanos.org.br\/noticias\/author\/admin\"}]}<\/script>\n<!-- \/ Yoast SEO plugin. -->","yoast_head_json":{"title":"Vozes e Mos\u00e9 apresentam \"Nietzsche hoje\" - Not\u00edcias - Franciscanos","robots":{"index":"index","follow":"follow","max-snippet":"max-snippet:-1","max-image-preview":"max-image-preview:large","max-video-preview":"max-video-preview:-1"},"canonical":"https:\/\/franciscanos.org.br\/noticias\/vozes-e-mose-apresentam-nietzsche-hoje.html","og_locale":"pt_BR","og_type":"article","og_title":"Vozes e Mos\u00e9 apresentam \"Nietzsche hoje\" - Not\u00edcias - Franciscanos","og_description":"Editora Vozes","og_url":"https:\/\/franciscanos.org.br\/noticias\/vozes-e-mose-apresentam-nietzsche-hoje.html","og_site_name":"Not\u00edcias - Franciscanos","article_published_time":"2018-10-31T17:04:31+00:00","article_modified_time":"2019-03-08T21:05:19+00:00","og_image":[{"width":273,"height":181,"url":"https:\/\/franciscanos.org.br\/noticias\/wp-content\/uploads\/2018\/10\/mose_311018.jpg","type":"image\/jpeg"}],"author":"admin","twitter_card":"summary_large_image","twitter_misc":{"Escrito por":"admin","Est. tempo de leitura":"4 minutos"},"schema":{"@context":"https:\/\/schema.org","@graph":[{"@type":"WebSite","@id":"https:\/\/franciscanos.org.br\/noticias\/#website","url":"https:\/\/franciscanos.org.br\/noticias\/","name":"Not\u00edcias - Franciscanos","description":"Prov\u00edncia Franciscana da Imaculada Concei\u00e7\u00e3o do Brasil - Ordem dos Frades Menores - OFM","potentialAction":[{"@type":"SearchAction","target":{"@type":"EntryPoint","urlTemplate":"https:\/\/franciscanos.org.br\/noticias\/?s={search_term_string}"},"query-input":"required name=search_term_string"}],"inLanguage":"pt-BR"},{"@type":"ImageObject","inLanguage":"pt-BR","@id":"https:\/\/franciscanos.org.br\/noticias\/vozes-e-mose-apresentam-nietzsche-hoje.html#primaryimage","url":"https:\/\/franciscanos.org.br\/noticias\/wp-content\/uploads\/2018\/10\/mose_311018.jpg","contentUrl":"https:\/\/franciscanos.org.br\/noticias\/wp-content\/uploads\/2018\/10\/mose_311018.jpg","width":273,"height":181},{"@type":"WebPage","@id":"https:\/\/franciscanos.org.br\/noticias\/vozes-e-mose-apresentam-nietzsche-hoje.html#webpage","url":"https:\/\/franciscanos.org.br\/noticias\/vozes-e-mose-apresentam-nietzsche-hoje.html","name":"Vozes e Mos\u00e9 apresentam \"Nietzsche hoje\" - Not\u00edcias - Franciscanos","isPartOf":{"@id":"https:\/\/franciscanos.org.br\/noticias\/#website"},"primaryImageOfPage":{"@id":"https:\/\/franciscanos.org.br\/noticias\/vozes-e-mose-apresentam-nietzsche-hoje.html#primaryimage"},"datePublished":"2018-10-31T17:04:31+00:00","dateModified":"2019-03-08T21:05:19+00:00","author":{"@id":"https:\/\/franciscanos.org.br\/noticias\/#\/schema\/person\/b38fbf43118f02820bd932f2e4b14ad3"},"breadcrumb":{"@id":"https:\/\/franciscanos.org.br\/noticias\/vozes-e-mose-apresentam-nietzsche-hoje.html#breadcrumb"},"inLanguage":"pt-BR","potentialAction":[{"@type":"ReadAction","target":["https:\/\/franciscanos.org.br\/noticias\/vozes-e-mose-apresentam-nietzsche-hoje.html"]}]},{"@type":"BreadcrumbList","@id":"https:\/\/franciscanos.org.br\/noticias\/vozes-e-mose-apresentam-nietzsche-hoje.html#breadcrumb","itemListElement":[{"@type":"ListItem","position":1,"name":"Home","item":"https:\/\/franciscanos.org.br\/noticias"},{"@type":"ListItem","position":2,"name":"Vozes e Mos\u00e9 apresentam &#8220;Nietzsche hoje&#8221;"}]},{"@type":"Person","@id":"https:\/\/franciscanos.org.br\/noticias\/#\/schema\/person\/b38fbf43118f02820bd932f2e4b14ad3","name":"admin","image":{"@type":"ImageObject","inLanguage":"pt-BR","@id":"https:\/\/franciscanos.org.br\/noticias\/#\/schema\/person\/image\/","url":"https:\/\/secure.gravatar.com\/avatar\/e8495742d34d0ba6448ea1c628263b3e?s=96&d=mm&r=g","contentUrl":"https:\/\/secure.gravatar.com\/avatar\/e8495742d34d0ba6448ea1c628263b3e?s=96&d=mm&r=g","caption":"admin"},"url":"https:\/\/franciscanos.org.br\/noticias\/author\/admin"}]}},"_links":{"self":[{"href":"https:\/\/franciscanos.org.br\/noticias\/wp-json\/wp\/v2\/posts\/187753"}],"collection":[{"href":"https:\/\/franciscanos.org.br\/noticias\/wp-json\/wp\/v2\/posts"}],"about":[{"href":"https:\/\/franciscanos.org.br\/noticias\/wp-json\/wp\/v2\/types\/post"}],"author":[{"embeddable":true,"href":"https:\/\/franciscanos.org.br\/noticias\/wp-json\/wp\/v2\/users\/1"}],"replies":[{"embeddable":true,"href":"https:\/\/franciscanos.org.br\/noticias\/wp-json\/wp\/v2\/comments?post=187753"}],"version-history":[{"count":0,"href":"https:\/\/franciscanos.org.br\/noticias\/wp-json\/wp\/v2\/posts\/187753\/revisions"}],"wp:featuredmedia":[{"embeddable":true,"href":"https:\/\/franciscanos.org.br\/noticias\/wp-json\/wp\/v2\/media\/191095"}],"wp:attachment":[{"href":"https:\/\/franciscanos.org.br\/noticias\/wp-json\/wp\/v2\/media?parent=187753"}],"wp:term":[{"taxonomy":"category","embeddable":true,"href":"https:\/\/franciscanos.org.br\/noticias\/wp-json\/wp\/v2\/categories?post=187753"},{"taxonomy":"post_tag","embeddable":true,"href":"https:\/\/franciscanos.org.br\/noticias\/wp-json\/wp\/v2\/tags?post=187753"}],"curies":[{"name":"wp","href":"https:\/\/api.w.org\/{rel}","templated":true}]}}