{"id":187747,"date":"2018-10-31T08:24:18","date_gmt":"2018-10-31T11:24:18","guid":{"rendered":"http:\/\/franciscanos.org.br\/?p=175834"},"modified":"2021-07-05T20:03:23","modified_gmt":"2021-07-05T23:03:23","slug":"canarinhos-concerto-dia-espiritual-de-finados","status":"publish","type":"post","link":"https:\/\/franciscanos.org.br\/noticias\/canarinhos-concerto-dia-espiritual-de-finados.html","title":{"rendered":"Canarinhos: Concerto Dia Espiritual de Finados"},"content":{"rendered":"<p><img loading=\"lazy\" class=\"alignleft\" src=\"http:\/\/franciscanos.org.br\/wp-content\/uploads\/2018\/10\/canarinhos_311018.jpg\" alt=\"canarinhos_311018\" width=\"830\" height=\"449\" \/><\/p>\n<blockquote><p>Apresenta\u00e7\u00e3o do R\u00e9quiem de Mozart ser\u00e1 na Igreja do Sagrado Cora\u00e7\u00e3o de Jesus<\/p><\/blockquote>\n<p>Momento de reflex\u00e3o e de muitas lembran\u00e7as, o Dia de Finados ser\u00e1 marcado pela apresenta\u00e7\u00e3o de um dos maiores cl\u00e1ssicos da m\u00fasica erudita: o R\u00e9quiem de Mozart. O concerto reunir\u00e1 os corais dos Canarinhos de Petr\u00f3polis e das Meninas dos Canarinhos de Petr\u00f3polis e a Orquestra Filarm\u00f4nica de Petr\u00f3polis na Igreja do Sagrado Cora\u00e7\u00e3o de Jesus. O evento ser\u00e1 realizado no pr\u00f3ximo dia 2, \u00e0s 16 horas.<\/p>\n<p><img loading=\"lazy\" class=\"alignleft size-full wp-image-175938\" src=\"http:\/\/franciscanos.org.br\/wp-content\/uploads\/2018\/10\/concerto_011118.png\" alt=\"concerto_011118\" width=\"346\" height=\"500\" \/>O R\u00e9quiem foi composto por Mozart em 1791 e se tornou uma de suas mais famosas obras. Em virtude de sua morte, a composi\u00e7\u00e3o foi conclu\u00edda por um de seus disc\u00edpulos, Franz Xaver S\u00fcssmayr. Dividido em oito partes, o R\u00e9quiem de Mozart demonstra sua maturidade musical e \u00e9 considerado um de seus trabalhos mais refinados, onde exibe toda variedade de estilos e conceitos musicais.<\/p>\n<p>\u201cUma das obras mais maravilhosas do repert\u00f3rio para coro, solistas e orquestra, o R\u00e9quiem de Mozart representa para n\u00f3s um desafio e ao mesmo tempo uma realiza\u00e7\u00e3o. Poder apresent\u00e1-lo neste dia de Finados, me faz lembrar os queridos Frei Leto e Frei Prim que tanto deram as suas vidas pela institui\u00e7\u00e3o. A eles oferecemos este concerto em mem\u00f3ria!\u201d, declarou o maestro Marco Aur\u00e9lio Lischt.<\/p>\n<p>Embora o concerto seja gratuito, ao final da apresenta\u00e7\u00e3o, o p\u00fablico poder\u00e1 fazer contribui\u00e7\u00f5es que ser\u00e3o revertidas para manuten\u00e7\u00e3o dos trabalhos do Instituto dos Meninos Cantores de Petr\u00f3polis (IMCP). O IMCP \u00e9 uma institui\u00e7\u00e3o filantr\u00f3pica, de utilidade p\u00fablica municipal, estadual e federal, sem fins lucrativos, que oferece forma\u00e7\u00e3o coral inteiramente gratuita. Al\u00e9m dos coros de Meninos e Meninas e da Orquestra Filarm\u00f4nica de Petr\u00f3polis, o IMCP tamb\u00e9m administra o Curso de Aprendizes e oferece aulas particulares de v\u00e1rios instrumentos musicais.<\/p>\n<p style=\"padding-left: 30px;\">Mais informa\u00e7\u00f5es podem ser consultadas pelo telefone do Instituto dos Meninos Cantores de Petr\u00f3polis: (24) 2104-4141 ou no site <a href=\"http:\/\/www.canarinhos.com.br\">www.canarinhos.com.br<\/a><\/p>\n","protected":false},"excerpt":{"rendered":"<p>Petr\u00f3polis<\/p>\n","protected":false},"author":1,"featured_media":191104,"comment_status":"open","ping_status":"open","sticky":false,"template":"","format":"standard","meta":[],"categories":[1],"tags":[1378],"acf":[],"yoast_head":"<!-- This site is optimized with the Yoast SEO plugin v19.2 - https:\/\/yoast.com\/wordpress\/plugins\/seo\/ -->\n<title>Canarinhos: Concerto Dia Espiritual de Finados - Not\u00edcias - Franciscanos<\/title>\n<meta name=\"robots\" content=\"index, follow, max-snippet:-1, max-image-preview:large, max-video-preview:-1\" \/>\n<link rel=\"canonical\" href=\"https:\/\/franciscanos.org.br\/noticias\/canarinhos-concerto-dia-espiritual-de-finados.html\" \/>\n<meta property=\"og:locale\" content=\"pt_BR\" \/>\n<meta property=\"og:type\" content=\"article\" \/>\n<meta property=\"og:title\" content=\"Canarinhos: Concerto Dia Espiritual de Finados - Not\u00edcias - Franciscanos\" \/>\n<meta property=\"og:description\" content=\"Petr\u00f3polis\" \/>\n<meta property=\"og:url\" content=\"https:\/\/franciscanos.org.br\/noticias\/canarinhos-concerto-dia-espiritual-de-finados.html\" \/>\n<meta property=\"og:site_name\" content=\"Not\u00edcias - Franciscanos\" \/>\n<meta property=\"article:published_time\" content=\"2018-10-31T11:24:18+00:00\" \/>\n<meta property=\"article:modified_time\" content=\"2021-07-05T23:03:23+00:00\" \/>\n<meta property=\"og:image\" content=\"https:\/\/franciscanos.org.br\/noticias\/wp-content\/uploads\/2018\/10\/canarinhos_311018.jpg\" \/>\n\t<meta property=\"og:image:width\" content=\"273\" \/>\n\t<meta property=\"og:image:height\" content=\"181\" \/>\n\t<meta property=\"og:image:type\" content=\"image\/jpeg\" \/>\n<meta name=\"author\" content=\"admin\" \/>\n<meta name=\"twitter:card\" content=\"summary_large_image\" \/>\n<meta name=\"twitter:label1\" content=\"Escrito por\" \/>\n\t<meta name=\"twitter:data1\" content=\"admin\" \/>\n\t<meta name=\"twitter:label2\" content=\"Est. tempo de leitura\" \/>\n\t<meta name=\"twitter:data2\" content=\"2 minutos\" \/>\n<script type=\"application\/ld+json\" class=\"yoast-schema-graph\">{\"@context\":\"https:\/\/schema.org\",\"@graph\":[{\"@type\":\"WebSite\",\"@id\":\"https:\/\/franciscanos.org.br\/noticias\/#website\",\"url\":\"https:\/\/franciscanos.org.br\/noticias\/\",\"name\":\"Not\u00edcias - Franciscanos\",\"description\":\"Prov\u00edncia Franciscana da Imaculada Concei\u00e7\u00e3o do Brasil - Ordem dos Frades Menores - OFM\",\"potentialAction\":[{\"@type\":\"SearchAction\",\"target\":{\"@type\":\"EntryPoint\",\"urlTemplate\":\"https:\/\/franciscanos.org.br\/noticias\/?s={search_term_string}\"},\"query-input\":\"required name=search_term_string\"}],\"inLanguage\":\"pt-BR\"},{\"@type\":\"ImageObject\",\"inLanguage\":\"pt-BR\",\"@id\":\"https:\/\/franciscanos.org.br\/noticias\/canarinhos-concerto-dia-espiritual-de-finados.html#primaryimage\",\"url\":\"https:\/\/franciscanos.org.br\/noticias\/wp-content\/uploads\/2018\/10\/canarinhos_311018.jpg\",\"contentUrl\":\"https:\/\/franciscanos.org.br\/noticias\/wp-content\/uploads\/2018\/10\/canarinhos_311018.jpg\",\"width\":273,\"height\":181},{\"@type\":\"WebPage\",\"@id\":\"https:\/\/franciscanos.org.br\/noticias\/canarinhos-concerto-dia-espiritual-de-finados.html#webpage\",\"url\":\"https:\/\/franciscanos.org.br\/noticias\/canarinhos-concerto-dia-espiritual-de-finados.html\",\"name\":\"Canarinhos: Concerto Dia Espiritual de Finados - Not\u00edcias - Franciscanos\",\"isPartOf\":{\"@id\":\"https:\/\/franciscanos.org.br\/noticias\/#website\"},\"primaryImageOfPage\":{\"@id\":\"https:\/\/franciscanos.org.br\/noticias\/canarinhos-concerto-dia-espiritual-de-finados.html#primaryimage\"},\"datePublished\":\"2018-10-31T11:24:18+00:00\",\"dateModified\":\"2021-07-05T23:03:23+00:00\",\"author\":{\"@id\":\"https:\/\/franciscanos.org.br\/noticias\/#\/schema\/person\/b38fbf43118f02820bd932f2e4b14ad3\"},\"breadcrumb\":{\"@id\":\"https:\/\/franciscanos.org.br\/noticias\/canarinhos-concerto-dia-espiritual-de-finados.html#breadcrumb\"},\"inLanguage\":\"pt-BR\",\"potentialAction\":[{\"@type\":\"ReadAction\",\"target\":[\"https:\/\/franciscanos.org.br\/noticias\/canarinhos-concerto-dia-espiritual-de-finados.html\"]}]},{\"@type\":\"BreadcrumbList\",\"@id\":\"https:\/\/franciscanos.org.br\/noticias\/canarinhos-concerto-dia-espiritual-de-finados.html#breadcrumb\",\"itemListElement\":[{\"@type\":\"ListItem\",\"position\":1,\"name\":\"Home\",\"item\":\"https:\/\/franciscanos.org.br\/noticias\"},{\"@type\":\"ListItem\",\"position\":2,\"name\":\"Canarinhos: Concerto Dia Espiritual de Finados\"}]},{\"@type\":\"Person\",\"@id\":\"https:\/\/franciscanos.org.br\/noticias\/#\/schema\/person\/b38fbf43118f02820bd932f2e4b14ad3\",\"name\":\"admin\",\"image\":{\"@type\":\"ImageObject\",\"inLanguage\":\"pt-BR\",\"@id\":\"https:\/\/franciscanos.org.br\/noticias\/#\/schema\/person\/image\/\",\"url\":\"https:\/\/secure.gravatar.com\/avatar\/e8495742d34d0ba6448ea1c628263b3e?s=96&d=mm&r=g\",\"contentUrl\":\"https:\/\/secure.gravatar.com\/avatar\/e8495742d34d0ba6448ea1c628263b3e?s=96&d=mm&r=g\",\"caption\":\"admin\"},\"url\":\"https:\/\/franciscanos.org.br\/noticias\/author\/admin\"}]}<\/script>\n<!-- \/ Yoast SEO plugin. -->","yoast_head_json":{"title":"Canarinhos: Concerto Dia Espiritual de Finados - Not\u00edcias - Franciscanos","robots":{"index":"index","follow":"follow","max-snippet":"max-snippet:-1","max-image-preview":"max-image-preview:large","max-video-preview":"max-video-preview:-1"},"canonical":"https:\/\/franciscanos.org.br\/noticias\/canarinhos-concerto-dia-espiritual-de-finados.html","og_locale":"pt_BR","og_type":"article","og_title":"Canarinhos: Concerto Dia Espiritual de Finados - Not\u00edcias - Franciscanos","og_description":"Petr\u00f3polis","og_url":"https:\/\/franciscanos.org.br\/noticias\/canarinhos-concerto-dia-espiritual-de-finados.html","og_site_name":"Not\u00edcias - Franciscanos","article_published_time":"2018-10-31T11:24:18+00:00","article_modified_time":"2021-07-05T23:03:23+00:00","og_image":[{"width":273,"height":181,"url":"https:\/\/franciscanos.org.br\/noticias\/wp-content\/uploads\/2018\/10\/canarinhos_311018.jpg","type":"image\/jpeg"}],"author":"admin","twitter_card":"summary_large_image","twitter_misc":{"Escrito por":"admin","Est. tempo de leitura":"2 minutos"},"schema":{"@context":"https:\/\/schema.org","@graph":[{"@type":"WebSite","@id":"https:\/\/franciscanos.org.br\/noticias\/#website","url":"https:\/\/franciscanos.org.br\/noticias\/","name":"Not\u00edcias - Franciscanos","description":"Prov\u00edncia Franciscana da Imaculada Concei\u00e7\u00e3o do Brasil - Ordem dos Frades Menores - OFM","potentialAction":[{"@type":"SearchAction","target":{"@type":"EntryPoint","urlTemplate":"https:\/\/franciscanos.org.br\/noticias\/?s={search_term_string}"},"query-input":"required name=search_term_string"}],"inLanguage":"pt-BR"},{"@type":"ImageObject","inLanguage":"pt-BR","@id":"https:\/\/franciscanos.org.br\/noticias\/canarinhos-concerto-dia-espiritual-de-finados.html#primaryimage","url":"https:\/\/franciscanos.org.br\/noticias\/wp-content\/uploads\/2018\/10\/canarinhos_311018.jpg","contentUrl":"https:\/\/franciscanos.org.br\/noticias\/wp-content\/uploads\/2018\/10\/canarinhos_311018.jpg","width":273,"height":181},{"@type":"WebPage","@id":"https:\/\/franciscanos.org.br\/noticias\/canarinhos-concerto-dia-espiritual-de-finados.html#webpage","url":"https:\/\/franciscanos.org.br\/noticias\/canarinhos-concerto-dia-espiritual-de-finados.html","name":"Canarinhos: Concerto Dia Espiritual de Finados - Not\u00edcias - Franciscanos","isPartOf":{"@id":"https:\/\/franciscanos.org.br\/noticias\/#website"},"primaryImageOfPage":{"@id":"https:\/\/franciscanos.org.br\/noticias\/canarinhos-concerto-dia-espiritual-de-finados.html#primaryimage"},"datePublished":"2018-10-31T11:24:18+00:00","dateModified":"2021-07-05T23:03:23+00:00","author":{"@id":"https:\/\/franciscanos.org.br\/noticias\/#\/schema\/person\/b38fbf43118f02820bd932f2e4b14ad3"},"breadcrumb":{"@id":"https:\/\/franciscanos.org.br\/noticias\/canarinhos-concerto-dia-espiritual-de-finados.html#breadcrumb"},"inLanguage":"pt-BR","potentialAction":[{"@type":"ReadAction","target":["https:\/\/franciscanos.org.br\/noticias\/canarinhos-concerto-dia-espiritual-de-finados.html"]}]},{"@type":"BreadcrumbList","@id":"https:\/\/franciscanos.org.br\/noticias\/canarinhos-concerto-dia-espiritual-de-finados.html#breadcrumb","itemListElement":[{"@type":"ListItem","position":1,"name":"Home","item":"https:\/\/franciscanos.org.br\/noticias"},{"@type":"ListItem","position":2,"name":"Canarinhos: Concerto Dia Espiritual de Finados"}]},{"@type":"Person","@id":"https:\/\/franciscanos.org.br\/noticias\/#\/schema\/person\/b38fbf43118f02820bd932f2e4b14ad3","name":"admin","image":{"@type":"ImageObject","inLanguage":"pt-BR","@id":"https:\/\/franciscanos.org.br\/noticias\/#\/schema\/person\/image\/","url":"https:\/\/secure.gravatar.com\/avatar\/e8495742d34d0ba6448ea1c628263b3e?s=96&d=mm&r=g","contentUrl":"https:\/\/secure.gravatar.com\/avatar\/e8495742d34d0ba6448ea1c628263b3e?s=96&d=mm&r=g","caption":"admin"},"url":"https:\/\/franciscanos.org.br\/noticias\/author\/admin"}]}},"_links":{"self":[{"href":"https:\/\/franciscanos.org.br\/noticias\/wp-json\/wp\/v2\/posts\/187747"}],"collection":[{"href":"https:\/\/franciscanos.org.br\/noticias\/wp-json\/wp\/v2\/posts"}],"about":[{"href":"https:\/\/franciscanos.org.br\/noticias\/wp-json\/wp\/v2\/types\/post"}],"author":[{"embeddable":true,"href":"https:\/\/franciscanos.org.br\/noticias\/wp-json\/wp\/v2\/users\/1"}],"replies":[{"embeddable":true,"href":"https:\/\/franciscanos.org.br\/noticias\/wp-json\/wp\/v2\/comments?post=187747"}],"version-history":[{"count":1,"href":"https:\/\/franciscanos.org.br\/noticias\/wp-json\/wp\/v2\/posts\/187747\/revisions"}],"predecessor-version":[{"id":232872,"href":"https:\/\/franciscanos.org.br\/noticias\/wp-json\/wp\/v2\/posts\/187747\/revisions\/232872"}],"wp:featuredmedia":[{"embeddable":true,"href":"https:\/\/franciscanos.org.br\/noticias\/wp-json\/wp\/v2\/media\/191104"}],"wp:attachment":[{"href":"https:\/\/franciscanos.org.br\/noticias\/wp-json\/wp\/v2\/media?parent=187747"}],"wp:term":[{"taxonomy":"category","embeddable":true,"href":"https:\/\/franciscanos.org.br\/noticias\/wp-json\/wp\/v2\/categories?post=187747"},{"taxonomy":"post_tag","embeddable":true,"href":"https:\/\/franciscanos.org.br\/noticias\/wp-json\/wp\/v2\/tags?post=187747"}],"curies":[{"name":"wp","href":"https:\/\/api.w.org\/{rel}","templated":true}]}}