{"id":187740,"date":"2018-10-29T07:12:31","date_gmt":"2018-10-29T10:12:31","guid":{"rendered":"http:\/\/franciscanos.org.br\/?p=175664"},"modified":"2019-08-06T09:54:40","modified_gmt":"2019-08-06T12:54:40","slug":"ituporanga-14-jovens-fazem-estagio-vocacional","status":"publish","type":"post","link":"https:\/\/franciscanos.org.br\/noticias\/ituporanga-14-jovens-fazem-estagio-vocacional.html","title":{"rendered":"Ituporanga: 14 jovens fazem Est\u00e1gio Vocacional"},"content":{"rendered":"<p><img loading=\"lazy\" class=\"aligncenter\" src=\"http:\/\/franciscanos.org.br\/wp-content\/uploads\/2018\/10\/estagio_291018_2.jpg\" alt=\"estagio_291018_2\" width=\"830\" height=\"445\" \/><\/p>\n<p>A Fraternidade de Acolhimento Vocacional do Semin\u00e1rio S\u00e3o Francisco de Assis, na cidade catarinense de Ituporanga, acolheu, de 26 a 28 de outubro, o Est\u00e1gio Vocacional 2018 para jovens que desejam ingressar nas etapas de forma\u00e7\u00e3o desta Prov\u00edncia da Imaculada, visando oferecer a oportunidade de conhecerem melhor as realidades cotidianas de uma casa de forma\u00e7\u00e3o e da vida fraterna, para que fortale\u00e7am \u00a0o discernimento vocacional.<\/p>\n<p>Os jovens que participaram deste encontro no semin\u00e1rio s\u00e3o provenientes do Paran\u00e1 e de Santa Catarina, mas o Servi\u00e7o de Anima\u00e7\u00e3o Vocacional (SAV) da Prov\u00edncia ainda vai promover o Est\u00e1gio Vocacional para jovens dos estados de S\u00e3o Paulo, Rio de Janeiro e Esp\u00edrito Santo, de 1\u00ba a 4 de novembro, em Guaratinguet\u00e1 (SP) . No total, 14 jovens manifestaram o desejo, j\u00e1 no ano que vem, de ingressarem nas etapas do \u00a0semin\u00e1rio menor e \u00a0aspirantado.<\/p>\n<p><img loading=\"lazy\" class=\"aligncenter\" src=\"http:\/\/franciscanos.org.br\/wp-content\/uploads\/2018\/10\/estagio_291018.jpg\" alt=\"estagio_291018\" width=\"830\" height=\"379\" \/><\/p>\n<p>O est\u00e1gio vocacional come\u00e7ou na noite de sexta feira (26). Frei Marx, que atua no Servi\u00e7o de anima\u00e7\u00e3o vocacional (SAV) junto com Frei Diego Melo, foi quem conduziu durante os tr\u00eas dias toda a din\u00e2mica com os jovens. Em um primeiro momento, esses jovens foram levados a conhecerem os aspectos do carisma franciscano, como a vida em fraternidade, \u00a0o cuidado di\u00e1rio para com o chamado que receberam. \u201cFoi um momento muito oportuno e valioso para n\u00f3s, frades, escutarem o relato vocacional de cada um e perceber que o Senhor continua a inquietar o mundo com os apelos da vida fraterna, ecoando o seu chamado por todos os cantos e realidades, que n\u00e3o \u00e9 um chamado especifico para uns, mas sim um chamado e uma ades\u00e3o de vida aberta a todos\u201d, acrescentou Frei Marx.<\/p>\n<p>Os jovens foram tamb\u00e9m levados a conhecer um pouco mais \u00a0a hist\u00f3ria da Ordem dos Frades Menores, perpassando a vida e os tempos de Francisco de Assis, o seu grande amor e zelo pelo Evangelho e tamb\u00e9m a hist\u00f3ria da Prov\u00edncia, das suas Frentes de Evangeliza\u00e7\u00e3o e das etapas de forma\u00e7\u00e3o. Tamb\u00e9m puderam experimentar, de forma ativa, como ser\u00e1 futuramente a rotina no semin\u00e1rio, participando, com os seminaristas e aspirantes que j\u00e1 est\u00e3o na forma\u00e7\u00e3o, dos trabalhos fraternos, da pr\u00e1tica de esportes e das apresenta\u00e7\u00f5es da noite cultural. Al\u00e9m dessa conviv\u00eancia di\u00e1ria com os seminaristas, os candidatos tamb\u00e9m foram apresentados \u00e0 comunidade local durante a Celebra\u00e7\u00e3o Eucar\u00edstica, quando receberam o incentivo para perseverarem em suas voca\u00e7\u00f5es, encerrando assim este encontro.<\/p>\n<p>&nbsp;<\/p>\n","protected":false},"excerpt":{"rendered":"<p>SAV<\/p>\n","protected":false},"author":1,"featured_media":191127,"comment_status":"open","ping_status":"open","sticky":false,"template":"","format":"standard","meta":[],"categories":[1],"tags":[1130],"acf":[],"yoast_head":"<!-- This site is optimized with the Yoast SEO plugin v19.2 - https:\/\/yoast.com\/wordpress\/plugins\/seo\/ -->\n<title>Ituporanga: 14 jovens fazem Est\u00e1gio Vocacional - Not\u00edcias - Franciscanos<\/title>\n<meta name=\"robots\" content=\"index, follow, max-snippet:-1, max-image-preview:large, max-video-preview:-1\" \/>\n<link rel=\"canonical\" href=\"https:\/\/franciscanos.org.br\/noticias\/ituporanga-14-jovens-fazem-estagio-vocacional.html\" \/>\n<meta property=\"og:locale\" content=\"pt_BR\" \/>\n<meta property=\"og:type\" content=\"article\" \/>\n<meta property=\"og:title\" content=\"Ituporanga: 14 jovens fazem Est\u00e1gio Vocacional - Not\u00edcias - Franciscanos\" \/>\n<meta property=\"og:description\" content=\"SAV\" \/>\n<meta property=\"og:url\" content=\"https:\/\/franciscanos.org.br\/noticias\/ituporanga-14-jovens-fazem-estagio-vocacional.html\" \/>\n<meta property=\"og:site_name\" content=\"Not\u00edcias - Franciscanos\" \/>\n<meta property=\"article:published_time\" content=\"2018-10-29T10:12:31+00:00\" \/>\n<meta property=\"article:modified_time\" content=\"2019-08-06T12:54:40+00:00\" \/>\n<meta property=\"og:image\" content=\"https:\/\/franciscanos.org.br\/noticias\/wp-content\/uploads\/2018\/10\/estagio_291018_2.jpg\" \/>\n\t<meta property=\"og:image:width\" content=\"273\" \/>\n\t<meta property=\"og:image:height\" content=\"181\" \/>\n\t<meta property=\"og:image:type\" content=\"image\/jpeg\" \/>\n<meta name=\"author\" content=\"admin\" \/>\n<meta name=\"twitter:card\" content=\"summary_large_image\" \/>\n<meta name=\"twitter:label1\" content=\"Escrito por\" \/>\n\t<meta name=\"twitter:data1\" content=\"admin\" \/>\n\t<meta name=\"twitter:label2\" content=\"Est. tempo de leitura\" \/>\n\t<meta name=\"twitter:data2\" content=\"2 minutos\" \/>\n<script type=\"application\/ld+json\" class=\"yoast-schema-graph\">{\"@context\":\"https:\/\/schema.org\",\"@graph\":[{\"@type\":\"WebSite\",\"@id\":\"https:\/\/franciscanos.org.br\/noticias\/#website\",\"url\":\"https:\/\/franciscanos.org.br\/noticias\/\",\"name\":\"Not\u00edcias - Franciscanos\",\"description\":\"Prov\u00edncia Franciscana da Imaculada Concei\u00e7\u00e3o do Brasil - Ordem dos Frades Menores - OFM\",\"potentialAction\":[{\"@type\":\"SearchAction\",\"target\":{\"@type\":\"EntryPoint\",\"urlTemplate\":\"https:\/\/franciscanos.org.br\/noticias\/?s={search_term_string}\"},\"query-input\":\"required name=search_term_string\"}],\"inLanguage\":\"pt-BR\"},{\"@type\":\"ImageObject\",\"inLanguage\":\"pt-BR\",\"@id\":\"https:\/\/franciscanos.org.br\/noticias\/ituporanga-14-jovens-fazem-estagio-vocacional.html#primaryimage\",\"url\":\"https:\/\/franciscanos.org.br\/noticias\/wp-content\/uploads\/2018\/10\/estagio_291018_2.jpg\",\"contentUrl\":\"https:\/\/franciscanos.org.br\/noticias\/wp-content\/uploads\/2018\/10\/estagio_291018_2.jpg\",\"width\":273,\"height\":181},{\"@type\":\"WebPage\",\"@id\":\"https:\/\/franciscanos.org.br\/noticias\/ituporanga-14-jovens-fazem-estagio-vocacional.html#webpage\",\"url\":\"https:\/\/franciscanos.org.br\/noticias\/ituporanga-14-jovens-fazem-estagio-vocacional.html\",\"name\":\"Ituporanga: 14 jovens fazem Est\u00e1gio Vocacional - Not\u00edcias - Franciscanos\",\"isPartOf\":{\"@id\":\"https:\/\/franciscanos.org.br\/noticias\/#website\"},\"primaryImageOfPage\":{\"@id\":\"https:\/\/franciscanos.org.br\/noticias\/ituporanga-14-jovens-fazem-estagio-vocacional.html#primaryimage\"},\"datePublished\":\"2018-10-29T10:12:31+00:00\",\"dateModified\":\"2019-08-06T12:54:40+00:00\",\"author\":{\"@id\":\"https:\/\/franciscanos.org.br\/noticias\/#\/schema\/person\/b38fbf43118f02820bd932f2e4b14ad3\"},\"breadcrumb\":{\"@id\":\"https:\/\/franciscanos.org.br\/noticias\/ituporanga-14-jovens-fazem-estagio-vocacional.html#breadcrumb\"},\"inLanguage\":\"pt-BR\",\"potentialAction\":[{\"@type\":\"ReadAction\",\"target\":[\"https:\/\/franciscanos.org.br\/noticias\/ituporanga-14-jovens-fazem-estagio-vocacional.html\"]}]},{\"@type\":\"BreadcrumbList\",\"@id\":\"https:\/\/franciscanos.org.br\/noticias\/ituporanga-14-jovens-fazem-estagio-vocacional.html#breadcrumb\",\"itemListElement\":[{\"@type\":\"ListItem\",\"position\":1,\"name\":\"Home\",\"item\":\"https:\/\/franciscanos.org.br\/noticias\"},{\"@type\":\"ListItem\",\"position\":2,\"name\":\"Ituporanga: 14 jovens fazem Est\u00e1gio Vocacional\"}]},{\"@type\":\"Person\",\"@id\":\"https:\/\/franciscanos.org.br\/noticias\/#\/schema\/person\/b38fbf43118f02820bd932f2e4b14ad3\",\"name\":\"admin\",\"image\":{\"@type\":\"ImageObject\",\"inLanguage\":\"pt-BR\",\"@id\":\"https:\/\/franciscanos.org.br\/noticias\/#\/schema\/person\/image\/\",\"url\":\"https:\/\/secure.gravatar.com\/avatar\/e8495742d34d0ba6448ea1c628263b3e?s=96&d=mm&r=g\",\"contentUrl\":\"https:\/\/secure.gravatar.com\/avatar\/e8495742d34d0ba6448ea1c628263b3e?s=96&d=mm&r=g\",\"caption\":\"admin\"},\"url\":\"https:\/\/franciscanos.org.br\/noticias\/author\/admin\"}]}<\/script>\n<!-- \/ Yoast SEO plugin. -->","yoast_head_json":{"title":"Ituporanga: 14 jovens fazem Est\u00e1gio Vocacional - Not\u00edcias - Franciscanos","robots":{"index":"index","follow":"follow","max-snippet":"max-snippet:-1","max-image-preview":"max-image-preview:large","max-video-preview":"max-video-preview:-1"},"canonical":"https:\/\/franciscanos.org.br\/noticias\/ituporanga-14-jovens-fazem-estagio-vocacional.html","og_locale":"pt_BR","og_type":"article","og_title":"Ituporanga: 14 jovens fazem Est\u00e1gio Vocacional - Not\u00edcias - Franciscanos","og_description":"SAV","og_url":"https:\/\/franciscanos.org.br\/noticias\/ituporanga-14-jovens-fazem-estagio-vocacional.html","og_site_name":"Not\u00edcias - Franciscanos","article_published_time":"2018-10-29T10:12:31+00:00","article_modified_time":"2019-08-06T12:54:40+00:00","og_image":[{"width":273,"height":181,"url":"https:\/\/franciscanos.org.br\/noticias\/wp-content\/uploads\/2018\/10\/estagio_291018_2.jpg","type":"image\/jpeg"}],"author":"admin","twitter_card":"summary_large_image","twitter_misc":{"Escrito por":"admin","Est. tempo de leitura":"2 minutos"},"schema":{"@context":"https:\/\/schema.org","@graph":[{"@type":"WebSite","@id":"https:\/\/franciscanos.org.br\/noticias\/#website","url":"https:\/\/franciscanos.org.br\/noticias\/","name":"Not\u00edcias - Franciscanos","description":"Prov\u00edncia Franciscana da Imaculada Concei\u00e7\u00e3o do Brasil - Ordem dos Frades Menores - OFM","potentialAction":[{"@type":"SearchAction","target":{"@type":"EntryPoint","urlTemplate":"https:\/\/franciscanos.org.br\/noticias\/?s={search_term_string}"},"query-input":"required name=search_term_string"}],"inLanguage":"pt-BR"},{"@type":"ImageObject","inLanguage":"pt-BR","@id":"https:\/\/franciscanos.org.br\/noticias\/ituporanga-14-jovens-fazem-estagio-vocacional.html#primaryimage","url":"https:\/\/franciscanos.org.br\/noticias\/wp-content\/uploads\/2018\/10\/estagio_291018_2.jpg","contentUrl":"https:\/\/franciscanos.org.br\/noticias\/wp-content\/uploads\/2018\/10\/estagio_291018_2.jpg","width":273,"height":181},{"@type":"WebPage","@id":"https:\/\/franciscanos.org.br\/noticias\/ituporanga-14-jovens-fazem-estagio-vocacional.html#webpage","url":"https:\/\/franciscanos.org.br\/noticias\/ituporanga-14-jovens-fazem-estagio-vocacional.html","name":"Ituporanga: 14 jovens fazem Est\u00e1gio Vocacional - Not\u00edcias - Franciscanos","isPartOf":{"@id":"https:\/\/franciscanos.org.br\/noticias\/#website"},"primaryImageOfPage":{"@id":"https:\/\/franciscanos.org.br\/noticias\/ituporanga-14-jovens-fazem-estagio-vocacional.html#primaryimage"},"datePublished":"2018-10-29T10:12:31+00:00","dateModified":"2019-08-06T12:54:40+00:00","author":{"@id":"https:\/\/franciscanos.org.br\/noticias\/#\/schema\/person\/b38fbf43118f02820bd932f2e4b14ad3"},"breadcrumb":{"@id":"https:\/\/franciscanos.org.br\/noticias\/ituporanga-14-jovens-fazem-estagio-vocacional.html#breadcrumb"},"inLanguage":"pt-BR","potentialAction":[{"@type":"ReadAction","target":["https:\/\/franciscanos.org.br\/noticias\/ituporanga-14-jovens-fazem-estagio-vocacional.html"]}]},{"@type":"BreadcrumbList","@id":"https:\/\/franciscanos.org.br\/noticias\/ituporanga-14-jovens-fazem-estagio-vocacional.html#breadcrumb","itemListElement":[{"@type":"ListItem","position":1,"name":"Home","item":"https:\/\/franciscanos.org.br\/noticias"},{"@type":"ListItem","position":2,"name":"Ituporanga: 14 jovens fazem Est\u00e1gio Vocacional"}]},{"@type":"Person","@id":"https:\/\/franciscanos.org.br\/noticias\/#\/schema\/person\/b38fbf43118f02820bd932f2e4b14ad3","name":"admin","image":{"@type":"ImageObject","inLanguage":"pt-BR","@id":"https:\/\/franciscanos.org.br\/noticias\/#\/schema\/person\/image\/","url":"https:\/\/secure.gravatar.com\/avatar\/e8495742d34d0ba6448ea1c628263b3e?s=96&d=mm&r=g","contentUrl":"https:\/\/secure.gravatar.com\/avatar\/e8495742d34d0ba6448ea1c628263b3e?s=96&d=mm&r=g","caption":"admin"},"url":"https:\/\/franciscanos.org.br\/noticias\/author\/admin"}]}},"_links":{"self":[{"href":"https:\/\/franciscanos.org.br\/noticias\/wp-json\/wp\/v2\/posts\/187740"}],"collection":[{"href":"https:\/\/franciscanos.org.br\/noticias\/wp-json\/wp\/v2\/posts"}],"about":[{"href":"https:\/\/franciscanos.org.br\/noticias\/wp-json\/wp\/v2\/types\/post"}],"author":[{"embeddable":true,"href":"https:\/\/franciscanos.org.br\/noticias\/wp-json\/wp\/v2\/users\/1"}],"replies":[{"embeddable":true,"href":"https:\/\/franciscanos.org.br\/noticias\/wp-json\/wp\/v2\/comments?post=187740"}],"version-history":[{"count":0,"href":"https:\/\/franciscanos.org.br\/noticias\/wp-json\/wp\/v2\/posts\/187740\/revisions"}],"wp:featuredmedia":[{"embeddable":true,"href":"https:\/\/franciscanos.org.br\/noticias\/wp-json\/wp\/v2\/media\/191127"}],"wp:attachment":[{"href":"https:\/\/franciscanos.org.br\/noticias\/wp-json\/wp\/v2\/media?parent=187740"}],"wp:term":[{"taxonomy":"category","embeddable":true,"href":"https:\/\/franciscanos.org.br\/noticias\/wp-json\/wp\/v2\/categories?post=187740"},{"taxonomy":"post_tag","embeddable":true,"href":"https:\/\/franciscanos.org.br\/noticias\/wp-json\/wp\/v2\/tags?post=187740"}],"curies":[{"name":"wp","href":"https:\/\/api.w.org\/{rel}","templated":true}]}}