{"id":187738,"date":"2018-10-28T11:29:39","date_gmt":"2018-10-28T14:29:39","guid":{"rendered":"http:\/\/franciscanos.org.br\/?p=175612"},"modified":"2020-06-06T17:58:35","modified_gmt":"2020-06-06T20:58:35","slug":"a-fe-e-questao-de-encontro-nao-de-teoria","status":"publish","type":"post","link":"https:\/\/franciscanos.org.br\/noticias\/a-fe-e-questao-de-encontro-nao-de-teoria.html","title":{"rendered":"\u201cA f\u00e9 \u00e9 quest\u00e3o de encontro, n\u00e3o de teoria&#8221;"},"content":{"rendered":"<p><img loading=\"lazy\" class=\"aligncenter\" src=\"http:\/\/franciscanos.org.br\/wp-content\/uploads\/2018\/10\/sinodo_281018_6.jpg\" alt=\"sinodo_281018_6\" width=\"820\" height=\"546\" \/><\/p>\n<p><strong>Cidade do Vaticano<\/strong> &#8211; \u201cGostaria de dizer aos jovens, em nome de todos n\u00f3s, adultos: desculpai, se muitas vezes n\u00e3o vos escutamos; se, em vez de vos abrir o cora\u00e7\u00e3o, vos enchemos os ouvidos\u201d: disse o Papa Francisco na homilia da missa na manh\u00e3 deste XXX Domingo do Tempo Comum, celebrada na Bas\u00edlica de S\u00e3o Pedro, no encerramento do S\u00ednodo dos Bispos dedicado aos jovens.<\/p>\n<p>Na homilia, o Pont\u00edfice concentrou-se no Evangelho do dia, que nos traz o epis\u00f3dio da cura do cego Bartimeu feita por Jesus, do qual em sua reflex\u00e3o prop\u00f4s algumas indica\u00e7\u00f5es aos padres sinodais e aos jovens para o caminho de f\u00e9 da Igreja.<\/p>\n<p>Bartimeu \u00e9 o \u00faltimo que segue Jesus ao longo do caminho: \u201cde mendigo na margem da estrada para Jeric\u00f3, torna-se disc\u00edpulo que vai juntamente com os outros para Jerusal\u00e9m. Tamb\u00e9m n\u00f3s caminhamos juntos, \u2018fizemos s\u00ednodo\u2019 e agora este Evangelho corrobora tr\u00eas passos fundamentais no caminho da f\u00e9\u201d: escutar, fazer-se pr\u00f3ximo e testemunhar, apontou o Santo Padre.<\/p>\n<p>\u201cO primeiro passo para ajudar o caminho da f\u00e9: escutar. \u00c9 o apostolado do ouvido: escutar, antes de falar\u201d, ressaltou. Referindo \u00e0 atitude de muitos que estavam com Jesus, que repreenderam Bartimeu para que estivesse calado, disse que estes \u201cseguiam Jesus, mas tinham em mente os seus projetos\u201d, e que este \u00e9 um risco do qual sempre devemos nos precaver.<\/p>\n<p>Ao contr\u00e1rio, para Jesus, o grito de quem pede ajuda n\u00e3o \u00e9 um transtorno que estorva o caminho, mas uma quest\u00e3o vital. Como \u00e9 importante, para n\u00f3s, escutar a vida! Os filhos do Pai celeste prestam ouvidos aos irm\u00e3os: n\u00e3o \u00e0s cr\u00edticas in\u00fateis, mas \u00e0s necessidades do pr\u00f3ximo. Ouvir com amor, com paci\u00eancia, como Deus faz conosco, com as nossas ora\u00e7\u00f5es muitas vezes repetitivas. Deus nunca Se cansa, sempre Se alegra quando O procuramos. Pe\u00e7amos, tamb\u00e9m n\u00f3s, a gra\u00e7a dum cora\u00e7\u00e3o d\u00f3cil a escutar, exortou Francisco.<\/p>\n<p>Dirigindo-se aos jovens, o Santo Padre disse com veem\u00eancia: \u201cComo Igreja de Jesus, desejamos colocar-nos amorosamente \u00e0 vossa escuta, certos de duas coisas: que a vossa vida \u00e9 preciosa para Deus, porque Deus \u00e9 jovem e ama os jovens; e que, tamb\u00e9m para n\u00f3s, a vossa vida \u00e9 preciosa, mais ainda necess\u00e1ria para se avan\u00e7ar.\u201d<\/p>\n<p>Depois da escuta, o Papa apontou um segundo passo para acompanhar o caminho da f\u00e9: fazer-se pr\u00f3ximo.<\/p>\n<p>Vejamos Jesus, disse, \u201cque n\u00e3o delega em ningu\u00e9m da \u2018grande multid\u00e3o\u2019 que O seguia, mas encontra Ele pessoalmente Bartimeu. Diz-lhe: \u2018Que queres que Eu fa\u00e7a por ti?\u2019. (&#8230;) \u00c9 assim que Deus procede, envolvendo-Se pessoalmente com um amor de predile\u00e7\u00e3o por cada um. Na sua maneira de proceder, ressalta j\u00e1 a sua mensagem: assim a f\u00e9 germina na vida\u201d. A f\u00e9 passa para a vida.<\/p>\n<p>\u201cQuando a f\u00e9 se concentra apenas em formula\u00e7\u00f5es doutrin\u00e1rias, arrisca-se a falar apenas \u00e0 cabe\u00e7a, sem tocar o cora\u00e7\u00e3o. E quando se concentra apenas na a\u00e7\u00e3o, corre o risco de tornar-se moralismo e reduzir-se ao social. Ao contr\u00e1rio, a f\u00e9 \u00e9 vida: \u00e9 viver o amor de Deus que mudou a nossa exist\u00eancia. N\u00e3o podemos ser doutrinaristas ou ativistas; somos chamados a levar para a frente a obra de Deus segundo o modo de Deus, na proximidade: unidos intimamente a Ele, em comunh\u00e3o entre n\u00f3s, pr\u00f3ximo dos irm\u00e3os. Proximidade: aqui est\u00e1 o segredo para transmitir, n\u00e3o algum aspeto secund\u00e1rio, mas o cora\u00e7\u00e3o da f\u00e9.\u201d<\/p>\n<p>Francisco prosseguiu fazendo uma advert\u00eancia: \u201cSempre existe aquela tenta\u00e7\u00e3o que reaparece tantas vezes na Escritura: lavar as m\u00e3os, desinteressar-se. \u00c9 o que faz a multid\u00e3o no Evangelho de hoje, \u00e9 o que fez Caim com Abel, \u00e9 o que far\u00e1 Pilatos com Jesus: lavar as m\u00e3os. N\u00f3s, pelo contr\u00e1rio, queremos imitar Jesus e, como Ele, meter as m\u00e3os na massa, suj\u00e1-las. Ele, o caminho (cf. Jo 14, 6), por Bartimeu deteve-Se ao longo da estrada; Ele, a luz do mundo (cf. Jo 9, 5), inclinou-Se sobre um cego\u201d.<\/p>\n<p><img loading=\"lazy\" class=\"aligncenter\" src=\"http:\/\/franciscanos.org.br\/wp-content\/uploads\/2018\/10\/sinodo_281018_1.jpg\" alt=\"sinodo_281018_1\" width=\"820\" height=\"440\" \/><\/p>\n<p>Reconhecemos que o Senhor sujou as m\u00e3os por cada um de n\u00f3s e, fixando a Cruz, \u201crecomecemos de l\u00e1, da lembran\u00e7a de Deus que Se fez meu pr\u00f3ximo no pecado e na morte. Fez-Se meu pr\u00f3ximo: tudo come\u00e7a de l\u00e1\u201d, observou o Papa. \u201cE, quando por amor d\u2019Ele tamb\u00e9m n\u00f3s nos fazemos pr\u00f3ximo, tornamo-nos portadores de vida nova: n\u00e3o mestres de todos, n\u00e3o especialistas do sagrado, mas testemunhas do amor que salva.\u201d<\/p>\n<p><strong>Papa no Angelus: o S\u00ednodo foi um tempo de consola\u00e7\u00e3o e esperan\u00e7a<\/strong><br \/>\n\u201cTestemunhar \u00e9 o terceiro passo\u201d, frisou o Santo Padre. \u201cN\u00e3o \u00e9 crist\u00e3o esperar que os irm\u00e3os inquietos batam \u00e0s nossas portas; somos n\u00f3s que devemos ir ter com eles, n\u00e3o lhes levando a n\u00f3s mesmos, mas Jesus. Ele manda-nos, como aqueles disc\u00edpulos, para encorajar e levantar em seu nome. Manda-nos dizer a cada um: \u2018Deus pede para te deixares amar por Ele\u2019.\u201d<\/p>\n<p>\u201cQuantas vezes \u2013 continuou Francisco \u2013, em vez desta mensagem libertadora de salva\u00e7\u00e3o, nos levamos a n\u00f3s mesmos, as nossas \u2018receitas\u2019, as nossas \u2018etiquetas\u2019 na Igreja! Quantas vezes, em vez de fazer nossas as palavras do Senhor, despachamos como palavra d\u2019Ele as nossas ideias! Quantas vezes as pessoas sentem mais o peso das nossas institui\u00e7\u00f5es que a presen\u00e7a amiga de Jesus! Ent\u00e3o aparecemos como uma ONG, uma organiza\u00e7\u00e3o parestatal, e n\u00e3o como a comunidade dos redimidos que vivem a alegria do Senhor.\u201d<\/p>\n<p><strong>Ouvir, fazer-se pr\u00f3ximo, testemunhar.<\/strong><\/p>\n<p>\u201cA f\u00e9 \u00e9 quest\u00e3o de encontro, n\u00e3o de teoria. No encontro, Jesus passa; no encontro, palpita o cora\u00e7\u00e3o da Igreja. Ent\u00e3o ser\u00e3o eficazes, n\u00e3o as nossas homilias, mas o testemunho da nossa vida.\u201d<\/p>\n<p>E a todos v\u00f3s que participastes neste \u2018caminhar juntos\u2019, concluiu Francisco, \u201cdigo obrigado pelo vosso testemunho. Trabalhamos em comunh\u00e3o e com ousadia, com o desejo de servir a Deus e ao seu povo. Que o Senhor aben\u00e7oe os nossos passos, para podermos escutar os jovens, fazer-nos pr\u00f3ximo e testemunhar-lhes a alegria da nossa vida: Jesus.\u201d<\/p>\n<p><img loading=\"lazy\" class=\"aligncenter\" src=\"http:\/\/franciscanos.org.br\/wp-content\/uploads\/2018\/10\/sinodo_281018_2.jpg\" alt=\"sinodo_281018_2\" width=\"820\" height=\"546\" \/><\/p>\n<h3><strong>\u00cdNTEGRA<\/strong><br \/>\n<strong>HOMILIA DO PAPA FRANCISCO<\/strong><\/h3>\n<p><strong>Domingo, 28 de outubro de 2018<\/strong><\/p>\n<p>O epis\u00f3dio escutado \u00e9 o \u00faltimo narrado pelo evangelista Marcos no minist\u00e9rio itinerante de Jesus, que, pouco depois, entra em Jerusal\u00e9m para morrer e ressuscitar. Assim, Bartimeu \u00e9 o \u00faltimo que segue Jesus ao longo do caminho: de mendigo na margem da estrada para Jeric\u00f3, torna-se disc\u00edpulo que vai juntamente com os outros para Jerusal\u00e9m. Tamb\u00e9m n\u00f3s caminhamos juntos, \u00abfizemos s\u00ednodo\u00bb e agora este Evangelho corrobora tr\u00eas passos fundamentais no caminho da f\u00e9.<\/p>\n<p>Antes de mais nada, olhemos para Bartimeu: o seu nome significa \u00abfilho de Timeu\u00bb. O pr\u00f3prio texto o especifica: \u00abBartimeu, o filho de Timeu\u00bb (Mc 10, 46). Mas o Evangelho, ao mesmo tempo que o reitera, p\u00f5e a descoberto um paradoxo: o pai est\u00e1 ausente. Bartimeu jaz sozinho na estrada, fora de casa e sem pai: n\u00e3o \u00e9 amado, mas abandonado. \u00c9 cego e n\u00e3o tem quem o ou\u00e7a; e, quando queria falar, mandavam-no calar. Jesus ouve o seu grito. E, quando Se encontra com ele, deixa-o falar. N\u00e3o era dif\u00edcil intuir o pedido que faria Bartimeu: \u00e9 \u00f3bvio que um cego queira ver ou reaver a vista. Mas Jesus n\u00e3o tem pressa, reserva tempo para a escuta. E aqui temos o primeiro passo para ajudar o caminho da f\u00e9: escutar. \u00c9 o apostolado do ouvido: escutar, antes de falar.<\/p>\n<p>Em vez disso, muitos dos que estavam com Jesus repreendiam Bartimeu para que estivesse calado (10, 48). Para estes disc\u00edpulos, o indigente era um transtorno no caminho, um imprevisto no programa pr\u00e9-estabelecido. Preferiam os seus tempos aos do Mestre, as suas palavras \u00e0 escuta dos outros: seguiam Jesus, mas tinham em mente os seus projetos. Trata-se dum risco do qual sempre nos devemos precaver. Ao contr\u00e1rio, para Jesus, o grito de quem pede ajuda n\u00e3o \u00e9 um transtorno que estorva o caminho, mas uma quest\u00e3o vital. Como \u00e9 importante, para n\u00f3s, escutar a vida! Os filhos do Pai celeste prestam ouvidos aos irm\u00e3os: n\u00e3o \u00e0s cr\u00edticas in\u00fateis, mas \u00e0s necessidades do pr\u00f3ximo. Ouvir com amor, com paci\u00eancia, como Deus faz connosco, com as nossas ora\u00e7\u00f5es muitas vezes repetitivas. Deus nunca Se cansa, sempre Se alegra quando O procuramos. Pe\u00e7amos, tamb\u00e9m n\u00f3s, a gra\u00e7a dum cora\u00e7\u00e3o d\u00f3cil a escutar. Gostaria de dizer aos jovens, em nome de todos n\u00f3s, adultos: desculpai, se muitas vezes n\u00e3o vos escutamos; se, em vez de vos abrir o cora\u00e7\u00e3o, vos enchemos os ouvidos. Como Igreja de Jesus, desejamos colocar-nos amorosamente \u00e0 vossa escuta, certos de duas coisas: que a vossa vida \u00e9 preciosa para Deus, porque Deus \u00e9 jovem e ama os jovens; e que, tamb\u00e9m para n\u00f3s, a vossa vida \u00e9 preciosa, mais ainda necess\u00e1ria para se avan\u00e7ar.<\/p>\n<p><img loading=\"lazy\" class=\"aligncenter\" src=\"http:\/\/franciscanos.org.br\/wp-content\/uploads\/2018\/10\/sinodo_281018_3.jpg\" alt=\"sinodo_281018_3\" width=\"820\" height=\"546\" \/><\/p>\n<p>Depois da escuta, um segundo passo para acompanhar o caminho de f\u00e9: fazer-se pr\u00f3ximo. Vejamos Jesus, que n\u00e3o delega em ningu\u00e9m da \u00abgrande multid\u00e3o\u00bb que O seguia, mas encontra Ele pessoalmente Bartimeu. Diz-lhe: \u00abQue queres que Eu fa\u00e7a por ti?\u00bb (10, 51). Que queres \u2013 Jesus amolda-Se a Bartimeu, n\u00e3o prescinde das suas expetativas \u2013 que Eu fa\u00e7a \u2013 fazer, n\u00e3o se limita a falar \u2013 por ti \u2013 n\u00e3o segundo ideias pr\u00e9-estabelecidas para todos, mas para ti, na tua situa\u00e7\u00e3o. \u00c9 assim que Deus procede, envolvendo-Se pessoalmente com um amor de predile\u00e7\u00e3o por cada um. Na sua maneira de proceder, ressalta j\u00e1 a sua mensagem: assim a f\u00e9 germina na vida.<\/p>\n<p>A f\u00e9 passa para a vida. Quando a f\u00e9 se concentra apenas em formula\u00e7\u00f5es doutrin\u00e1rias, arrisca-se a falar apenas \u00e0 cabe\u00e7a, sem tocar o cora\u00e7\u00e3o. E quando se concentra apenas na a\u00e7\u00e3o, corre o risco de tornar-se moralismo e reduzir-se ao social. Ao contr\u00e1rio, a f\u00e9 \u00e9 vida: \u00e9 viver o amor de Deus que mudou a nossa exist\u00eancia. N\u00e3o podemos ser doutrinaristas ou ativistas; somos chamados a levar para a frente a obra de Deus segundo o modo de Deus, na proximidade: unidos intimamente a Ele, em comunh\u00e3o entre n\u00f3s, pr\u00f3ximo dos irm\u00e3os. Proximidade: aqui est\u00e1 o segredo para transmitir, n\u00e3o algum aspeto secund\u00e1rio, mas o cora\u00e7\u00e3o da f\u00e9.<\/p>\n<p>Fazer-se pr\u00f3ximo \u00e9 levar a novidade de Deus \u00e0 vida do irm\u00e3o, \u00e9 o ant\u00eddoto contra a tenta\u00e7\u00e3o das receitas prontas. Interroguemo-nos se somos crist\u00e3os capazes de nos tornar pr\u00f3ximo, capazes de sair dos nossos c\u00edrculos para abra\u00e7ar aqueles que \u00abn\u00e3o s\u00e3o dos nossos\u00bb e a quem Deus ansiosamente procura. Sempre existe aquela tenta\u00e7\u00e3o que reaparece tantas vezes na Escritura: lavar as m\u00e3os, desinteressar-se. \u00c9 o que faz a multid\u00e3o no Evangelho de hoje, \u00e9 o que fez Caim com Abel, \u00e9 o que far\u00e1 Pilatos com Jesus: lavar as m\u00e3os. N\u00f3s, pelo contr\u00e1rio, queremos imitar Jesus e, como Ele, meter as m\u00e3os na massa, suj\u00e1-las. Ele, o caminho (cf. Jo 14, 6), por Bartimeu deteve-Se ao longo da estrada; Ele, a luz do mundo (cf. Jo 9, 5), inclinou-Se sobre um cego. Reconhecemos que o Senhor sujou as m\u00e3os por cada um de n\u00f3s e, fixando a Cruz, recomecemos de l\u00e1, da lembran\u00e7a de Deus que Se fez meu pr\u00f3ximo no pecado e na morte. Fez-Se meu pr\u00f3ximo: tudo come\u00e7a de l\u00e1. E, quando por amor d\u2019Ele tamb\u00e9m n\u00f3s nos fazemos pr\u00f3ximo, tornamo-nos portadores de vida nova: n\u00e3o mestres de todos, n\u00e3o especialistas do sagrado, mas testemunhas do amor que salva.<\/p>\n<p><img loading=\"lazy\" class=\"aligncenter\" src=\"http:\/\/franciscanos.org.br\/wp-content\/uploads\/2018\/10\/sinodo_281018_8.jpg\" alt=\"sinodo_281018_8\" width=\"820\" height=\"546\" \/><\/p>\n<p>Testemunhar \u00e9 o terceiro passo. Olhemos os disc\u00edpulos que chamam Bartimeu: n\u00e3o v\u00e3o junto dele, que mendigava, levar uma moedinha para o contentar ou dar-lhe conselhos; v\u00e3o em nome de Jesus. De facto, dirigem-lhe apenas tr\u00eas palavras, todas de Jesus: \u00abCoragem, levanta-te que Ele chama-te\u00bb (10, 49). No resto do Evangelho, s\u00f3 Jesus diz \u00abcoragem!\u00bb, porque s\u00f3 Ele ressuscita o cora\u00e7\u00e3o. No Evangelho, s\u00f3 Jesus \u00e9 que diz \u00ablevanta-te\u00bb, para curar o esp\u00edrito e o corpo. S\u00f3 Jesus chama, mudando a vida de quem O segue, colocando de p\u00e9 quem est\u00e1 por terra, levando a luz de Deus \u00e0s trevas da vida. Tantos filhos, tantos jovens, como Bartimeu, procuram uma luz na vida! Procuram amor verdadeiro. E como Bartimeu que, apesar da multid\u00e3o, s\u00f3 invoca Jesus, tamb\u00e9m eles imploram vida, mas frequentemente s\u00f3 encontram promessas falsas e poucos que se interessem verdadeiramente por eles.<\/p>\n<p>N\u00e3o \u00e9 crist\u00e3o esperar que os irm\u00e3os inquietos batam \u00e0s nossas portas; somos n\u00f3s que devemos ir ter com eles, n\u00e3o lhes levando a n\u00f3s mesmos, mas Jesus. Ele manda-nos, como aqueles disc\u00edpulos, para encorajar e levantar em seu nome. Manda-nos dizer a cada um: \u00abDeus pede para te deixares amar por Ele\u00bb. Quantas vezes, em vez desta mensagem libertadora de salva\u00e7\u00e3o, nos levamos a n\u00f3s mesmos, as nossas \u00abreceitas\u00bb, as nossas \u00abetiquetas\u00bb na Igreja! Quantas vezes, em vez de fazer nossas as palavras do Senhor, despachamos como palavra d\u2019Ele as nossas ideias! Quantas vezes as pessoas sentem mais o peso das nossas institui\u00e7\u00f5es que a presen\u00e7a amiga de Jesus! Ent\u00e3o aparecemos como uma ONG, uma organiza\u00e7\u00e3o parestatal, e n\u00e3o como a comunidade dos redimidos que vivem a alegria do Senhor.<\/p>\n<p>Ouvir, fazer-se pr\u00f3ximo, testemunhar. No Evangelho, o caminho de f\u00e9 termina, de maneira bela e surpreendente, com Jesus que diz: \u00abVai, a tua f\u00e9 te salvou\u00bb (10, 52). E todavia Bartimeu n\u00e3o fez profiss\u00f5es de f\u00e9, n\u00e3o realizou a\u00e7\u00e3o alguma; pediu apenas piedade. Sentir-se necessitado de salva\u00e7\u00e3o \u00e9 o in\u00edcio da f\u00e9. \u00c9 o caminho direto para encontrar Jesus. A f\u00e9, que salvou Bartimeu, n\u00e3o estava nas suas ideias claras sobre Deus, mas no facto de O procurar, de O querer encontrar. A f\u00e9 \u00e9 quest\u00e3o de encontro, n\u00e3o de teoria. No encontro, Jesus passa; no encontro, palpita o cora\u00e7\u00e3o da Igreja. Ent\u00e3o ser\u00e3o eficazes, n\u00e3o as nossas homilias, mas o testemunho da nossa vida.<\/p>\n<p>E a todos v\u00f3s que participastes neste \u00abcaminhar juntos\u00bb, digo obrigado pelo vosso testemunho. Trabalhamos em comunh\u00e3o e com ousadia, com o desejo de servir a Deus e ao seu povo. Que o Senhor aben\u00e7oe os nossos passos, para podermos escutar os jovens, fazer-nos pr\u00f3ximo e testemunhar-lhes a alegria da nossa vida: Jesus.<\/p>\n<p><img loading=\"lazy\" class=\"aligncenter\" src=\"http:\/\/franciscanos.org.br\/wp-content\/uploads\/2018\/10\/sinodo_281018_7.jpg\" alt=\"sinodo_281018_7\" width=\"820\" height=\"546\" \/><\/p>\n<h3><strong>S\u00cdNODO<\/strong><br \/>\n<strong>DOCUMENTO APROVADO. FRANCISCO AGRADECE AOS JOVENS PELO BARULHO<\/strong><\/h3>\n<p>A Igreja est\u00e1 vivendo um momento &#8220;dif\u00edcil&#8221;, \u00e9 &#8220;perseguida com acusa\u00e7\u00f5es cont\u00ednuas&#8221; e, portanto, \u00e9 o momento de defend\u00ea-la, todos juntos. Este o apelo do Papa Francisco na conclus\u00e3o do S\u00ednodo dos Bispos dedicado aos jovens no in\u00edcio da noite deste s\u00e1bado, (27\/10), no Vaticano.<\/p>\n<p>Durante quase um m\u00eas a Assembleia sinodal refletiu quest\u00f5es delicadas que dizem respeito \u00e0s novas gera\u00e7\u00f5es. O clima da sala do S\u00ednodo neste s\u00e1bado foi muito positivo e o Papa foi frequentemente interrompido pelos aplauso durante as suas palavras improvisadas. \u201cMas tudo isso \u2013 disse &#8211; n\u00e3o pode deixar de lado o momento complicado que se vive, entre acusa\u00e7\u00f5es externas e internas\u201d.<\/p>\n<p><strong>Momento dif\u00edcil<\/strong><\/p>\n<p>\u201c\u00c9 um momento dif\u00edcil porque o acusador \u2013 disse o Papa se referindo ao diabo &#8211; atrav\u00e9s de n\u00f3s ataca a M\u00e3e e a M\u00e3e n\u00e3o se toca&#8221;, sublinhou referindo-se \u00e0 Igreja, acrescentando: &#8220;Todos n\u00f3s devemos defend\u00ea-la&#8221;. As acusa\u00e7\u00f5es contra a Igreja se tornam &#8220;persegui\u00e7\u00e3o&#8221;, como acontece com os crist\u00e3os do Oriente, mas &#8220;h\u00e1 outro tipo de persegui\u00e7\u00e3o, com acusa\u00e7\u00f5es cont\u00ednuas para sujar a Igreja. A Igreja n\u00e3o deve ser sujada, n\u00f3s filhos somos todos sujos&#8221;, os filhos s\u00e3o pecadores&#8221;, &#8220;mas a M\u00e3e n\u00e3o, devemos defend\u00ea-la, todos, e por isso eu pedi para todos rezarem o Ter\u00e7o &#8220;neste m\u00eas de outubro, todos os dias, pela unidade da Igreja.<\/p>\n<p>Em seguida o Papa Francisco falou sobre os trabalhos do S\u00ednodo: &#8220;N\u00f3s aprovamos o documento, agora o Esp\u00edrito nos d\u00e1 o documento para que trabalhe no nosso cora\u00e7\u00e3o. N\u00f3s somos os destinat\u00e1rios do documento, e ele ajudar\u00e1 muitos outros, mas os primeiros destinat\u00e1rios somos n\u00f3s&#8221;.<\/p>\n<p><strong>S\u00ednodo n\u00e3o \u00e9 um Parlamento<\/strong><\/p>\n<p>O Santo Padre reiterou ainda que &#8220;o S\u00ednodo n\u00e3o \u00e9 um Parlamento, mas um espa\u00e7o protegido\u201d porque \u00e9 o Esp\u00edrito Santo quem opera. Depois indicou aos padres sinodais qual deve ser o caminho a ser seguido a partir deste momento, porque n\u00e3o \u00e9 suficiente um peda\u00e7o de papel. &#8220;O resultado do S\u00ednodo n\u00e3o \u00e9 um documento, eu disse isso no in\u00edcio. Estamos cheios de documentos\u201d. \u201cE ent\u00e3o o documento aprovado hoje vai dar frutos se for meditado e acompanhado pela ora\u00e7\u00e3o\u201d.<\/p>\n<p>O Pont\u00edfice agradeceu ainda sinceramente todos pelo trabalho feito neste m\u00eas de outubro. Come\u00e7ando precisamente pelos jovens que participaram do S\u00ednodo dos bispos como ouvintes: &#8220;Eles trouxeram a sua m\u00fasica para esta sala \u2013 disse. M\u00fasica \u00e9 uma palavra diplom\u00e1tica para dizer barulho&#8221;, disse Francisco sorrindo.<\/p>\n<p>Em seguida, Francisco agradeceu o secret\u00e1rio geral do S\u00ednodo do Bispos, cardeal Lorenzo Baldisseri e os subsecret\u00e1rios pelo seu trabalho. &#8220;Eu disse que eles tinham deixado a pele no documento preparat\u00f3rio, agora eu digo que eles deixaram os ossos&#8221;, foi a brincadeira final para dizer obrigado a todos.<\/p>\n<hr \/>\n<p><em>Fonte: Vatican News<\/em><\/p>\n","protected":false},"excerpt":{"rendered":"<p>S\u00ednodo dos Jovens<\/p>\n","protected":false},"author":1,"featured_media":191131,"comment_status":"open","ping_status":"open","sticky":false,"template":"","format":"standard","meta":[],"categories":[1428],"tags":[198,472],"acf":[],"yoast_head":"<!-- This site is optimized with the Yoast SEO plugin v19.2 - https:\/\/yoast.com\/wordpress\/plugins\/seo\/ -->\n<title>\u201cA f\u00e9 \u00e9 quest\u00e3o de encontro, n\u00e3o de teoria&quot; - Not\u00edcias - Franciscanos<\/title>\n<meta name=\"robots\" content=\"index, follow, max-snippet:-1, max-image-preview:large, max-video-preview:-1\" \/>\n<link rel=\"canonical\" href=\"https:\/\/franciscanos.org.br\/noticias\/a-fe-e-questao-de-encontro-nao-de-teoria.html\" \/>\n<meta property=\"og:locale\" content=\"pt_BR\" \/>\n<meta property=\"og:type\" content=\"article\" \/>\n<meta property=\"og:title\" content=\"\u201cA f\u00e9 \u00e9 quest\u00e3o de encontro, n\u00e3o de teoria&quot; - Not\u00edcias - Franciscanos\" \/>\n<meta property=\"og:description\" content=\"S\u00ednodo dos Jovens\" \/>\n<meta property=\"og:url\" content=\"https:\/\/franciscanos.org.br\/noticias\/a-fe-e-questao-de-encontro-nao-de-teoria.html\" \/>\n<meta property=\"og:site_name\" content=\"Not\u00edcias - Franciscanos\" \/>\n<meta property=\"article:published_time\" content=\"2018-10-28T14:29:39+00:00\" \/>\n<meta property=\"article:modified_time\" content=\"2020-06-06T20:58:35+00:00\" \/>\n<meta property=\"og:image\" content=\"https:\/\/franciscanos.org.br\/noticias\/wp-content\/uploads\/2018\/10\/sinodo_281018_6.jpg\" \/>\n\t<meta property=\"og:image:width\" content=\"273\" \/>\n\t<meta property=\"og:image:height\" content=\"181\" \/>\n\t<meta property=\"og:image:type\" content=\"image\/jpeg\" \/>\n<meta name=\"author\" content=\"admin\" \/>\n<meta name=\"twitter:card\" content=\"summary_large_image\" \/>\n<meta name=\"twitter:label1\" content=\"Escrito por\" \/>\n\t<meta name=\"twitter:data1\" content=\"admin\" \/>\n\t<meta name=\"twitter:label2\" content=\"Est. tempo de leitura\" \/>\n\t<meta name=\"twitter:data2\" content=\"15 minutos\" \/>\n<script type=\"application\/ld+json\" class=\"yoast-schema-graph\">{\"@context\":\"https:\/\/schema.org\",\"@graph\":[{\"@type\":\"WebSite\",\"@id\":\"https:\/\/franciscanos.org.br\/noticias\/#website\",\"url\":\"https:\/\/franciscanos.org.br\/noticias\/\",\"name\":\"Not\u00edcias - Franciscanos\",\"description\":\"Prov\u00edncia Franciscana da Imaculada Concei\u00e7\u00e3o do Brasil - Ordem dos Frades Menores - OFM\",\"potentialAction\":[{\"@type\":\"SearchAction\",\"target\":{\"@type\":\"EntryPoint\",\"urlTemplate\":\"https:\/\/franciscanos.org.br\/noticias\/?s={search_term_string}\"},\"query-input\":\"required name=search_term_string\"}],\"inLanguage\":\"pt-BR\"},{\"@type\":\"ImageObject\",\"inLanguage\":\"pt-BR\",\"@id\":\"https:\/\/franciscanos.org.br\/noticias\/a-fe-e-questao-de-encontro-nao-de-teoria.html#primaryimage\",\"url\":\"https:\/\/franciscanos.org.br\/noticias\/wp-content\/uploads\/2018\/10\/sinodo_281018_6.jpg\",\"contentUrl\":\"https:\/\/franciscanos.org.br\/noticias\/wp-content\/uploads\/2018\/10\/sinodo_281018_6.jpg\",\"width\":273,\"height\":181},{\"@type\":\"WebPage\",\"@id\":\"https:\/\/franciscanos.org.br\/noticias\/a-fe-e-questao-de-encontro-nao-de-teoria.html#webpage\",\"url\":\"https:\/\/franciscanos.org.br\/noticias\/a-fe-e-questao-de-encontro-nao-de-teoria.html\",\"name\":\"\u201cA f\u00e9 \u00e9 quest\u00e3o de encontro, n\u00e3o de teoria\\\" - Not\u00edcias - Franciscanos\",\"isPartOf\":{\"@id\":\"https:\/\/franciscanos.org.br\/noticias\/#website\"},\"primaryImageOfPage\":{\"@id\":\"https:\/\/franciscanos.org.br\/noticias\/a-fe-e-questao-de-encontro-nao-de-teoria.html#primaryimage\"},\"datePublished\":\"2018-10-28T14:29:39+00:00\",\"dateModified\":\"2020-06-06T20:58:35+00:00\",\"author\":{\"@id\":\"https:\/\/franciscanos.org.br\/noticias\/#\/schema\/person\/b38fbf43118f02820bd932f2e4b14ad3\"},\"breadcrumb\":{\"@id\":\"https:\/\/franciscanos.org.br\/noticias\/a-fe-e-questao-de-encontro-nao-de-teoria.html#breadcrumb\"},\"inLanguage\":\"pt-BR\",\"potentialAction\":[{\"@type\":\"ReadAction\",\"target\":[\"https:\/\/franciscanos.org.br\/noticias\/a-fe-e-questao-de-encontro-nao-de-teoria.html\"]}]},{\"@type\":\"BreadcrumbList\",\"@id\":\"https:\/\/franciscanos.org.br\/noticias\/a-fe-e-questao-de-encontro-nao-de-teoria.html#breadcrumb\",\"itemListElement\":[{\"@type\":\"ListItem\",\"position\":1,\"name\":\"Home\",\"item\":\"https:\/\/franciscanos.org.br\/noticias\"},{\"@type\":\"ListItem\",\"position\":2,\"name\":\"\u201cA f\u00e9 \u00e9 quest\u00e3o de encontro, n\u00e3o de teoria&#8221;\"}]},{\"@type\":\"Person\",\"@id\":\"https:\/\/franciscanos.org.br\/noticias\/#\/schema\/person\/b38fbf43118f02820bd932f2e4b14ad3\",\"name\":\"admin\",\"image\":{\"@type\":\"ImageObject\",\"inLanguage\":\"pt-BR\",\"@id\":\"https:\/\/franciscanos.org.br\/noticias\/#\/schema\/person\/image\/\",\"url\":\"https:\/\/secure.gravatar.com\/avatar\/e8495742d34d0ba6448ea1c628263b3e?s=96&d=mm&r=g\",\"contentUrl\":\"https:\/\/secure.gravatar.com\/avatar\/e8495742d34d0ba6448ea1c628263b3e?s=96&d=mm&r=g\",\"caption\":\"admin\"},\"url\":\"https:\/\/franciscanos.org.br\/noticias\/author\/admin\"}]}<\/script>\n<!-- \/ Yoast SEO plugin. -->","yoast_head_json":{"title":"\u201cA f\u00e9 \u00e9 quest\u00e3o de encontro, n\u00e3o de teoria\" - Not\u00edcias - Franciscanos","robots":{"index":"index","follow":"follow","max-snippet":"max-snippet:-1","max-image-preview":"max-image-preview:large","max-video-preview":"max-video-preview:-1"},"canonical":"https:\/\/franciscanos.org.br\/noticias\/a-fe-e-questao-de-encontro-nao-de-teoria.html","og_locale":"pt_BR","og_type":"article","og_title":"\u201cA f\u00e9 \u00e9 quest\u00e3o de encontro, n\u00e3o de teoria\" - Not\u00edcias - Franciscanos","og_description":"S\u00ednodo dos Jovens","og_url":"https:\/\/franciscanos.org.br\/noticias\/a-fe-e-questao-de-encontro-nao-de-teoria.html","og_site_name":"Not\u00edcias - Franciscanos","article_published_time":"2018-10-28T14:29:39+00:00","article_modified_time":"2020-06-06T20:58:35+00:00","og_image":[{"width":273,"height":181,"url":"https:\/\/franciscanos.org.br\/noticias\/wp-content\/uploads\/2018\/10\/sinodo_281018_6.jpg","type":"image\/jpeg"}],"author":"admin","twitter_card":"summary_large_image","twitter_misc":{"Escrito por":"admin","Est. tempo de leitura":"15 minutos"},"schema":{"@context":"https:\/\/schema.org","@graph":[{"@type":"WebSite","@id":"https:\/\/franciscanos.org.br\/noticias\/#website","url":"https:\/\/franciscanos.org.br\/noticias\/","name":"Not\u00edcias - Franciscanos","description":"Prov\u00edncia Franciscana da Imaculada Concei\u00e7\u00e3o do Brasil - Ordem dos Frades Menores - OFM","potentialAction":[{"@type":"SearchAction","target":{"@type":"EntryPoint","urlTemplate":"https:\/\/franciscanos.org.br\/noticias\/?s={search_term_string}"},"query-input":"required name=search_term_string"}],"inLanguage":"pt-BR"},{"@type":"ImageObject","inLanguage":"pt-BR","@id":"https:\/\/franciscanos.org.br\/noticias\/a-fe-e-questao-de-encontro-nao-de-teoria.html#primaryimage","url":"https:\/\/franciscanos.org.br\/noticias\/wp-content\/uploads\/2018\/10\/sinodo_281018_6.jpg","contentUrl":"https:\/\/franciscanos.org.br\/noticias\/wp-content\/uploads\/2018\/10\/sinodo_281018_6.jpg","width":273,"height":181},{"@type":"WebPage","@id":"https:\/\/franciscanos.org.br\/noticias\/a-fe-e-questao-de-encontro-nao-de-teoria.html#webpage","url":"https:\/\/franciscanos.org.br\/noticias\/a-fe-e-questao-de-encontro-nao-de-teoria.html","name":"\u201cA f\u00e9 \u00e9 quest\u00e3o de encontro, n\u00e3o de teoria\" - Not\u00edcias - Franciscanos","isPartOf":{"@id":"https:\/\/franciscanos.org.br\/noticias\/#website"},"primaryImageOfPage":{"@id":"https:\/\/franciscanos.org.br\/noticias\/a-fe-e-questao-de-encontro-nao-de-teoria.html#primaryimage"},"datePublished":"2018-10-28T14:29:39+00:00","dateModified":"2020-06-06T20:58:35+00:00","author":{"@id":"https:\/\/franciscanos.org.br\/noticias\/#\/schema\/person\/b38fbf43118f02820bd932f2e4b14ad3"},"breadcrumb":{"@id":"https:\/\/franciscanos.org.br\/noticias\/a-fe-e-questao-de-encontro-nao-de-teoria.html#breadcrumb"},"inLanguage":"pt-BR","potentialAction":[{"@type":"ReadAction","target":["https:\/\/franciscanos.org.br\/noticias\/a-fe-e-questao-de-encontro-nao-de-teoria.html"]}]},{"@type":"BreadcrumbList","@id":"https:\/\/franciscanos.org.br\/noticias\/a-fe-e-questao-de-encontro-nao-de-teoria.html#breadcrumb","itemListElement":[{"@type":"ListItem","position":1,"name":"Home","item":"https:\/\/franciscanos.org.br\/noticias"},{"@type":"ListItem","position":2,"name":"\u201cA f\u00e9 \u00e9 quest\u00e3o de encontro, n\u00e3o de teoria&#8221;"}]},{"@type":"Person","@id":"https:\/\/franciscanos.org.br\/noticias\/#\/schema\/person\/b38fbf43118f02820bd932f2e4b14ad3","name":"admin","image":{"@type":"ImageObject","inLanguage":"pt-BR","@id":"https:\/\/franciscanos.org.br\/noticias\/#\/schema\/person\/image\/","url":"https:\/\/secure.gravatar.com\/avatar\/e8495742d34d0ba6448ea1c628263b3e?s=96&d=mm&r=g","contentUrl":"https:\/\/secure.gravatar.com\/avatar\/e8495742d34d0ba6448ea1c628263b3e?s=96&d=mm&r=g","caption":"admin"},"url":"https:\/\/franciscanos.org.br\/noticias\/author\/admin"}]}},"_links":{"self":[{"href":"https:\/\/franciscanos.org.br\/noticias\/wp-json\/wp\/v2\/posts\/187738"}],"collection":[{"href":"https:\/\/franciscanos.org.br\/noticias\/wp-json\/wp\/v2\/posts"}],"about":[{"href":"https:\/\/franciscanos.org.br\/noticias\/wp-json\/wp\/v2\/types\/post"}],"author":[{"embeddable":true,"href":"https:\/\/franciscanos.org.br\/noticias\/wp-json\/wp\/v2\/users\/1"}],"replies":[{"embeddable":true,"href":"https:\/\/franciscanos.org.br\/noticias\/wp-json\/wp\/v2\/comments?post=187738"}],"version-history":[{"count":1,"href":"https:\/\/franciscanos.org.br\/noticias\/wp-json\/wp\/v2\/posts\/187738\/revisions"}],"predecessor-version":[{"id":224720,"href":"https:\/\/franciscanos.org.br\/noticias\/wp-json\/wp\/v2\/posts\/187738\/revisions\/224720"}],"wp:featuredmedia":[{"embeddable":true,"href":"https:\/\/franciscanos.org.br\/noticias\/wp-json\/wp\/v2\/media\/191131"}],"wp:attachment":[{"href":"https:\/\/franciscanos.org.br\/noticias\/wp-json\/wp\/v2\/media?parent=187738"}],"wp:term":[{"taxonomy":"category","embeddable":true,"href":"https:\/\/franciscanos.org.br\/noticias\/wp-json\/wp\/v2\/categories?post=187738"},{"taxonomy":"post_tag","embeddable":true,"href":"https:\/\/franciscanos.org.br\/noticias\/wp-json\/wp\/v2\/tags?post=187738"}],"curies":[{"name":"wp","href":"https:\/\/api.w.org\/{rel}","templated":true}]}}