{"id":187736,"date":"2018-10-26T08:05:22","date_gmt":"2018-10-26T11:05:22","guid":{"rendered":"http:\/\/franciscanos.org.br\/?p=175530"},"modified":"2020-06-06T18:00:53","modified_gmt":"2020-06-06T21:00:53","slug":"a-paz-se-faz-com-humildade-docura-e-magnanimidade","status":"publish","type":"post","link":"https:\/\/franciscanos.org.br\/noticias\/a-paz-se-faz-com-humildade-docura-e-magnanimidade.html","title":{"rendered":"A paz se faz com humildade, do\u00e7ura e magnanimidade"},"content":{"rendered":"<p><img loading=\"lazy\" class=\"alignleft\" src=\"http:\/\/franciscanos.org.br\/wp-content\/uploads\/2018\/10\/papa_261018.jpg\" alt=\"papa_261018\" width=\"820\" height=\"461\" \/><\/p>\n<p><strong>Cidade do Vaticano<\/strong> &#8211; A paz passa pela humildade, a do\u00e7ura e a magnanimidade: foi o que disse o Papa Francisco na homilia da missa celebrada na manh\u00e3 de sexta-feira (26\/10) na capela da Casa Santa Marta. Refletindo sobre a Primeira Leitura, extra\u00edda da Carta de S\u00e3o Paulo aos Ef\u00e9sios, Francisco recordou que Paulo dirigiu aos crist\u00e3os um verdadeiro \u201chino \u00e0 unidade\u201d quando estava na pris\u00e3o, evocando a \u201cdignidade da voca\u00e7\u00e3o\u201d.<\/p>\n<p>O pr\u00f3prio Jesus, destacou o Papa, \u201cantes de morrer, na \u00daltima Ceia, pediu ao Pai a gra\u00e7a da unidade para todos n\u00f3s\u201d. E mesmo assim, constatou Francisco, estamos acostumados a respirar o \u201car dos conflitos\u201d: todos os dias, na tv e nos jornais, se fala de conflitos, \u201cum atr\u00e1s do outro\u201d, de guerras, \u201csem paz, sem unidade\u201d. N\u00e3o obstante \u201cse fa\u00e7am pactos\u201d para deter qualquer tipo de conflito, pois esses mesmos acordos n\u00e3o s\u00e3o respeitados. Deste modo, \u201ca corrida armamentista, a prepara\u00e7\u00e3o \u00e0s guerras, \u00e0 destrui\u00e7\u00e3o, avan\u00e7a\u201d.<\/p>\n<p>Tamb\u00e9m as institui\u00e7\u00f5es mundiais \u2013 hoje vemos \u2013 criadas com a melhor vontade de ajudar a unidade da humanidade, a paz, se sentem incapazes de encontrar um acordo: que h\u00e1 um veto aqui, um interesse l\u00e1\u2026 E t\u00eam dificuldade em chegar a acordos de paz. Enquanto isso, as crian\u00e7as n\u00e3o t\u00eam o que comer, n\u00e3o v\u00e3o \u00e0 escola, n\u00e3o s\u00e3o educadas, n\u00e3o h\u00e1 hospitais porque a guerra destr\u00f3i tudo. Temos uma tend\u00eancia \u00e0 destrui\u00e7\u00e3o, \u00e0 guerra, \u00e0 desuni\u00e3o. \u00c9 a tend\u00eancia que semeia no nosso cora\u00e7\u00e3o a inimigo, o destruir a humanidade: o diabo. Paulo, neste trecho, nos ensina o caminho rumo \u00e0 unidade, que ele diz: \u201cA unidade est\u00e1 coberta, est\u00e1 \u2018blindada\u2019 \u2013 podemos dizer \u2013 com o v\u00ednculo da paz\u201d. A paz leva \u00e0 unidade.<\/p>\n<p><strong>Abrir o cora\u00e7\u00e3o<\/strong><br \/>\nEis ent\u00e3o o chamado a um comportamento digno \u201cdo chamado\u201d recebido, \u201ccom toda humildade, do\u00e7ura e magnanimidade\u201d.<\/p>\n<p>Para fazer a paz, a unidade entre n\u00f3s, \u201chumildade, do\u00e7ura \u2013 n\u00f3s que estamos acostumados a nos insultar, a gritar&#8230; do\u00e7ura \u2013 e magnanimidade\u201d. Deixa para l\u00e1, mas abra o cora\u00e7\u00e3o. Mas \u00e9 poss\u00edvel fazer a paz no mundo com essas tr\u00eas pequenas coisas? Sim, \u00e9 o caminho. \u00c9 poss\u00edvel chegar \u00e0 unidade? Sim, aquele caminho: \u201chumildade, do\u00e7ura e magnanimidade\u201d. E Paulo \u00e9 pr\u00e1tico, e continua com um conselho muito pr\u00e1tico: \u201csuportai-vos uns aos outros no amor\u201d. suportai-vos uns aos outros. N\u00e3o \u00e9 f\u00e1cil, sempre escapa o ju\u00edzo, a condena\u00e7\u00e3o, que leva \u00e0 separa\u00e7\u00e3o, \u00e0 dist\u00e2ncia \u2026<\/p>\n<p><strong>Acordo desde o in\u00edcio<\/strong><br \/>\nAcontece o mesmo quando se cria uma dist\u00e2ncia entre os membros de uma mesma fam\u00edlia, notou o Papa. E \u201co diabo fica feliz\u201d com isso, \u00e9 o \u201cin\u00edcio da guerra\u201d. O conselho \u00e9 ent\u00e3o \u201csuportar\u201d, \u201cporque todos n\u00f3s causamos inc\u00f4modo, impaci\u00eancia, porque todos n\u00f3s \u2013 recordou \u2013 somos pecadores, todos temos os nossos defeitos\u201d. S\u00e3o Paulo recomenda \u201cpreservar a unidade do esp\u00edrito por meio do v\u00ednculo da paz\u201d, \u201ccertamente sob a inspira\u00e7\u00e3o das palavras de Jesus na \u00daltima Ceia: \u2018Um s\u00f3 corpo e um s\u00f3 esp\u00edrito\u2019\u201d. Depois segue em frente e \u201cnos faz ver o horizonte da paz, com Deus; assim como Jesus nos fez ver o horizonte da paz na ora\u00e7\u00e3o: \u2018Pai, que sejam um, como eu e Ti\u2019. A unidade\u201d.<\/p>\n<p>Francisco recordou ainda que no Evangelho de Lucas proclamado hoje, Jesus aconselha a encontrar um acordo com o nosso advers\u00e1rio \u201cenquanto estais a caminho\u201d: um \u201cbelo conselho\u201d, comentou o Pont\u00edfice, porque \u201cn\u00e3o \u00e9 dif\u00edcil encontrar um acordo no in\u00edcio do conflito\u201d.<\/p>\n<p>O conselho de Jesus: entre num acordo no in\u00edcio, fazer as pazes no in\u00edcio: esta \u00e9 humildade, isso \u00e9 do\u00e7ura, isso \u00e9 magnanimidade. Pode-se construir a paz em todo o mundo com essas tr\u00eas pequenas coisas, porque essas atitudes s\u00e3o a atitude de Jesus: humilde, manso, perdoa tudo. O mundo hoje necessita de paz, as nossas fam\u00edlias necessitam de paz, a nossa sociedade necessita de paz. Vamos come\u00e7ar em casa a praticar essas coisas simples: magnanimidade, do\u00e7ura e humildade. Vamos avante nesta estrada: de fazer sempre a unidade, consolidar a unidade. Que o Senhor nos ajude neste caminho.<\/p>\n<hr \/>\n<p><em>Fonte: Vatican News<\/em><\/p>\n","protected":false},"excerpt":{"rendered":"<p>Missa em Santa Marta<\/p>\n","protected":false},"author":1,"featured_media":191150,"comment_status":"open","ping_status":"open","sticky":false,"template":"","format":"standard","meta":[],"categories":[1428],"tags":[1586],"acf":[],"yoast_head":"<!-- This site is optimized with the Yoast SEO plugin v19.2 - https:\/\/yoast.com\/wordpress\/plugins\/seo\/ -->\n<title>A paz se faz com humildade, do\u00e7ura e magnanimidade - Not\u00edcias - Franciscanos<\/title>\n<meta name=\"robots\" content=\"index, follow, max-snippet:-1, max-image-preview:large, max-video-preview:-1\" \/>\n<link rel=\"canonical\" href=\"https:\/\/franciscanos.org.br\/noticias\/a-paz-se-faz-com-humildade-docura-e-magnanimidade.html\" \/>\n<meta property=\"og:locale\" content=\"pt_BR\" \/>\n<meta property=\"og:type\" content=\"article\" \/>\n<meta property=\"og:title\" content=\"A paz se faz com humildade, do\u00e7ura e magnanimidade - Not\u00edcias - Franciscanos\" \/>\n<meta property=\"og:description\" content=\"Missa em Santa Marta\" \/>\n<meta property=\"og:url\" content=\"https:\/\/franciscanos.org.br\/noticias\/a-paz-se-faz-com-humildade-docura-e-magnanimidade.html\" \/>\n<meta property=\"og:site_name\" content=\"Not\u00edcias - Franciscanos\" \/>\n<meta property=\"article:published_time\" content=\"2018-10-26T11:05:22+00:00\" \/>\n<meta property=\"article:modified_time\" content=\"2020-06-06T21:00:53+00:00\" \/>\n<meta property=\"og:image\" content=\"https:\/\/franciscanos.org.br\/noticias\/wp-content\/uploads\/2018\/10\/papa_261018-1.jpg\" \/>\n\t<meta property=\"og:image:width\" content=\"273\" \/>\n\t<meta property=\"og:image:height\" content=\"181\" \/>\n\t<meta property=\"og:image:type\" content=\"image\/jpeg\" \/>\n<meta name=\"author\" content=\"admin\" \/>\n<meta name=\"twitter:card\" content=\"summary_large_image\" \/>\n<meta name=\"twitter:label1\" content=\"Escrito por\" \/>\n\t<meta name=\"twitter:data1\" content=\"admin\" \/>\n\t<meta name=\"twitter:label2\" content=\"Est. tempo de leitura\" \/>\n\t<meta name=\"twitter:data2\" content=\"4 minutos\" \/>\n<script type=\"application\/ld+json\" class=\"yoast-schema-graph\">{\"@context\":\"https:\/\/schema.org\",\"@graph\":[{\"@type\":\"WebSite\",\"@id\":\"https:\/\/franciscanos.org.br\/noticias\/#website\",\"url\":\"https:\/\/franciscanos.org.br\/noticias\/\",\"name\":\"Not\u00edcias - Franciscanos\",\"description\":\"Prov\u00edncia Franciscana da Imaculada Concei\u00e7\u00e3o do Brasil - Ordem dos Frades Menores - OFM\",\"potentialAction\":[{\"@type\":\"SearchAction\",\"target\":{\"@type\":\"EntryPoint\",\"urlTemplate\":\"https:\/\/franciscanos.org.br\/noticias\/?s={search_term_string}\"},\"query-input\":\"required name=search_term_string\"}],\"inLanguage\":\"pt-BR\"},{\"@type\":\"ImageObject\",\"inLanguage\":\"pt-BR\",\"@id\":\"https:\/\/franciscanos.org.br\/noticias\/a-paz-se-faz-com-humildade-docura-e-magnanimidade.html#primaryimage\",\"url\":\"https:\/\/franciscanos.org.br\/noticias\/wp-content\/uploads\/2018\/10\/papa_261018-1.jpg\",\"contentUrl\":\"https:\/\/franciscanos.org.br\/noticias\/wp-content\/uploads\/2018\/10\/papa_261018-1.jpg\",\"width\":273,\"height\":181},{\"@type\":\"WebPage\",\"@id\":\"https:\/\/franciscanos.org.br\/noticias\/a-paz-se-faz-com-humildade-docura-e-magnanimidade.html#webpage\",\"url\":\"https:\/\/franciscanos.org.br\/noticias\/a-paz-se-faz-com-humildade-docura-e-magnanimidade.html\",\"name\":\"A paz se faz com humildade, do\u00e7ura e magnanimidade - Not\u00edcias - Franciscanos\",\"isPartOf\":{\"@id\":\"https:\/\/franciscanos.org.br\/noticias\/#website\"},\"primaryImageOfPage\":{\"@id\":\"https:\/\/franciscanos.org.br\/noticias\/a-paz-se-faz-com-humildade-docura-e-magnanimidade.html#primaryimage\"},\"datePublished\":\"2018-10-26T11:05:22+00:00\",\"dateModified\":\"2020-06-06T21:00:53+00:00\",\"author\":{\"@id\":\"https:\/\/franciscanos.org.br\/noticias\/#\/schema\/person\/b38fbf43118f02820bd932f2e4b14ad3\"},\"breadcrumb\":{\"@id\":\"https:\/\/franciscanos.org.br\/noticias\/a-paz-se-faz-com-humildade-docura-e-magnanimidade.html#breadcrumb\"},\"inLanguage\":\"pt-BR\",\"potentialAction\":[{\"@type\":\"ReadAction\",\"target\":[\"https:\/\/franciscanos.org.br\/noticias\/a-paz-se-faz-com-humildade-docura-e-magnanimidade.html\"]}]},{\"@type\":\"BreadcrumbList\",\"@id\":\"https:\/\/franciscanos.org.br\/noticias\/a-paz-se-faz-com-humildade-docura-e-magnanimidade.html#breadcrumb\",\"itemListElement\":[{\"@type\":\"ListItem\",\"position\":1,\"name\":\"Home\",\"item\":\"https:\/\/franciscanos.org.br\/noticias\"},{\"@type\":\"ListItem\",\"position\":2,\"name\":\"A paz se faz com humildade, do\u00e7ura e magnanimidade\"}]},{\"@type\":\"Person\",\"@id\":\"https:\/\/franciscanos.org.br\/noticias\/#\/schema\/person\/b38fbf43118f02820bd932f2e4b14ad3\",\"name\":\"admin\",\"image\":{\"@type\":\"ImageObject\",\"inLanguage\":\"pt-BR\",\"@id\":\"https:\/\/franciscanos.org.br\/noticias\/#\/schema\/person\/image\/\",\"url\":\"https:\/\/secure.gravatar.com\/avatar\/e8495742d34d0ba6448ea1c628263b3e?s=96&d=mm&r=g\",\"contentUrl\":\"https:\/\/secure.gravatar.com\/avatar\/e8495742d34d0ba6448ea1c628263b3e?s=96&d=mm&r=g\",\"caption\":\"admin\"},\"url\":\"https:\/\/franciscanos.org.br\/noticias\/author\/admin\"}]}<\/script>\n<!-- \/ Yoast SEO plugin. -->","yoast_head_json":{"title":"A paz se faz com humildade, do\u00e7ura e magnanimidade - Not\u00edcias - Franciscanos","robots":{"index":"index","follow":"follow","max-snippet":"max-snippet:-1","max-image-preview":"max-image-preview:large","max-video-preview":"max-video-preview:-1"},"canonical":"https:\/\/franciscanos.org.br\/noticias\/a-paz-se-faz-com-humildade-docura-e-magnanimidade.html","og_locale":"pt_BR","og_type":"article","og_title":"A paz se faz com humildade, do\u00e7ura e magnanimidade - Not\u00edcias - Franciscanos","og_description":"Missa em Santa Marta","og_url":"https:\/\/franciscanos.org.br\/noticias\/a-paz-se-faz-com-humildade-docura-e-magnanimidade.html","og_site_name":"Not\u00edcias - Franciscanos","article_published_time":"2018-10-26T11:05:22+00:00","article_modified_time":"2020-06-06T21:00:53+00:00","og_image":[{"width":273,"height":181,"url":"https:\/\/franciscanos.org.br\/noticias\/wp-content\/uploads\/2018\/10\/papa_261018-1.jpg","type":"image\/jpeg"}],"author":"admin","twitter_card":"summary_large_image","twitter_misc":{"Escrito por":"admin","Est. tempo de leitura":"4 minutos"},"schema":{"@context":"https:\/\/schema.org","@graph":[{"@type":"WebSite","@id":"https:\/\/franciscanos.org.br\/noticias\/#website","url":"https:\/\/franciscanos.org.br\/noticias\/","name":"Not\u00edcias - Franciscanos","description":"Prov\u00edncia Franciscana da Imaculada Concei\u00e7\u00e3o do Brasil - Ordem dos Frades Menores - OFM","potentialAction":[{"@type":"SearchAction","target":{"@type":"EntryPoint","urlTemplate":"https:\/\/franciscanos.org.br\/noticias\/?s={search_term_string}"},"query-input":"required name=search_term_string"}],"inLanguage":"pt-BR"},{"@type":"ImageObject","inLanguage":"pt-BR","@id":"https:\/\/franciscanos.org.br\/noticias\/a-paz-se-faz-com-humildade-docura-e-magnanimidade.html#primaryimage","url":"https:\/\/franciscanos.org.br\/noticias\/wp-content\/uploads\/2018\/10\/papa_261018-1.jpg","contentUrl":"https:\/\/franciscanos.org.br\/noticias\/wp-content\/uploads\/2018\/10\/papa_261018-1.jpg","width":273,"height":181},{"@type":"WebPage","@id":"https:\/\/franciscanos.org.br\/noticias\/a-paz-se-faz-com-humildade-docura-e-magnanimidade.html#webpage","url":"https:\/\/franciscanos.org.br\/noticias\/a-paz-se-faz-com-humildade-docura-e-magnanimidade.html","name":"A paz se faz com humildade, do\u00e7ura e magnanimidade - Not\u00edcias - Franciscanos","isPartOf":{"@id":"https:\/\/franciscanos.org.br\/noticias\/#website"},"primaryImageOfPage":{"@id":"https:\/\/franciscanos.org.br\/noticias\/a-paz-se-faz-com-humildade-docura-e-magnanimidade.html#primaryimage"},"datePublished":"2018-10-26T11:05:22+00:00","dateModified":"2020-06-06T21:00:53+00:00","author":{"@id":"https:\/\/franciscanos.org.br\/noticias\/#\/schema\/person\/b38fbf43118f02820bd932f2e4b14ad3"},"breadcrumb":{"@id":"https:\/\/franciscanos.org.br\/noticias\/a-paz-se-faz-com-humildade-docura-e-magnanimidade.html#breadcrumb"},"inLanguage":"pt-BR","potentialAction":[{"@type":"ReadAction","target":["https:\/\/franciscanos.org.br\/noticias\/a-paz-se-faz-com-humildade-docura-e-magnanimidade.html"]}]},{"@type":"BreadcrumbList","@id":"https:\/\/franciscanos.org.br\/noticias\/a-paz-se-faz-com-humildade-docura-e-magnanimidade.html#breadcrumb","itemListElement":[{"@type":"ListItem","position":1,"name":"Home","item":"https:\/\/franciscanos.org.br\/noticias"},{"@type":"ListItem","position":2,"name":"A paz se faz com humildade, do\u00e7ura e magnanimidade"}]},{"@type":"Person","@id":"https:\/\/franciscanos.org.br\/noticias\/#\/schema\/person\/b38fbf43118f02820bd932f2e4b14ad3","name":"admin","image":{"@type":"ImageObject","inLanguage":"pt-BR","@id":"https:\/\/franciscanos.org.br\/noticias\/#\/schema\/person\/image\/","url":"https:\/\/secure.gravatar.com\/avatar\/e8495742d34d0ba6448ea1c628263b3e?s=96&d=mm&r=g","contentUrl":"https:\/\/secure.gravatar.com\/avatar\/e8495742d34d0ba6448ea1c628263b3e?s=96&d=mm&r=g","caption":"admin"},"url":"https:\/\/franciscanos.org.br\/noticias\/author\/admin"}]}},"_links":{"self":[{"href":"https:\/\/franciscanos.org.br\/noticias\/wp-json\/wp\/v2\/posts\/187736"}],"collection":[{"href":"https:\/\/franciscanos.org.br\/noticias\/wp-json\/wp\/v2\/posts"}],"about":[{"href":"https:\/\/franciscanos.org.br\/noticias\/wp-json\/wp\/v2\/types\/post"}],"author":[{"embeddable":true,"href":"https:\/\/franciscanos.org.br\/noticias\/wp-json\/wp\/v2\/users\/1"}],"replies":[{"embeddable":true,"href":"https:\/\/franciscanos.org.br\/noticias\/wp-json\/wp\/v2\/comments?post=187736"}],"version-history":[{"count":1,"href":"https:\/\/franciscanos.org.br\/noticias\/wp-json\/wp\/v2\/posts\/187736\/revisions"}],"predecessor-version":[{"id":224723,"href":"https:\/\/franciscanos.org.br\/noticias\/wp-json\/wp\/v2\/posts\/187736\/revisions\/224723"}],"wp:featuredmedia":[{"embeddable":true,"href":"https:\/\/franciscanos.org.br\/noticias\/wp-json\/wp\/v2\/media\/191150"}],"wp:attachment":[{"href":"https:\/\/franciscanos.org.br\/noticias\/wp-json\/wp\/v2\/media?parent=187736"}],"wp:term":[{"taxonomy":"category","embeddable":true,"href":"https:\/\/franciscanos.org.br\/noticias\/wp-json\/wp\/v2\/categories?post=187736"},{"taxonomy":"post_tag","embeddable":true,"href":"https:\/\/franciscanos.org.br\/noticias\/wp-json\/wp\/v2\/tags?post=187736"}],"curies":[{"name":"wp","href":"https:\/\/api.w.org\/{rel}","templated":true}]}}