{"id":187734,"date":"2018-10-26T07:30:34","date_gmt":"2018-10-26T10:30:34","guid":{"rendered":"http:\/\/franciscanos.org.br\/?p=175515"},"modified":"2020-06-06T18:02:40","modified_gmt":"2020-06-06T21:02:40","slug":"bencaos-do-brasil-para-a-america-latina","status":"publish","type":"post","link":"https:\/\/franciscanos.org.br\/noticias\/bencaos-do-brasil-para-a-america-latina.html","title":{"rendered":"B\u00ean\u00e7\u00e3os do Brasil para a Am\u00e9rica Latina"},"content":{"rendered":"<p><img loading=\"lazy\" class=\"alignleft\" src=\"http:\/\/franciscanos.org.br\/wp-content\/uploads\/2018\/10\/congresso_261018.jpg\" alt=\"congresso_261018\" width=\"830\" height=\"439\" \/><strong>Frei Gustavo Medella<\/strong><\/p>\n<p>Neste dia 25 de outubro, em que a Igreja celebra Santo Ant\u00f4nio de Santana Galv\u00e3o, a Confer\u00eancia Brasileira da Ordem dos Frades Menores ficou encarregado de conduzir os momentos celebrativos do Congresso. Na celebra\u00e7\u00e3o da Missa, presidida pelo Definidor Geral, Frei Valmir Ramos, foram recordadas as virtudes de Frei Galv\u00e3o, descrito por S\u00e3o Jo\u00e3o Paulo II como o \u201cHomem da Paz e da Caridade\u201d. Ao fim da celebra\u00e7\u00e3o, recordando a devo\u00e7\u00e3o do santo \u00e0 Imaculada Concei\u00e7\u00e3o de Maria, todos os congressistas foram convidados a pedir a b\u00ean\u00e7\u00e3o de Deus por intercess\u00e3o de Nossa Senhora Aparecida.<\/p>\n<p><strong>CONFER\u00caNCIA ABORDA PROPOSTA DE ESTILO DE VIDA A PARTIR DOS VALORES FRANCISCANOS<\/strong><\/p>\n<p>Frei Juan Rend\u00f3n, da Prov\u00edncia de S\u00e3o Paulo, da Col\u00f4mbia, apresentou alguns aspectos que devem pautar o estilo de vida marcado pela espiritualidade franciscana. Em primeiro lugar, acenou para a import\u00e2ncia de que se estabele\u00e7am na miss\u00e3o evangelizadora rela\u00e7\u00f5es de igualdade entre pastores, leigos e religiosos. A promo\u00e7\u00e3o de um di\u00e1logo amplo em diversos n\u00edveis tamb\u00e9m foi apontada como postura fundamental. Convidando os participantes a uma profunda revis\u00e3o de vida, Frei Juan Rend\u00f3n: \u201cPrecisamos fazer uma reavalia\u00e7\u00e3o de nossa pr\u00f3pria compreens\u00e3o do que hoje significa ser crist\u00e3o e franciscano\u201d. Tamb\u00e9m listou como atitudes fundamentais o cultivo da proximidade com as pessoas, a valoriza\u00e7\u00e3o do testemunho que confirma a palavra e a transforma\u00e7\u00e3o das estruturas.<\/p>\n<p>Ao abordar a tem\u00e1tica do Cuidado com a Cria\u00e7\u00e3o, o frade recordou que o cuidado faz parte do n\u00facleo de franciscanismo. Segundo ele, a manifesta\u00e7\u00e3o do cuidado passa por uma rela\u00e7\u00e3o amorosa, pela inquietude e a preocupa\u00e7\u00e3o com o outro, pelo relacionamento pr\u00f3ximo entre necessidade, vontade e predisposi\u00e7\u00e3o e por uma atitude de preven\u00e7\u00e3o cuidadosa.<\/p>\n<p>Sobre a mobilidade humana, Frei Juan destacou que os franciscanos s\u00e3o itinerantes por voca\u00e7\u00e3o. \u201cO caminho \u00e9 lugar de encontro com o Senhor. Temos o compromisso de, conforme nos recordou o Papa Francisco, de recuperar a \u2018mundanidade\u2019 de nossos conventos\u201d, disse, fazendo refer\u00eancia ao trecho do texto Sacrum Commercium, no qual Francisco declara que seu claustro \u00e9 o mundo.<\/p>\n<p>No que diz respeito \u00e0 cultura de paz, explicou que, sob a aparente normalidade do cotidiano, subjazem tens\u00f5es, conflitos e contradi\u00e7\u00f5es. Diante deste quadro, o compromisso Franciscano deve sempre passar pela busca de concilia\u00e7\u00e3o, que n\u00e3o se confunde com uma postura passiva, mas de profundo envolvimento com a transforma\u00e7\u00e3o da realidade.<\/p>\n<p><strong><img loading=\"lazy\" class=\"alignleft\" src=\"http:\/\/franciscanos.org.br\/wp-content\/uploads\/2018\/10\/congresso_261018_1.jpg\" alt=\"congresso_261018_1\" width=\"207\" height=\"203\" \/>JPIC E O ESP\u00cdRITO DE COLABORA\u00c7\u00c3O<\/strong><\/p>\n<p>Frei Jaime Campos, do Chile, Animador de Justi\u00e7a, Paz e Integridade da Cria\u00e7\u00e3o (JPIC) da Ordem, chamou a aten\u00e7\u00e3o para que a Ordem se abra ao esp\u00edrito de colabora\u00e7\u00e3o e proximidade com aqueles que trabalham pela transforma\u00e7\u00e3o da realidade. \u201cN\u00e3o podemos nos fechar apenas em nossa rea\u00e7\u00e3o frente aos problemas, mas devemos estar juntos, ao lado, com aqueles que os enfrentam\u201d. Frei Jaime apresentou ainda uma s\u00e9rie de desafios que acompanham as diversas crises que est\u00e3o instaladas na sociedade. Partilhou tamb\u00e9m uma s\u00e9rie de iniciativas em que os frades est\u00e3o envolvidos ao redor do mundo.<\/p>\n<p><strong>A CORAGEM DE LAS PADRONAS<\/strong><\/p>\n<p>Na parte da tarde de quarta-feira, houve a partilha de mais duas experi\u00eancias evangelizadoras. O projeto Las Patronas, do M\u00e9xico, que re\u00fane mulheres no trabalho em defesa dos migrantes que passam no trem de carga na Regi\u00e3o de Vera Cruz, em dire\u00e7\u00e3o ao M\u00e9xico. O trabalho foi fundado por Norma Romero V\u00e1squez, habitante da regi\u00e3o que se comoveu com o drama daquelas pessoas que se expunham a um s\u00e9rio risco de vida em busca de uma vida melhor. O trem cargueiro, conhecido como La Bestia, passa na regi\u00e3o repleto de migrantes pendurados. O trabalho destas mulheres \u00e9 entregar comida e \u00e1gua aos migrantes com o trem em alta velocidade, colocando-se em risco.<\/p>\n<p><strong>SEFRAS GANHA DESTAQUE NO CONGRESSO<\/strong><\/p>\n<p>A segunda experi\u00eancia partilhada foi a do Servi\u00e7o Franciscano de Solidariedade, Sefras, da Prov\u00edncia da Imaculada, do Brasil. Frei Jos\u00e9 Francisco e a coordenadora do Servi\u00e7o, Ros\u00e2ngela Pezoti fizeram a apresenta\u00e7\u00e3o do trabalho que tem o reconhecimento da Ordem como uma experi\u00eancia evangelizadora organizada, eficiente e inovadora.<\/p>\n","protected":false},"excerpt":{"rendered":"<p>III Congresso Mission\u00e1rio Franciscano da Am\u00e9rica Latina e do Caribe<\/p>\n","protected":false},"author":1,"featured_media":191153,"comment_status":"open","ping_status":"open","sticky":false,"template":"","format":"standard","meta":[],"categories":[1],"tags":[1467,397],"acf":[],"yoast_head":"<!-- This site is optimized with the Yoast SEO plugin v19.2 - https:\/\/yoast.com\/wordpress\/plugins\/seo\/ -->\n<title>B\u00ean\u00e7\u00e3os do Brasil para a Am\u00e9rica Latina - Not\u00edcias - Franciscanos<\/title>\n<meta name=\"robots\" content=\"index, follow, max-snippet:-1, max-image-preview:large, max-video-preview:-1\" \/>\n<link rel=\"canonical\" href=\"https:\/\/franciscanos.org.br\/noticias\/bencaos-do-brasil-para-a-america-latina.html\" \/>\n<meta property=\"og:locale\" content=\"pt_BR\" \/>\n<meta property=\"og:type\" content=\"article\" \/>\n<meta property=\"og:title\" content=\"B\u00ean\u00e7\u00e3os do Brasil para a Am\u00e9rica Latina - Not\u00edcias - Franciscanos\" \/>\n<meta property=\"og:description\" content=\"III Congresso Mission\u00e1rio Franciscano da Am\u00e9rica Latina e do Caribe\" \/>\n<meta property=\"og:url\" content=\"https:\/\/franciscanos.org.br\/noticias\/bencaos-do-brasil-para-a-america-latina.html\" \/>\n<meta property=\"og:site_name\" content=\"Not\u00edcias - Franciscanos\" \/>\n<meta property=\"article:published_time\" content=\"2018-10-26T10:30:34+00:00\" \/>\n<meta property=\"article:modified_time\" content=\"2020-06-06T21:02:40+00:00\" \/>\n<meta property=\"og:image\" content=\"https:\/\/franciscanos.org.br\/noticias\/wp-content\/uploads\/2018\/10\/congresso_261018.jpg\" \/>\n\t<meta property=\"og:image:width\" content=\"273\" \/>\n\t<meta property=\"og:image:height\" content=\"181\" \/>\n\t<meta property=\"og:image:type\" content=\"image\/jpeg\" \/>\n<meta name=\"author\" content=\"admin\" \/>\n<meta name=\"twitter:card\" content=\"summary_large_image\" \/>\n<meta name=\"twitter:label1\" content=\"Escrito por\" \/>\n\t<meta name=\"twitter:data1\" content=\"admin\" \/>\n\t<meta name=\"twitter:label2\" content=\"Est. tempo de leitura\" \/>\n\t<meta name=\"twitter:data2\" content=\"4 minutos\" \/>\n<script type=\"application\/ld+json\" class=\"yoast-schema-graph\">{\"@context\":\"https:\/\/schema.org\",\"@graph\":[{\"@type\":\"WebSite\",\"@id\":\"https:\/\/franciscanos.org.br\/noticias\/#website\",\"url\":\"https:\/\/franciscanos.org.br\/noticias\/\",\"name\":\"Not\u00edcias - Franciscanos\",\"description\":\"Prov\u00edncia Franciscana da Imaculada Concei\u00e7\u00e3o do Brasil - Ordem dos Frades Menores - OFM\",\"potentialAction\":[{\"@type\":\"SearchAction\",\"target\":{\"@type\":\"EntryPoint\",\"urlTemplate\":\"https:\/\/franciscanos.org.br\/noticias\/?s={search_term_string}\"},\"query-input\":\"required name=search_term_string\"}],\"inLanguage\":\"pt-BR\"},{\"@type\":\"ImageObject\",\"inLanguage\":\"pt-BR\",\"@id\":\"https:\/\/franciscanos.org.br\/noticias\/bencaos-do-brasil-para-a-america-latina.html#primaryimage\",\"url\":\"https:\/\/franciscanos.org.br\/noticias\/wp-content\/uploads\/2018\/10\/congresso_261018.jpg\",\"contentUrl\":\"https:\/\/franciscanos.org.br\/noticias\/wp-content\/uploads\/2018\/10\/congresso_261018.jpg\",\"width\":273,\"height\":181},{\"@type\":\"WebPage\",\"@id\":\"https:\/\/franciscanos.org.br\/noticias\/bencaos-do-brasil-para-a-america-latina.html#webpage\",\"url\":\"https:\/\/franciscanos.org.br\/noticias\/bencaos-do-brasil-para-a-america-latina.html\",\"name\":\"B\u00ean\u00e7\u00e3os do Brasil para a Am\u00e9rica Latina - Not\u00edcias - Franciscanos\",\"isPartOf\":{\"@id\":\"https:\/\/franciscanos.org.br\/noticias\/#website\"},\"primaryImageOfPage\":{\"@id\":\"https:\/\/franciscanos.org.br\/noticias\/bencaos-do-brasil-para-a-america-latina.html#primaryimage\"},\"datePublished\":\"2018-10-26T10:30:34+00:00\",\"dateModified\":\"2020-06-06T21:02:40+00:00\",\"author\":{\"@id\":\"https:\/\/franciscanos.org.br\/noticias\/#\/schema\/person\/b38fbf43118f02820bd932f2e4b14ad3\"},\"breadcrumb\":{\"@id\":\"https:\/\/franciscanos.org.br\/noticias\/bencaos-do-brasil-para-a-america-latina.html#breadcrumb\"},\"inLanguage\":\"pt-BR\",\"potentialAction\":[{\"@type\":\"ReadAction\",\"target\":[\"https:\/\/franciscanos.org.br\/noticias\/bencaos-do-brasil-para-a-america-latina.html\"]}]},{\"@type\":\"BreadcrumbList\",\"@id\":\"https:\/\/franciscanos.org.br\/noticias\/bencaos-do-brasil-para-a-america-latina.html#breadcrumb\",\"itemListElement\":[{\"@type\":\"ListItem\",\"position\":1,\"name\":\"Home\",\"item\":\"https:\/\/franciscanos.org.br\/noticias\"},{\"@type\":\"ListItem\",\"position\":2,\"name\":\"B\u00ean\u00e7\u00e3os do Brasil para a Am\u00e9rica Latina\"}]},{\"@type\":\"Person\",\"@id\":\"https:\/\/franciscanos.org.br\/noticias\/#\/schema\/person\/b38fbf43118f02820bd932f2e4b14ad3\",\"name\":\"admin\",\"image\":{\"@type\":\"ImageObject\",\"inLanguage\":\"pt-BR\",\"@id\":\"https:\/\/franciscanos.org.br\/noticias\/#\/schema\/person\/image\/\",\"url\":\"https:\/\/secure.gravatar.com\/avatar\/e8495742d34d0ba6448ea1c628263b3e?s=96&d=mm&r=g\",\"contentUrl\":\"https:\/\/secure.gravatar.com\/avatar\/e8495742d34d0ba6448ea1c628263b3e?s=96&d=mm&r=g\",\"caption\":\"admin\"},\"url\":\"https:\/\/franciscanos.org.br\/noticias\/author\/admin\"}]}<\/script>\n<!-- \/ Yoast SEO plugin. -->","yoast_head_json":{"title":"B\u00ean\u00e7\u00e3os do Brasil para a Am\u00e9rica Latina - Not\u00edcias - Franciscanos","robots":{"index":"index","follow":"follow","max-snippet":"max-snippet:-1","max-image-preview":"max-image-preview:large","max-video-preview":"max-video-preview:-1"},"canonical":"https:\/\/franciscanos.org.br\/noticias\/bencaos-do-brasil-para-a-america-latina.html","og_locale":"pt_BR","og_type":"article","og_title":"B\u00ean\u00e7\u00e3os do Brasil para a Am\u00e9rica Latina - Not\u00edcias - Franciscanos","og_description":"III Congresso Mission\u00e1rio Franciscano da Am\u00e9rica Latina e do Caribe","og_url":"https:\/\/franciscanos.org.br\/noticias\/bencaos-do-brasil-para-a-america-latina.html","og_site_name":"Not\u00edcias - Franciscanos","article_published_time":"2018-10-26T10:30:34+00:00","article_modified_time":"2020-06-06T21:02:40+00:00","og_image":[{"width":273,"height":181,"url":"https:\/\/franciscanos.org.br\/noticias\/wp-content\/uploads\/2018\/10\/congresso_261018.jpg","type":"image\/jpeg"}],"author":"admin","twitter_card":"summary_large_image","twitter_misc":{"Escrito por":"admin","Est. tempo de leitura":"4 minutos"},"schema":{"@context":"https:\/\/schema.org","@graph":[{"@type":"WebSite","@id":"https:\/\/franciscanos.org.br\/noticias\/#website","url":"https:\/\/franciscanos.org.br\/noticias\/","name":"Not\u00edcias - Franciscanos","description":"Prov\u00edncia Franciscana da Imaculada Concei\u00e7\u00e3o do Brasil - Ordem dos Frades Menores - OFM","potentialAction":[{"@type":"SearchAction","target":{"@type":"EntryPoint","urlTemplate":"https:\/\/franciscanos.org.br\/noticias\/?s={search_term_string}"},"query-input":"required name=search_term_string"}],"inLanguage":"pt-BR"},{"@type":"ImageObject","inLanguage":"pt-BR","@id":"https:\/\/franciscanos.org.br\/noticias\/bencaos-do-brasil-para-a-america-latina.html#primaryimage","url":"https:\/\/franciscanos.org.br\/noticias\/wp-content\/uploads\/2018\/10\/congresso_261018.jpg","contentUrl":"https:\/\/franciscanos.org.br\/noticias\/wp-content\/uploads\/2018\/10\/congresso_261018.jpg","width":273,"height":181},{"@type":"WebPage","@id":"https:\/\/franciscanos.org.br\/noticias\/bencaos-do-brasil-para-a-america-latina.html#webpage","url":"https:\/\/franciscanos.org.br\/noticias\/bencaos-do-brasil-para-a-america-latina.html","name":"B\u00ean\u00e7\u00e3os do Brasil para a Am\u00e9rica Latina - Not\u00edcias - Franciscanos","isPartOf":{"@id":"https:\/\/franciscanos.org.br\/noticias\/#website"},"primaryImageOfPage":{"@id":"https:\/\/franciscanos.org.br\/noticias\/bencaos-do-brasil-para-a-america-latina.html#primaryimage"},"datePublished":"2018-10-26T10:30:34+00:00","dateModified":"2020-06-06T21:02:40+00:00","author":{"@id":"https:\/\/franciscanos.org.br\/noticias\/#\/schema\/person\/b38fbf43118f02820bd932f2e4b14ad3"},"breadcrumb":{"@id":"https:\/\/franciscanos.org.br\/noticias\/bencaos-do-brasil-para-a-america-latina.html#breadcrumb"},"inLanguage":"pt-BR","potentialAction":[{"@type":"ReadAction","target":["https:\/\/franciscanos.org.br\/noticias\/bencaos-do-brasil-para-a-america-latina.html"]}]},{"@type":"BreadcrumbList","@id":"https:\/\/franciscanos.org.br\/noticias\/bencaos-do-brasil-para-a-america-latina.html#breadcrumb","itemListElement":[{"@type":"ListItem","position":1,"name":"Home","item":"https:\/\/franciscanos.org.br\/noticias"},{"@type":"ListItem","position":2,"name":"B\u00ean\u00e7\u00e3os do Brasil para a Am\u00e9rica Latina"}]},{"@type":"Person","@id":"https:\/\/franciscanos.org.br\/noticias\/#\/schema\/person\/b38fbf43118f02820bd932f2e4b14ad3","name":"admin","image":{"@type":"ImageObject","inLanguage":"pt-BR","@id":"https:\/\/franciscanos.org.br\/noticias\/#\/schema\/person\/image\/","url":"https:\/\/secure.gravatar.com\/avatar\/e8495742d34d0ba6448ea1c628263b3e?s=96&d=mm&r=g","contentUrl":"https:\/\/secure.gravatar.com\/avatar\/e8495742d34d0ba6448ea1c628263b3e?s=96&d=mm&r=g","caption":"admin"},"url":"https:\/\/franciscanos.org.br\/noticias\/author\/admin"}]}},"_links":{"self":[{"href":"https:\/\/franciscanos.org.br\/noticias\/wp-json\/wp\/v2\/posts\/187734"}],"collection":[{"href":"https:\/\/franciscanos.org.br\/noticias\/wp-json\/wp\/v2\/posts"}],"about":[{"href":"https:\/\/franciscanos.org.br\/noticias\/wp-json\/wp\/v2\/types\/post"}],"author":[{"embeddable":true,"href":"https:\/\/franciscanos.org.br\/noticias\/wp-json\/wp\/v2\/users\/1"}],"replies":[{"embeddable":true,"href":"https:\/\/franciscanos.org.br\/noticias\/wp-json\/wp\/v2\/comments?post=187734"}],"version-history":[{"count":1,"href":"https:\/\/franciscanos.org.br\/noticias\/wp-json\/wp\/v2\/posts\/187734\/revisions"}],"predecessor-version":[{"id":224724,"href":"https:\/\/franciscanos.org.br\/noticias\/wp-json\/wp\/v2\/posts\/187734\/revisions\/224724"}],"wp:featuredmedia":[{"embeddable":true,"href":"https:\/\/franciscanos.org.br\/noticias\/wp-json\/wp\/v2\/media\/191153"}],"wp:attachment":[{"href":"https:\/\/franciscanos.org.br\/noticias\/wp-json\/wp\/v2\/media?parent=187734"}],"wp:term":[{"taxonomy":"category","embeddable":true,"href":"https:\/\/franciscanos.org.br\/noticias\/wp-json\/wp\/v2\/categories?post=187734"},{"taxonomy":"post_tag","embeddable":true,"href":"https:\/\/franciscanos.org.br\/noticias\/wp-json\/wp\/v2\/tags?post=187734"}],"curies":[{"name":"wp","href":"https:\/\/api.w.org\/{rel}","templated":true}]}}