{"id":187732,"date":"2018-10-25T17:15:00","date_gmt":"2018-10-25T20:15:00","guid":{"rendered":"http:\/\/franciscanos.org.br\/?p=175494"},"modified":"2018-11-23T15:34:38","modified_gmt":"2018-11-23T17:34:38","slug":"dia-de-frei-galvao-no-seminario-frei-galvao","status":"publish","type":"post","link":"https:\/\/franciscanos.org.br\/noticias\/dia-de-frei-galvao-no-seminario-frei-galvao.html","title":{"rendered":"Semin\u00e1rio Frei Galv\u00e3o faz festa para o Padroeiro"},"content":{"rendered":"<p><img loading=\"lazy\" class=\"size-full wp-image-191157 aligncenter\" src=\"https:\/\/franciscanos.org.br\/noticias\/wp-content\/uploads\/2018\/10\/galvao_251018_2.jpg\" alt=\"\" width=\"830\" height=\"483\" srcset=\"https:\/\/franciscanos.org.br\/noticias\/wp-content\/uploads\/2018\/10\/galvao_251018_2.jpg 830w, https:\/\/franciscanos.org.br\/noticias\/wp-content\/uploads\/2018\/10\/galvao_251018_2-450x262.jpg 450w, https:\/\/franciscanos.org.br\/noticias\/wp-content\/uploads\/2018\/10\/galvao_251018_2-768x447.jpg 768w, https:\/\/franciscanos.org.br\/noticias\/wp-content\/uploads\/2018\/10\/galvao_251018_2-150x87.jpg 150w\" sizes=\"(max-width: 830px) 100vw, 830px\" \/>Na manh\u00e3 do dia 25 de outubro, frades, postulantes e comunidade celebraram a mem\u00f3ria deste homem nascido em Guaratinguet\u00e1, lembrado at\u00e9 hoje pelo povo por sua disponibilidade, promo\u00e7\u00e3o da paz e caridade; Santo Ant\u00f4nio de Santana Galv\u00e3o, conhecido mais popularmente como Frei Galv\u00e3o.<\/p>\n<p>A missa com a comunidade iniciou as celebra\u00e7\u00f5es. Frei Claudino em sua homilia disse que Frei Galv\u00e3o era, a exemplo do Evangelho, um homem manso e humilde que levava a paz consigo onde quer que fosse. Lembrou tamb\u00e9m que em 25 de outubro de 1998, por ocasi\u00e3o da beatifica\u00e7\u00e3o do santo, o Santo Jo\u00e3o Paulo II cunhou a express\u00e3o que caracteriza sua vida a servi\u00e7o do Evangelho: \u201cHomem da Paz e da Caridade \u2013 a do\u00e7ura de Deus\u201d e sugeriu que todos os presentes se pusessem a serem frutos de caridade e promotores da verdadeira paz.<\/p>\n<p>Ap\u00f3s a missa houve a abertura e b\u00ean\u00e7\u00e3o da Exposi\u00e7\u00e3o Franciscana de Pres\u00e9pios. Todos os anos s\u00e3o trazidos pres\u00e9pios novos para a ocasi\u00e3o do dia de Frei Galv\u00e3o. Os pres\u00e9pios, vindos de diversos pa\u00edses, e o espa\u00e7o da exposi\u00e7\u00e3o foram organizados por Frei R\u00f3ger Brunorio do convento Santo Ant\u00f4nio do Rio de Janeiro. Esse ano a exposi\u00e7\u00e3o recebeu o tema: \u201cOntem nasceu na Gruta de Bel\u00e9m, Hoje na Gruta de seu cora\u00e7\u00e3o\u201d. Segundo o idealizador da exposi\u00e7\u00e3o, frei R\u00f3ger, todos os cen\u00e1rios procuraram expressar alguma interpela\u00e7\u00e3o em formato de Gruta. Chamou a aten\u00e7\u00e3o das pessoas que visitaram a exposi\u00e7\u00e3o a montagem do pres\u00e9pio com miniaturas de diversos pa\u00edses em gavetas de dimens\u00f5es variadas. A ideia de revirar as gavetas, abrir e fech\u00e1-las faz pensar naquilo que est\u00e1 posto, por vezes esquecido, outras vezes t\u00e3o importante e por isso, guardado numa gaveta especial. \u00c9 assim com o menino Jesus que deve ficar sempre bem guardado. Esta exposi\u00e7\u00e3o ficar\u00e1 aberta para visita\u00e7\u00e3o at\u00e9 outubro de 2019.<\/p>\n<p>Tamb\u00e9m houve o lan\u00e7amento do livro \u201cSementeira de Deus\u201d escrito por Frei Walter Hugo de Almeida que relata a hist\u00f3ria do semin\u00e1rio franciscano Frei Galv\u00e3o em comemora\u00e7\u00e3o dos seus 75 anos de funda\u00e7\u00e3o, comemorado ainda ano de 2017. Frei Walter declamou um discurso po\u00e9tico homenageando Frei Galv\u00e3o, o semin\u00e1rio, frades, a comunidade, benfeitores e todos aqueles que passaram pela forma\u00e7\u00e3o no semin\u00e1rio. As pessoas presentes puderem adquirir exemplares do livro e receber o aut\u00f3grafo do autor.<\/p>\n<p>O momento celebrativo foi encerrado atrav\u00e9s de uma fraterna confraterniza\u00e7\u00e3o com a comunidade partilhando um bolo.<\/p>\n<p><strong>Por: Postulante Rodolpho Andreazza e Frei Je\u00e2 Paulo Andrade<\/strong><\/p>\n<p>&nbsp;<\/p>\n","protected":false},"excerpt":{"rendered":"<p>Em Guaratinguet\u00e1<\/p>\n","protected":false},"author":1,"featured_media":191158,"comment_status":"open","ping_status":"open","sticky":false,"template":"","format":"standard","meta":[],"categories":[1],"tags":[313,161,155,421],"acf":[],"yoast_head":"<!-- This site is optimized with the Yoast SEO plugin v19.2 - https:\/\/yoast.com\/wordpress\/plugins\/seo\/ -->\n<title>Semin\u00e1rio Frei Galv\u00e3o faz festa para o Padroeiro - Not\u00edcias - Franciscanos<\/title>\n<meta name=\"robots\" content=\"index, follow, max-snippet:-1, max-image-preview:large, max-video-preview:-1\" \/>\n<link rel=\"canonical\" href=\"https:\/\/franciscanos.org.br\/noticias\/dia-de-frei-galvao-no-seminario-frei-galvao.html\" \/>\n<meta property=\"og:locale\" content=\"pt_BR\" \/>\n<meta property=\"og:type\" content=\"article\" \/>\n<meta property=\"og:title\" content=\"Semin\u00e1rio Frei Galv\u00e3o faz festa para o Padroeiro - Not\u00edcias - Franciscanos\" \/>\n<meta property=\"og:description\" content=\"Em Guaratinguet\u00e1\" \/>\n<meta property=\"og:url\" content=\"https:\/\/franciscanos.org.br\/noticias\/dia-de-frei-galvao-no-seminario-frei-galvao.html\" \/>\n<meta property=\"og:site_name\" content=\"Not\u00edcias - Franciscanos\" \/>\n<meta property=\"article:published_time\" content=\"2018-10-25T20:15:00+00:00\" \/>\n<meta property=\"article:modified_time\" content=\"2018-11-23T17:34:38+00:00\" \/>\n<meta property=\"og:image\" content=\"https:\/\/franciscanos.org.br\/noticias\/wp-content\/uploads\/2018\/10\/galvao_251018_3-1.jpg\" \/>\n\t<meta property=\"og:image:width\" content=\"273\" \/>\n\t<meta property=\"og:image:height\" content=\"181\" \/>\n\t<meta property=\"og:image:type\" content=\"image\/jpeg\" \/>\n<meta name=\"author\" content=\"admin\" \/>\n<meta name=\"twitter:card\" content=\"summary_large_image\" \/>\n<meta name=\"twitter:label1\" content=\"Escrito por\" \/>\n\t<meta name=\"twitter:data1\" content=\"admin\" \/>\n\t<meta name=\"twitter:label2\" content=\"Est. tempo de leitura\" \/>\n\t<meta name=\"twitter:data2\" content=\"2 minutos\" \/>\n<script type=\"application\/ld+json\" class=\"yoast-schema-graph\">{\"@context\":\"https:\/\/schema.org\",\"@graph\":[{\"@type\":\"WebSite\",\"@id\":\"https:\/\/franciscanos.org.br\/noticias\/#website\",\"url\":\"https:\/\/franciscanos.org.br\/noticias\/\",\"name\":\"Not\u00edcias - Franciscanos\",\"description\":\"Prov\u00edncia Franciscana da Imaculada Concei\u00e7\u00e3o do Brasil - Ordem dos Frades Menores - OFM\",\"potentialAction\":[{\"@type\":\"SearchAction\",\"target\":{\"@type\":\"EntryPoint\",\"urlTemplate\":\"https:\/\/franciscanos.org.br\/noticias\/?s={search_term_string}\"},\"query-input\":\"required name=search_term_string\"}],\"inLanguage\":\"pt-BR\"},{\"@type\":\"ImageObject\",\"inLanguage\":\"pt-BR\",\"@id\":\"https:\/\/franciscanos.org.br\/noticias\/dia-de-frei-galvao-no-seminario-frei-galvao.html#primaryimage\",\"url\":\"https:\/\/franciscanos.org.br\/noticias\/wp-content\/uploads\/2018\/10\/galvao_251018_3-1.jpg\",\"contentUrl\":\"https:\/\/franciscanos.org.br\/noticias\/wp-content\/uploads\/2018\/10\/galvao_251018_3-1.jpg\",\"width\":273,\"height\":181},{\"@type\":\"WebPage\",\"@id\":\"https:\/\/franciscanos.org.br\/noticias\/dia-de-frei-galvao-no-seminario-frei-galvao.html#webpage\",\"url\":\"https:\/\/franciscanos.org.br\/noticias\/dia-de-frei-galvao-no-seminario-frei-galvao.html\",\"name\":\"Semin\u00e1rio Frei Galv\u00e3o faz festa para o Padroeiro - Not\u00edcias - Franciscanos\",\"isPartOf\":{\"@id\":\"https:\/\/franciscanos.org.br\/noticias\/#website\"},\"primaryImageOfPage\":{\"@id\":\"https:\/\/franciscanos.org.br\/noticias\/dia-de-frei-galvao-no-seminario-frei-galvao.html#primaryimage\"},\"datePublished\":\"2018-10-25T20:15:00+00:00\",\"dateModified\":\"2018-11-23T17:34:38+00:00\",\"author\":{\"@id\":\"https:\/\/franciscanos.org.br\/noticias\/#\/schema\/person\/b38fbf43118f02820bd932f2e4b14ad3\"},\"breadcrumb\":{\"@id\":\"https:\/\/franciscanos.org.br\/noticias\/dia-de-frei-galvao-no-seminario-frei-galvao.html#breadcrumb\"},\"inLanguage\":\"pt-BR\",\"potentialAction\":[{\"@type\":\"ReadAction\",\"target\":[\"https:\/\/franciscanos.org.br\/noticias\/dia-de-frei-galvao-no-seminario-frei-galvao.html\"]}]},{\"@type\":\"BreadcrumbList\",\"@id\":\"https:\/\/franciscanos.org.br\/noticias\/dia-de-frei-galvao-no-seminario-frei-galvao.html#breadcrumb\",\"itemListElement\":[{\"@type\":\"ListItem\",\"position\":1,\"name\":\"Home\",\"item\":\"https:\/\/franciscanos.org.br\/noticias\"},{\"@type\":\"ListItem\",\"position\":2,\"name\":\"Semin\u00e1rio Frei Galv\u00e3o faz festa para o Padroeiro\"}]},{\"@type\":\"Person\",\"@id\":\"https:\/\/franciscanos.org.br\/noticias\/#\/schema\/person\/b38fbf43118f02820bd932f2e4b14ad3\",\"name\":\"admin\",\"image\":{\"@type\":\"ImageObject\",\"inLanguage\":\"pt-BR\",\"@id\":\"https:\/\/franciscanos.org.br\/noticias\/#\/schema\/person\/image\/\",\"url\":\"https:\/\/secure.gravatar.com\/avatar\/e8495742d34d0ba6448ea1c628263b3e?s=96&d=mm&r=g\",\"contentUrl\":\"https:\/\/secure.gravatar.com\/avatar\/e8495742d34d0ba6448ea1c628263b3e?s=96&d=mm&r=g\",\"caption\":\"admin\"},\"url\":\"https:\/\/franciscanos.org.br\/noticias\/author\/admin\"}]}<\/script>\n<!-- \/ Yoast SEO plugin. -->","yoast_head_json":{"title":"Semin\u00e1rio Frei Galv\u00e3o faz festa para o Padroeiro - Not\u00edcias - Franciscanos","robots":{"index":"index","follow":"follow","max-snippet":"max-snippet:-1","max-image-preview":"max-image-preview:large","max-video-preview":"max-video-preview:-1"},"canonical":"https:\/\/franciscanos.org.br\/noticias\/dia-de-frei-galvao-no-seminario-frei-galvao.html","og_locale":"pt_BR","og_type":"article","og_title":"Semin\u00e1rio Frei Galv\u00e3o faz festa para o Padroeiro - Not\u00edcias - Franciscanos","og_description":"Em Guaratinguet\u00e1","og_url":"https:\/\/franciscanos.org.br\/noticias\/dia-de-frei-galvao-no-seminario-frei-galvao.html","og_site_name":"Not\u00edcias - Franciscanos","article_published_time":"2018-10-25T20:15:00+00:00","article_modified_time":"2018-11-23T17:34:38+00:00","og_image":[{"width":273,"height":181,"url":"https:\/\/franciscanos.org.br\/noticias\/wp-content\/uploads\/2018\/10\/galvao_251018_3-1.jpg","type":"image\/jpeg"}],"author":"admin","twitter_card":"summary_large_image","twitter_misc":{"Escrito por":"admin","Est. tempo de leitura":"2 minutos"},"schema":{"@context":"https:\/\/schema.org","@graph":[{"@type":"WebSite","@id":"https:\/\/franciscanos.org.br\/noticias\/#website","url":"https:\/\/franciscanos.org.br\/noticias\/","name":"Not\u00edcias - Franciscanos","description":"Prov\u00edncia Franciscana da Imaculada Concei\u00e7\u00e3o do Brasil - Ordem dos Frades Menores - OFM","potentialAction":[{"@type":"SearchAction","target":{"@type":"EntryPoint","urlTemplate":"https:\/\/franciscanos.org.br\/noticias\/?s={search_term_string}"},"query-input":"required name=search_term_string"}],"inLanguage":"pt-BR"},{"@type":"ImageObject","inLanguage":"pt-BR","@id":"https:\/\/franciscanos.org.br\/noticias\/dia-de-frei-galvao-no-seminario-frei-galvao.html#primaryimage","url":"https:\/\/franciscanos.org.br\/noticias\/wp-content\/uploads\/2018\/10\/galvao_251018_3-1.jpg","contentUrl":"https:\/\/franciscanos.org.br\/noticias\/wp-content\/uploads\/2018\/10\/galvao_251018_3-1.jpg","width":273,"height":181},{"@type":"WebPage","@id":"https:\/\/franciscanos.org.br\/noticias\/dia-de-frei-galvao-no-seminario-frei-galvao.html#webpage","url":"https:\/\/franciscanos.org.br\/noticias\/dia-de-frei-galvao-no-seminario-frei-galvao.html","name":"Semin\u00e1rio Frei Galv\u00e3o faz festa para o Padroeiro - Not\u00edcias - Franciscanos","isPartOf":{"@id":"https:\/\/franciscanos.org.br\/noticias\/#website"},"primaryImageOfPage":{"@id":"https:\/\/franciscanos.org.br\/noticias\/dia-de-frei-galvao-no-seminario-frei-galvao.html#primaryimage"},"datePublished":"2018-10-25T20:15:00+00:00","dateModified":"2018-11-23T17:34:38+00:00","author":{"@id":"https:\/\/franciscanos.org.br\/noticias\/#\/schema\/person\/b38fbf43118f02820bd932f2e4b14ad3"},"breadcrumb":{"@id":"https:\/\/franciscanos.org.br\/noticias\/dia-de-frei-galvao-no-seminario-frei-galvao.html#breadcrumb"},"inLanguage":"pt-BR","potentialAction":[{"@type":"ReadAction","target":["https:\/\/franciscanos.org.br\/noticias\/dia-de-frei-galvao-no-seminario-frei-galvao.html"]}]},{"@type":"BreadcrumbList","@id":"https:\/\/franciscanos.org.br\/noticias\/dia-de-frei-galvao-no-seminario-frei-galvao.html#breadcrumb","itemListElement":[{"@type":"ListItem","position":1,"name":"Home","item":"https:\/\/franciscanos.org.br\/noticias"},{"@type":"ListItem","position":2,"name":"Semin\u00e1rio Frei Galv\u00e3o faz festa para o Padroeiro"}]},{"@type":"Person","@id":"https:\/\/franciscanos.org.br\/noticias\/#\/schema\/person\/b38fbf43118f02820bd932f2e4b14ad3","name":"admin","image":{"@type":"ImageObject","inLanguage":"pt-BR","@id":"https:\/\/franciscanos.org.br\/noticias\/#\/schema\/person\/image\/","url":"https:\/\/secure.gravatar.com\/avatar\/e8495742d34d0ba6448ea1c628263b3e?s=96&d=mm&r=g","contentUrl":"https:\/\/secure.gravatar.com\/avatar\/e8495742d34d0ba6448ea1c628263b3e?s=96&d=mm&r=g","caption":"admin"},"url":"https:\/\/franciscanos.org.br\/noticias\/author\/admin"}]}},"_links":{"self":[{"href":"https:\/\/franciscanos.org.br\/noticias\/wp-json\/wp\/v2\/posts\/187732"}],"collection":[{"href":"https:\/\/franciscanos.org.br\/noticias\/wp-json\/wp\/v2\/posts"}],"about":[{"href":"https:\/\/franciscanos.org.br\/noticias\/wp-json\/wp\/v2\/types\/post"}],"author":[{"embeddable":true,"href":"https:\/\/franciscanos.org.br\/noticias\/wp-json\/wp\/v2\/users\/1"}],"replies":[{"embeddable":true,"href":"https:\/\/franciscanos.org.br\/noticias\/wp-json\/wp\/v2\/comments?post=187732"}],"version-history":[{"count":0,"href":"https:\/\/franciscanos.org.br\/noticias\/wp-json\/wp\/v2\/posts\/187732\/revisions"}],"wp:featuredmedia":[{"embeddable":true,"href":"https:\/\/franciscanos.org.br\/noticias\/wp-json\/wp\/v2\/media\/191158"}],"wp:attachment":[{"href":"https:\/\/franciscanos.org.br\/noticias\/wp-json\/wp\/v2\/media?parent=187732"}],"wp:term":[{"taxonomy":"category","embeddable":true,"href":"https:\/\/franciscanos.org.br\/noticias\/wp-json\/wp\/v2\/categories?post=187732"},{"taxonomy":"post_tag","embeddable":true,"href":"https:\/\/franciscanos.org.br\/noticias\/wp-json\/wp\/v2\/tags?post=187732"}],"curies":[{"name":"wp","href":"https:\/\/api.w.org\/{rel}","templated":true}]}}