{"id":187728,"date":"2018-10-25T07:56:46","date_gmt":"2018-10-25T10:56:46","guid":{"rendered":"http:\/\/franciscanos.org.br\/?p=175379"},"modified":"2020-06-06T18:05:56","modified_gmt":"2020-06-06T21:05:56","slug":"reconhecer-se-pecador-e-rezar-os-dois-passos-para-conhecer-jesus","status":"publish","type":"post","link":"https:\/\/franciscanos.org.br\/noticias\/reconhecer-se-pecador-e-rezar-os-dois-passos-para-conhecer-jesus.html","title":{"rendered":"Reconhecer-se pecador e rezar para conhecer Jesus"},"content":{"rendered":"<p><img loading=\"lazy\" class=\"alignleft\" src=\"http:\/\/franciscanos.org.br\/wp-content\/uploads\/2018\/10\/marta_251018.jpg\" alt=\"marta_251018\" width=\"820\" height=\"461\" \/><\/p>\n<p><strong>Cidade do Vaticano<\/strong> &#8211; Quem \u00e9 Jesus Cristo para voc\u00ea? Fo a pergunta que o Papa Francisco fez na manh\u00e3 de quinta-feira (25\/10), na homilia da missa celebrada na Casa Santa Marta. Se algu\u00e9m nos perguntar \u201cquem \u00e9 Jesus Cristo\u201d, n\u00f3s diremos aquilo que aprendemos. \u00c9 o Salvador do mundo, o Filho do Pai, aquilo que \u201crecitamos no Credo\u201d. Mas mais dif\u00edcil, afirmou o Papa, \u00e9 responder \u00e0 pergunta sobre quem \u00e9 Jesus Cristo \u201cpara mim\u201d. \u00c9 uma pergunta que nos coloca em dificuldade, porque para responder \u201ctenho que chegar ao meu cora\u00e7\u00e3o\u201d, isto \u00e9, partir da experi\u00eancia.<\/p>\n<p>S\u00e3o Paulo, de fato, tem justamente a inquieta\u00e7\u00e3o de transmitir que ele conheceu Jesus Cristo atrav\u00e9s da sua experi\u00eancia, quando ele caiu do cavalo, quando o Senhor lhe falou ao cora\u00e7\u00e3o. N\u00e3o conheceu Cristo a partir dos &#8220;estudos teol\u00f3gicos\u201d mesmo que, depois, \u201cfoi verificar\u201d como Jesus era anunciado na Escritura.<\/p>\n<p>Aquilo que ele sentiu, Paulo quer que n\u00f3s crist\u00e3os sintamos. \u00c0 pergunta que n\u00f3s podemos fazer para Paulo: \u201cPaulo, quem \u00e9 Cristo para voc\u00ea?\u201d, ele dir\u00e1 a pr\u00f3pria experi\u00eancia, simples: \u201cEle me amou e se entregou por mim\u201d. Mas ele est\u00e1 envolvido com Cristo, que pagou por ele. Esta experi\u00eancia, Paulo quer que os crist\u00e3os \u2013 neste caso os crist\u00e3os de \u00c9feso \u2013 vivam, entrem nesta experi\u00eancia a ponto que cada um possa dizer: \u201cEle me amou e se entregou por mim\u201d, mas diz\u00ea-lo com a pr\u00f3pria experi\u00eancia.<\/p>\n<p>A Primeira Leitura de hoje, de fato, \u00e9 extra\u00edda da Carta de Paulo aos Ef\u00e9sios (Ef 3,14-21), na qual o Ap\u00f3stolo diz: \u201cenraizados e fundados no amor. Tereis assim a capacidade de compreender qual a largura, o comprimento, a altura, a profundidade, e conhecer o amor de Cristo que ultrapassa todo conhecimento, porque repletos de toda a plenitude de Deus\u201d.<\/p>\n<p>E para chegar \u00e0 experi\u00eancia que S\u00e3o Paulo teve com Jesus, o Papa destacou que recitar muitas vezes o Credo ajuda, mas o melhor caminho \u00e9 reconhecer-se pecador: \u00e9 o primeiro passo. Quando, de fato, Paulo diz que Jesus se entregou por ele, quer dizer que pagou por ele e conta isso em suas Cartas. A primeira defini\u00e7\u00e3o de si mesmo \u00e9, portanto, ser um pecador, dizendo que perseguiu os crist\u00e3os, e parte justamente do ser \u201cescolhido por amor, mas pecador\u201d. \u201cO primeiro passo para o conhecimento de Cristo, para entrar neste mist\u00e9rio \u2013 reiterou o Papa &#8211; \u00e9 o conhecimento do pr\u00f3prio pecado, dos pr\u00f3prios pecados\u201d.<\/p>\n<p>Francisco ressaltou que no sacramento da Reconcilia\u00e7\u00e3o \u201cn\u00f3s dizemos os nossos pecados\u201d, mas \u201cuma coisa \u00e9 dizer os pecados\u201d, outra \u00e9 reconhecer-se pecadores por natureza, \u201ccapazes de fazer qualquer coisa\u201d, \u201creconhecer-se uma sujeira\u201d. S\u00e3o Paulo, reiterou o Papa, fez esta experi\u00eancia a partir da pr\u00f3pria mis\u00e9ria, \u201cque tem necessidade de reden\u00e7\u00e3o\u201d, de algu\u00e9m que pague o direito de se dizer filho de Deus\u2019\u201d: \u201ctodos n\u00f3s o somos, mas diz\u00ea-lo, ouvi-lo, era necess\u00e1rio o sacrif\u00edcio de Cristo\u201d. Portanto, reconhecer-se pecadores concretamente, envergonhando-se de si mesmos.<\/p>\n<p>Depois tem um segundo passo para conhecer Jesus: o da contempla\u00e7\u00e3o, da ora\u00e7\u00e3o que pede para conhecer Jesus: \u201cH\u00e1 uma bela ora\u00e7\u00e3o de um Santo: \u2018Senhor, que eu te conhe\u00e7a e me conhe\u00e7a\u2019: conhecer a si mesmo e conhecer Jesus\u201d, recorda ainda Francisco.\u00a0Aqui acontece esta rela\u00e7\u00e3o de salva\u00e7\u00e3o \u2013 ressalta o Papa &#8211; exortando tamb\u00e9m a \u201cn\u00e3o se contentar em dizer tr\u00eas, quatro palavras corretas sobre Jesus\u201d porque, ao inv\u00e9s disso, \u201cconhecer Jesus \u00e9 uma aventura, mas uma aventura levada a s\u00e9rio, n\u00e3o uma aventura de adolescente\u201d, porque o amor de Jesus \u00e9 sem limites:<\/p>\n<p>O pr\u00f3prio Paulo diz isso: &#8220;Ele tem todo o poder para fazer muito mais do que podemos pedir ou pensar. Ele tem o poder de fazer isso. Mas n\u00f3s temos que pedir isso. &#8220;Senhor, que eu Te conhe\u00e7a; que quando eu falar de Ti, diga n\u00e3o palavras de papagaio, diga palavras nascidas na minha experi\u00eancia. E como Paulo possa dizer: &#8220;Me amou e se entregou por mim&#8221;, e dizer isso com convic\u00e7\u00e3o&#8221;. Essa \u00e9 a nossa for\u00e7a, porque esse \u00e9 o nosso testemunho. Crist\u00e3os de palavras, temos muitos; tamb\u00e9m n\u00f3s muitas vezes o somos. Esta n\u00e3o \u00e9 a santidade; santidade \u00e9 ser crist\u00e3os que fazem na vida o que Jesus ensinou e o que Jesus semeou no cora\u00e7\u00e3o.<\/p>\n<p>Ao concluir, o Papa Francisco reitera os dois passos para conhecer Jesus Cristo: Primeiro passo, conhecer a si mesmo: pecadores; pecadores. Sem esse conhecimento e tamb\u00e9m sem essa confiss\u00e3o interior, que eu sou pecador, n\u00e3o podemos seguir em frente. Segundo passo, a ora\u00e7\u00e3o ao Senhor, que com o seu poder nos faz conhecer este mist\u00e9rio de Jesus que \u00e9 o fogo que Ele trouxe \u00e0 Terra. Ser\u00e1 um bom h\u00e1bito se todos os dias, em algum momento, pud\u00e9ssemos dizer: &#8220;Senhor, que eu te conhe\u00e7a e me conhe\u00e7a&#8221;. E assim seguir em frente.<\/p>\n<hr \/>\n<p><em>Fonte: Vatican News<\/em><\/p>\n","protected":false},"excerpt":{"rendered":"<p>Missa em Santa Marta<\/p>\n","protected":false},"author":1,"featured_media":191182,"comment_status":"open","ping_status":"open","sticky":false,"template":"","format":"standard","meta":[],"categories":[1428],"tags":[1586],"acf":[],"yoast_head":"<!-- This site is optimized with the Yoast SEO plugin v19.2 - https:\/\/yoast.com\/wordpress\/plugins\/seo\/ -->\n<title>Reconhecer-se pecador e rezar para conhecer Jesus - Not\u00edcias - Franciscanos<\/title>\n<meta name=\"robots\" content=\"index, follow, max-snippet:-1, max-image-preview:large, max-video-preview:-1\" \/>\n<link rel=\"canonical\" href=\"https:\/\/franciscanos.org.br\/noticias\/reconhecer-se-pecador-e-rezar-os-dois-passos-para-conhecer-jesus.html\" \/>\n<meta property=\"og:locale\" content=\"pt_BR\" \/>\n<meta property=\"og:type\" content=\"article\" \/>\n<meta property=\"og:title\" content=\"Reconhecer-se pecador e rezar para conhecer Jesus - Not\u00edcias - Franciscanos\" \/>\n<meta property=\"og:description\" content=\"Missa em Santa Marta\" \/>\n<meta property=\"og:url\" content=\"https:\/\/franciscanos.org.br\/noticias\/reconhecer-se-pecador-e-rezar-os-dois-passos-para-conhecer-jesus.html\" \/>\n<meta property=\"og:site_name\" content=\"Not\u00edcias - Franciscanos\" \/>\n<meta property=\"article:published_time\" content=\"2018-10-25T10:56:46+00:00\" \/>\n<meta property=\"article:modified_time\" content=\"2020-06-06T21:05:56+00:00\" \/>\n<meta property=\"og:image\" content=\"https:\/\/franciscanos.org.br\/noticias\/wp-content\/uploads\/2018\/10\/marta_251018.jpg\" \/>\n\t<meta property=\"og:image:width\" content=\"273\" \/>\n\t<meta property=\"og:image:height\" content=\"181\" \/>\n\t<meta property=\"og:image:type\" content=\"image\/jpeg\" \/>\n<meta name=\"author\" content=\"admin\" \/>\n<meta name=\"twitter:card\" content=\"summary_large_image\" \/>\n<meta name=\"twitter:label1\" content=\"Escrito por\" \/>\n\t<meta name=\"twitter:data1\" content=\"admin\" \/>\n\t<meta name=\"twitter:label2\" content=\"Est. tempo de leitura\" \/>\n\t<meta name=\"twitter:data2\" content=\"4 minutos\" \/>\n<script type=\"application\/ld+json\" class=\"yoast-schema-graph\">{\"@context\":\"https:\/\/schema.org\",\"@graph\":[{\"@type\":\"WebSite\",\"@id\":\"https:\/\/franciscanos.org.br\/noticias\/#website\",\"url\":\"https:\/\/franciscanos.org.br\/noticias\/\",\"name\":\"Not\u00edcias - Franciscanos\",\"description\":\"Prov\u00edncia Franciscana da Imaculada Concei\u00e7\u00e3o do Brasil - Ordem dos Frades Menores - OFM\",\"potentialAction\":[{\"@type\":\"SearchAction\",\"target\":{\"@type\":\"EntryPoint\",\"urlTemplate\":\"https:\/\/franciscanos.org.br\/noticias\/?s={search_term_string}\"},\"query-input\":\"required name=search_term_string\"}],\"inLanguage\":\"pt-BR\"},{\"@type\":\"ImageObject\",\"inLanguage\":\"pt-BR\",\"@id\":\"https:\/\/franciscanos.org.br\/noticias\/reconhecer-se-pecador-e-rezar-os-dois-passos-para-conhecer-jesus.html#primaryimage\",\"url\":\"https:\/\/franciscanos.org.br\/noticias\/wp-content\/uploads\/2018\/10\/marta_251018.jpg\",\"contentUrl\":\"https:\/\/franciscanos.org.br\/noticias\/wp-content\/uploads\/2018\/10\/marta_251018.jpg\",\"width\":273,\"height\":181},{\"@type\":\"WebPage\",\"@id\":\"https:\/\/franciscanos.org.br\/noticias\/reconhecer-se-pecador-e-rezar-os-dois-passos-para-conhecer-jesus.html#webpage\",\"url\":\"https:\/\/franciscanos.org.br\/noticias\/reconhecer-se-pecador-e-rezar-os-dois-passos-para-conhecer-jesus.html\",\"name\":\"Reconhecer-se pecador e rezar para conhecer Jesus - Not\u00edcias - Franciscanos\",\"isPartOf\":{\"@id\":\"https:\/\/franciscanos.org.br\/noticias\/#website\"},\"primaryImageOfPage\":{\"@id\":\"https:\/\/franciscanos.org.br\/noticias\/reconhecer-se-pecador-e-rezar-os-dois-passos-para-conhecer-jesus.html#primaryimage\"},\"datePublished\":\"2018-10-25T10:56:46+00:00\",\"dateModified\":\"2020-06-06T21:05:56+00:00\",\"author\":{\"@id\":\"https:\/\/franciscanos.org.br\/noticias\/#\/schema\/person\/b38fbf43118f02820bd932f2e4b14ad3\"},\"breadcrumb\":{\"@id\":\"https:\/\/franciscanos.org.br\/noticias\/reconhecer-se-pecador-e-rezar-os-dois-passos-para-conhecer-jesus.html#breadcrumb\"},\"inLanguage\":\"pt-BR\",\"potentialAction\":[{\"@type\":\"ReadAction\",\"target\":[\"https:\/\/franciscanos.org.br\/noticias\/reconhecer-se-pecador-e-rezar-os-dois-passos-para-conhecer-jesus.html\"]}]},{\"@type\":\"BreadcrumbList\",\"@id\":\"https:\/\/franciscanos.org.br\/noticias\/reconhecer-se-pecador-e-rezar-os-dois-passos-para-conhecer-jesus.html#breadcrumb\",\"itemListElement\":[{\"@type\":\"ListItem\",\"position\":1,\"name\":\"Home\",\"item\":\"https:\/\/franciscanos.org.br\/noticias\"},{\"@type\":\"ListItem\",\"position\":2,\"name\":\"Reconhecer-se pecador e rezar para conhecer Jesus\"}]},{\"@type\":\"Person\",\"@id\":\"https:\/\/franciscanos.org.br\/noticias\/#\/schema\/person\/b38fbf43118f02820bd932f2e4b14ad3\",\"name\":\"admin\",\"image\":{\"@type\":\"ImageObject\",\"inLanguage\":\"pt-BR\",\"@id\":\"https:\/\/franciscanos.org.br\/noticias\/#\/schema\/person\/image\/\",\"url\":\"https:\/\/secure.gravatar.com\/avatar\/e8495742d34d0ba6448ea1c628263b3e?s=96&d=mm&r=g\",\"contentUrl\":\"https:\/\/secure.gravatar.com\/avatar\/e8495742d34d0ba6448ea1c628263b3e?s=96&d=mm&r=g\",\"caption\":\"admin\"},\"url\":\"https:\/\/franciscanos.org.br\/noticias\/author\/admin\"}]}<\/script>\n<!-- \/ Yoast SEO plugin. -->","yoast_head_json":{"title":"Reconhecer-se pecador e rezar para conhecer Jesus - Not\u00edcias - Franciscanos","robots":{"index":"index","follow":"follow","max-snippet":"max-snippet:-1","max-image-preview":"max-image-preview:large","max-video-preview":"max-video-preview:-1"},"canonical":"https:\/\/franciscanos.org.br\/noticias\/reconhecer-se-pecador-e-rezar-os-dois-passos-para-conhecer-jesus.html","og_locale":"pt_BR","og_type":"article","og_title":"Reconhecer-se pecador e rezar para conhecer Jesus - Not\u00edcias - Franciscanos","og_description":"Missa em Santa Marta","og_url":"https:\/\/franciscanos.org.br\/noticias\/reconhecer-se-pecador-e-rezar-os-dois-passos-para-conhecer-jesus.html","og_site_name":"Not\u00edcias - Franciscanos","article_published_time":"2018-10-25T10:56:46+00:00","article_modified_time":"2020-06-06T21:05:56+00:00","og_image":[{"width":273,"height":181,"url":"https:\/\/franciscanos.org.br\/noticias\/wp-content\/uploads\/2018\/10\/marta_251018.jpg","type":"image\/jpeg"}],"author":"admin","twitter_card":"summary_large_image","twitter_misc":{"Escrito por":"admin","Est. tempo de leitura":"4 minutos"},"schema":{"@context":"https:\/\/schema.org","@graph":[{"@type":"WebSite","@id":"https:\/\/franciscanos.org.br\/noticias\/#website","url":"https:\/\/franciscanos.org.br\/noticias\/","name":"Not\u00edcias - Franciscanos","description":"Prov\u00edncia Franciscana da Imaculada Concei\u00e7\u00e3o do Brasil - Ordem dos Frades Menores - OFM","potentialAction":[{"@type":"SearchAction","target":{"@type":"EntryPoint","urlTemplate":"https:\/\/franciscanos.org.br\/noticias\/?s={search_term_string}"},"query-input":"required name=search_term_string"}],"inLanguage":"pt-BR"},{"@type":"ImageObject","inLanguage":"pt-BR","@id":"https:\/\/franciscanos.org.br\/noticias\/reconhecer-se-pecador-e-rezar-os-dois-passos-para-conhecer-jesus.html#primaryimage","url":"https:\/\/franciscanos.org.br\/noticias\/wp-content\/uploads\/2018\/10\/marta_251018.jpg","contentUrl":"https:\/\/franciscanos.org.br\/noticias\/wp-content\/uploads\/2018\/10\/marta_251018.jpg","width":273,"height":181},{"@type":"WebPage","@id":"https:\/\/franciscanos.org.br\/noticias\/reconhecer-se-pecador-e-rezar-os-dois-passos-para-conhecer-jesus.html#webpage","url":"https:\/\/franciscanos.org.br\/noticias\/reconhecer-se-pecador-e-rezar-os-dois-passos-para-conhecer-jesus.html","name":"Reconhecer-se pecador e rezar para conhecer Jesus - Not\u00edcias - Franciscanos","isPartOf":{"@id":"https:\/\/franciscanos.org.br\/noticias\/#website"},"primaryImageOfPage":{"@id":"https:\/\/franciscanos.org.br\/noticias\/reconhecer-se-pecador-e-rezar-os-dois-passos-para-conhecer-jesus.html#primaryimage"},"datePublished":"2018-10-25T10:56:46+00:00","dateModified":"2020-06-06T21:05:56+00:00","author":{"@id":"https:\/\/franciscanos.org.br\/noticias\/#\/schema\/person\/b38fbf43118f02820bd932f2e4b14ad3"},"breadcrumb":{"@id":"https:\/\/franciscanos.org.br\/noticias\/reconhecer-se-pecador-e-rezar-os-dois-passos-para-conhecer-jesus.html#breadcrumb"},"inLanguage":"pt-BR","potentialAction":[{"@type":"ReadAction","target":["https:\/\/franciscanos.org.br\/noticias\/reconhecer-se-pecador-e-rezar-os-dois-passos-para-conhecer-jesus.html"]}]},{"@type":"BreadcrumbList","@id":"https:\/\/franciscanos.org.br\/noticias\/reconhecer-se-pecador-e-rezar-os-dois-passos-para-conhecer-jesus.html#breadcrumb","itemListElement":[{"@type":"ListItem","position":1,"name":"Home","item":"https:\/\/franciscanos.org.br\/noticias"},{"@type":"ListItem","position":2,"name":"Reconhecer-se pecador e rezar para conhecer Jesus"}]},{"@type":"Person","@id":"https:\/\/franciscanos.org.br\/noticias\/#\/schema\/person\/b38fbf43118f02820bd932f2e4b14ad3","name":"admin","image":{"@type":"ImageObject","inLanguage":"pt-BR","@id":"https:\/\/franciscanos.org.br\/noticias\/#\/schema\/person\/image\/","url":"https:\/\/secure.gravatar.com\/avatar\/e8495742d34d0ba6448ea1c628263b3e?s=96&d=mm&r=g","contentUrl":"https:\/\/secure.gravatar.com\/avatar\/e8495742d34d0ba6448ea1c628263b3e?s=96&d=mm&r=g","caption":"admin"},"url":"https:\/\/franciscanos.org.br\/noticias\/author\/admin"}]}},"_links":{"self":[{"href":"https:\/\/franciscanos.org.br\/noticias\/wp-json\/wp\/v2\/posts\/187728"}],"collection":[{"href":"https:\/\/franciscanos.org.br\/noticias\/wp-json\/wp\/v2\/posts"}],"about":[{"href":"https:\/\/franciscanos.org.br\/noticias\/wp-json\/wp\/v2\/types\/post"}],"author":[{"embeddable":true,"href":"https:\/\/franciscanos.org.br\/noticias\/wp-json\/wp\/v2\/users\/1"}],"replies":[{"embeddable":true,"href":"https:\/\/franciscanos.org.br\/noticias\/wp-json\/wp\/v2\/comments?post=187728"}],"version-history":[{"count":1,"href":"https:\/\/franciscanos.org.br\/noticias\/wp-json\/wp\/v2\/posts\/187728\/revisions"}],"predecessor-version":[{"id":224727,"href":"https:\/\/franciscanos.org.br\/noticias\/wp-json\/wp\/v2\/posts\/187728\/revisions\/224727"}],"wp:featuredmedia":[{"embeddable":true,"href":"https:\/\/franciscanos.org.br\/noticias\/wp-json\/wp\/v2\/media\/191182"}],"wp:attachment":[{"href":"https:\/\/franciscanos.org.br\/noticias\/wp-json\/wp\/v2\/media?parent=187728"}],"wp:term":[{"taxonomy":"category","embeddable":true,"href":"https:\/\/franciscanos.org.br\/noticias\/wp-json\/wp\/v2\/categories?post=187728"},{"taxonomy":"post_tag","embeddable":true,"href":"https:\/\/franciscanos.org.br\/noticias\/wp-json\/wp\/v2\/tags?post=187728"}],"curies":[{"name":"wp","href":"https:\/\/api.w.org\/{rel}","templated":true}]}}