{"id":187726,"date":"2018-10-24T18:15:32","date_gmt":"2018-10-24T21:15:32","guid":{"rendered":"http:\/\/franciscanos.org.br\/?p=175355"},"modified":"2020-06-06T18:09:28","modified_gmt":"2020-06-06T21:09:28","slug":"o-compromisso-na-defesa-dos-ninguens","status":"publish","type":"post","link":"https:\/\/franciscanos.org.br\/noticias\/o-compromisso-na-defesa-dos-ninguens.html","title":{"rendered":"O compromisso na defesa dos &#8220;ningu\u00e9ns&#8221;"},"content":{"rendered":"<p><strong><img loading=\"lazy\" class=\"wp-image-191189 alignleft\" src=\"https:\/\/franciscanos.org.br\/noticias\/wp-content\/uploads\/2018\/10\/congresso_241018.jpg\" alt=\"\" width=\"840\" height=\"544\" srcset=\"https:\/\/franciscanos.org.br\/noticias\/wp-content\/uploads\/2018\/10\/congresso_241018.jpg 820w, https:\/\/franciscanos.org.br\/noticias\/wp-content\/uploads\/2018\/10\/congresso_241018-450x291.jpg 450w, https:\/\/franciscanos.org.br\/noticias\/wp-content\/uploads\/2018\/10\/congresso_241018-768x497.jpg 768w, https:\/\/franciscanos.org.br\/noticias\/wp-content\/uploads\/2018\/10\/congresso_241018-150x97.jpg 150w\" sizes=\"(max-width: 840px) 100vw, 840px\" \/>Frei Gustavo Medella<\/strong><\/p>\n<p><strong>Cidade da Guatemala<\/strong> &#8211; Os temas da imigra\u00e7\u00e3o e do cuidado com a casa comum deram a t\u00f4nica das confer\u00eancias desta quarta-feira, dia 24 de outubro, no III Congresso Mission\u00e1rio Franciscano. Frei Tom\u00e1s Gonzalez, frade mexicano que dirige um trabalho com imigrantes na fronteira entre o M\u00e9xico e os Estados Unidos, fez uma provoca\u00e7\u00e3o aos participantes do Congresso. \u201c O tema que vou trabalhar \u00e9 a mobilidade humana e seu impacto na cultura de nossos povos. No entanto, o mais importante \u00e9 saber o seu impacto em nosso \u2018ser franciscano\u2019\u201d, frisou. Frei Tom\u00e1s tamb\u00e9m lembrou que o Povo de Deus, conforme narra a Sagrada Escritura, fundou-se numa situa\u00e7\u00e3o de mobilidade humana. Ele recordou a passagem do Livro do \u00caxodo que diz: &#8220;N\u00e3o explore o imigrante nem o oprima, porque voc\u00eas foram imigrantes no Egito&#8221; (Ex 22,20). Assinalou tamb\u00e9m que o nascimento de Jesus, o Natal, ocorreu num contexto de persegui\u00e7\u00e3o, de ex\u00edlio e de genoc\u00eddio. \u201cPrecisamos reconhecer os sinais dos tempos. Temos de perceber que, nas situa\u00e7\u00f5es de mobilidade, especialmente de mobilidade for\u00e7ada, Deus est\u00e1 presente de forma imanente&#8221;, advertiu.<\/p>\n<p>O frade mexicano tamb\u00e9m aproveitou para apresentar alguns requisitos necess\u00e1rios para se colocar a servi\u00e7o dos migrantes. O primeiro passo \u00e9 conhecer a realidade e buscar um contato pr\u00f3ximo com as pessoas que vivem esta situa\u00e7\u00e3o. Em segundo lugar, todo aquele que se voluntaria a trabalhar diante desta realidade precisa agir de maneira afetiva e comprometida com o drama que estes irm\u00e3os vivem. Frei Tom\u00e1s tamb\u00e9m ressaltou que \u00e9 fundamental que a Ordem, a partir do Governo Geral e em suas entidades, se empenhe ao m\u00e1ximo na defesa dos irm\u00e3os que vivem esta situa\u00e7\u00e3o.<\/p>\n<p><strong>OS NINGU\u00c9NS<\/strong><\/p>\n<p>Na abertura de sua confer\u00eancia, Frei Tom\u00e1s atraiu a aten\u00e7\u00e3o de todos ao recitar, em tom emocionado, um trecho da poesia <em>Os ningu\u00e9ns<\/em>, de Eduardo Galeano. Segue uma tradu\u00e7\u00e3o livre:<\/p>\n<p style=\"padding-left: 30px;\"><strong>Os ningu\u00e9ns: os filhos de ningu\u00e9m, os dono de nada.<\/strong><br \/>\n<strong> Os ningu\u00e9ns: os nenhuns, correndo soltos, morrendo a vida, fodidos e mal pagos:<\/strong><br \/>\n<strong> Que n\u00e3o s\u00e3o embora sejam.<\/strong><br \/>\n<strong> Que n\u00e3o falam idiomas, falam dialetos.<\/strong><br \/>\n<strong> Que n\u00e3o praticam religi\u00f5es, praticam supersti\u00e7\u00f5es.<\/strong><br \/>\n<strong> Que n\u00e3o fazem arte, fazem artesanato.<\/strong><br \/>\n<strong> Que n\u00e3o s\u00e3o seres humanos, s\u00e3o recursos humanos.<\/strong><br \/>\n<strong> Que n\u00e3o t\u00eam cultura, t\u00eam folclore.<\/strong><br \/>\n<strong> Que n\u00e3o t\u00eam cara, t\u00eam bra\u00e7os.<\/strong><br \/>\n<strong> Que n\u00e3o t\u00eam nome, t\u00eam n\u00famero.<\/strong><br \/>\n<strong> Que n\u00e3o aparecem na hist\u00f3ria universal, aparecem nas p\u00e1ginas policiais da imprensa local.<\/strong><br \/>\n<strong> Os ningu\u00e9ns, que custam menos do que a bala que os mata.<\/strong><\/p>\n<p><img loading=\"lazy\" class=\"aligncenter\" src=\"http:\/\/franciscanos.org.br\/wp-content\/uploads\/2018\/10\/congresso_241018_4.jpg\" alt=\"congresso_241018_4\" width=\"820\" height=\"425\" \/><\/p>\n<p><strong>POR UMA LEITURA LATINO-AMERICANA DA ENC\u00cdCLICA LAUDATO SI&#8217;<\/strong><\/p>\n<p>Frei Rodrigo Peret, frade brasileiro envolvido em quest\u00f5es sociais e ambientais no Brasil e no mundo, trouxe para os congressistas uma reflex\u00e3o sobre a quest\u00e3o do extrativismo e da explora\u00e7\u00e3o que sofrem diversos pa\u00edses de Am\u00e9rica Latina. Frei Rodrigo explicou que este tema n\u00e3o diz respeito apenas \u00e0 extra\u00e7\u00e3o de minerais e de petr\u00f3leo, mas toca muitos tipos de explora\u00e7\u00e3o de bens naturais com finalidade de lucro. \u201cAquilo que o capitalismo chama de \u2018recursos naturais\u2019 deve ser denominado de \u2018bens naturais\u2019. Chegamos \u00e0 situa\u00e7\u00e3o absurda de colocar pre\u00e7o at\u00e9 nos fluxos da vida, como ocorre no caso da compra dos cr\u00e9ditos de carbono\u201d, protestou.<\/p>\n<p style=\"text-align: left;\">Frei Rodrigo tamb\u00e9m chamou a aten\u00e7\u00e3o para o fato de, com frequ\u00eancia, o Estado se colocar a servi\u00e7o do mercado nas situa\u00e7\u00f5es de extrativismo, colocando em segundo plano a soberania nacional. Al\u00e9m de elencar estes e outros desafios, o frade tamb\u00e9m apresentou algumas \u201cluzes no caminho\u201d, iniciativas que podem fazer frente aos efeitos nocivos da explora\u00e7\u00e3o dos bens naturais. Dentre estas luzes, destacou:<\/p>\n<p style=\"text-align: left; padding-left: 30px;\">&#8211; Maior oposi\u00e7\u00e3o organizada, apesar dos riscos.<br \/>\n&#8211; Defesa do direito \u00e0 consulta, \u00e0 participa\u00e7\u00e3o cidad\u00e3 e ao consentimento.<br \/>\n&#8211; Reconhecimento do direito de defender os direitos.<br \/>\n&#8211; Articula\u00e7\u00e3o em diferentes n\u00edveis.<br \/>\n&#8211; Caminhar ao lado dos pobres.<\/p>\n<p style=\"text-align: left;\">Para concluir, o frade recordou a import\u00e2ncia do comprometimento da Ordem e da Igreja na rea\u00e7\u00e3o contra uma economia que mata.<\/p>\n<p style=\"text-align: left;\"><img loading=\"lazy\" class=\"aligncenter\" src=\"http:\/\/franciscanos.org.br\/wp-content\/uploads\/2018\/10\/congresso_241018_2.jpg\" alt=\"congresso_241018_2\" width=\"820\" height=\"449\" \/><\/p>\n<p><strong>PARTILHA DE INICIATIVAS E OFICINAS TEM\u00c1TICAS<\/strong><\/p>\n<p>Al\u00e9m das confer\u00eancias e celebra\u00e7\u00f5es, tamb\u00e9m fazem parte do Congresso a partilha de iniciativas mission\u00e1rias e de evangeliza\u00e7\u00e3o. Na tarde de ter\u00e7a-feira, os congressistas puderam conhecer o projeto das Fam\u00edlias Mission\u00e1rias Franciscanas, coordenado pelo casal Marco Laguatasi e Maribel Le\u00f3n, do Equador, e a experi\u00eancia de Miss\u00e3o Compartilhada entre frades e leigos na Confer\u00eancia do Cone Sul (Chile, Argentina e Paraguai), apresentada por Frei Manuel Pezo, do Chile. Tamb\u00e9m tiveram in\u00edcio na ter\u00e7a-feira as oficinas tem\u00e1ticas, onde os congressistas, divididos em grupos menores, refletem sobre diferentes \u00e1reas da evangeliza\u00e7\u00e3o \u00e0 luz de provoca\u00e7\u00f5es suscitadas durante o Congresso.<\/p>\n<p><img loading=\"lazy\" class=\"aligncenter\" src=\"http:\/\/franciscanos.org.br\/wp-content\/uploads\/2018\/10\/congresso_241018_1.jpg\" alt=\"congresso_241018_1\" width=\"820\" height=\"531\" \/><\/p>\n","protected":false},"excerpt":{"rendered":"<p>III Congresso Mission\u00e1rio Franciscano da Am\u00e9rica Latina e do Caribe<\/p>\n","protected":false},"author":1,"featured_media":208955,"comment_status":"open","ping_status":"open","sticky":false,"template":"","format":"standard","meta":[],"categories":[1],"tags":[1467,397],"acf":[],"yoast_head":"<!-- This site is optimized with the Yoast SEO plugin v19.2 - https:\/\/yoast.com\/wordpress\/plugins\/seo\/ -->\n<title>O compromisso na defesa dos &quot;ningu\u00e9ns&quot; - Not\u00edcias - Franciscanos<\/title>\n<meta name=\"robots\" content=\"index, follow, max-snippet:-1, max-image-preview:large, max-video-preview:-1\" \/>\n<link rel=\"canonical\" href=\"https:\/\/franciscanos.org.br\/noticias\/o-compromisso-na-defesa-dos-ninguens.html\" \/>\n<meta property=\"og:locale\" content=\"pt_BR\" \/>\n<meta property=\"og:type\" content=\"article\" \/>\n<meta property=\"og:title\" content=\"O compromisso na defesa dos &quot;ningu\u00e9ns&quot; - Not\u00edcias - Franciscanos\" \/>\n<meta property=\"og:description\" content=\"III Congresso Mission\u00e1rio Franciscano da Am\u00e9rica Latina e do Caribe\" \/>\n<meta property=\"og:url\" content=\"https:\/\/franciscanos.org.br\/noticias\/o-compromisso-na-defesa-dos-ninguens.html\" \/>\n<meta property=\"og:site_name\" content=\"Not\u00edcias - Franciscanos\" \/>\n<meta property=\"article:published_time\" content=\"2018-10-24T21:15:32+00:00\" \/>\n<meta property=\"article:modified_time\" content=\"2020-06-06T21:09:28+00:00\" \/>\n<meta property=\"og:image\" content=\"https:\/\/franciscanos.org.br\/noticias\/wp-content\/uploads\/2018\/10\/congresso_241018-2.jpg\" \/>\n\t<meta property=\"og:image:width\" content=\"273\" \/>\n\t<meta property=\"og:image:height\" content=\"181\" \/>\n\t<meta property=\"og:image:type\" content=\"image\/jpeg\" \/>\n<meta name=\"author\" content=\"admin\" \/>\n<meta name=\"twitter:card\" content=\"summary_large_image\" \/>\n<meta name=\"twitter:label1\" content=\"Escrito por\" \/>\n\t<meta name=\"twitter:data1\" content=\"admin\" \/>\n\t<meta name=\"twitter:label2\" content=\"Est. tempo de leitura\" \/>\n\t<meta name=\"twitter:data2\" content=\"4 minutos\" \/>\n<script type=\"application\/ld+json\" class=\"yoast-schema-graph\">{\"@context\":\"https:\/\/schema.org\",\"@graph\":[{\"@type\":\"WebSite\",\"@id\":\"https:\/\/franciscanos.org.br\/noticias\/#website\",\"url\":\"https:\/\/franciscanos.org.br\/noticias\/\",\"name\":\"Not\u00edcias - Franciscanos\",\"description\":\"Prov\u00edncia Franciscana da Imaculada Concei\u00e7\u00e3o do Brasil - Ordem dos Frades Menores - OFM\",\"potentialAction\":[{\"@type\":\"SearchAction\",\"target\":{\"@type\":\"EntryPoint\",\"urlTemplate\":\"https:\/\/franciscanos.org.br\/noticias\/?s={search_term_string}\"},\"query-input\":\"required name=search_term_string\"}],\"inLanguage\":\"pt-BR\"},{\"@type\":\"ImageObject\",\"inLanguage\":\"pt-BR\",\"@id\":\"https:\/\/franciscanos.org.br\/noticias\/o-compromisso-na-defesa-dos-ninguens.html#primaryimage\",\"url\":\"https:\/\/franciscanos.org.br\/noticias\/wp-content\/uploads\/2018\/10\/congresso_241018-2.jpg\",\"contentUrl\":\"https:\/\/franciscanos.org.br\/noticias\/wp-content\/uploads\/2018\/10\/congresso_241018-2.jpg\",\"width\":273,\"height\":181},{\"@type\":\"WebPage\",\"@id\":\"https:\/\/franciscanos.org.br\/noticias\/o-compromisso-na-defesa-dos-ninguens.html#webpage\",\"url\":\"https:\/\/franciscanos.org.br\/noticias\/o-compromisso-na-defesa-dos-ninguens.html\",\"name\":\"O compromisso na defesa dos \\\"ningu\u00e9ns\\\" - Not\u00edcias - Franciscanos\",\"isPartOf\":{\"@id\":\"https:\/\/franciscanos.org.br\/noticias\/#website\"},\"primaryImageOfPage\":{\"@id\":\"https:\/\/franciscanos.org.br\/noticias\/o-compromisso-na-defesa-dos-ninguens.html#primaryimage\"},\"datePublished\":\"2018-10-24T21:15:32+00:00\",\"dateModified\":\"2020-06-06T21:09:28+00:00\",\"author\":{\"@id\":\"https:\/\/franciscanos.org.br\/noticias\/#\/schema\/person\/b38fbf43118f02820bd932f2e4b14ad3\"},\"breadcrumb\":{\"@id\":\"https:\/\/franciscanos.org.br\/noticias\/o-compromisso-na-defesa-dos-ninguens.html#breadcrumb\"},\"inLanguage\":\"pt-BR\",\"potentialAction\":[{\"@type\":\"ReadAction\",\"target\":[\"https:\/\/franciscanos.org.br\/noticias\/o-compromisso-na-defesa-dos-ninguens.html\"]}]},{\"@type\":\"BreadcrumbList\",\"@id\":\"https:\/\/franciscanos.org.br\/noticias\/o-compromisso-na-defesa-dos-ninguens.html#breadcrumb\",\"itemListElement\":[{\"@type\":\"ListItem\",\"position\":1,\"name\":\"Home\",\"item\":\"https:\/\/franciscanos.org.br\/noticias\"},{\"@type\":\"ListItem\",\"position\":2,\"name\":\"O compromisso na defesa dos &#8220;ningu\u00e9ns&#8221;\"}]},{\"@type\":\"Person\",\"@id\":\"https:\/\/franciscanos.org.br\/noticias\/#\/schema\/person\/b38fbf43118f02820bd932f2e4b14ad3\",\"name\":\"admin\",\"image\":{\"@type\":\"ImageObject\",\"inLanguage\":\"pt-BR\",\"@id\":\"https:\/\/franciscanos.org.br\/noticias\/#\/schema\/person\/image\/\",\"url\":\"https:\/\/secure.gravatar.com\/avatar\/e8495742d34d0ba6448ea1c628263b3e?s=96&d=mm&r=g\",\"contentUrl\":\"https:\/\/secure.gravatar.com\/avatar\/e8495742d34d0ba6448ea1c628263b3e?s=96&d=mm&r=g\",\"caption\":\"admin\"},\"url\":\"https:\/\/franciscanos.org.br\/noticias\/author\/admin\"}]}<\/script>\n<!-- \/ Yoast SEO plugin. -->","yoast_head_json":{"title":"O compromisso na defesa dos \"ningu\u00e9ns\" - Not\u00edcias - Franciscanos","robots":{"index":"index","follow":"follow","max-snippet":"max-snippet:-1","max-image-preview":"max-image-preview:large","max-video-preview":"max-video-preview:-1"},"canonical":"https:\/\/franciscanos.org.br\/noticias\/o-compromisso-na-defesa-dos-ninguens.html","og_locale":"pt_BR","og_type":"article","og_title":"O compromisso na defesa dos \"ningu\u00e9ns\" - Not\u00edcias - Franciscanos","og_description":"III Congresso Mission\u00e1rio Franciscano da Am\u00e9rica Latina e do Caribe","og_url":"https:\/\/franciscanos.org.br\/noticias\/o-compromisso-na-defesa-dos-ninguens.html","og_site_name":"Not\u00edcias - Franciscanos","article_published_time":"2018-10-24T21:15:32+00:00","article_modified_time":"2020-06-06T21:09:28+00:00","og_image":[{"width":273,"height":181,"url":"https:\/\/franciscanos.org.br\/noticias\/wp-content\/uploads\/2018\/10\/congresso_241018-2.jpg","type":"image\/jpeg"}],"author":"admin","twitter_card":"summary_large_image","twitter_misc":{"Escrito por":"admin","Est. tempo de leitura":"4 minutos"},"schema":{"@context":"https:\/\/schema.org","@graph":[{"@type":"WebSite","@id":"https:\/\/franciscanos.org.br\/noticias\/#website","url":"https:\/\/franciscanos.org.br\/noticias\/","name":"Not\u00edcias - Franciscanos","description":"Prov\u00edncia Franciscana da Imaculada Concei\u00e7\u00e3o do Brasil - Ordem dos Frades Menores - OFM","potentialAction":[{"@type":"SearchAction","target":{"@type":"EntryPoint","urlTemplate":"https:\/\/franciscanos.org.br\/noticias\/?s={search_term_string}"},"query-input":"required name=search_term_string"}],"inLanguage":"pt-BR"},{"@type":"ImageObject","inLanguage":"pt-BR","@id":"https:\/\/franciscanos.org.br\/noticias\/o-compromisso-na-defesa-dos-ninguens.html#primaryimage","url":"https:\/\/franciscanos.org.br\/noticias\/wp-content\/uploads\/2018\/10\/congresso_241018-2.jpg","contentUrl":"https:\/\/franciscanos.org.br\/noticias\/wp-content\/uploads\/2018\/10\/congresso_241018-2.jpg","width":273,"height":181},{"@type":"WebPage","@id":"https:\/\/franciscanos.org.br\/noticias\/o-compromisso-na-defesa-dos-ninguens.html#webpage","url":"https:\/\/franciscanos.org.br\/noticias\/o-compromisso-na-defesa-dos-ninguens.html","name":"O compromisso na defesa dos \"ningu\u00e9ns\" - Not\u00edcias - Franciscanos","isPartOf":{"@id":"https:\/\/franciscanos.org.br\/noticias\/#website"},"primaryImageOfPage":{"@id":"https:\/\/franciscanos.org.br\/noticias\/o-compromisso-na-defesa-dos-ninguens.html#primaryimage"},"datePublished":"2018-10-24T21:15:32+00:00","dateModified":"2020-06-06T21:09:28+00:00","author":{"@id":"https:\/\/franciscanos.org.br\/noticias\/#\/schema\/person\/b38fbf43118f02820bd932f2e4b14ad3"},"breadcrumb":{"@id":"https:\/\/franciscanos.org.br\/noticias\/o-compromisso-na-defesa-dos-ninguens.html#breadcrumb"},"inLanguage":"pt-BR","potentialAction":[{"@type":"ReadAction","target":["https:\/\/franciscanos.org.br\/noticias\/o-compromisso-na-defesa-dos-ninguens.html"]}]},{"@type":"BreadcrumbList","@id":"https:\/\/franciscanos.org.br\/noticias\/o-compromisso-na-defesa-dos-ninguens.html#breadcrumb","itemListElement":[{"@type":"ListItem","position":1,"name":"Home","item":"https:\/\/franciscanos.org.br\/noticias"},{"@type":"ListItem","position":2,"name":"O compromisso na defesa dos &#8220;ningu\u00e9ns&#8221;"}]},{"@type":"Person","@id":"https:\/\/franciscanos.org.br\/noticias\/#\/schema\/person\/b38fbf43118f02820bd932f2e4b14ad3","name":"admin","image":{"@type":"ImageObject","inLanguage":"pt-BR","@id":"https:\/\/franciscanos.org.br\/noticias\/#\/schema\/person\/image\/","url":"https:\/\/secure.gravatar.com\/avatar\/e8495742d34d0ba6448ea1c628263b3e?s=96&d=mm&r=g","contentUrl":"https:\/\/secure.gravatar.com\/avatar\/e8495742d34d0ba6448ea1c628263b3e?s=96&d=mm&r=g","caption":"admin"},"url":"https:\/\/franciscanos.org.br\/noticias\/author\/admin"}]}},"_links":{"self":[{"href":"https:\/\/franciscanos.org.br\/noticias\/wp-json\/wp\/v2\/posts\/187726"}],"collection":[{"href":"https:\/\/franciscanos.org.br\/noticias\/wp-json\/wp\/v2\/posts"}],"about":[{"href":"https:\/\/franciscanos.org.br\/noticias\/wp-json\/wp\/v2\/types\/post"}],"author":[{"embeddable":true,"href":"https:\/\/franciscanos.org.br\/noticias\/wp-json\/wp\/v2\/users\/1"}],"replies":[{"embeddable":true,"href":"https:\/\/franciscanos.org.br\/noticias\/wp-json\/wp\/v2\/comments?post=187726"}],"version-history":[{"count":1,"href":"https:\/\/franciscanos.org.br\/noticias\/wp-json\/wp\/v2\/posts\/187726\/revisions"}],"predecessor-version":[{"id":224728,"href":"https:\/\/franciscanos.org.br\/noticias\/wp-json\/wp\/v2\/posts\/187726\/revisions\/224728"}],"wp:featuredmedia":[{"embeddable":true,"href":"https:\/\/franciscanos.org.br\/noticias\/wp-json\/wp\/v2\/media\/208955"}],"wp:attachment":[{"href":"https:\/\/franciscanos.org.br\/noticias\/wp-json\/wp\/v2\/media?parent=187726"}],"wp:term":[{"taxonomy":"category","embeddable":true,"href":"https:\/\/franciscanos.org.br\/noticias\/wp-json\/wp\/v2\/categories?post=187726"},{"taxonomy":"post_tag","embeddable":true,"href":"https:\/\/franciscanos.org.br\/noticias\/wp-json\/wp\/v2\/tags?post=187726"}],"curies":[{"name":"wp","href":"https:\/\/api.w.org\/{rel}","templated":true}]}}