{"id":187724,"date":"2018-10-24T12:11:11","date_gmt":"2018-10-24T15:11:11","guid":{"rendered":"http:\/\/franciscanos.org.br\/?p=175332"},"modified":"2018-11-23T16:37:57","modified_gmt":"2018-11-23T18:37:57","slug":"cnbb-divulga-nota-sobre-o-segundo-turno-das-eleicoes-2018","status":"publish","type":"post","link":"https:\/\/franciscanos.org.br\/noticias\/cnbb-divulga-nota-sobre-o-segundo-turno-das-eleicoes-2018.html","title":{"rendered":"CNBB divulga nota sobre o segundo turno das elei\u00e7\u00f5es 2018"},"content":{"rendered":"<p><img loading=\"lazy\" class=\"alignleft\" src=\"http:\/\/franciscanos.org.br\/wp-content\/uploads\/2018\/10\/nota_241018.jpg\" alt=\"nota_241018\" width=\"830\" height=\"500\" \/><\/p>\n<p>Reunidos entre os dias 23 e 24 de outubro na sede da Confer\u00eancia Nacional dos Bispos do Brasil (CNBB), em Bras\u00edlia (DF), os bispos que integram o Conselho Episcopal Pastoral (CONSEP) da entidade emitiram uma Nota sobre o segundo turno das Elei\u00e7\u00f5es 2018. No documento, os bispos refor\u00e7am que as elei\u00e7\u00f5es s\u00e3o ocasi\u00e3o de exerc\u00edcio da democracia que requer dos candidatos propostas e projetos que apontem para a constru\u00e7\u00e3o de uma sociedade em que reinem a justi\u00e7a e a paz social. Os bispos exortam a que se deponham as armas de \u00f3dio e de vingan\u00e7a que t\u00eam gerado um clima de viol\u00eancia, estimulado por not\u00edcias falsas, discursos e posturas radicais, que colocam em risco as bases democr\u00e1ticas da sociedade brasileira. Abaixo, a \u00edntegra do documento.<\/p>\n<p style=\"text-align: center;\"><strong>NOTA DA CNBB<\/strong><\/p>\n<p style=\"text-align: center;\"><strong>Por ocasi\u00e3o do segundo turno das elei\u00e7\u00f5es de 2018<\/strong><\/p>\n<p style=\"text-align: right;\"><em>Jesus Cristo \u00e9 a nossa paz! (cf. Ef 2,14)<\/em><\/p>\n<p>O Brasil volta \u00e0s urnas para eleger seu novo presidente e, em alguns Estados e no Distrito Federal, seu governador. Fiel \u00e0 sua miss\u00e3o evangelizadora, a Confer\u00eancia Nacional dos Bispos do Brasil (CNBB), por meio de seu Conselho Episcopal Pastoral (Consep), reunido em Bras\u00edlia-DF, nos dias 23 e 24 de outubro, vem ratificar sua posi\u00e7\u00e3o e orienta\u00e7\u00f5es a respeito deste importante momento para o Pa\u00eds.<\/p>\n<p>Elei\u00e7\u00f5es s\u00e3o ocasi\u00e3o de exerc\u00edcio da democracia que requer dos candidatos propostas e projetos que apontem para a constru\u00e7\u00e3o de uma sociedade em que reinem a justi\u00e7a e a paz social. Cabe \u00e0 popula\u00e7\u00e3o julgar, na liberdade de sua consci\u00eancia, o projeto que melhor responda aos princ\u00edpios do bem comum, da dignidade da pessoa humana, do combate \u00e0 sonega\u00e7\u00e3o e \u00e0 corrup\u00e7\u00e3o, do respeito \u00e0s institui\u00e7\u00f5es do Estado democr\u00e1tico de direito e da observ\u00e2ncia da Constitui\u00e7\u00e3o Federal.<\/p>\n<p>Na miss\u00e3o de pastores e profetas, n\u00f3s, bispos cat\u00f3licos, ao assumirmos posicionamentos pastorais em quest\u00f5es sociais, econ\u00f4micas e pol\u00edticas, o fazemos, n\u00e3o por ideologia, mas por exig\u00eancia do Evangelho que nos manda amar e servir a todos, preferencialmente aos pobres. Por isso, \u201ca Igreja reivindica sempre a liberdade, a que tem direito, para pronunciar o seu ju\u00edzo moral acerca das realidades sociais, sempre que os direitos fundamentais da pessoa, o bem comum ou a salva\u00e7\u00e3o humana o exigirem (cf. Gaudium et Spes, 76). N\u00e3o podemos nos calar quando a vida \u00e9 amea\u00e7ada, os direitos desrespeitados, a justi\u00e7a corrompida e a viol\u00eancia instaurada\u201d (CNBB \u2013 Mensagem ao Povo de Deus \u2013 19 de abril de 2018). In\u00fameros s\u00e3o os testemunhos de bispos que, na hist\u00f3ria do pa\u00eds, se doaram e se doam no servi\u00e7o da Igreja em favor de uma sociedade democr\u00e1tica, justa e fraterna.<\/p>\n<p>A CNBB reafirma seu compromisso, sobretudo atrav\u00e9s do di\u00e1logo, de colaborar na busca do bem comum com as institui\u00e7\u00f5es sociais e aqueles que, respaldados pelo voto popular, forem eleitos para governar o Pa\u00eds.<\/p>\n<p>Exortamos a que se deponham armas de \u00f3dio e de vingan\u00e7a que t\u00eam gerado um clima de viol\u00eancia, estimulado por not\u00edcias falsas, discursos e posturas radicais, que colocam em risco as bases democr\u00e1ticas da sociedade brasileira. Toda atitude que incita \u00e0 divis\u00e3o, \u00e0 discrimina\u00e7\u00e3o, \u00e0 intoler\u00e2ncia e \u00e0 viol\u00eancia, deve ser superada. Revistamo-nos, portanto, do amor e da reconcilia\u00e7\u00e3o, e trilhemos o caminho da paz!<\/p>\n<p>Por intercess\u00e3o de Nossa Senhora Aparecida, padroeira do Brasil, invocamos a b\u00ean\u00e7\u00e3o de Deus para o povo brasileiro.<\/p>\n<p>Bras\u00edlia-DF, 24 de outubro de 2018<\/p>\n<p style=\"text-align: center;\"><strong>Dom Murilo S. R. Krieger<\/strong><br \/>\nArcebispo de S\u00e3o Salvador<br \/>\nPresidente da CNBB em exerc\u00edcio<\/p>\n<p style=\"text-align: center;\"><strong>Dom Guilherme Ant\u00f4nio Werlang<\/strong><br \/>\nBispo de Lajes<br \/>\nVice-Presidente da CNBB em exerc\u00edcio<\/p>\n<p style=\"text-align: center;\"><strong>Dom Leonardo Ulrich Steiner<\/strong><br \/>\nBispo Auxiliar de Bras\u00edlia<br \/>\nSecret\u00e1rio-Geral da CNBB<\/p>\n<p style=\"text-align: left;\"><strong>FONTE: <a href=\"http:\/\/www.cnbb.org.br\/cnbb-divulga-nota-sobre-o-segundo-turno-das-eleicoes-2018\/\">Confer\u00eancia Nacional dos Bispos do Brasil<\/a><\/strong><\/p>\n","protected":false},"excerpt":{"rendered":"<p>Elei\u00e7\u00f5es 2018<\/p>\n","protected":false},"author":1,"featured_media":191200,"comment_status":"open","ping_status":"open","sticky":false,"template":"","format":"standard","meta":[],"categories":[1],"tags":[29,1119,558],"acf":[],"yoast_head":"<!-- This site is optimized with the Yoast SEO plugin v19.2 - https:\/\/yoast.com\/wordpress\/plugins\/seo\/ -->\n<title>CNBB divulga nota sobre o segundo turno das elei\u00e7\u00f5es 2018 - Not\u00edcias - Franciscanos<\/title>\n<meta name=\"robots\" content=\"index, follow, max-snippet:-1, max-image-preview:large, max-video-preview:-1\" \/>\n<link rel=\"canonical\" href=\"https:\/\/franciscanos.org.br\/noticias\/cnbb-divulga-nota-sobre-o-segundo-turno-das-eleicoes-2018.html\" \/>\n<meta property=\"og:locale\" content=\"pt_BR\" \/>\n<meta property=\"og:type\" content=\"article\" \/>\n<meta property=\"og:title\" content=\"CNBB divulga nota sobre o segundo turno das elei\u00e7\u00f5es 2018 - Not\u00edcias - Franciscanos\" \/>\n<meta property=\"og:description\" content=\"Elei\u00e7\u00f5es 2018\" \/>\n<meta property=\"og:url\" content=\"https:\/\/franciscanos.org.br\/noticias\/cnbb-divulga-nota-sobre-o-segundo-turno-das-eleicoes-2018.html\" \/>\n<meta property=\"og:site_name\" content=\"Not\u00edcias - Franciscanos\" \/>\n<meta property=\"article:published_time\" content=\"2018-10-24T15:11:11+00:00\" \/>\n<meta property=\"article:modified_time\" content=\"2018-11-23T18:37:57+00:00\" \/>\n<meta property=\"og:image\" content=\"https:\/\/franciscanos.org.br\/noticias\/wp-content\/uploads\/2018\/10\/nota_241018.jpg\" \/>\n\t<meta property=\"og:image:width\" content=\"273\" \/>\n\t<meta property=\"og:image:height\" content=\"181\" \/>\n\t<meta property=\"og:image:type\" content=\"image\/jpeg\" \/>\n<meta name=\"author\" content=\"admin\" \/>\n<meta name=\"twitter:card\" content=\"summary_large_image\" \/>\n<meta name=\"twitter:label1\" content=\"Escrito por\" \/>\n\t<meta name=\"twitter:data1\" content=\"admin\" \/>\n\t<meta name=\"twitter:label2\" content=\"Est. tempo de leitura\" \/>\n\t<meta name=\"twitter:data2\" content=\"3 minutos\" \/>\n<script type=\"application\/ld+json\" class=\"yoast-schema-graph\">{\"@context\":\"https:\/\/schema.org\",\"@graph\":[{\"@type\":\"WebSite\",\"@id\":\"https:\/\/franciscanos.org.br\/noticias\/#website\",\"url\":\"https:\/\/franciscanos.org.br\/noticias\/\",\"name\":\"Not\u00edcias - Franciscanos\",\"description\":\"Prov\u00edncia Franciscana da Imaculada Concei\u00e7\u00e3o do Brasil - Ordem dos Frades Menores - OFM\",\"potentialAction\":[{\"@type\":\"SearchAction\",\"target\":{\"@type\":\"EntryPoint\",\"urlTemplate\":\"https:\/\/franciscanos.org.br\/noticias\/?s={search_term_string}\"},\"query-input\":\"required name=search_term_string\"}],\"inLanguage\":\"pt-BR\"},{\"@type\":\"ImageObject\",\"inLanguage\":\"pt-BR\",\"@id\":\"https:\/\/franciscanos.org.br\/noticias\/cnbb-divulga-nota-sobre-o-segundo-turno-das-eleicoes-2018.html#primaryimage\",\"url\":\"https:\/\/franciscanos.org.br\/noticias\/wp-content\/uploads\/2018\/10\/nota_241018.jpg\",\"contentUrl\":\"https:\/\/franciscanos.org.br\/noticias\/wp-content\/uploads\/2018\/10\/nota_241018.jpg\",\"width\":273,\"height\":181},{\"@type\":\"WebPage\",\"@id\":\"https:\/\/franciscanos.org.br\/noticias\/cnbb-divulga-nota-sobre-o-segundo-turno-das-eleicoes-2018.html#webpage\",\"url\":\"https:\/\/franciscanos.org.br\/noticias\/cnbb-divulga-nota-sobre-o-segundo-turno-das-eleicoes-2018.html\",\"name\":\"CNBB divulga nota sobre o segundo turno das elei\u00e7\u00f5es 2018 - Not\u00edcias - Franciscanos\",\"isPartOf\":{\"@id\":\"https:\/\/franciscanos.org.br\/noticias\/#website\"},\"primaryImageOfPage\":{\"@id\":\"https:\/\/franciscanos.org.br\/noticias\/cnbb-divulga-nota-sobre-o-segundo-turno-das-eleicoes-2018.html#primaryimage\"},\"datePublished\":\"2018-10-24T15:11:11+00:00\",\"dateModified\":\"2018-11-23T18:37:57+00:00\",\"author\":{\"@id\":\"https:\/\/franciscanos.org.br\/noticias\/#\/schema\/person\/b38fbf43118f02820bd932f2e4b14ad3\"},\"breadcrumb\":{\"@id\":\"https:\/\/franciscanos.org.br\/noticias\/cnbb-divulga-nota-sobre-o-segundo-turno-das-eleicoes-2018.html#breadcrumb\"},\"inLanguage\":\"pt-BR\",\"potentialAction\":[{\"@type\":\"ReadAction\",\"target\":[\"https:\/\/franciscanos.org.br\/noticias\/cnbb-divulga-nota-sobre-o-segundo-turno-das-eleicoes-2018.html\"]}]},{\"@type\":\"BreadcrumbList\",\"@id\":\"https:\/\/franciscanos.org.br\/noticias\/cnbb-divulga-nota-sobre-o-segundo-turno-das-eleicoes-2018.html#breadcrumb\",\"itemListElement\":[{\"@type\":\"ListItem\",\"position\":1,\"name\":\"Home\",\"item\":\"https:\/\/franciscanos.org.br\/noticias\"},{\"@type\":\"ListItem\",\"position\":2,\"name\":\"CNBB divulga nota sobre o segundo turno das elei\u00e7\u00f5es 2018\"}]},{\"@type\":\"Person\",\"@id\":\"https:\/\/franciscanos.org.br\/noticias\/#\/schema\/person\/b38fbf43118f02820bd932f2e4b14ad3\",\"name\":\"admin\",\"image\":{\"@type\":\"ImageObject\",\"inLanguage\":\"pt-BR\",\"@id\":\"https:\/\/franciscanos.org.br\/noticias\/#\/schema\/person\/image\/\",\"url\":\"https:\/\/secure.gravatar.com\/avatar\/e8495742d34d0ba6448ea1c628263b3e?s=96&d=mm&r=g\",\"contentUrl\":\"https:\/\/secure.gravatar.com\/avatar\/e8495742d34d0ba6448ea1c628263b3e?s=96&d=mm&r=g\",\"caption\":\"admin\"},\"url\":\"https:\/\/franciscanos.org.br\/noticias\/author\/admin\"}]}<\/script>\n<!-- \/ Yoast SEO plugin. -->","yoast_head_json":{"title":"CNBB divulga nota sobre o segundo turno das elei\u00e7\u00f5es 2018 - Not\u00edcias - Franciscanos","robots":{"index":"index","follow":"follow","max-snippet":"max-snippet:-1","max-image-preview":"max-image-preview:large","max-video-preview":"max-video-preview:-1"},"canonical":"https:\/\/franciscanos.org.br\/noticias\/cnbb-divulga-nota-sobre-o-segundo-turno-das-eleicoes-2018.html","og_locale":"pt_BR","og_type":"article","og_title":"CNBB divulga nota sobre o segundo turno das elei\u00e7\u00f5es 2018 - Not\u00edcias - Franciscanos","og_description":"Elei\u00e7\u00f5es 2018","og_url":"https:\/\/franciscanos.org.br\/noticias\/cnbb-divulga-nota-sobre-o-segundo-turno-das-eleicoes-2018.html","og_site_name":"Not\u00edcias - Franciscanos","article_published_time":"2018-10-24T15:11:11+00:00","article_modified_time":"2018-11-23T18:37:57+00:00","og_image":[{"width":273,"height":181,"url":"https:\/\/franciscanos.org.br\/noticias\/wp-content\/uploads\/2018\/10\/nota_241018.jpg","type":"image\/jpeg"}],"author":"admin","twitter_card":"summary_large_image","twitter_misc":{"Escrito por":"admin","Est. tempo de leitura":"3 minutos"},"schema":{"@context":"https:\/\/schema.org","@graph":[{"@type":"WebSite","@id":"https:\/\/franciscanos.org.br\/noticias\/#website","url":"https:\/\/franciscanos.org.br\/noticias\/","name":"Not\u00edcias - Franciscanos","description":"Prov\u00edncia Franciscana da Imaculada Concei\u00e7\u00e3o do Brasil - Ordem dos Frades Menores - OFM","potentialAction":[{"@type":"SearchAction","target":{"@type":"EntryPoint","urlTemplate":"https:\/\/franciscanos.org.br\/noticias\/?s={search_term_string}"},"query-input":"required name=search_term_string"}],"inLanguage":"pt-BR"},{"@type":"ImageObject","inLanguage":"pt-BR","@id":"https:\/\/franciscanos.org.br\/noticias\/cnbb-divulga-nota-sobre-o-segundo-turno-das-eleicoes-2018.html#primaryimage","url":"https:\/\/franciscanos.org.br\/noticias\/wp-content\/uploads\/2018\/10\/nota_241018.jpg","contentUrl":"https:\/\/franciscanos.org.br\/noticias\/wp-content\/uploads\/2018\/10\/nota_241018.jpg","width":273,"height":181},{"@type":"WebPage","@id":"https:\/\/franciscanos.org.br\/noticias\/cnbb-divulga-nota-sobre-o-segundo-turno-das-eleicoes-2018.html#webpage","url":"https:\/\/franciscanos.org.br\/noticias\/cnbb-divulga-nota-sobre-o-segundo-turno-das-eleicoes-2018.html","name":"CNBB divulga nota sobre o segundo turno das elei\u00e7\u00f5es 2018 - Not\u00edcias - Franciscanos","isPartOf":{"@id":"https:\/\/franciscanos.org.br\/noticias\/#website"},"primaryImageOfPage":{"@id":"https:\/\/franciscanos.org.br\/noticias\/cnbb-divulga-nota-sobre-o-segundo-turno-das-eleicoes-2018.html#primaryimage"},"datePublished":"2018-10-24T15:11:11+00:00","dateModified":"2018-11-23T18:37:57+00:00","author":{"@id":"https:\/\/franciscanos.org.br\/noticias\/#\/schema\/person\/b38fbf43118f02820bd932f2e4b14ad3"},"breadcrumb":{"@id":"https:\/\/franciscanos.org.br\/noticias\/cnbb-divulga-nota-sobre-o-segundo-turno-das-eleicoes-2018.html#breadcrumb"},"inLanguage":"pt-BR","potentialAction":[{"@type":"ReadAction","target":["https:\/\/franciscanos.org.br\/noticias\/cnbb-divulga-nota-sobre-o-segundo-turno-das-eleicoes-2018.html"]}]},{"@type":"BreadcrumbList","@id":"https:\/\/franciscanos.org.br\/noticias\/cnbb-divulga-nota-sobre-o-segundo-turno-das-eleicoes-2018.html#breadcrumb","itemListElement":[{"@type":"ListItem","position":1,"name":"Home","item":"https:\/\/franciscanos.org.br\/noticias"},{"@type":"ListItem","position":2,"name":"CNBB divulga nota sobre o segundo turno das elei\u00e7\u00f5es 2018"}]},{"@type":"Person","@id":"https:\/\/franciscanos.org.br\/noticias\/#\/schema\/person\/b38fbf43118f02820bd932f2e4b14ad3","name":"admin","image":{"@type":"ImageObject","inLanguage":"pt-BR","@id":"https:\/\/franciscanos.org.br\/noticias\/#\/schema\/person\/image\/","url":"https:\/\/secure.gravatar.com\/avatar\/e8495742d34d0ba6448ea1c628263b3e?s=96&d=mm&r=g","contentUrl":"https:\/\/secure.gravatar.com\/avatar\/e8495742d34d0ba6448ea1c628263b3e?s=96&d=mm&r=g","caption":"admin"},"url":"https:\/\/franciscanos.org.br\/noticias\/author\/admin"}]}},"_links":{"self":[{"href":"https:\/\/franciscanos.org.br\/noticias\/wp-json\/wp\/v2\/posts\/187724"}],"collection":[{"href":"https:\/\/franciscanos.org.br\/noticias\/wp-json\/wp\/v2\/posts"}],"about":[{"href":"https:\/\/franciscanos.org.br\/noticias\/wp-json\/wp\/v2\/types\/post"}],"author":[{"embeddable":true,"href":"https:\/\/franciscanos.org.br\/noticias\/wp-json\/wp\/v2\/users\/1"}],"replies":[{"embeddable":true,"href":"https:\/\/franciscanos.org.br\/noticias\/wp-json\/wp\/v2\/comments?post=187724"}],"version-history":[{"count":0,"href":"https:\/\/franciscanos.org.br\/noticias\/wp-json\/wp\/v2\/posts\/187724\/revisions"}],"wp:featuredmedia":[{"embeddable":true,"href":"https:\/\/franciscanos.org.br\/noticias\/wp-json\/wp\/v2\/media\/191200"}],"wp:attachment":[{"href":"https:\/\/franciscanos.org.br\/noticias\/wp-json\/wp\/v2\/media?parent=187724"}],"wp:term":[{"taxonomy":"category","embeddable":true,"href":"https:\/\/franciscanos.org.br\/noticias\/wp-json\/wp\/v2\/categories?post=187724"},{"taxonomy":"post_tag","embeddable":true,"href":"https:\/\/franciscanos.org.br\/noticias\/wp-json\/wp\/v2\/tags?post=187724"}],"curies":[{"name":"wp","href":"https:\/\/api.w.org\/{rel}","templated":true}]}}