{"id":187720,"date":"2018-10-23T19:08:41","date_gmt":"2018-10-23T22:08:41","guid":{"rendered":"http:\/\/franciscanos.org.br\/?p=175269"},"modified":"2020-06-06T18:12:45","modified_gmt":"2020-06-06T21:12:45","slug":"conversao-missionaria-para-a-justica-e-a-paz","status":"publish","type":"post","link":"https:\/\/franciscanos.org.br\/noticias\/conversao-missionaria-para-a-justica-e-a-paz.html","title":{"rendered":"Convers\u00e3o mission\u00e1ria para a justi\u00e7a e a paz"},"content":{"rendered":"<p><strong><img loading=\"lazy\" class=\"alignleft size-full wp-image-191213\" src=\"https:\/\/franciscanos.org.br\/noticias\/wp-content\/uploads\/2018\/10\/guatemala_231018_b.jpg\" alt=\"\" width=\"830\" height=\"500\" srcset=\"https:\/\/franciscanos.org.br\/noticias\/wp-content\/uploads\/2018\/10\/guatemala_231018_b.jpg 830w, https:\/\/franciscanos.org.br\/noticias\/wp-content\/uploads\/2018\/10\/guatemala_231018_b-450x271.jpg 450w, https:\/\/franciscanos.org.br\/noticias\/wp-content\/uploads\/2018\/10\/guatemala_231018_b-768x463.jpg 768w, https:\/\/franciscanos.org.br\/noticias\/wp-content\/uploads\/2018\/10\/guatemala_231018_b-150x90.jpg 150w\" sizes=\"(max-width: 830px) 100vw, 830px\" \/>Frei Gustavo Medella<\/strong><\/p>\n<p><strong>Cidade da Guatemala<\/strong>\u00a0&#8211; \u201cOnde come\u00e7a a convers\u00e3o, no cora\u00e7\u00e3o ou na mente?\u201d Esta foi uma das diversas provoca\u00e7\u00f5es que Dom Alvaro Ramazzini, Bispo da Diocese de Huehuetano, na Guatemala, trouxe aos participantes do III Congresso na manh\u00e3 desta ter\u00e7a-feira, dia 23. Dom Ramazzini, que participou das Confer\u00eancias Episcopais de Santo Domingo (1992) e Aparecida (2007), abordou a tem\u00e1tica da \u201cIgreja em Sa\u00edda\u201d a partir da Exorta\u00e7\u00e3o Apost\u00f3lica<em> Evangelii Gaudium<\/em>, do Papa Francisco.<\/p>\n<p>O conferencista tomou como base o I Cap\u00edtulo da Exorta\u00e7\u00e3o, que tem como t\u00edtulo \u201cA transforma\u00e7\u00e3o mission\u00e1ria da Igreja\u201d. \u201cO que entendemos por transforma\u00e7\u00e3o?\u201d, perguntou o bispo para, em seguida, explicar que esta mudan\u00e7a passa por uma convers\u00e3o gerada pelo encontro pessoal com Jesus. Baseado no n\u00ba. 28 do documento de Aparecida, Dom Ramazzini tra\u00e7ou itiner\u00e1rio da convers\u00e3o que gera verdadeiros disc\u00edpulos-mission\u00e1rios: \u201cConhecer, seguir e transmitir\u201d. \u201cConhecer \u00e9 um dom; seguir, uma gra\u00e7a; e transmitir, uma tarefa de quem se encontra com Jesus e torna-se capaz de dar \u00e0 pr\u00f3pria vida uma orienta\u00e7\u00e3o decisiva\u201d, explicou.<\/p>\n<p>Para o conferencista, a convers\u00e3o pessoal e eclesial d\u00e1 origem a uma Igreja em estado permanente de miss\u00e3o, onde as estruturas, os m\u00e9todos, as prioridades se voltam muito mais para a Evangeliza\u00e7\u00e3o e bem menos para a automanuten\u00e7\u00e3o. Em profunda conson\u00e2ncia com os apelos do Papa Francisco, Dom Ramazzini lan\u00e7ou luzes sobre a responsabilidade irrenunci\u00e1vel que a Igreja deve assumir em rela\u00e7\u00e3o aos pobres e exclu\u00eddos. \u201cDevemos tocar a carne de Cristo que sofre nos pobres\u201d, exortou, utilizando-se das mesmas palavras do Santo Padre. Como exemplo pr\u00e1tico e concreto do drama da exclus\u00e3o, Dom Ramazzini chamou a aten\u00e7\u00e3o de todos para o fato de 59% das crian\u00e7as ind\u00edgenas entre 01 e 05 anos sofrem de desnutri\u00e7\u00e3o na Guatemala.<\/p>\n<div id=\"attachment_175274\" style=\"width: 416px\" class=\"wp-caption alignleft\"><img aria-describedby=\"caption-attachment-175274\" loading=\"lazy\" class=\"wp-image-175274\" src=\"http:\/\/franciscanos.org.br\/wp-content\/uploads\/2018\/10\/guatemala_231018_1.jpg\" alt=\"guatemala_231018_1\" width=\"406\" height=\"304\" \/><p id=\"caption-attachment-175274\" class=\"wp-caption-text\">Participantes da delega\u00e7\u00e3o brasileira<\/p><\/div>\n<p><strong> A RELA\u00c7\u00c3O INSEPAR\u00c1VEL ENTRE JUSTI\u00c7A E PAZ<\/strong><\/p>\n<p>Outra confer\u00eancia da manh\u00e3 foi a de Frei Juan Carlos Tremino, da Nicar\u00e1gua. Ele trouxe a ilumina\u00e7\u00e3o b\u00edblica para o tema da Cultura da Paz, um dos eixos principais deste congresso. Primeiramente, recordou a origem do termo \u201cCultura de Paz\u201d, que data do fim da d\u00e9cada de 1980 e in\u00edcio de 1990, quando o mundo viveu o fim de importantes e longos conflitos. \u201cO termo \u2018cultura\u2019 vem do verbo \u2018cultivar\u2019, que significa zelar, cuidar com aten\u00e7\u00e3o dos valores que levam \u00e0 paz verdadeira\u201d, disse.<\/p>\n<p>\u201cA paz se constr\u00f3i na verdade e na justi\u00e7a, enquanto a viol\u00eancia se baseia na explora\u00e7\u00e3o, na manipula\u00e7\u00e3o, na falta de respeito pela vida, no ego\u00edsmo\u201d, recordou Frei Tremino. \u201cA viol\u00eancia faz mais barulho do que a paz, mas nem por isso devemos desanimar ou desistir\u201d, exortou.<br \/>\nAo apontar alguns elementos da ilumina\u00e7\u00e3o b\u00edblica, o frade destacou que, no Antigo Testamento, a Paz aparece designada pelo termo \u201cShalom\u201d, que sempre aponta para a justi\u00e7a, a harmonia e para o respeito aos direitos humanos.<\/p>\n<p>Na vis\u00e3o do Novo Testamento, aparece o termo grego \u201cIrene\u201d, e Cristo \u00e9 apresentado como a esperada Paz Messi\u00e2nica. Segundo Frei Tremino, tanto nas ep\u00edstolas quanto nos Evangelhos, a Paz aparece como tarefa fundamental a ser assumida pelos disc\u00edpulos. Relembrando o evento p\u00f3s-pascal do envio que o Ressuscitado faz de seus seguidores, narrado em Jo 20,19-21, o conferencista destacou: \u201cA partir do encontro com o Ressuscitado, a Paz come\u00e7a a se tornar viva no seio da comunidade crist\u00e3\u201d.<\/p>\n<p><strong> SURPRESA DURANTE A ORA\u00c7\u00c3O DA MANH\u00c3<\/strong><\/p>\n<p>Na primeira atividade do dia, os congressistas tiveram a alegria de receber a visita de algumas crian\u00e7as e adultos atendidas pela Obra Social Santo Irm\u00e3o Pedro. O trabalho, que j\u00e1 tem 37 anos, \u00e9 dirigido pelos frades da Prov\u00edncia Nossa Senhora de Guadalupe e realiza todos os anos milhares de atendimentos de sa\u00fade \u00e0 popula\u00e7\u00e3o mais pobre da Guatemala, al\u00e9m de cuidar integralmente de mais de 250 pessoas em estado de total depend\u00eancia e manter um centro de recupera\u00e7\u00e3o para dependentes qu\u00edmicos.<\/p>\n<p><strong>SANTO IRM\u00c3O PEDRO<\/strong><\/p>\n<p><img loading=\"lazy\" class=\"alignleft wp-image-175293 \" src=\"http:\/\/franciscanos.org.br\/wp-content\/uploads\/2018\/10\/jose_pedro.jpg\" alt=\"jose_pedro\" width=\"306\" height=\"409\" \/>O Irm\u00e3o Pedro de S\u00e3o Jos\u00e9 Betancurt foi canonizado por S\u00e3o Jo\u00e3o Paulo II no dia 30 de Julho, na cidade da Guatemala, na sua 3\u00aa visita apost\u00f3lica \u00e0 Guatemala.<\/p>\n<p>S\u00e3o Jo\u00e3o Paulo II reconheceu, no Irm\u00e3o Pedro Betancurt, que \u201co exemplo da sua vida e a eloqu\u00eancia da sua mensagem s\u00e3o um valioso contributo na constru\u00e7\u00e3o da sociedade que agora do terceiro mil\u00eanio\u201d. O Papa destacou ainda o \u201cgrande esp\u00edrito mission\u00e1rio\u201d de um homem \u201cque se entregou ao servi\u00e7o dos pobres e dos necessitados\u201d.<\/p>\n<p>Pedro de S\u00e3o Jos\u00e9 Betancurt, nascido em Tenerife, Ilhas Can\u00e1rias, a 18 de setembro de 1626, atravessou o Atl\u00e2ntico com 24 anos, para na Guatemala viver como mission\u00e1rio leigo. Ao ali chegar ter\u00e1 dito: \u201cAqui quero viver e morrer\u201d.<\/p>\n<p>Membro da Ordem Terceira de S\u00e3o Francisco, teve uma grave doen\u00e7a. Tempos passados a sua sa\u00fade se recuperou inesperadamente e foi ent\u00e3o que iniciou o seu apostolado junto dos \u00edndios nativos, dos que estivessem submetidos a trabalhos for\u00e7ados, dos imigrantes, dos \u00f3rf\u00e3os e dos abandonados.<\/p>\n<p>Criou o primeiro hospital, de que h\u00e1 mem\u00f3ria, para doentes convalescentes, deu especial aten\u00e7\u00e3o \u00e0 educa\u00e7\u00e3o de crian\u00e7as e escreveu o regulamento a seguir nesse trabalho em que, entretanto, era ajudado por algumas mulheres. Deram assim os primeiros passos para formar as Ordens masculina e feminina dos Bethlemitas.<\/p>\n<p>O Irm\u00e3o Pedro de S\u00e3o Jos\u00e9 Betancurt faleceu com 41 anos de idade, a 25 de abril de 1667.<\/p>\n","protected":false},"excerpt":{"rendered":"<p>III Congresso Mission\u00e1rio Franciscano da Am\u00e9rica Latina e do Caribe<\/p>\n","protected":false},"author":1,"featured_media":191215,"comment_status":"open","ping_status":"open","sticky":false,"template":"","format":"standard","meta":[],"categories":[1],"tags":[1121,397],"acf":[],"yoast_head":"<!-- This site is optimized with the Yoast SEO plugin v19.2 - https:\/\/yoast.com\/wordpress\/plugins\/seo\/ -->\n<title>Convers\u00e3o mission\u00e1ria para a justi\u00e7a e a paz - Not\u00edcias - Franciscanos<\/title>\n<meta name=\"robots\" content=\"index, follow, max-snippet:-1, max-image-preview:large, max-video-preview:-1\" \/>\n<link rel=\"canonical\" href=\"https:\/\/franciscanos.org.br\/noticias\/conversao-missionaria-para-a-justica-e-a-paz.html\" \/>\n<meta property=\"og:locale\" content=\"pt_BR\" \/>\n<meta property=\"og:type\" content=\"article\" \/>\n<meta property=\"og:title\" content=\"Convers\u00e3o mission\u00e1ria para a justi\u00e7a e a paz - Not\u00edcias - Franciscanos\" \/>\n<meta property=\"og:description\" content=\"III Congresso Mission\u00e1rio Franciscano da Am\u00e9rica Latina e do Caribe\" \/>\n<meta property=\"og:url\" content=\"https:\/\/franciscanos.org.br\/noticias\/conversao-missionaria-para-a-justica-e-a-paz.html\" \/>\n<meta property=\"og:site_name\" content=\"Not\u00edcias - Franciscanos\" \/>\n<meta property=\"article:published_time\" content=\"2018-10-23T22:08:41+00:00\" \/>\n<meta property=\"article:modified_time\" content=\"2020-06-06T21:12:45+00:00\" \/>\n<meta property=\"og:image\" content=\"https:\/\/franciscanos.org.br\/noticias\/wp-content\/uploads\/2018\/10\/guatemala_231018_d.jpg\" \/>\n\t<meta property=\"og:image:width\" content=\"273\" \/>\n\t<meta property=\"og:image:height\" content=\"181\" \/>\n\t<meta property=\"og:image:type\" content=\"image\/jpeg\" \/>\n<meta name=\"author\" content=\"admin\" \/>\n<meta name=\"twitter:card\" content=\"summary_large_image\" \/>\n<meta name=\"twitter:label1\" content=\"Escrito por\" \/>\n\t<meta name=\"twitter:data1\" content=\"admin\" \/>\n\t<meta name=\"twitter:label2\" content=\"Est. tempo de leitura\" \/>\n\t<meta name=\"twitter:data2\" content=\"5 minutos\" \/>\n<script type=\"application\/ld+json\" class=\"yoast-schema-graph\">{\"@context\":\"https:\/\/schema.org\",\"@graph\":[{\"@type\":\"WebSite\",\"@id\":\"https:\/\/franciscanos.org.br\/noticias\/#website\",\"url\":\"https:\/\/franciscanos.org.br\/noticias\/\",\"name\":\"Not\u00edcias - Franciscanos\",\"description\":\"Prov\u00edncia Franciscana da Imaculada Concei\u00e7\u00e3o do Brasil - Ordem dos Frades Menores - OFM\",\"potentialAction\":[{\"@type\":\"SearchAction\",\"target\":{\"@type\":\"EntryPoint\",\"urlTemplate\":\"https:\/\/franciscanos.org.br\/noticias\/?s={search_term_string}\"},\"query-input\":\"required name=search_term_string\"}],\"inLanguage\":\"pt-BR\"},{\"@type\":\"ImageObject\",\"inLanguage\":\"pt-BR\",\"@id\":\"https:\/\/franciscanos.org.br\/noticias\/conversao-missionaria-para-a-justica-e-a-paz.html#primaryimage\",\"url\":\"https:\/\/franciscanos.org.br\/noticias\/wp-content\/uploads\/2018\/10\/guatemala_231018_d.jpg\",\"contentUrl\":\"https:\/\/franciscanos.org.br\/noticias\/wp-content\/uploads\/2018\/10\/guatemala_231018_d.jpg\",\"width\":273,\"height\":181},{\"@type\":\"WebPage\",\"@id\":\"https:\/\/franciscanos.org.br\/noticias\/conversao-missionaria-para-a-justica-e-a-paz.html#webpage\",\"url\":\"https:\/\/franciscanos.org.br\/noticias\/conversao-missionaria-para-a-justica-e-a-paz.html\",\"name\":\"Convers\u00e3o mission\u00e1ria para a justi\u00e7a e a paz - Not\u00edcias - Franciscanos\",\"isPartOf\":{\"@id\":\"https:\/\/franciscanos.org.br\/noticias\/#website\"},\"primaryImageOfPage\":{\"@id\":\"https:\/\/franciscanos.org.br\/noticias\/conversao-missionaria-para-a-justica-e-a-paz.html#primaryimage\"},\"datePublished\":\"2018-10-23T22:08:41+00:00\",\"dateModified\":\"2020-06-06T21:12:45+00:00\",\"author\":{\"@id\":\"https:\/\/franciscanos.org.br\/noticias\/#\/schema\/person\/b38fbf43118f02820bd932f2e4b14ad3\"},\"breadcrumb\":{\"@id\":\"https:\/\/franciscanos.org.br\/noticias\/conversao-missionaria-para-a-justica-e-a-paz.html#breadcrumb\"},\"inLanguage\":\"pt-BR\",\"potentialAction\":[{\"@type\":\"ReadAction\",\"target\":[\"https:\/\/franciscanos.org.br\/noticias\/conversao-missionaria-para-a-justica-e-a-paz.html\"]}]},{\"@type\":\"BreadcrumbList\",\"@id\":\"https:\/\/franciscanos.org.br\/noticias\/conversao-missionaria-para-a-justica-e-a-paz.html#breadcrumb\",\"itemListElement\":[{\"@type\":\"ListItem\",\"position\":1,\"name\":\"Home\",\"item\":\"https:\/\/franciscanos.org.br\/noticias\"},{\"@type\":\"ListItem\",\"position\":2,\"name\":\"Convers\u00e3o mission\u00e1ria para a justi\u00e7a e a paz\"}]},{\"@type\":\"Person\",\"@id\":\"https:\/\/franciscanos.org.br\/noticias\/#\/schema\/person\/b38fbf43118f02820bd932f2e4b14ad3\",\"name\":\"admin\",\"image\":{\"@type\":\"ImageObject\",\"inLanguage\":\"pt-BR\",\"@id\":\"https:\/\/franciscanos.org.br\/noticias\/#\/schema\/person\/image\/\",\"url\":\"https:\/\/secure.gravatar.com\/avatar\/e8495742d34d0ba6448ea1c628263b3e?s=96&d=mm&r=g\",\"contentUrl\":\"https:\/\/secure.gravatar.com\/avatar\/e8495742d34d0ba6448ea1c628263b3e?s=96&d=mm&r=g\",\"caption\":\"admin\"},\"url\":\"https:\/\/franciscanos.org.br\/noticias\/author\/admin\"}]}<\/script>\n<!-- \/ Yoast SEO plugin. -->","yoast_head_json":{"title":"Convers\u00e3o mission\u00e1ria para a justi\u00e7a e a paz - Not\u00edcias - Franciscanos","robots":{"index":"index","follow":"follow","max-snippet":"max-snippet:-1","max-image-preview":"max-image-preview:large","max-video-preview":"max-video-preview:-1"},"canonical":"https:\/\/franciscanos.org.br\/noticias\/conversao-missionaria-para-a-justica-e-a-paz.html","og_locale":"pt_BR","og_type":"article","og_title":"Convers\u00e3o mission\u00e1ria para a justi\u00e7a e a paz - Not\u00edcias - Franciscanos","og_description":"III Congresso Mission\u00e1rio Franciscano da Am\u00e9rica Latina e do Caribe","og_url":"https:\/\/franciscanos.org.br\/noticias\/conversao-missionaria-para-a-justica-e-a-paz.html","og_site_name":"Not\u00edcias - Franciscanos","article_published_time":"2018-10-23T22:08:41+00:00","article_modified_time":"2020-06-06T21:12:45+00:00","og_image":[{"width":273,"height":181,"url":"https:\/\/franciscanos.org.br\/noticias\/wp-content\/uploads\/2018\/10\/guatemala_231018_d.jpg","type":"image\/jpeg"}],"author":"admin","twitter_card":"summary_large_image","twitter_misc":{"Escrito por":"admin","Est. tempo de leitura":"5 minutos"},"schema":{"@context":"https:\/\/schema.org","@graph":[{"@type":"WebSite","@id":"https:\/\/franciscanos.org.br\/noticias\/#website","url":"https:\/\/franciscanos.org.br\/noticias\/","name":"Not\u00edcias - Franciscanos","description":"Prov\u00edncia Franciscana da Imaculada Concei\u00e7\u00e3o do Brasil - Ordem dos Frades Menores - OFM","potentialAction":[{"@type":"SearchAction","target":{"@type":"EntryPoint","urlTemplate":"https:\/\/franciscanos.org.br\/noticias\/?s={search_term_string}"},"query-input":"required name=search_term_string"}],"inLanguage":"pt-BR"},{"@type":"ImageObject","inLanguage":"pt-BR","@id":"https:\/\/franciscanos.org.br\/noticias\/conversao-missionaria-para-a-justica-e-a-paz.html#primaryimage","url":"https:\/\/franciscanos.org.br\/noticias\/wp-content\/uploads\/2018\/10\/guatemala_231018_d.jpg","contentUrl":"https:\/\/franciscanos.org.br\/noticias\/wp-content\/uploads\/2018\/10\/guatemala_231018_d.jpg","width":273,"height":181},{"@type":"WebPage","@id":"https:\/\/franciscanos.org.br\/noticias\/conversao-missionaria-para-a-justica-e-a-paz.html#webpage","url":"https:\/\/franciscanos.org.br\/noticias\/conversao-missionaria-para-a-justica-e-a-paz.html","name":"Convers\u00e3o mission\u00e1ria para a justi\u00e7a e a paz - Not\u00edcias - Franciscanos","isPartOf":{"@id":"https:\/\/franciscanos.org.br\/noticias\/#website"},"primaryImageOfPage":{"@id":"https:\/\/franciscanos.org.br\/noticias\/conversao-missionaria-para-a-justica-e-a-paz.html#primaryimage"},"datePublished":"2018-10-23T22:08:41+00:00","dateModified":"2020-06-06T21:12:45+00:00","author":{"@id":"https:\/\/franciscanos.org.br\/noticias\/#\/schema\/person\/b38fbf43118f02820bd932f2e4b14ad3"},"breadcrumb":{"@id":"https:\/\/franciscanos.org.br\/noticias\/conversao-missionaria-para-a-justica-e-a-paz.html#breadcrumb"},"inLanguage":"pt-BR","potentialAction":[{"@type":"ReadAction","target":["https:\/\/franciscanos.org.br\/noticias\/conversao-missionaria-para-a-justica-e-a-paz.html"]}]},{"@type":"BreadcrumbList","@id":"https:\/\/franciscanos.org.br\/noticias\/conversao-missionaria-para-a-justica-e-a-paz.html#breadcrumb","itemListElement":[{"@type":"ListItem","position":1,"name":"Home","item":"https:\/\/franciscanos.org.br\/noticias"},{"@type":"ListItem","position":2,"name":"Convers\u00e3o mission\u00e1ria para a justi\u00e7a e a paz"}]},{"@type":"Person","@id":"https:\/\/franciscanos.org.br\/noticias\/#\/schema\/person\/b38fbf43118f02820bd932f2e4b14ad3","name":"admin","image":{"@type":"ImageObject","inLanguage":"pt-BR","@id":"https:\/\/franciscanos.org.br\/noticias\/#\/schema\/person\/image\/","url":"https:\/\/secure.gravatar.com\/avatar\/e8495742d34d0ba6448ea1c628263b3e?s=96&d=mm&r=g","contentUrl":"https:\/\/secure.gravatar.com\/avatar\/e8495742d34d0ba6448ea1c628263b3e?s=96&d=mm&r=g","caption":"admin"},"url":"https:\/\/franciscanos.org.br\/noticias\/author\/admin"}]}},"_links":{"self":[{"href":"https:\/\/franciscanos.org.br\/noticias\/wp-json\/wp\/v2\/posts\/187720"}],"collection":[{"href":"https:\/\/franciscanos.org.br\/noticias\/wp-json\/wp\/v2\/posts"}],"about":[{"href":"https:\/\/franciscanos.org.br\/noticias\/wp-json\/wp\/v2\/types\/post"}],"author":[{"embeddable":true,"href":"https:\/\/franciscanos.org.br\/noticias\/wp-json\/wp\/v2\/users\/1"}],"replies":[{"embeddable":true,"href":"https:\/\/franciscanos.org.br\/noticias\/wp-json\/wp\/v2\/comments?post=187720"}],"version-history":[{"count":1,"href":"https:\/\/franciscanos.org.br\/noticias\/wp-json\/wp\/v2\/posts\/187720\/revisions"}],"predecessor-version":[{"id":224732,"href":"https:\/\/franciscanos.org.br\/noticias\/wp-json\/wp\/v2\/posts\/187720\/revisions\/224732"}],"wp:featuredmedia":[{"embeddable":true,"href":"https:\/\/franciscanos.org.br\/noticias\/wp-json\/wp\/v2\/media\/191215"}],"wp:attachment":[{"href":"https:\/\/franciscanos.org.br\/noticias\/wp-json\/wp\/v2\/media?parent=187720"}],"wp:term":[{"taxonomy":"category","embeddable":true,"href":"https:\/\/franciscanos.org.br\/noticias\/wp-json\/wp\/v2\/categories?post=187720"},{"taxonomy":"post_tag","embeddable":true,"href":"https:\/\/franciscanos.org.br\/noticias\/wp-json\/wp\/v2\/tags?post=187720"}],"curies":[{"name":"wp","href":"https:\/\/api.w.org\/{rel}","templated":true}]}}