{"id":187718,"date":"2018-10-23T08:14:58","date_gmt":"2018-10-23T11:14:58","guid":{"rendered":"http:\/\/franciscanos.org.br\/?p=175157"},"modified":"2020-01-17T09:19:27","modified_gmt":"2020-01-17T12:19:27","slug":"a-esperanca-e-concreta-viver-para-encontrar-jesus","status":"publish","type":"post","link":"https:\/\/franciscanos.org.br\/noticias\/a-esperanca-e-concreta-viver-para-encontrar-jesus.html","title":{"rendered":"A esperan\u00e7a \u00e9 concreta: viver para encontrar Jesus"},"content":{"rendered":"<p><img loading=\"lazy\" class=\"alignleft\" src=\"http:\/\/franciscanos.org.br\/wp-content\/uploads\/2018\/10\/marta_231018.jpg\" alt=\"marta_231018\" width=\"820\" height=\"461\" \/><\/p>\n<p><strong>Cidade do Vaticano &#8211;<\/strong> A mulher gr\u00e1vida que espera feliz o encontro com o filho e todos os dias toca a barriga para acarici\u00e1-lo. Esta \u00e9 a imagem usada pelo Papa Francisco para explicar o que \u00e9 a esperan\u00e7a, na homilia da missa celebrada esta manh\u00e3 (23\/10) na Casa Santa Marta. A esperan\u00e7a, portanto, \u00e9 viver em vista do encontro concreto com Jesus.<\/p>\n<p>No in\u00edcio da homilia, o Pont\u00edfice refletiu sobre duas palavras da mensagem lit\u00fargica de hoje: \u201ccidadania\u201d e \u201cheran\u00e7a\u201d. Na Carta de S\u00e3o Paulo aos Ef\u00e9sios, se fala de Deus que fez um presente, nos tornou \u201ccidad\u00e3os\u201d, que consiste em ter nos dado uma identidade, \u201cuma carteira de identidade\u201d. Em Jesus, de fato, Deus \u201caboliu a Lei\u201d para nos reconciliar, eliminando a inimizade, de modo que podemos nos apresentar, uns aos outros, ao Pai num s\u00f3 Esp\u00edrito\u201d, isto \u00e9, \u201cnos fez um\u201d. Assim, somos concidad\u00e3os dos santos em Jesus, destacou o Papa.<\/p>\n<p>Deus, portanto, \u201cnos faz caminhar\u201d rumo \u00e0 heran\u00e7a com esta certeza de sermos \u201cconcidad\u00e3os\u201d e que \u201cDeus est\u00e1 conosco\u201d. E a heran\u00e7a, explicou Francisco, \u201c\u00e9 o que buscamos no nosso caminho, o que receberemos no final\u201d. Mas \u00e9 preciso busc\u00e1-la todos os dias e o que nos leva avante no caminho da nossa identidade rumo \u00e0 heran\u00e7a \u00e9 justamente a esperan\u00e7a, \u201ctalvez a menor virtude, talvez a mais dif\u00edcil de entender\u201d.<\/p>\n<p><strong>O que \u00e9 a esperan\u00e7a?<\/strong><\/p>\n<p>F\u00e9, esperan\u00e7a e caridade s\u00e3o um dom. A f\u00e9 \u00e9 f\u00e1cil de compreender, assim como a caridade. Mas o que \u00e9 a esperan\u00e7a?\u201d, questionou Francisco, destacando que sim, \u00e9 esperar o C\u00e9u, \u201cencontrar os santos\u201d, \u201cuma felicidade eterna\u201d. \u201cMas o que \u00e9 o c\u00e9u para voc\u00ea?\u201d, perguntou ainda o Papa:<\/p>\n<p>Viver na esperan\u00e7a \u00e9 caminhar, sim, rumo a um pr\u00eamio, rumo \u00e0 felicidade que n\u00e3o temos aqui, mas teremos l\u00e1 \u2026 \u00e9 uma virtude dif\u00edcil de entender. \u00c9 uma virtude humilde, muito humilde. \u00c9 uma virtude que jamais desilude: se voc\u00ea espera, jamais ficar\u00e1 desiludido. Jamais, jamais. \u00c9 tamb\u00e9m uma virtude concreta. \u201cMas como pode ser concreta, se eu n\u00e3o conhe\u00e7o o C\u00e9u e o que me espera?\u201d. A esperan\u00e7a. A heran\u00e7a mostra que \u00e9 a esperan\u00e7a em algo, n\u00e3o \u00e9 uma ideia, n\u00e3o \u00e9 estar num belo lugar&#8230;n\u00e3o. \u00c9 um encontro. Jesus sempre destaca esta parte da esperan\u00e7a, este estar \u00e0 espera, encontrar.<\/p>\n<p><strong>Gravidez<\/strong><\/p>\n<p>No Evangelho de hoje (Lc 12,35-38), a esperan\u00e7a consiste no encontro com o senhor quando volta da festa do casamento. Portanto, \u00e9 sempre um encontro com o Senhor, algo concreto. E para explicar, o Papa fez este exemplo:<\/p>\n<p>Vem-me \u00e0 mente, quando penso na esperan\u00e7a, uma imagem: a mulher gr\u00e1vida, a mulher que espera uma crian\u00e7a. Vai ao m\u00e9dico, mostra a ecografia \u2013 \u201cah, sim, a crian\u00e7a\u2026 tudo bem\u201d \u2026 N\u00e3o! Est\u00e1 feliz! E todos os dias toca a barriga para acariciar aquela crian\u00e7a, est\u00e1 \u00e0 espera da crian\u00e7a, vive esperando aquele filho. Esta imagem pode nos ajudar a entender o que \u00e9 a esperan\u00e7a: viver para aquele encontro. Aquela mulher imagina como ser\u00e3o os olhos do filho, como ser\u00e1 o sorriso, como ser\u00e1, loiro ou moreno&#8230;mas imagina o encontro com o filho. Imagina o encontro com o filho.<\/p>\n<p><strong>Sabedoria dos pequenos encontros<\/strong><\/p>\n<p>Esta imagem, portanto, pode nos ajudar a entender o que \u00e9 a esperan\u00e7a e a nos fazer algumas perguntas, prosseguiu Francisco:<\/p>\n<p>\u201cEu espero assim, concretamente, ou espero um pouco no ar, um pouco gnosticamente?\u201d. A esperan\u00e7a \u00e9 concreta, \u00e9 de todos os dias porque \u00e9 um encontro. E todas as vezes que encontramos Jesus na Eucaristia, na ora\u00e7\u00e3o, no Evangelho, nos pobres, na vida comunit\u00e1ria, todas as vezes damos um passo a mais rumo a este encontro definitivo. A sabedoria de se alegrar com os pequenos encontros da vida com Jesus, preparando aquele encontro definitivo.<\/p>\n<p>Concluindo, Francisco destacou ainda que a heran\u00e7a \u00e9 a for\u00e7a com a qual o Esp\u00edrito Santo \u201cnos leva avante com a esperan\u00e7a\u201d e exorta a nos questionar se como crist\u00e3os esperamos como heran\u00e7a um C\u00e9u abstrato ou um encontro.<\/p>\n","protected":false},"excerpt":{"rendered":"<p>Missa em Santa Marta<\/p>\n","protected":false},"author":1,"featured_media":191221,"comment_status":"open","ping_status":"open","sticky":false,"template":"","format":"standard","meta":[],"categories":[1428],"tags":[829],"acf":[],"yoast_head":"<!-- This site is optimized with the Yoast SEO plugin v19.2 - https:\/\/yoast.com\/wordpress\/plugins\/seo\/ -->\n<title>A esperan\u00e7a \u00e9 concreta: viver para encontrar Jesus - Not\u00edcias - Franciscanos<\/title>\n<meta name=\"robots\" content=\"index, follow, max-snippet:-1, max-image-preview:large, max-video-preview:-1\" \/>\n<link rel=\"canonical\" href=\"https:\/\/franciscanos.org.br\/noticias\/a-esperanca-e-concreta-viver-para-encontrar-jesus.html\" \/>\n<meta property=\"og:locale\" content=\"pt_BR\" \/>\n<meta property=\"og:type\" content=\"article\" \/>\n<meta property=\"og:title\" content=\"A esperan\u00e7a \u00e9 concreta: viver para encontrar Jesus - Not\u00edcias - Franciscanos\" \/>\n<meta property=\"og:description\" content=\"Missa em Santa Marta\" \/>\n<meta property=\"og:url\" content=\"https:\/\/franciscanos.org.br\/noticias\/a-esperanca-e-concreta-viver-para-encontrar-jesus.html\" \/>\n<meta property=\"og:site_name\" content=\"Not\u00edcias - Franciscanos\" \/>\n<meta property=\"article:published_time\" content=\"2018-10-23T11:14:58+00:00\" \/>\n<meta property=\"article:modified_time\" content=\"2020-01-17T12:19:27+00:00\" \/>\n<meta property=\"og:image\" content=\"https:\/\/franciscanos.org.br\/noticias\/wp-content\/uploads\/2018\/10\/marta_231018.jpg\" \/>\n\t<meta property=\"og:image:width\" content=\"273\" \/>\n\t<meta property=\"og:image:height\" content=\"181\" \/>\n\t<meta property=\"og:image:type\" content=\"image\/jpeg\" \/>\n<meta name=\"author\" content=\"admin\" \/>\n<meta name=\"twitter:card\" content=\"summary_large_image\" \/>\n<meta name=\"twitter:label1\" content=\"Escrito por\" \/>\n\t<meta name=\"twitter:data1\" content=\"admin\" \/>\n\t<meta name=\"twitter:label2\" content=\"Est. tempo de leitura\" \/>\n\t<meta name=\"twitter:data2\" content=\"3 minutos\" \/>\n<script type=\"application\/ld+json\" class=\"yoast-schema-graph\">{\"@context\":\"https:\/\/schema.org\",\"@graph\":[{\"@type\":\"WebSite\",\"@id\":\"https:\/\/franciscanos.org.br\/noticias\/#website\",\"url\":\"https:\/\/franciscanos.org.br\/noticias\/\",\"name\":\"Not\u00edcias - Franciscanos\",\"description\":\"Prov\u00edncia Franciscana da Imaculada Concei\u00e7\u00e3o do Brasil - Ordem dos Frades Menores - OFM\",\"potentialAction\":[{\"@type\":\"SearchAction\",\"target\":{\"@type\":\"EntryPoint\",\"urlTemplate\":\"https:\/\/franciscanos.org.br\/noticias\/?s={search_term_string}\"},\"query-input\":\"required name=search_term_string\"}],\"inLanguage\":\"pt-BR\"},{\"@type\":\"ImageObject\",\"inLanguage\":\"pt-BR\",\"@id\":\"https:\/\/franciscanos.org.br\/noticias\/a-esperanca-e-concreta-viver-para-encontrar-jesus.html#primaryimage\",\"url\":\"https:\/\/franciscanos.org.br\/noticias\/wp-content\/uploads\/2018\/10\/marta_231018.jpg\",\"contentUrl\":\"https:\/\/franciscanos.org.br\/noticias\/wp-content\/uploads\/2018\/10\/marta_231018.jpg\",\"width\":273,\"height\":181},{\"@type\":\"WebPage\",\"@id\":\"https:\/\/franciscanos.org.br\/noticias\/a-esperanca-e-concreta-viver-para-encontrar-jesus.html#webpage\",\"url\":\"https:\/\/franciscanos.org.br\/noticias\/a-esperanca-e-concreta-viver-para-encontrar-jesus.html\",\"name\":\"A esperan\u00e7a \u00e9 concreta: viver para encontrar Jesus - Not\u00edcias - Franciscanos\",\"isPartOf\":{\"@id\":\"https:\/\/franciscanos.org.br\/noticias\/#website\"},\"primaryImageOfPage\":{\"@id\":\"https:\/\/franciscanos.org.br\/noticias\/a-esperanca-e-concreta-viver-para-encontrar-jesus.html#primaryimage\"},\"datePublished\":\"2018-10-23T11:14:58+00:00\",\"dateModified\":\"2020-01-17T12:19:27+00:00\",\"author\":{\"@id\":\"https:\/\/franciscanos.org.br\/noticias\/#\/schema\/person\/b38fbf43118f02820bd932f2e4b14ad3\"},\"breadcrumb\":{\"@id\":\"https:\/\/franciscanos.org.br\/noticias\/a-esperanca-e-concreta-viver-para-encontrar-jesus.html#breadcrumb\"},\"inLanguage\":\"pt-BR\",\"potentialAction\":[{\"@type\":\"ReadAction\",\"target\":[\"https:\/\/franciscanos.org.br\/noticias\/a-esperanca-e-concreta-viver-para-encontrar-jesus.html\"]}]},{\"@type\":\"BreadcrumbList\",\"@id\":\"https:\/\/franciscanos.org.br\/noticias\/a-esperanca-e-concreta-viver-para-encontrar-jesus.html#breadcrumb\",\"itemListElement\":[{\"@type\":\"ListItem\",\"position\":1,\"name\":\"Home\",\"item\":\"https:\/\/franciscanos.org.br\/noticias\"},{\"@type\":\"ListItem\",\"position\":2,\"name\":\"A esperan\u00e7a \u00e9 concreta: viver para encontrar Jesus\"}]},{\"@type\":\"Person\",\"@id\":\"https:\/\/franciscanos.org.br\/noticias\/#\/schema\/person\/b38fbf43118f02820bd932f2e4b14ad3\",\"name\":\"admin\",\"image\":{\"@type\":\"ImageObject\",\"inLanguage\":\"pt-BR\",\"@id\":\"https:\/\/franciscanos.org.br\/noticias\/#\/schema\/person\/image\/\",\"url\":\"https:\/\/secure.gravatar.com\/avatar\/e8495742d34d0ba6448ea1c628263b3e?s=96&d=mm&r=g\",\"contentUrl\":\"https:\/\/secure.gravatar.com\/avatar\/e8495742d34d0ba6448ea1c628263b3e?s=96&d=mm&r=g\",\"caption\":\"admin\"},\"url\":\"https:\/\/franciscanos.org.br\/noticias\/author\/admin\"}]}<\/script>\n<!-- \/ Yoast SEO plugin. -->","yoast_head_json":{"title":"A esperan\u00e7a \u00e9 concreta: viver para encontrar Jesus - Not\u00edcias - Franciscanos","robots":{"index":"index","follow":"follow","max-snippet":"max-snippet:-1","max-image-preview":"max-image-preview:large","max-video-preview":"max-video-preview:-1"},"canonical":"https:\/\/franciscanos.org.br\/noticias\/a-esperanca-e-concreta-viver-para-encontrar-jesus.html","og_locale":"pt_BR","og_type":"article","og_title":"A esperan\u00e7a \u00e9 concreta: viver para encontrar Jesus - Not\u00edcias - Franciscanos","og_description":"Missa em Santa Marta","og_url":"https:\/\/franciscanos.org.br\/noticias\/a-esperanca-e-concreta-viver-para-encontrar-jesus.html","og_site_name":"Not\u00edcias - Franciscanos","article_published_time":"2018-10-23T11:14:58+00:00","article_modified_time":"2020-01-17T12:19:27+00:00","og_image":[{"width":273,"height":181,"url":"https:\/\/franciscanos.org.br\/noticias\/wp-content\/uploads\/2018\/10\/marta_231018.jpg","type":"image\/jpeg"}],"author":"admin","twitter_card":"summary_large_image","twitter_misc":{"Escrito por":"admin","Est. tempo de leitura":"3 minutos"},"schema":{"@context":"https:\/\/schema.org","@graph":[{"@type":"WebSite","@id":"https:\/\/franciscanos.org.br\/noticias\/#website","url":"https:\/\/franciscanos.org.br\/noticias\/","name":"Not\u00edcias - Franciscanos","description":"Prov\u00edncia Franciscana da Imaculada Concei\u00e7\u00e3o do Brasil - Ordem dos Frades Menores - OFM","potentialAction":[{"@type":"SearchAction","target":{"@type":"EntryPoint","urlTemplate":"https:\/\/franciscanos.org.br\/noticias\/?s={search_term_string}"},"query-input":"required name=search_term_string"}],"inLanguage":"pt-BR"},{"@type":"ImageObject","inLanguage":"pt-BR","@id":"https:\/\/franciscanos.org.br\/noticias\/a-esperanca-e-concreta-viver-para-encontrar-jesus.html#primaryimage","url":"https:\/\/franciscanos.org.br\/noticias\/wp-content\/uploads\/2018\/10\/marta_231018.jpg","contentUrl":"https:\/\/franciscanos.org.br\/noticias\/wp-content\/uploads\/2018\/10\/marta_231018.jpg","width":273,"height":181},{"@type":"WebPage","@id":"https:\/\/franciscanos.org.br\/noticias\/a-esperanca-e-concreta-viver-para-encontrar-jesus.html#webpage","url":"https:\/\/franciscanos.org.br\/noticias\/a-esperanca-e-concreta-viver-para-encontrar-jesus.html","name":"A esperan\u00e7a \u00e9 concreta: viver para encontrar Jesus - Not\u00edcias - Franciscanos","isPartOf":{"@id":"https:\/\/franciscanos.org.br\/noticias\/#website"},"primaryImageOfPage":{"@id":"https:\/\/franciscanos.org.br\/noticias\/a-esperanca-e-concreta-viver-para-encontrar-jesus.html#primaryimage"},"datePublished":"2018-10-23T11:14:58+00:00","dateModified":"2020-01-17T12:19:27+00:00","author":{"@id":"https:\/\/franciscanos.org.br\/noticias\/#\/schema\/person\/b38fbf43118f02820bd932f2e4b14ad3"},"breadcrumb":{"@id":"https:\/\/franciscanos.org.br\/noticias\/a-esperanca-e-concreta-viver-para-encontrar-jesus.html#breadcrumb"},"inLanguage":"pt-BR","potentialAction":[{"@type":"ReadAction","target":["https:\/\/franciscanos.org.br\/noticias\/a-esperanca-e-concreta-viver-para-encontrar-jesus.html"]}]},{"@type":"BreadcrumbList","@id":"https:\/\/franciscanos.org.br\/noticias\/a-esperanca-e-concreta-viver-para-encontrar-jesus.html#breadcrumb","itemListElement":[{"@type":"ListItem","position":1,"name":"Home","item":"https:\/\/franciscanos.org.br\/noticias"},{"@type":"ListItem","position":2,"name":"A esperan\u00e7a \u00e9 concreta: viver para encontrar Jesus"}]},{"@type":"Person","@id":"https:\/\/franciscanos.org.br\/noticias\/#\/schema\/person\/b38fbf43118f02820bd932f2e4b14ad3","name":"admin","image":{"@type":"ImageObject","inLanguage":"pt-BR","@id":"https:\/\/franciscanos.org.br\/noticias\/#\/schema\/person\/image\/","url":"https:\/\/secure.gravatar.com\/avatar\/e8495742d34d0ba6448ea1c628263b3e?s=96&d=mm&r=g","contentUrl":"https:\/\/secure.gravatar.com\/avatar\/e8495742d34d0ba6448ea1c628263b3e?s=96&d=mm&r=g","caption":"admin"},"url":"https:\/\/franciscanos.org.br\/noticias\/author\/admin"}]}},"_links":{"self":[{"href":"https:\/\/franciscanos.org.br\/noticias\/wp-json\/wp\/v2\/posts\/187718"}],"collection":[{"href":"https:\/\/franciscanos.org.br\/noticias\/wp-json\/wp\/v2\/posts"}],"about":[{"href":"https:\/\/franciscanos.org.br\/noticias\/wp-json\/wp\/v2\/types\/post"}],"author":[{"embeddable":true,"href":"https:\/\/franciscanos.org.br\/noticias\/wp-json\/wp\/v2\/users\/1"}],"replies":[{"embeddable":true,"href":"https:\/\/franciscanos.org.br\/noticias\/wp-json\/wp\/v2\/comments?post=187718"}],"version-history":[{"count":0,"href":"https:\/\/franciscanos.org.br\/noticias\/wp-json\/wp\/v2\/posts\/187718\/revisions"}],"wp:featuredmedia":[{"embeddable":true,"href":"https:\/\/franciscanos.org.br\/noticias\/wp-json\/wp\/v2\/media\/191221"}],"wp:attachment":[{"href":"https:\/\/franciscanos.org.br\/noticias\/wp-json\/wp\/v2\/media?parent=187718"}],"wp:term":[{"taxonomy":"category","embeddable":true,"href":"https:\/\/franciscanos.org.br\/noticias\/wp-json\/wp\/v2\/categories?post=187718"},{"taxonomy":"post_tag","embeddable":true,"href":"https:\/\/franciscanos.org.br\/noticias\/wp-json\/wp\/v2\/tags?post=187718"}],"curies":[{"name":"wp","href":"https:\/\/api.w.org\/{rel}","templated":true}]}}