{"id":187716,"date":"2018-10-22T00:50:18","date_gmt":"2018-10-22T03:50:18","guid":{"rendered":"http:\/\/franciscanos.org.br\/?p=175149"},"modified":"2020-06-06T18:16:25","modified_gmt":"2020-06-06T21:16:25","slug":"bom-jesus-promove-tempo-franciscano-2018","status":"publish","type":"post","link":"https:\/\/franciscanos.org.br\/noticias\/bom-jesus-promove-tempo-franciscano-2018.html","title":{"rendered":"Col\u00e9gio Bom Jesus promove &#8220;Tempo Franciscano 2018&#8221;"},"content":{"rendered":"<p><img loading=\"lazy\" class=\"aligncenter\" src=\"http:\/\/franciscanos.org.br\/wp-content\/uploads\/2018\/10\/bomjesus_231018.jpg\" alt=\"bomjesus_231018\" width=\"862\" height=\"559\" \/><\/p>\n<p>&#8220;S\u00e3o Francisco de Assis \u2013 Minoridade, Fraternidade e Paz&#8221; foi o tema escolhido para o Tempo Franciscano, um projeto do Col\u00e9gio Bom Jesus realizado nos meses de setembro e outubro. As atividades propostas e desenvolvidas com a comunidade escolar da Educa\u00e7\u00e3o Infantil ao Ensino M\u00e9dio promoveram momentos para a reflex\u00e3o sobre a import\u00e2ncia da mem\u00f3ria e da celebra\u00e7\u00e3o de S\u00e3o Francisco de Assis, referencial humano e religioso por excel\u00eancia.<\/p>\n<p>De acordo com o coordenador do Tempo Franciscano, Frei Claudino Gilz <strong>(foto acima)<\/strong>, os objetivos do projeto foram alcan\u00e7ados com muita excel\u00eancia, visto que em cada Unidade do Col\u00e9gio Bom Jesus foram desenvolvidas, com o apoio dos gestores, assessores pedag\u00f3gicos e professores de Ensino Religioso, diversas atividades relacionadas ao tema \u201cMinoridade, Fraternidade e Paz\u201d.<\/p>\n<p><img loading=\"lazy\" class=\"aligncenter\" src=\"http:\/\/franciscanos.org.br\/wp-content\/uploads\/2018\/10\/bomjesus_231018_1.jpg\" alt=\"bomjesus_231018_1\" width=\"862\" height=\"473\" \/><\/p>\n<p style=\"text-align: center;\"><em>Frei Gabriel Vargas, na unidade do Bom Jesus da Aldeia<\/em><\/p>\n<p>De acordo com Frei Claudino Gilz, coordenador do Projeto Tempo Franciscano, \u201ca virtude da minoridade se fundamenta em um dos ensinamentos de S\u00e3o Francisco, que assim recomendava: \u2018os que est\u00e3o constitu\u00eddos sobre os outros n\u00e3o se vangloriem dessa superioridade mais do que se estivessem encarregados de lavar-lhes os p\u00e9s\u2019\u201d. Dessa maneira, continua Frei Claudino, \u201ca virtude da fraternidade se evidencia \u00e0 medida que as pessoas se unem \u00e0 luz de uma mesma inspira\u00e7\u00e3o, seja ela com base no Evangelho de Jesus Cristo, seja ela de cunho humanit\u00e1rio&#8221;.<\/p>\n<p><img loading=\"lazy\" class=\"aligncenter\" src=\"http:\/\/franciscanos.org.br\/wp-content\/uploads\/2018\/10\/bomjesus_231018_2.jpg\" alt=\"bomjesus_231018_2\" width=\"863\" height=\"631\" \/><\/p>\n<p style=\"text-align: center;\"><em>Na foto acima, Dom Severino Clasen, bispo de Ca\u00e7ador, aben\u00e7oa os animais no Col\u00e9gio Bom Jesus da cidade.<\/em><\/p>\n","protected":false},"excerpt":{"rendered":"<p>Frente da Educa\u00e7\u00e3o<\/p>\n","protected":false},"author":1,"featured_media":191300,"comment_status":"open","ping_status":"open","sticky":false,"template":"","format":"standard","meta":[],"categories":[1],"tags":[260,1116],"acf":[],"yoast_head":"<!-- This site is optimized with the Yoast SEO plugin v19.2 - https:\/\/yoast.com\/wordpress\/plugins\/seo\/ -->\n<title>Col\u00e9gio Bom Jesus promove &quot;Tempo Franciscano 2018&quot; - Not\u00edcias - Franciscanos<\/title>\n<meta name=\"robots\" content=\"index, follow, max-snippet:-1, max-image-preview:large, max-video-preview:-1\" \/>\n<link rel=\"canonical\" href=\"https:\/\/franciscanos.org.br\/noticias\/bom-jesus-promove-tempo-franciscano-2018.html\" \/>\n<meta property=\"og:locale\" content=\"pt_BR\" \/>\n<meta property=\"og:type\" content=\"article\" \/>\n<meta property=\"og:title\" content=\"Col\u00e9gio Bom Jesus promove &quot;Tempo Franciscano 2018&quot; - Not\u00edcias - Franciscanos\" \/>\n<meta property=\"og:description\" content=\"Frente da Educa\u00e7\u00e3o\" \/>\n<meta property=\"og:url\" content=\"https:\/\/franciscanos.org.br\/noticias\/bom-jesus-promove-tempo-franciscano-2018.html\" \/>\n<meta property=\"og:site_name\" content=\"Not\u00edcias - Franciscanos\" \/>\n<meta property=\"article:published_time\" content=\"2018-10-22T03:50:18+00:00\" \/>\n<meta property=\"article:modified_time\" content=\"2020-06-06T21:16:25+00:00\" \/>\n<meta property=\"og:image\" content=\"https:\/\/franciscanos.org.br\/noticias\/wp-content\/uploads\/2018\/10\/bomjesus_231018.jpg\" \/>\n\t<meta property=\"og:image:width\" content=\"273\" \/>\n\t<meta property=\"og:image:height\" content=\"181\" \/>\n\t<meta property=\"og:image:type\" content=\"image\/jpeg\" \/>\n<meta name=\"author\" content=\"admin\" \/>\n<meta name=\"twitter:card\" content=\"summary_large_image\" \/>\n<meta name=\"twitter:label1\" content=\"Escrito por\" \/>\n\t<meta name=\"twitter:data1\" content=\"admin\" \/>\n\t<meta name=\"twitter:label2\" content=\"Est. tempo de leitura\" \/>\n\t<meta name=\"twitter:data2\" content=\"1 minuto\" \/>\n<script type=\"application\/ld+json\" class=\"yoast-schema-graph\">{\"@context\":\"https:\/\/schema.org\",\"@graph\":[{\"@type\":\"WebSite\",\"@id\":\"https:\/\/franciscanos.org.br\/noticias\/#website\",\"url\":\"https:\/\/franciscanos.org.br\/noticias\/\",\"name\":\"Not\u00edcias - Franciscanos\",\"description\":\"Prov\u00edncia Franciscana da Imaculada Concei\u00e7\u00e3o do Brasil - Ordem dos Frades Menores - OFM\",\"potentialAction\":[{\"@type\":\"SearchAction\",\"target\":{\"@type\":\"EntryPoint\",\"urlTemplate\":\"https:\/\/franciscanos.org.br\/noticias\/?s={search_term_string}\"},\"query-input\":\"required name=search_term_string\"}],\"inLanguage\":\"pt-BR\"},{\"@type\":\"ImageObject\",\"inLanguage\":\"pt-BR\",\"@id\":\"https:\/\/franciscanos.org.br\/noticias\/bom-jesus-promove-tempo-franciscano-2018.html#primaryimage\",\"url\":\"https:\/\/franciscanos.org.br\/noticias\/wp-content\/uploads\/2018\/10\/bomjesus_231018.jpg\",\"contentUrl\":\"https:\/\/franciscanos.org.br\/noticias\/wp-content\/uploads\/2018\/10\/bomjesus_231018.jpg\",\"width\":273,\"height\":181},{\"@type\":\"WebPage\",\"@id\":\"https:\/\/franciscanos.org.br\/noticias\/bom-jesus-promove-tempo-franciscano-2018.html#webpage\",\"url\":\"https:\/\/franciscanos.org.br\/noticias\/bom-jesus-promove-tempo-franciscano-2018.html\",\"name\":\"Col\u00e9gio Bom Jesus promove \\\"Tempo Franciscano 2018\\\" - Not\u00edcias - Franciscanos\",\"isPartOf\":{\"@id\":\"https:\/\/franciscanos.org.br\/noticias\/#website\"},\"primaryImageOfPage\":{\"@id\":\"https:\/\/franciscanos.org.br\/noticias\/bom-jesus-promove-tempo-franciscano-2018.html#primaryimage\"},\"datePublished\":\"2018-10-22T03:50:18+00:00\",\"dateModified\":\"2020-06-06T21:16:25+00:00\",\"author\":{\"@id\":\"https:\/\/franciscanos.org.br\/noticias\/#\/schema\/person\/b38fbf43118f02820bd932f2e4b14ad3\"},\"breadcrumb\":{\"@id\":\"https:\/\/franciscanos.org.br\/noticias\/bom-jesus-promove-tempo-franciscano-2018.html#breadcrumb\"},\"inLanguage\":\"pt-BR\",\"potentialAction\":[{\"@type\":\"ReadAction\",\"target\":[\"https:\/\/franciscanos.org.br\/noticias\/bom-jesus-promove-tempo-franciscano-2018.html\"]}]},{\"@type\":\"BreadcrumbList\",\"@id\":\"https:\/\/franciscanos.org.br\/noticias\/bom-jesus-promove-tempo-franciscano-2018.html#breadcrumb\",\"itemListElement\":[{\"@type\":\"ListItem\",\"position\":1,\"name\":\"Home\",\"item\":\"https:\/\/franciscanos.org.br\/noticias\"},{\"@type\":\"ListItem\",\"position\":2,\"name\":\"Col\u00e9gio Bom Jesus promove &#8220;Tempo Franciscano 2018&#8221;\"}]},{\"@type\":\"Person\",\"@id\":\"https:\/\/franciscanos.org.br\/noticias\/#\/schema\/person\/b38fbf43118f02820bd932f2e4b14ad3\",\"name\":\"admin\",\"image\":{\"@type\":\"ImageObject\",\"inLanguage\":\"pt-BR\",\"@id\":\"https:\/\/franciscanos.org.br\/noticias\/#\/schema\/person\/image\/\",\"url\":\"https:\/\/secure.gravatar.com\/avatar\/e8495742d34d0ba6448ea1c628263b3e?s=96&d=mm&r=g\",\"contentUrl\":\"https:\/\/secure.gravatar.com\/avatar\/e8495742d34d0ba6448ea1c628263b3e?s=96&d=mm&r=g\",\"caption\":\"admin\"},\"url\":\"https:\/\/franciscanos.org.br\/noticias\/author\/admin\"}]}<\/script>\n<!-- \/ Yoast SEO plugin. -->","yoast_head_json":{"title":"Col\u00e9gio Bom Jesus promove \"Tempo Franciscano 2018\" - Not\u00edcias - Franciscanos","robots":{"index":"index","follow":"follow","max-snippet":"max-snippet:-1","max-image-preview":"max-image-preview:large","max-video-preview":"max-video-preview:-1"},"canonical":"https:\/\/franciscanos.org.br\/noticias\/bom-jesus-promove-tempo-franciscano-2018.html","og_locale":"pt_BR","og_type":"article","og_title":"Col\u00e9gio Bom Jesus promove \"Tempo Franciscano 2018\" - Not\u00edcias - Franciscanos","og_description":"Frente da Educa\u00e7\u00e3o","og_url":"https:\/\/franciscanos.org.br\/noticias\/bom-jesus-promove-tempo-franciscano-2018.html","og_site_name":"Not\u00edcias - Franciscanos","article_published_time":"2018-10-22T03:50:18+00:00","article_modified_time":"2020-06-06T21:16:25+00:00","og_image":[{"width":273,"height":181,"url":"https:\/\/franciscanos.org.br\/noticias\/wp-content\/uploads\/2018\/10\/bomjesus_231018.jpg","type":"image\/jpeg"}],"author":"admin","twitter_card":"summary_large_image","twitter_misc":{"Escrito por":"admin","Est. tempo de leitura":"1 minuto"},"schema":{"@context":"https:\/\/schema.org","@graph":[{"@type":"WebSite","@id":"https:\/\/franciscanos.org.br\/noticias\/#website","url":"https:\/\/franciscanos.org.br\/noticias\/","name":"Not\u00edcias - Franciscanos","description":"Prov\u00edncia Franciscana da Imaculada Concei\u00e7\u00e3o do Brasil - Ordem dos Frades Menores - OFM","potentialAction":[{"@type":"SearchAction","target":{"@type":"EntryPoint","urlTemplate":"https:\/\/franciscanos.org.br\/noticias\/?s={search_term_string}"},"query-input":"required name=search_term_string"}],"inLanguage":"pt-BR"},{"@type":"ImageObject","inLanguage":"pt-BR","@id":"https:\/\/franciscanos.org.br\/noticias\/bom-jesus-promove-tempo-franciscano-2018.html#primaryimage","url":"https:\/\/franciscanos.org.br\/noticias\/wp-content\/uploads\/2018\/10\/bomjesus_231018.jpg","contentUrl":"https:\/\/franciscanos.org.br\/noticias\/wp-content\/uploads\/2018\/10\/bomjesus_231018.jpg","width":273,"height":181},{"@type":"WebPage","@id":"https:\/\/franciscanos.org.br\/noticias\/bom-jesus-promove-tempo-franciscano-2018.html#webpage","url":"https:\/\/franciscanos.org.br\/noticias\/bom-jesus-promove-tempo-franciscano-2018.html","name":"Col\u00e9gio Bom Jesus promove \"Tempo Franciscano 2018\" - Not\u00edcias - Franciscanos","isPartOf":{"@id":"https:\/\/franciscanos.org.br\/noticias\/#website"},"primaryImageOfPage":{"@id":"https:\/\/franciscanos.org.br\/noticias\/bom-jesus-promove-tempo-franciscano-2018.html#primaryimage"},"datePublished":"2018-10-22T03:50:18+00:00","dateModified":"2020-06-06T21:16:25+00:00","author":{"@id":"https:\/\/franciscanos.org.br\/noticias\/#\/schema\/person\/b38fbf43118f02820bd932f2e4b14ad3"},"breadcrumb":{"@id":"https:\/\/franciscanos.org.br\/noticias\/bom-jesus-promove-tempo-franciscano-2018.html#breadcrumb"},"inLanguage":"pt-BR","potentialAction":[{"@type":"ReadAction","target":["https:\/\/franciscanos.org.br\/noticias\/bom-jesus-promove-tempo-franciscano-2018.html"]}]},{"@type":"BreadcrumbList","@id":"https:\/\/franciscanos.org.br\/noticias\/bom-jesus-promove-tempo-franciscano-2018.html#breadcrumb","itemListElement":[{"@type":"ListItem","position":1,"name":"Home","item":"https:\/\/franciscanos.org.br\/noticias"},{"@type":"ListItem","position":2,"name":"Col\u00e9gio Bom Jesus promove &#8220;Tempo Franciscano 2018&#8221;"}]},{"@type":"Person","@id":"https:\/\/franciscanos.org.br\/noticias\/#\/schema\/person\/b38fbf43118f02820bd932f2e4b14ad3","name":"admin","image":{"@type":"ImageObject","inLanguage":"pt-BR","@id":"https:\/\/franciscanos.org.br\/noticias\/#\/schema\/person\/image\/","url":"https:\/\/secure.gravatar.com\/avatar\/e8495742d34d0ba6448ea1c628263b3e?s=96&d=mm&r=g","contentUrl":"https:\/\/secure.gravatar.com\/avatar\/e8495742d34d0ba6448ea1c628263b3e?s=96&d=mm&r=g","caption":"admin"},"url":"https:\/\/franciscanos.org.br\/noticias\/author\/admin"}]}},"_links":{"self":[{"href":"https:\/\/franciscanos.org.br\/noticias\/wp-json\/wp\/v2\/posts\/187716"}],"collection":[{"href":"https:\/\/franciscanos.org.br\/noticias\/wp-json\/wp\/v2\/posts"}],"about":[{"href":"https:\/\/franciscanos.org.br\/noticias\/wp-json\/wp\/v2\/types\/post"}],"author":[{"embeddable":true,"href":"https:\/\/franciscanos.org.br\/noticias\/wp-json\/wp\/v2\/users\/1"}],"replies":[{"embeddable":true,"href":"https:\/\/franciscanos.org.br\/noticias\/wp-json\/wp\/v2\/comments?post=187716"}],"version-history":[{"count":1,"href":"https:\/\/franciscanos.org.br\/noticias\/wp-json\/wp\/v2\/posts\/187716\/revisions"}],"predecessor-version":[{"id":224736,"href":"https:\/\/franciscanos.org.br\/noticias\/wp-json\/wp\/v2\/posts\/187716\/revisions\/224736"}],"wp:featuredmedia":[{"embeddable":true,"href":"https:\/\/franciscanos.org.br\/noticias\/wp-json\/wp\/v2\/media\/191300"}],"wp:attachment":[{"href":"https:\/\/franciscanos.org.br\/noticias\/wp-json\/wp\/v2\/media?parent=187716"}],"wp:term":[{"taxonomy":"category","embeddable":true,"href":"https:\/\/franciscanos.org.br\/noticias\/wp-json\/wp\/v2\/categories?post=187716"},{"taxonomy":"post_tag","embeddable":true,"href":"https:\/\/franciscanos.org.br\/noticias\/wp-json\/wp\/v2\/tags?post=187716"}],"curies":[{"name":"wp","href":"https:\/\/api.w.org\/{rel}","templated":true}]}}