{"id":187714,"date":"2018-10-23T07:32:45","date_gmt":"2018-10-23T10:32:45","guid":{"rendered":"http:\/\/franciscanos.org.br\/?p=175141"},"modified":"2018-11-23T16:58:23","modified_gmt":"2018-11-23T18:58:23","slug":"o-caminho-da-fe-novo-livro-de-frei-hipolito-martendal","status":"publish","type":"post","link":"https:\/\/franciscanos.org.br\/noticias\/o-caminho-da-fe-novo-livro-de-frei-hipolito-martendal.html","title":{"rendered":"&#8220;O Caminho da F\u00e9&#8221;, novo livro de Frei Hip\u00f3lito Martendal"},"content":{"rendered":"<p><img loading=\"lazy\" class=\"aligncenter\" src=\"http:\/\/franciscanos.org.br\/wp-content\/uploads\/2018\/10\/hipolito_231018.jpg\" alt=\"hipolito_231018\" width=\"830\" height=\"550\" \/><\/p>\n<p>Um curso ministrado por Frei Hip\u00f3lito Martendal, quando residia na Fraternidade do Santo Ant\u00f4nio do Pari, em S\u00e3o Paulo, para o viv\u00eancia do Ano Mundial da F\u00e9, tendo em vista os 50 anos do in\u00edcio do Conc\u00edlio Vaticano II, deu origem ao livro &#8220;O Caminho da F\u00e9 &#8211; Roteiro de estudo e reflex\u00e3o&#8221;, publicado pela Editora Vozes e lan\u00e7ado no \u00faltimo dia 19 no Santu\u00e1rio Santo Ant\u00f4nio do Valongo, em Santos, onde o frade reside. &#8220;Para garantir continuidade num assunto t\u00e3o vasto, que levaria certamente mais de dois anos, tendo em vista que os encontros seriam semanais, comprometi-me a escrever cada aula a ser dada. Chegamos ao n\u00famero de setenta. As refer\u00eancias ao curso eram sempre &#8216;Escola da F\u00e9'&#8221;, explica Frei Hip\u00f3lito, falando sobre o t\u00edtulo do curso.<\/p>\n<p><img loading=\"lazy\" class=\"alignright wp-image-175143 \" src=\"http:\/\/franciscanos.org.br\/wp-content\/uploads\/2018\/10\/hipolito_231018_1.jpg\" alt=\"hipolito_231018_1\" width=\"191\" height=\"260\" \/>Segundo o autor, as aulas tiveram que ser reescritas com linguagem pr\u00f3pria para um livro de espiritualidade. &#8220;Mas, para ser fiel ao conte\u00fado j\u00e1 escrito e em considera\u00e7\u00e3o aos alunos, resolvi reescrever tudo, mudando s\u00f3 o estritamente necess\u00e1rio, com alguns acr\u00e9scimos&#8221;, observa o autor.<\/p>\n<p>&#8220;Uma das minhas preocupa\u00e7\u00f5es era mostrar o quanto \u00e9 bela e quanta vitalidade e atualidade encontram-se no tesouro da doutrina crist\u00e3 cat\u00f3lica. Ao mesmo tempo queria evitar uma forma de expressar muito \u2018eclesiolog\u00eas\u2019 t\u00e3o pr\u00f3pria para defini\u00e7\u00f5es doutrin\u00e1rias, por um modo de expressar mais pr\u00f3ximo da l\u00edngua de nossa gente, sem em nada trair o conte\u00fado e sua beleza. Uma contempla\u00e7\u00e3o est\u00e9tica de Deus no seu ser e agir pode nos colocar entre os bem-aventurados&#8221;, explica Frei Hip\u00f3lito, revelando que o contato longo e repetido por seis anos com os variados conte\u00fados desta obra o fizeram muito bem, principalmente na evangeliza\u00e7\u00e3o, espiritualidade e convers\u00e3o. &#8220;Espero que a leitora e o leitor tenham um proveito ainda maior&#8221;, deseja.<\/p>\n<p>Frei Vit\u00f3rio, na apresenta\u00e7\u00e3o do livro, diz que &#8220;muitas religi\u00f5es falam da inicia\u00e7\u00e3o, o cristianismo cat\u00f3lico apresenta os sacramentos da inicia\u00e7\u00e3o; por\u00e9m muitos entendem e praticam como um preparo para o dia do Batismo, Primeira Eucaristia e Crisma, e depois que passar o dia? Esta obra, &#8220;O Caminho da F\u00e9 &#8211; Roteiro de estudo e reflex\u00e3o&#8221;, \u00e9 uma pedagogia inici\u00e1tica completa; pois em cada p\u00e1gina nos mostra o conhecimento e a pr\u00e1tica da f\u00e9 como uma tarefa para toda a vida. A inicia\u00e7\u00e3o \u00e9 essencial para tornar-se plenamente humano a partir da inspira\u00e7\u00e3o crist\u00e3 e buscar a for\u00e7a espiritual no decorrer do dia a dia&#8221;, confirma Frei Vit\u00f3rio.<\/p>\n<p><img loading=\"lazy\" class=\"aligncenter\" src=\"http:\/\/franciscanos.org.br\/wp-content\/uploads\/2018\/10\/hipolito_231018_2.jpg\" alt=\"hipolito_231018_2\" width=\"830\" height=\"550\" \/><\/p>\n<p>&#8220;O Caminho da F\u00e9 quer mostrar que os conte\u00fados crist\u00e3os de nossa vida nos levam a ser um fen\u00f4meno humano espiritual. N\u00e3o \u00e9 suficiente estar dentro de uma estrutura de religi\u00e3o, \u00e9 preciso converter-se para algo maior do que eu mesmo. Por isso esta obra acorda este desejo mais \u00edntimo, que \u00e9 o desejo de Vida Eterna. \u00c9 acordar o santo que est\u00e1 dentro de si, \u00e9 dizer todos os dias: eu quero colocar dentro da minha vontade a vontade do Senhor&#8221;, observa Frei Vit\u00f3rio.<\/p>\n<p><em>Este livro pode ser adquirido na Editora Vozes; pre\u00e7o R$ 69,00, 472 p\u00e1ginas.<\/em><\/p>\n","protected":false},"excerpt":{"rendered":"<p>Lan\u00e7amento<\/p>\n","protected":false},"author":1,"featured_media":191224,"comment_status":"open","ping_status":"open","sticky":false,"template":"","format":"standard","meta":[],"categories":[1],"tags":[238,1123,1124,1122],"acf":[],"yoast_head":"<!-- This site is optimized with the Yoast SEO plugin v19.2 - https:\/\/yoast.com\/wordpress\/plugins\/seo\/ -->\n<title>&quot;O Caminho da F\u00e9&quot;, novo livro de Frei Hip\u00f3lito Martendal - Not\u00edcias - Franciscanos<\/title>\n<meta name=\"robots\" content=\"index, follow, max-snippet:-1, max-image-preview:large, max-video-preview:-1\" \/>\n<link rel=\"canonical\" href=\"https:\/\/franciscanos.org.br\/noticias\/o-caminho-da-fe-novo-livro-de-frei-hipolito-martendal.html\" \/>\n<meta property=\"og:locale\" content=\"pt_BR\" \/>\n<meta property=\"og:type\" content=\"article\" \/>\n<meta property=\"og:title\" content=\"&quot;O Caminho da F\u00e9&quot;, novo livro de Frei Hip\u00f3lito Martendal - Not\u00edcias - Franciscanos\" \/>\n<meta property=\"og:description\" content=\"Lan\u00e7amento\" \/>\n<meta property=\"og:url\" content=\"https:\/\/franciscanos.org.br\/noticias\/o-caminho-da-fe-novo-livro-de-frei-hipolito-martendal.html\" \/>\n<meta property=\"og:site_name\" content=\"Not\u00edcias - Franciscanos\" \/>\n<meta property=\"article:published_time\" content=\"2018-10-23T10:32:45+00:00\" \/>\n<meta property=\"article:modified_time\" content=\"2018-11-23T18:58:23+00:00\" \/>\n<meta property=\"og:image\" content=\"https:\/\/franciscanos.org.br\/noticias\/wp-content\/uploads\/2018\/10\/hipolito_231018.jpg\" \/>\n\t<meta property=\"og:image:width\" content=\"273\" \/>\n\t<meta property=\"og:image:height\" content=\"181\" \/>\n\t<meta property=\"og:image:type\" content=\"image\/jpeg\" \/>\n<meta name=\"author\" content=\"admin\" \/>\n<meta name=\"twitter:card\" content=\"summary_large_image\" \/>\n<meta name=\"twitter:label1\" content=\"Escrito por\" \/>\n\t<meta name=\"twitter:data1\" content=\"admin\" \/>\n\t<meta name=\"twitter:label2\" content=\"Est. tempo de leitura\" \/>\n\t<meta name=\"twitter:data2\" content=\"3 minutos\" \/>\n<script type=\"application\/ld+json\" class=\"yoast-schema-graph\">{\"@context\":\"https:\/\/schema.org\",\"@graph\":[{\"@type\":\"WebSite\",\"@id\":\"https:\/\/franciscanos.org.br\/noticias\/#website\",\"url\":\"https:\/\/franciscanos.org.br\/noticias\/\",\"name\":\"Not\u00edcias - Franciscanos\",\"description\":\"Prov\u00edncia Franciscana da Imaculada Concei\u00e7\u00e3o do Brasil - Ordem dos Frades Menores - OFM\",\"potentialAction\":[{\"@type\":\"SearchAction\",\"target\":{\"@type\":\"EntryPoint\",\"urlTemplate\":\"https:\/\/franciscanos.org.br\/noticias\/?s={search_term_string}\"},\"query-input\":\"required name=search_term_string\"}],\"inLanguage\":\"pt-BR\"},{\"@type\":\"ImageObject\",\"inLanguage\":\"pt-BR\",\"@id\":\"https:\/\/franciscanos.org.br\/noticias\/o-caminho-da-fe-novo-livro-de-frei-hipolito-martendal.html#primaryimage\",\"url\":\"https:\/\/franciscanos.org.br\/noticias\/wp-content\/uploads\/2018\/10\/hipolito_231018.jpg\",\"contentUrl\":\"https:\/\/franciscanos.org.br\/noticias\/wp-content\/uploads\/2018\/10\/hipolito_231018.jpg\",\"width\":273,\"height\":181},{\"@type\":\"WebPage\",\"@id\":\"https:\/\/franciscanos.org.br\/noticias\/o-caminho-da-fe-novo-livro-de-frei-hipolito-martendal.html#webpage\",\"url\":\"https:\/\/franciscanos.org.br\/noticias\/o-caminho-da-fe-novo-livro-de-frei-hipolito-martendal.html\",\"name\":\"\\\"O Caminho da F\u00e9\\\", novo livro de Frei Hip\u00f3lito Martendal - Not\u00edcias - Franciscanos\",\"isPartOf\":{\"@id\":\"https:\/\/franciscanos.org.br\/noticias\/#website\"},\"primaryImageOfPage\":{\"@id\":\"https:\/\/franciscanos.org.br\/noticias\/o-caminho-da-fe-novo-livro-de-frei-hipolito-martendal.html#primaryimage\"},\"datePublished\":\"2018-10-23T10:32:45+00:00\",\"dateModified\":\"2018-11-23T18:58:23+00:00\",\"author\":{\"@id\":\"https:\/\/franciscanos.org.br\/noticias\/#\/schema\/person\/b38fbf43118f02820bd932f2e4b14ad3\"},\"breadcrumb\":{\"@id\":\"https:\/\/franciscanos.org.br\/noticias\/o-caminho-da-fe-novo-livro-de-frei-hipolito-martendal.html#breadcrumb\"},\"inLanguage\":\"pt-BR\",\"potentialAction\":[{\"@type\":\"ReadAction\",\"target\":[\"https:\/\/franciscanos.org.br\/noticias\/o-caminho-da-fe-novo-livro-de-frei-hipolito-martendal.html\"]}]},{\"@type\":\"BreadcrumbList\",\"@id\":\"https:\/\/franciscanos.org.br\/noticias\/o-caminho-da-fe-novo-livro-de-frei-hipolito-martendal.html#breadcrumb\",\"itemListElement\":[{\"@type\":\"ListItem\",\"position\":1,\"name\":\"Home\",\"item\":\"https:\/\/franciscanos.org.br\/noticias\"},{\"@type\":\"ListItem\",\"position\":2,\"name\":\"&#8220;O Caminho da F\u00e9&#8221;, novo livro de Frei Hip\u00f3lito Martendal\"}]},{\"@type\":\"Person\",\"@id\":\"https:\/\/franciscanos.org.br\/noticias\/#\/schema\/person\/b38fbf43118f02820bd932f2e4b14ad3\",\"name\":\"admin\",\"image\":{\"@type\":\"ImageObject\",\"inLanguage\":\"pt-BR\",\"@id\":\"https:\/\/franciscanos.org.br\/noticias\/#\/schema\/person\/image\/\",\"url\":\"https:\/\/secure.gravatar.com\/avatar\/e8495742d34d0ba6448ea1c628263b3e?s=96&d=mm&r=g\",\"contentUrl\":\"https:\/\/secure.gravatar.com\/avatar\/e8495742d34d0ba6448ea1c628263b3e?s=96&d=mm&r=g\",\"caption\":\"admin\"},\"url\":\"https:\/\/franciscanos.org.br\/noticias\/author\/admin\"}]}<\/script>\n<!-- \/ Yoast SEO plugin. -->","yoast_head_json":{"title":"\"O Caminho da F\u00e9\", novo livro de Frei Hip\u00f3lito Martendal - Not\u00edcias - Franciscanos","robots":{"index":"index","follow":"follow","max-snippet":"max-snippet:-1","max-image-preview":"max-image-preview:large","max-video-preview":"max-video-preview:-1"},"canonical":"https:\/\/franciscanos.org.br\/noticias\/o-caminho-da-fe-novo-livro-de-frei-hipolito-martendal.html","og_locale":"pt_BR","og_type":"article","og_title":"\"O Caminho da F\u00e9\", novo livro de Frei Hip\u00f3lito Martendal - Not\u00edcias - Franciscanos","og_description":"Lan\u00e7amento","og_url":"https:\/\/franciscanos.org.br\/noticias\/o-caminho-da-fe-novo-livro-de-frei-hipolito-martendal.html","og_site_name":"Not\u00edcias - Franciscanos","article_published_time":"2018-10-23T10:32:45+00:00","article_modified_time":"2018-11-23T18:58:23+00:00","og_image":[{"width":273,"height":181,"url":"https:\/\/franciscanos.org.br\/noticias\/wp-content\/uploads\/2018\/10\/hipolito_231018.jpg","type":"image\/jpeg"}],"author":"admin","twitter_card":"summary_large_image","twitter_misc":{"Escrito por":"admin","Est. tempo de leitura":"3 minutos"},"schema":{"@context":"https:\/\/schema.org","@graph":[{"@type":"WebSite","@id":"https:\/\/franciscanos.org.br\/noticias\/#website","url":"https:\/\/franciscanos.org.br\/noticias\/","name":"Not\u00edcias - Franciscanos","description":"Prov\u00edncia Franciscana da Imaculada Concei\u00e7\u00e3o do Brasil - Ordem dos Frades Menores - OFM","potentialAction":[{"@type":"SearchAction","target":{"@type":"EntryPoint","urlTemplate":"https:\/\/franciscanos.org.br\/noticias\/?s={search_term_string}"},"query-input":"required name=search_term_string"}],"inLanguage":"pt-BR"},{"@type":"ImageObject","inLanguage":"pt-BR","@id":"https:\/\/franciscanos.org.br\/noticias\/o-caminho-da-fe-novo-livro-de-frei-hipolito-martendal.html#primaryimage","url":"https:\/\/franciscanos.org.br\/noticias\/wp-content\/uploads\/2018\/10\/hipolito_231018.jpg","contentUrl":"https:\/\/franciscanos.org.br\/noticias\/wp-content\/uploads\/2018\/10\/hipolito_231018.jpg","width":273,"height":181},{"@type":"WebPage","@id":"https:\/\/franciscanos.org.br\/noticias\/o-caminho-da-fe-novo-livro-de-frei-hipolito-martendal.html#webpage","url":"https:\/\/franciscanos.org.br\/noticias\/o-caminho-da-fe-novo-livro-de-frei-hipolito-martendal.html","name":"\"O Caminho da F\u00e9\", novo livro de Frei Hip\u00f3lito Martendal - Not\u00edcias - Franciscanos","isPartOf":{"@id":"https:\/\/franciscanos.org.br\/noticias\/#website"},"primaryImageOfPage":{"@id":"https:\/\/franciscanos.org.br\/noticias\/o-caminho-da-fe-novo-livro-de-frei-hipolito-martendal.html#primaryimage"},"datePublished":"2018-10-23T10:32:45+00:00","dateModified":"2018-11-23T18:58:23+00:00","author":{"@id":"https:\/\/franciscanos.org.br\/noticias\/#\/schema\/person\/b38fbf43118f02820bd932f2e4b14ad3"},"breadcrumb":{"@id":"https:\/\/franciscanos.org.br\/noticias\/o-caminho-da-fe-novo-livro-de-frei-hipolito-martendal.html#breadcrumb"},"inLanguage":"pt-BR","potentialAction":[{"@type":"ReadAction","target":["https:\/\/franciscanos.org.br\/noticias\/o-caminho-da-fe-novo-livro-de-frei-hipolito-martendal.html"]}]},{"@type":"BreadcrumbList","@id":"https:\/\/franciscanos.org.br\/noticias\/o-caminho-da-fe-novo-livro-de-frei-hipolito-martendal.html#breadcrumb","itemListElement":[{"@type":"ListItem","position":1,"name":"Home","item":"https:\/\/franciscanos.org.br\/noticias"},{"@type":"ListItem","position":2,"name":"&#8220;O Caminho da F\u00e9&#8221;, novo livro de Frei Hip\u00f3lito Martendal"}]},{"@type":"Person","@id":"https:\/\/franciscanos.org.br\/noticias\/#\/schema\/person\/b38fbf43118f02820bd932f2e4b14ad3","name":"admin","image":{"@type":"ImageObject","inLanguage":"pt-BR","@id":"https:\/\/franciscanos.org.br\/noticias\/#\/schema\/person\/image\/","url":"https:\/\/secure.gravatar.com\/avatar\/e8495742d34d0ba6448ea1c628263b3e?s=96&d=mm&r=g","contentUrl":"https:\/\/secure.gravatar.com\/avatar\/e8495742d34d0ba6448ea1c628263b3e?s=96&d=mm&r=g","caption":"admin"},"url":"https:\/\/franciscanos.org.br\/noticias\/author\/admin"}]}},"_links":{"self":[{"href":"https:\/\/franciscanos.org.br\/noticias\/wp-json\/wp\/v2\/posts\/187714"}],"collection":[{"href":"https:\/\/franciscanos.org.br\/noticias\/wp-json\/wp\/v2\/posts"}],"about":[{"href":"https:\/\/franciscanos.org.br\/noticias\/wp-json\/wp\/v2\/types\/post"}],"author":[{"embeddable":true,"href":"https:\/\/franciscanos.org.br\/noticias\/wp-json\/wp\/v2\/users\/1"}],"replies":[{"embeddable":true,"href":"https:\/\/franciscanos.org.br\/noticias\/wp-json\/wp\/v2\/comments?post=187714"}],"version-history":[{"count":0,"href":"https:\/\/franciscanos.org.br\/noticias\/wp-json\/wp\/v2\/posts\/187714\/revisions"}],"wp:featuredmedia":[{"embeddable":true,"href":"https:\/\/franciscanos.org.br\/noticias\/wp-json\/wp\/v2\/media\/191224"}],"wp:attachment":[{"href":"https:\/\/franciscanos.org.br\/noticias\/wp-json\/wp\/v2\/media?parent=187714"}],"wp:term":[{"taxonomy":"category","embeddable":true,"href":"https:\/\/franciscanos.org.br\/noticias\/wp-json\/wp\/v2\/categories?post=187714"},{"taxonomy":"post_tag","embeddable":true,"href":"https:\/\/franciscanos.org.br\/noticias\/wp-json\/wp\/v2\/tags?post=187714"}],"curies":[{"name":"wp","href":"https:\/\/api.w.org\/{rel}","templated":true}]}}