{"id":187712,"date":"2018-10-23T06:54:46","date_gmt":"2018-10-23T09:54:46","guid":{"rendered":"http:\/\/franciscanos.org.br\/?p=175130"},"modified":"2020-06-06T18:14:36","modified_gmt":"2020-06-06T21:14:36","slug":"a-igreja-diante-dos-desafios-atuais","status":"publish","type":"post","link":"https:\/\/franciscanos.org.br\/noticias\/a-igreja-diante-dos-desafios-atuais.html","title":{"rendered":"A Igreja diante dos desafios atuais"},"content":{"rendered":"<p><strong><img loading=\"lazy\" class=\"alignleft size-full wp-image-191226\" src=\"https:\/\/franciscanos.org.br\/noticias\/wp-content\/uploads\/2018\/10\/missionario_231018.jpg\" alt=\"\" width=\"830\" height=\"437\" srcset=\"https:\/\/franciscanos.org.br\/noticias\/wp-content\/uploads\/2018\/10\/missionario_231018.jpg 830w, https:\/\/franciscanos.org.br\/noticias\/wp-content\/uploads\/2018\/10\/missionario_231018-450x237.jpg 450w, https:\/\/franciscanos.org.br\/noticias\/wp-content\/uploads\/2018\/10\/missionario_231018-768x404.jpg 768w, https:\/\/franciscanos.org.br\/noticias\/wp-content\/uploads\/2018\/10\/missionario_231018-150x79.jpg 150w\" sizes=\"(max-width: 830px) 100vw, 830px\" \/>Frei Gustavo Medella<\/strong><\/p>\n<p><strong>Cidade da Guatemala<\/strong> &#8211; Na tarde desta segunda-feira, os participantes do III Congresso Franciscano Mission\u00e1rio tiveram a oportunidade de voltar os olhos para a caminhada da Igreja no mundo e na Am\u00e9rica Latina em rela\u00e7\u00e3o \u00e0s quest\u00f5es propostas pelo congresso: Cuidado da Cria\u00e7\u00e3o, Mobilidade Humana e Cultura de Paz. Houve tamb\u00e9m a partilha de duas experi\u00eancias de evangeliza\u00e7\u00e3o: os m\u00e1rtires de El Salvador e um trabalho com moradores de rua do Centro de Bogot\u00e1, Capital da Col\u00f4mbia.<\/p>\n<p><strong><img loading=\"lazy\" class=\"wp-image-175135 alignright\" src=\"http:\/\/franciscanos.org.br\/wp-content\/uploads\/2018\/10\/missionario_231018_1.jpg\" alt=\"missionario_231018_1\" width=\"183\" height=\"226\" \/>UMA IGREJA QUE NASCEU PEREGRINA<\/strong><br \/>\nPadre Mauro Verzeletti, brasileiro, pertencente \u00e0 congrega\u00e7\u00e3o dos Scalabrinianos, apresentou um breve panorama da rela\u00e7\u00e3o entre miss\u00e3o e migra\u00e7\u00e3o desde os prim\u00f3rdios da humanidade. Citou como exemplo a hist\u00f3ria de Abra\u00e3o e Sara que segundo o padre, foram \u201cmigrantes na constru\u00e7\u00e3o de uma miss\u00e3o sem fronteiras\u201d.<\/p>\n<p>Dentre os pontos de destaque apresentado pelo conferencista est\u00e3o o de que migrar \u00e9 um direito universal e alien\u00e1vel das pessoas; o compromisso que a Igreja deve ter com estes que deixam sua terra de origem por conta de diversos motivos. Mencionou ainda diversos pronunciamentos de Papas e Documentos do Magist\u00e9rio da Igreja sobre a migra\u00e7\u00e3o e a acolhida dos migrantes. Para concluir deixou algumas quest\u00f5es que poderiam iluminar as reflex\u00f5es do Congresso:<\/p>\n<p><strong>1)<\/strong> Somente construiremos um mundo justo e fraterno com o m\u00e1ximo respeito \u00e0s diferen\u00e7as.<br \/>\n<strong>2)<\/strong> A toler\u00e2ncia n\u00e3o \u00e9 suficiente. Fazem-se necess\u00e1rios e urgentes o relacionamento intercultural e o di\u00e1logo interreligioso.<br \/>\n<strong>3)<\/strong> Nada poder\u00e1 roubar ou aprisionar a f\u00e9, o sonho, a liberdade e a esperan\u00e7a de algu\u00e9m.<br \/>\n<strong>4)<\/strong> Para o migrante, a p\u00e1tria \u00e9 a terra que lhe d\u00e1 p\u00e3o, acolhida e trabalho (Scalabrini)<br \/>\n<strong>5)<\/strong> Trabalho \u00e9 um direito universal de todos, portanto, o migrante n\u00e3o \u201crouba\u201d trabalho de ningu\u00e9m.<br \/>\n<strong>6)<\/strong> A pol\u00edtica \u00e9 a melhor forma de fazer caridade, porque trabalha pelo bem comum (Papa Francisco).<br \/>\n<strong>7)<\/strong> Quando os Migrantes se movem, movem a Hist\u00f3ria.<\/p>\n<p><strong><img loading=\"lazy\" class=\"alignright wp-image-175137 \" src=\"http:\/\/franciscanos.org.br\/wp-content\/uploads\/2018\/10\/alberto_231018.jpg\" alt=\"alberto_231018\" width=\"222\" height=\"237\" \/>A VIS\u00c3O DA REALIDADE NAS CONFER\u00caNCIAS LATINO-AMERICANAS<\/strong><\/p>\n<p>Frei Alberto Nahuelanca, frade chileno com especialidade no tema da Miss\u00e3o, apresentou alguns pontos relativos \u00e0s Confer\u00eancias Episcopais Latino-Americanas de Medell\u00edn a Aparecida. Primeiramente deixou clara a import\u00e2ncia destas confer\u00eancias na caminhada da Igreja no Continente e recordou que elas trazem em si fortes tra\u00e7os da influ\u00eancia do Conc\u00edlio Ecum\u00eanico Vaticano II. O ponto comum em todas elas foi a preocupa\u00e7\u00e3o em perceber a for\u00e7a dos sinais dos tempos para promover uma Evangeliza\u00e7\u00e3o em Sintonia com a realidade. A quest\u00e3o da justi\u00e7a social, a op\u00e7\u00e3o preferencial pelos pobres, o fomento das Comunidades Eclesiais de Base (CEB\u2019s), a compreens\u00e3o de Evangeliza\u00e7\u00e3o enquanto promo\u00e7\u00e3o integral do ser humano, a convers\u00e3o pastoral, o cultivo de uma Igreja disc\u00edpula-mission\u00e1ria est\u00e3o entre os temas que comp\u00f5em a contribui\u00e7\u00e3o destas confer\u00eancias na Hist\u00f3ria da Igreja Latino-Americana.<\/p>\n<p><strong>EXPERI\u00caNCIAS EVANGELIZADORAS<\/strong><\/p>\n<p>Na partilha das primeiras experi\u00eancias, Frei Tom\u00e1s O\u2019Nuanain, Mission\u00e1rio h\u00e1 muitos anos em El Salvador, apresentou o drama de muitos m\u00e1rtires que derramaram seu sangue diante da persegui\u00e7\u00e3o da Igreja naquele pa\u00eds nos anos 70: Frei Gabriel Gutierrez, da Col\u00f4mbia, partilhou o trabalho que realiza junto aos moradores de rua do Centro de Bogot\u00e1, na Col\u00f4mbia. A iniciativa deu origem ao projeto \u201cCallejeros de la Misericordia\u201d, que promove a\u00e7\u00f5es para aliviar o sofrimento daqueles que vivem nas ruas, abandonados \u00e0 pr\u00f3pria sorte.<\/p>\n<p>Na Celebra\u00e7\u00e3o Eucar\u00edstica, presidida pelo Definidor Geral, Frei Ign\u00e1cio Cejo, assembleia fez mem\u00f3ria de S\u00e3o Jo\u00e3o Paulo II. Para encerrar o dia, um momento de descontra\u00e7\u00e3o com a apresenta\u00e7\u00e3o de dan\u00e7as t\u00edpicas da Guatemala.<\/p>\n","protected":false},"excerpt":{"rendered":"<p>III Congresso Mission\u00e1rio Franciscano da Am\u00e9rica Latina e do Caribe<\/p>\n","protected":false},"author":1,"featured_media":191228,"comment_status":"open","ping_status":"open","sticky":false,"template":"","format":"standard","meta":[],"categories":[1],"tags":[596,397],"acf":[],"yoast_head":"<!-- This site is optimized with the Yoast SEO plugin v19.2 - https:\/\/yoast.com\/wordpress\/plugins\/seo\/ -->\n<title>A Igreja diante dos desafios atuais - Not\u00edcias - Franciscanos<\/title>\n<meta name=\"robots\" content=\"index, follow, max-snippet:-1, max-image-preview:large, max-video-preview:-1\" \/>\n<link rel=\"canonical\" href=\"https:\/\/franciscanos.org.br\/noticias\/a-igreja-diante-dos-desafios-atuais.html\" \/>\n<meta property=\"og:locale\" content=\"pt_BR\" \/>\n<meta property=\"og:type\" content=\"article\" \/>\n<meta property=\"og:title\" content=\"A Igreja diante dos desafios atuais - Not\u00edcias - Franciscanos\" \/>\n<meta property=\"og:description\" content=\"III Congresso Mission\u00e1rio Franciscano da Am\u00e9rica Latina e do Caribe\" \/>\n<meta property=\"og:url\" content=\"https:\/\/franciscanos.org.br\/noticias\/a-igreja-diante-dos-desafios-atuais.html\" \/>\n<meta property=\"og:site_name\" content=\"Not\u00edcias - Franciscanos\" \/>\n<meta property=\"article:published_time\" content=\"2018-10-23T09:54:46+00:00\" \/>\n<meta property=\"article:modified_time\" content=\"2020-06-06T21:14:36+00:00\" \/>\n<meta property=\"og:image\" content=\"https:\/\/franciscanos.org.br\/noticias\/wp-content\/uploads\/2018\/10\/missionario_231018-1.jpg\" \/>\n\t<meta property=\"og:image:width\" content=\"273\" \/>\n\t<meta property=\"og:image:height\" content=\"181\" \/>\n\t<meta property=\"og:image:type\" content=\"image\/jpeg\" \/>\n<meta name=\"author\" content=\"admin\" \/>\n<meta name=\"twitter:card\" content=\"summary_large_image\" \/>\n<meta name=\"twitter:label1\" content=\"Escrito por\" \/>\n\t<meta name=\"twitter:data1\" content=\"admin\" \/>\n\t<meta name=\"twitter:label2\" content=\"Est. tempo de leitura\" \/>\n\t<meta name=\"twitter:data2\" content=\"3 minutos\" \/>\n<script type=\"application\/ld+json\" class=\"yoast-schema-graph\">{\"@context\":\"https:\/\/schema.org\",\"@graph\":[{\"@type\":\"WebSite\",\"@id\":\"https:\/\/franciscanos.org.br\/noticias\/#website\",\"url\":\"https:\/\/franciscanos.org.br\/noticias\/\",\"name\":\"Not\u00edcias - Franciscanos\",\"description\":\"Prov\u00edncia Franciscana da Imaculada Concei\u00e7\u00e3o do Brasil - Ordem dos Frades Menores - OFM\",\"potentialAction\":[{\"@type\":\"SearchAction\",\"target\":{\"@type\":\"EntryPoint\",\"urlTemplate\":\"https:\/\/franciscanos.org.br\/noticias\/?s={search_term_string}\"},\"query-input\":\"required name=search_term_string\"}],\"inLanguage\":\"pt-BR\"},{\"@type\":\"ImageObject\",\"inLanguage\":\"pt-BR\",\"@id\":\"https:\/\/franciscanos.org.br\/noticias\/a-igreja-diante-dos-desafios-atuais.html#primaryimage\",\"url\":\"https:\/\/franciscanos.org.br\/noticias\/wp-content\/uploads\/2018\/10\/missionario_231018-1.jpg\",\"contentUrl\":\"https:\/\/franciscanos.org.br\/noticias\/wp-content\/uploads\/2018\/10\/missionario_231018-1.jpg\",\"width\":273,\"height\":181},{\"@type\":\"WebPage\",\"@id\":\"https:\/\/franciscanos.org.br\/noticias\/a-igreja-diante-dos-desafios-atuais.html#webpage\",\"url\":\"https:\/\/franciscanos.org.br\/noticias\/a-igreja-diante-dos-desafios-atuais.html\",\"name\":\"A Igreja diante dos desafios atuais - Not\u00edcias - Franciscanos\",\"isPartOf\":{\"@id\":\"https:\/\/franciscanos.org.br\/noticias\/#website\"},\"primaryImageOfPage\":{\"@id\":\"https:\/\/franciscanos.org.br\/noticias\/a-igreja-diante-dos-desafios-atuais.html#primaryimage\"},\"datePublished\":\"2018-10-23T09:54:46+00:00\",\"dateModified\":\"2020-06-06T21:14:36+00:00\",\"author\":{\"@id\":\"https:\/\/franciscanos.org.br\/noticias\/#\/schema\/person\/b38fbf43118f02820bd932f2e4b14ad3\"},\"breadcrumb\":{\"@id\":\"https:\/\/franciscanos.org.br\/noticias\/a-igreja-diante-dos-desafios-atuais.html#breadcrumb\"},\"inLanguage\":\"pt-BR\",\"potentialAction\":[{\"@type\":\"ReadAction\",\"target\":[\"https:\/\/franciscanos.org.br\/noticias\/a-igreja-diante-dos-desafios-atuais.html\"]}]},{\"@type\":\"BreadcrumbList\",\"@id\":\"https:\/\/franciscanos.org.br\/noticias\/a-igreja-diante-dos-desafios-atuais.html#breadcrumb\",\"itemListElement\":[{\"@type\":\"ListItem\",\"position\":1,\"name\":\"Home\",\"item\":\"https:\/\/franciscanos.org.br\/noticias\"},{\"@type\":\"ListItem\",\"position\":2,\"name\":\"A Igreja diante dos desafios atuais\"}]},{\"@type\":\"Person\",\"@id\":\"https:\/\/franciscanos.org.br\/noticias\/#\/schema\/person\/b38fbf43118f02820bd932f2e4b14ad3\",\"name\":\"admin\",\"image\":{\"@type\":\"ImageObject\",\"inLanguage\":\"pt-BR\",\"@id\":\"https:\/\/franciscanos.org.br\/noticias\/#\/schema\/person\/image\/\",\"url\":\"https:\/\/secure.gravatar.com\/avatar\/e8495742d34d0ba6448ea1c628263b3e?s=96&d=mm&r=g\",\"contentUrl\":\"https:\/\/secure.gravatar.com\/avatar\/e8495742d34d0ba6448ea1c628263b3e?s=96&d=mm&r=g\",\"caption\":\"admin\"},\"url\":\"https:\/\/franciscanos.org.br\/noticias\/author\/admin\"}]}<\/script>\n<!-- \/ Yoast SEO plugin. -->","yoast_head_json":{"title":"A Igreja diante dos desafios atuais - Not\u00edcias - Franciscanos","robots":{"index":"index","follow":"follow","max-snippet":"max-snippet:-1","max-image-preview":"max-image-preview:large","max-video-preview":"max-video-preview:-1"},"canonical":"https:\/\/franciscanos.org.br\/noticias\/a-igreja-diante-dos-desafios-atuais.html","og_locale":"pt_BR","og_type":"article","og_title":"A Igreja diante dos desafios atuais - Not\u00edcias - Franciscanos","og_description":"III Congresso Mission\u00e1rio Franciscano da Am\u00e9rica Latina e do Caribe","og_url":"https:\/\/franciscanos.org.br\/noticias\/a-igreja-diante-dos-desafios-atuais.html","og_site_name":"Not\u00edcias - Franciscanos","article_published_time":"2018-10-23T09:54:46+00:00","article_modified_time":"2020-06-06T21:14:36+00:00","og_image":[{"width":273,"height":181,"url":"https:\/\/franciscanos.org.br\/noticias\/wp-content\/uploads\/2018\/10\/missionario_231018-1.jpg","type":"image\/jpeg"}],"author":"admin","twitter_card":"summary_large_image","twitter_misc":{"Escrito por":"admin","Est. tempo de leitura":"3 minutos"},"schema":{"@context":"https:\/\/schema.org","@graph":[{"@type":"WebSite","@id":"https:\/\/franciscanos.org.br\/noticias\/#website","url":"https:\/\/franciscanos.org.br\/noticias\/","name":"Not\u00edcias - Franciscanos","description":"Prov\u00edncia Franciscana da Imaculada Concei\u00e7\u00e3o do Brasil - Ordem dos Frades Menores - OFM","potentialAction":[{"@type":"SearchAction","target":{"@type":"EntryPoint","urlTemplate":"https:\/\/franciscanos.org.br\/noticias\/?s={search_term_string}"},"query-input":"required name=search_term_string"}],"inLanguage":"pt-BR"},{"@type":"ImageObject","inLanguage":"pt-BR","@id":"https:\/\/franciscanos.org.br\/noticias\/a-igreja-diante-dos-desafios-atuais.html#primaryimage","url":"https:\/\/franciscanos.org.br\/noticias\/wp-content\/uploads\/2018\/10\/missionario_231018-1.jpg","contentUrl":"https:\/\/franciscanos.org.br\/noticias\/wp-content\/uploads\/2018\/10\/missionario_231018-1.jpg","width":273,"height":181},{"@type":"WebPage","@id":"https:\/\/franciscanos.org.br\/noticias\/a-igreja-diante-dos-desafios-atuais.html#webpage","url":"https:\/\/franciscanos.org.br\/noticias\/a-igreja-diante-dos-desafios-atuais.html","name":"A Igreja diante dos desafios atuais - Not\u00edcias - Franciscanos","isPartOf":{"@id":"https:\/\/franciscanos.org.br\/noticias\/#website"},"primaryImageOfPage":{"@id":"https:\/\/franciscanos.org.br\/noticias\/a-igreja-diante-dos-desafios-atuais.html#primaryimage"},"datePublished":"2018-10-23T09:54:46+00:00","dateModified":"2020-06-06T21:14:36+00:00","author":{"@id":"https:\/\/franciscanos.org.br\/noticias\/#\/schema\/person\/b38fbf43118f02820bd932f2e4b14ad3"},"breadcrumb":{"@id":"https:\/\/franciscanos.org.br\/noticias\/a-igreja-diante-dos-desafios-atuais.html#breadcrumb"},"inLanguage":"pt-BR","potentialAction":[{"@type":"ReadAction","target":["https:\/\/franciscanos.org.br\/noticias\/a-igreja-diante-dos-desafios-atuais.html"]}]},{"@type":"BreadcrumbList","@id":"https:\/\/franciscanos.org.br\/noticias\/a-igreja-diante-dos-desafios-atuais.html#breadcrumb","itemListElement":[{"@type":"ListItem","position":1,"name":"Home","item":"https:\/\/franciscanos.org.br\/noticias"},{"@type":"ListItem","position":2,"name":"A Igreja diante dos desafios atuais"}]},{"@type":"Person","@id":"https:\/\/franciscanos.org.br\/noticias\/#\/schema\/person\/b38fbf43118f02820bd932f2e4b14ad3","name":"admin","image":{"@type":"ImageObject","inLanguage":"pt-BR","@id":"https:\/\/franciscanos.org.br\/noticias\/#\/schema\/person\/image\/","url":"https:\/\/secure.gravatar.com\/avatar\/e8495742d34d0ba6448ea1c628263b3e?s=96&d=mm&r=g","contentUrl":"https:\/\/secure.gravatar.com\/avatar\/e8495742d34d0ba6448ea1c628263b3e?s=96&d=mm&r=g","caption":"admin"},"url":"https:\/\/franciscanos.org.br\/noticias\/author\/admin"}]}},"_links":{"self":[{"href":"https:\/\/franciscanos.org.br\/noticias\/wp-json\/wp\/v2\/posts\/187712"}],"collection":[{"href":"https:\/\/franciscanos.org.br\/noticias\/wp-json\/wp\/v2\/posts"}],"about":[{"href":"https:\/\/franciscanos.org.br\/noticias\/wp-json\/wp\/v2\/types\/post"}],"author":[{"embeddable":true,"href":"https:\/\/franciscanos.org.br\/noticias\/wp-json\/wp\/v2\/users\/1"}],"replies":[{"embeddable":true,"href":"https:\/\/franciscanos.org.br\/noticias\/wp-json\/wp\/v2\/comments?post=187712"}],"version-history":[{"count":1,"href":"https:\/\/franciscanos.org.br\/noticias\/wp-json\/wp\/v2\/posts\/187712\/revisions"}],"predecessor-version":[{"id":224734,"href":"https:\/\/franciscanos.org.br\/noticias\/wp-json\/wp\/v2\/posts\/187712\/revisions\/224734"}],"wp:featuredmedia":[{"embeddable":true,"href":"https:\/\/franciscanos.org.br\/noticias\/wp-json\/wp\/v2\/media\/191228"}],"wp:attachment":[{"href":"https:\/\/franciscanos.org.br\/noticias\/wp-json\/wp\/v2\/media?parent=187712"}],"wp:term":[{"taxonomy":"category","embeddable":true,"href":"https:\/\/franciscanos.org.br\/noticias\/wp-json\/wp\/v2\/categories?post=187712"},{"taxonomy":"post_tag","embeddable":true,"href":"https:\/\/franciscanos.org.br\/noticias\/wp-json\/wp\/v2\/tags?post=187712"}],"curies":[{"name":"wp","href":"https:\/\/api.w.org\/{rel}","templated":true}]}}