{"id":187710,"date":"2018-10-22T17:50:30","date_gmt":"2018-10-22T20:50:30","guid":{"rendered":"http:\/\/franciscanos.org.br\/?p=175105"},"modified":"2019-07-02T08:19:27","modified_gmt":"2019-07-02T11:19:27","slug":"iii-congresso-missionario-respostas-rapidas-para-desafios-urgentes","status":"publish","type":"post","link":"https:\/\/franciscanos.org.br\/noticias\/iii-congresso-missionario-respostas-rapidas-para-desafios-urgentes.html","title":{"rendered":"Respostas r\u00e1pidas para desafios urgentes"},"content":{"rendered":"<p><strong><img loading=\"lazy\" class=\"size-full wp-image-191231 aligncenter\" src=\"https:\/\/franciscanos.org.br\/noticias\/wp-content\/uploads\/2018\/10\/congresso_221018.jpg\" alt=\"\" width=\"830\" height=\"512\" srcset=\"https:\/\/franciscanos.org.br\/noticias\/wp-content\/uploads\/2018\/10\/congresso_221018.jpg 830w, https:\/\/franciscanos.org.br\/noticias\/wp-content\/uploads\/2018\/10\/congresso_221018-450x278.jpg 450w, https:\/\/franciscanos.org.br\/noticias\/wp-content\/uploads\/2018\/10\/congresso_221018-768x474.jpg 768w, https:\/\/franciscanos.org.br\/noticias\/wp-content\/uploads\/2018\/10\/congresso_221018-150x93.jpg 150w\" sizes=\"(max-width: 830px) 100vw, 830px\" \/>Frei Gustavo Medella<\/strong><\/p>\n<p><strong>Cidade da Guatemala<\/strong> &#8211; A esperan\u00e7a de que o III Congresso Franciscano Mission\u00e1rio da Am\u00e9rica Latina e do Caribe apresente propostas concretas e que possam ser executadas a curto prazo foi a marca principal da abertura deste encontro internacional. Os 140 congressistas, entre frades e leigos, chegaram \u00e0 Cidade da Guatemala durante o fim de semana e, nesta segunda, dia 22, todos estavam a postos para iniciar o encontro.<\/p>\n<p>Nas palavras de boas vindas, o Ministro Provincial da Prov\u00edncia Nossa Senhora de Guadalupe (Am\u00e9rica Central e Panam\u00e1), Frei Edwin Alvarado Segura, destacou a generosidade das pessoas simples ao partilhar a experi\u00eancia da confec\u00e7\u00e3o das bolsas que foram entregues aos mission\u00e1rios: \u201cEncomendamos estas sacolas, um artigo t\u00edpico da Guatemala, a uma fam\u00edlia simples. Definimos a quantidade e combinamos o pre\u00e7o. Quando soube que seria distribu\u00eddas a participantes de um congresso franciscano de evangeliza\u00e7\u00e3o e miss\u00e3o, quiseram tamb\u00e9m ajudar e cobraram apenas a metade do pre\u00e7o\u201d, contou. A partir deste exemplo concreto, Frei Edwin convocou os frades e leigos a trabalharem juntos por uma evangeliza\u00e7\u00e3o comprometida com a realidade. \u201cOs leigos nunca devem dizer que trabalham para os frades. Trabalham com os frades\u201d, frisou.<\/p>\n<p>Em rela\u00e7\u00e3o \u00e0s expectativas em torno do Congresso, o Provincial disse que espera o surgimento de sugest\u00f5es concretas para curto prazo: \u201cAs quest\u00f5es que temos aqui s\u00e3o urgente e precisam de respostas r\u00e1pidas. Desde a \u00faltima semana, por exemplo, cinco mil irm\u00e3os de Honduras caminham em dire\u00e7\u00e3o aos Estados Unidos por conta da falta de condi\u00e7\u00f5es de vida em seu pa\u00eds. A quest\u00e3o migrat\u00f3ria n\u00e3o \u00e9 uma teoria. \u00c9 de verdade!\u201d, alertou.<\/p>\n<p><img loading=\"lazy\" class=\"aligncenter\" src=\"http:\/\/franciscanos.org.br\/wp-content\/uploads\/2018\/10\/congresso_221018_1.jpg\" alt=\"congresso_221018_1\" width=\"830\" height=\"453\" \/><\/p>\n<p><strong>DIVERSOS CEN\u00c1RIOS E MUITOS DESAFIOS<\/strong><br \/>\nEm sua fala introdut\u00f3ria, o Secret\u00e1rio Geral para a Evangeliza\u00e7\u00e3o e Miss\u00e3o, Frei Lu\u00eds Gallardo, elencou a s\u00e9rie de desafios que tocam diretamente a miss\u00e3o evangelizadora da Ordem. Diante destas provoca\u00e7\u00f5es, Frei Lu\u00eds enfatizou o lema do III Congresso: \u201cPeregrinos descal\u00e7os como irm\u00e3os de todos\u201d. \u201cPeregrinos porque somos caminhantes e temos a certeza de que Deus caminha conosco. Descal\u00e7os porque desejamos estar ao lado dos pequenos, dos mais pobres, numa atitude de despojamento\u201d, explicou.<\/p>\n<p><img loading=\"lazy\" class=\"alignright wp-image-175119 \" src=\"http:\/\/franciscanos.org.br\/wp-content\/uploads\/2018\/10\/bolsa_congresso_221018.jpg\" alt=\"bolsa_congresso_221018\" width=\"322\" height=\"391\" \/>Ao abordar os desafios e as poss\u00edveis respostas, o Secret\u00e1rio para a Evangeliza\u00e7\u00e3o enumerou seis cen\u00e1rios:<\/p>\n<p><strong>1) Religioso<\/strong> &#8211; Diante de uma religiosidade marcada pelo individualismo e pela busca de satisfa\u00e7\u00e3o pessoal, tamb\u00e9m do drama do fanatismo religioso e de uma religi\u00e3o de com\u00e9rcio, somos chamados a uma pastoral atenta \u00e0 realidade, comprometida com a profecia, com os jovens, em postura de di\u00e1logo e servi\u00e7o.<\/p>\n<p><strong>2) Franciscano &#8211;<\/strong> A debilita\u00e7\u00e3o dos projetos mission\u00e1rios, o provincialismo, a car\u00eancia de irm\u00e3os dispostos em abra\u00e7ar as iniciativas mission\u00e1ria devem ter como resposta a retomada da Alegria do Evangelho, a supera\u00e7\u00e3o do clericalismo, a miss\u00e3o compartilhada com os leigos, a evangeliza\u00e7\u00e3o em fraternidade.<\/p>\n<p><strong>3) Pol\u00edtico, Social e Econ\u00f4mico<\/strong> &#8211; Diante da corrup\u00e7\u00e3o, do aumento da pobreza e da injusti\u00e7a social, a busca do cultivo de uma consci\u00eancia pol\u00edtica e de um engajamento social maduro que supere a ingenuidade.<\/p>\n<p><strong>4) Migrat\u00f3rio<\/strong> &#8211; O desafio do grande n\u00famero de refugiados por causa da mis\u00e9ria, das guerras internas, dos desastres clim\u00e1ticos, dos governos autorit\u00e1rias deve ter como resposta um olhar comprometido das fraternidades para com os irm\u00e3os e irm\u00e3s que vivem esta situa\u00e7\u00e3o.<\/p>\n<p><strong>5) Ambiental &#8211;<\/strong> Frei Lu\u00eds recordou que a Terra, nossa \u201cPacha Mamma est\u00e1 ferida e sangra rapidamente\u201d. Este desafio demanda como resposta o promo\u00e7\u00e3o de um estilo de vida s\u00f3brio e sustent\u00e1vel a partir de nossas fraternidades.<\/p>\n<p><strong>6) Tecnol\u00f3gico<\/strong> &#8211; Dentre os principais desafios em rela\u00e7\u00e3o ao r\u00e1pido avan\u00e7o da tecnologia est\u00e3o o risco da substitui\u00e7\u00e3o da m\u00e3o de obra humana pela m\u00e1quina e tamb\u00e9m os novos tipos de rela\u00e7\u00e3o inaugurados pela internet e pelos novos aparelhos. Testemunhar o Evangelho neste novo ambiente \u00e9 uma urg\u00eancia para os frades e fraternidades.<\/p>\n<p><img loading=\"lazy\" class=\"aligncenter\" src=\"http:\/\/franciscanos.org.br\/wp-content\/uploads\/2018\/10\/congresso_221018_4.jpg\" alt=\"congresso_221018_4\" width=\"830\" height=\"356\" \/><\/p>\n<h3><img loading=\"lazy\" class=\"aligncenter\" style=\"font-size: 16px;\" src=\"http:\/\/franciscanos.org.br\/wp-content\/uploads\/2018\/10\/congresso_221018_3.jpg\" alt=\"congresso_221018_3\" width=\"830\" height=\"420\" \/><\/h3>\n<p>Frei Lu\u00eds apontou ainda o pontificado do Papa Francisco como fonte de inspira\u00e7\u00e3o para a Miss\u00e3o Evangelizadora da Ordem. Entre as tarefas urgentes, o Secret\u00e1rio Geral elencou: recuperar a m\u00edstica e a espiritualidade de Francisco, partir sempre do Evangelho, cultivar uma profecia que desperte a consci\u00eancia cr\u00edtica diante da realidade e apostar numa ampla postura de di\u00e1logo com governos, movimentos, tradi\u00e7\u00f5es religiosas e culturas.<\/p>\n<p><strong>DEFINIDORES TRAZEM SAUDA\u00c7\u00c3O DO MINISTRO GERAL<\/strong><\/p>\n<table border=\"0\" width=\"450\" cellspacing=\"3\" cellpadding=\"3\" align=\"right\">\n<tbody>\n<tr>\n<td bgcolor=\"#CCCCCC\">\n<h4><img loading=\"lazy\" class=\"alignright size-full wp-image-175110\" src=\"http:\/\/franciscanos.org.br\/wp-content\/uploads\/2018\/10\/congresso_221018_5.jpg\" alt=\"congresso_221018_5\" width=\"500\" height=\"278\" \/>Santo Oscar Romero e os m\u00e1rtires de Quirigu\u00e1<\/h4>\n<p>O Congresso Franciscano acontece num momento particular da Igreja na Am\u00e9rica Central e Caribe, com a canoniza\u00e7\u00e3o no \u00faltimo dia 14 de outubro de Santo Oscar Romero e, no pr\u00f3ximo s\u00e1bado, dia 27, quando ser\u00e3o beatificados os m\u00e1rtires Pe. Tullio Maruzzo, sacerdote franciscano, e o leigo Luis Obdulio Arroyo Navarro, assassinados por \u00f3dio \u00e0 f\u00e9 em 1\u00ba de julho de 1981, na Guatemala. Os participantes do Congresso estar\u00e3o presentes na celebra\u00e7\u00e3o.<\/p>\n<p>Pe. Maruzzo chegou \u00e0 Guatemala em janeiro de 1960, procedente da It\u00e1lia. Serviu em diferentes par\u00f3quias at\u00e9 que foi enviado \u00e0 San Jos\u00e9, que contava com 50 aldeias. O sacerdote as visitava pelo menos tr\u00eas vezes por ano. Simp\u00e1tico, passava muitas horas ouvindo os camponeses e os conhecia pelo seu nome. Diante do &#8220;roubo&#8221; das terras dos camponeses na regi\u00e3o de Izabal, Pe. Maruzzo come\u00e7ou ajud\u00e1-los, a fim de que legalizassem as terras que cultivavam. Mas isso n\u00e3o passou despercebido para os militares e comiss\u00e1rios que queriam ficar com as terras que j\u00e1 tinham sido cultivadas; por isso, come\u00e7aram a amea\u00e7\u00e1-lo. Logo depois, caluniaram e acusaram Pe. Tulio de colaborar com a guerrilha. Os seus superiores, temendo pela sua vida, transferiram-no para a Par\u00f3quia do Sagrado Cora\u00e7\u00e3o de Quirigu\u00e1. Pe. Tulio n\u00e3o estava de acordo em abandonar seu rebanho; mas obedeceu, em 14 de maio de 1980. As cal\u00fanias e amea\u00e7as continuaram nesse lugar. Em 1\u00ba de julho de 1981, \u00e0s 22h30, depois de acompanhar alguns dos fi\u00e9is at\u00e9 a sua casa na Aldeia Pueblos Nuevos, Pe. Tulio Maruzzo e o leigo Luis Obdulio Arroyo Navarro, que dirigia o carro, ca\u00edram em uma emboscada e foram assassinados.<\/td>\n<\/tr>\n<\/tbody>\n<\/table>\n<p>Os Definidores Gerais para a Am\u00e9rica Latina, o brasileiro Frei Valmir Ramos e o mexicano Frei Ign\u00e1cio Cejo, tamb\u00e9m fizeram uso da palavra. Frei Valmir trouxe as resson\u00e2ncias do Conselho Plen\u00e1rio da Ordem, realizado em Nair\u00f3bi, no Qu\u00eania, no primeiro semestre deste ano. Refor\u00e7ou um aspecto que foi bastante frisado no CPO, de que a Ordem Franciscana \u00e9 uma fraternidade contemplativa em miss\u00e3o. \u201cDevemos sempre ter presente a centralidade de Deus em nossa vida e miss\u00e3o. E a vida de ora\u00e7\u00e3o \u00e9 que mant\u00e9m nossa proximidade com Deus\u201d, refor\u00e7ou. Apontou ainda tr\u00eas indica\u00e7\u00f5es do Conselho que devem orientar a vida das fraternidades em toda ordem: O aprofundamento da identidade carism\u00e1tica; a proximidade com os jovens e o Cuidado com a Casa Comum.<\/p>\n<p>Frei Ign\u00e1cio Cejo trouxe a sauda\u00e7\u00e3o do Ministro Geral, Frei Michael Perry: \u201cFrei Michael est\u00e1 no Canad\u00e1, participando de um Cap\u00edtulo extraordin\u00e1rio que trata sobre a unifica\u00e7\u00e3o de duas prov\u00edncias naquele pa\u00eds. Ele envia sauda\u00e7\u00f5es\u201d, explicou. Frei Ign\u00e1cio ressaltou a miss\u00e3o evangelizadora como raz\u00e3o de existir da Ordem e fez um apelo para que as reflex\u00f5es e encaminhamentos nascidos neste congresso cheguem aos frades e \u00e0s fraternidades.<\/p>\n<p>O III Congresso Franciscano Mission\u00e1rio da Am\u00e9rica Latina e do Caribe ocorre na Cidade da Guatemala, sede da Prov\u00edncia Franciscana da Am\u00e9rica Central e do Caribe. O I Congresso ocorreu em 2008, em C\u00f3rdoba, na Argentina; e o II Congresso, em Canind\u00e9, no Brasil, em 2013. O tema deste ano \u00e9: \u201cNovos cen\u00e1rios, novos desafios: Cuidado da Cria\u00e7\u00e3o, Mobilidade Humana, Cultura da Paz.<\/p>\n<h3>VEJA MAIS NO SITE DO <a href=\"https:\/\/www.3er-congresofranciscanomisionero.org\/\">CONGRESSO<\/a><\/h3>\n","protected":false},"excerpt":{"rendered":"<p>III Congresso Franciscano Mission\u00e1rio da Am\u00e9rica Latina e do Caribe<\/p>\n","protected":false},"author":1,"featured_media":191233,"comment_status":"open","ping_status":"open","sticky":false,"template":"","format":"standard","meta":[],"categories":[1],"tags":[596,397],"acf":[],"yoast_head":"<!-- This site is optimized with the Yoast SEO plugin v19.2 - https:\/\/yoast.com\/wordpress\/plugins\/seo\/ -->\n<title>Respostas r\u00e1pidas para desafios urgentes - Not\u00edcias - Franciscanos<\/title>\n<meta name=\"robots\" content=\"index, follow, max-snippet:-1, max-image-preview:large, max-video-preview:-1\" \/>\n<link rel=\"canonical\" href=\"https:\/\/franciscanos.org.br\/noticias\/iii-congresso-missionario-respostas-rapidas-para-desafios-urgentes.html\" \/>\n<meta property=\"og:locale\" content=\"pt_BR\" \/>\n<meta property=\"og:type\" content=\"article\" \/>\n<meta property=\"og:title\" content=\"Respostas r\u00e1pidas para desafios urgentes - Not\u00edcias - Franciscanos\" \/>\n<meta property=\"og:description\" content=\"III Congresso Franciscano Mission\u00e1rio da Am\u00e9rica Latina e do Caribe\" \/>\n<meta property=\"og:url\" content=\"https:\/\/franciscanos.org.br\/noticias\/iii-congresso-missionario-respostas-rapidas-para-desafios-urgentes.html\" \/>\n<meta property=\"og:site_name\" content=\"Not\u00edcias - Franciscanos\" \/>\n<meta property=\"article:published_time\" content=\"2018-10-22T20:50:30+00:00\" \/>\n<meta property=\"article:modified_time\" content=\"2019-07-02T11:19:27+00:00\" \/>\n<meta property=\"og:image\" content=\"https:\/\/franciscanos.org.br\/noticias\/wp-content\/uploads\/2018\/10\/congresso_221018-1.jpg\" \/>\n\t<meta property=\"og:image:width\" content=\"273\" \/>\n\t<meta property=\"og:image:height\" content=\"181\" \/>\n\t<meta property=\"og:image:type\" content=\"image\/jpeg\" \/>\n<meta name=\"author\" content=\"admin\" \/>\n<meta name=\"twitter:card\" content=\"summary_large_image\" \/>\n<meta name=\"twitter:label1\" content=\"Escrito por\" \/>\n\t<meta name=\"twitter:data1\" content=\"admin\" \/>\n\t<meta name=\"twitter:label2\" content=\"Est. tempo de leitura\" \/>\n\t<meta name=\"twitter:data2\" content=\"7 minutos\" \/>\n<script type=\"application\/ld+json\" class=\"yoast-schema-graph\">{\"@context\":\"https:\/\/schema.org\",\"@graph\":[{\"@type\":\"WebSite\",\"@id\":\"https:\/\/franciscanos.org.br\/noticias\/#website\",\"url\":\"https:\/\/franciscanos.org.br\/noticias\/\",\"name\":\"Not\u00edcias - Franciscanos\",\"description\":\"Prov\u00edncia Franciscana da Imaculada Concei\u00e7\u00e3o do Brasil - Ordem dos Frades Menores - OFM\",\"potentialAction\":[{\"@type\":\"SearchAction\",\"target\":{\"@type\":\"EntryPoint\",\"urlTemplate\":\"https:\/\/franciscanos.org.br\/noticias\/?s={search_term_string}\"},\"query-input\":\"required name=search_term_string\"}],\"inLanguage\":\"pt-BR\"},{\"@type\":\"ImageObject\",\"inLanguage\":\"pt-BR\",\"@id\":\"https:\/\/franciscanos.org.br\/noticias\/iii-congresso-missionario-respostas-rapidas-para-desafios-urgentes.html#primaryimage\",\"url\":\"https:\/\/franciscanos.org.br\/noticias\/wp-content\/uploads\/2018\/10\/congresso_221018-1.jpg\",\"contentUrl\":\"https:\/\/franciscanos.org.br\/noticias\/wp-content\/uploads\/2018\/10\/congresso_221018-1.jpg\",\"width\":273,\"height\":181},{\"@type\":\"WebPage\",\"@id\":\"https:\/\/franciscanos.org.br\/noticias\/iii-congresso-missionario-respostas-rapidas-para-desafios-urgentes.html#webpage\",\"url\":\"https:\/\/franciscanos.org.br\/noticias\/iii-congresso-missionario-respostas-rapidas-para-desafios-urgentes.html\",\"name\":\"Respostas r\u00e1pidas para desafios urgentes - Not\u00edcias - Franciscanos\",\"isPartOf\":{\"@id\":\"https:\/\/franciscanos.org.br\/noticias\/#website\"},\"primaryImageOfPage\":{\"@id\":\"https:\/\/franciscanos.org.br\/noticias\/iii-congresso-missionario-respostas-rapidas-para-desafios-urgentes.html#primaryimage\"},\"datePublished\":\"2018-10-22T20:50:30+00:00\",\"dateModified\":\"2019-07-02T11:19:27+00:00\",\"author\":{\"@id\":\"https:\/\/franciscanos.org.br\/noticias\/#\/schema\/person\/b38fbf43118f02820bd932f2e4b14ad3\"},\"breadcrumb\":{\"@id\":\"https:\/\/franciscanos.org.br\/noticias\/iii-congresso-missionario-respostas-rapidas-para-desafios-urgentes.html#breadcrumb\"},\"inLanguage\":\"pt-BR\",\"potentialAction\":[{\"@type\":\"ReadAction\",\"target\":[\"https:\/\/franciscanos.org.br\/noticias\/iii-congresso-missionario-respostas-rapidas-para-desafios-urgentes.html\"]}]},{\"@type\":\"BreadcrumbList\",\"@id\":\"https:\/\/franciscanos.org.br\/noticias\/iii-congresso-missionario-respostas-rapidas-para-desafios-urgentes.html#breadcrumb\",\"itemListElement\":[{\"@type\":\"ListItem\",\"position\":1,\"name\":\"Home\",\"item\":\"https:\/\/franciscanos.org.br\/noticias\"},{\"@type\":\"ListItem\",\"position\":2,\"name\":\"Respostas r\u00e1pidas para desafios urgentes\"}]},{\"@type\":\"Person\",\"@id\":\"https:\/\/franciscanos.org.br\/noticias\/#\/schema\/person\/b38fbf43118f02820bd932f2e4b14ad3\",\"name\":\"admin\",\"image\":{\"@type\":\"ImageObject\",\"inLanguage\":\"pt-BR\",\"@id\":\"https:\/\/franciscanos.org.br\/noticias\/#\/schema\/person\/image\/\",\"url\":\"https:\/\/secure.gravatar.com\/avatar\/e8495742d34d0ba6448ea1c628263b3e?s=96&d=mm&r=g\",\"contentUrl\":\"https:\/\/secure.gravatar.com\/avatar\/e8495742d34d0ba6448ea1c628263b3e?s=96&d=mm&r=g\",\"caption\":\"admin\"},\"url\":\"https:\/\/franciscanos.org.br\/noticias\/author\/admin\"}]}<\/script>\n<!-- \/ Yoast SEO plugin. -->","yoast_head_json":{"title":"Respostas r\u00e1pidas para desafios urgentes - Not\u00edcias - Franciscanos","robots":{"index":"index","follow":"follow","max-snippet":"max-snippet:-1","max-image-preview":"max-image-preview:large","max-video-preview":"max-video-preview:-1"},"canonical":"https:\/\/franciscanos.org.br\/noticias\/iii-congresso-missionario-respostas-rapidas-para-desafios-urgentes.html","og_locale":"pt_BR","og_type":"article","og_title":"Respostas r\u00e1pidas para desafios urgentes - Not\u00edcias - Franciscanos","og_description":"III Congresso Franciscano Mission\u00e1rio da Am\u00e9rica Latina e do Caribe","og_url":"https:\/\/franciscanos.org.br\/noticias\/iii-congresso-missionario-respostas-rapidas-para-desafios-urgentes.html","og_site_name":"Not\u00edcias - Franciscanos","article_published_time":"2018-10-22T20:50:30+00:00","article_modified_time":"2019-07-02T11:19:27+00:00","og_image":[{"width":273,"height":181,"url":"https:\/\/franciscanos.org.br\/noticias\/wp-content\/uploads\/2018\/10\/congresso_221018-1.jpg","type":"image\/jpeg"}],"author":"admin","twitter_card":"summary_large_image","twitter_misc":{"Escrito por":"admin","Est. tempo de leitura":"7 minutos"},"schema":{"@context":"https:\/\/schema.org","@graph":[{"@type":"WebSite","@id":"https:\/\/franciscanos.org.br\/noticias\/#website","url":"https:\/\/franciscanos.org.br\/noticias\/","name":"Not\u00edcias - Franciscanos","description":"Prov\u00edncia Franciscana da Imaculada Concei\u00e7\u00e3o do Brasil - Ordem dos Frades Menores - OFM","potentialAction":[{"@type":"SearchAction","target":{"@type":"EntryPoint","urlTemplate":"https:\/\/franciscanos.org.br\/noticias\/?s={search_term_string}"},"query-input":"required name=search_term_string"}],"inLanguage":"pt-BR"},{"@type":"ImageObject","inLanguage":"pt-BR","@id":"https:\/\/franciscanos.org.br\/noticias\/iii-congresso-missionario-respostas-rapidas-para-desafios-urgentes.html#primaryimage","url":"https:\/\/franciscanos.org.br\/noticias\/wp-content\/uploads\/2018\/10\/congresso_221018-1.jpg","contentUrl":"https:\/\/franciscanos.org.br\/noticias\/wp-content\/uploads\/2018\/10\/congresso_221018-1.jpg","width":273,"height":181},{"@type":"WebPage","@id":"https:\/\/franciscanos.org.br\/noticias\/iii-congresso-missionario-respostas-rapidas-para-desafios-urgentes.html#webpage","url":"https:\/\/franciscanos.org.br\/noticias\/iii-congresso-missionario-respostas-rapidas-para-desafios-urgentes.html","name":"Respostas r\u00e1pidas para desafios urgentes - Not\u00edcias - Franciscanos","isPartOf":{"@id":"https:\/\/franciscanos.org.br\/noticias\/#website"},"primaryImageOfPage":{"@id":"https:\/\/franciscanos.org.br\/noticias\/iii-congresso-missionario-respostas-rapidas-para-desafios-urgentes.html#primaryimage"},"datePublished":"2018-10-22T20:50:30+00:00","dateModified":"2019-07-02T11:19:27+00:00","author":{"@id":"https:\/\/franciscanos.org.br\/noticias\/#\/schema\/person\/b38fbf43118f02820bd932f2e4b14ad3"},"breadcrumb":{"@id":"https:\/\/franciscanos.org.br\/noticias\/iii-congresso-missionario-respostas-rapidas-para-desafios-urgentes.html#breadcrumb"},"inLanguage":"pt-BR","potentialAction":[{"@type":"ReadAction","target":["https:\/\/franciscanos.org.br\/noticias\/iii-congresso-missionario-respostas-rapidas-para-desafios-urgentes.html"]}]},{"@type":"BreadcrumbList","@id":"https:\/\/franciscanos.org.br\/noticias\/iii-congresso-missionario-respostas-rapidas-para-desafios-urgentes.html#breadcrumb","itemListElement":[{"@type":"ListItem","position":1,"name":"Home","item":"https:\/\/franciscanos.org.br\/noticias"},{"@type":"ListItem","position":2,"name":"Respostas r\u00e1pidas para desafios urgentes"}]},{"@type":"Person","@id":"https:\/\/franciscanos.org.br\/noticias\/#\/schema\/person\/b38fbf43118f02820bd932f2e4b14ad3","name":"admin","image":{"@type":"ImageObject","inLanguage":"pt-BR","@id":"https:\/\/franciscanos.org.br\/noticias\/#\/schema\/person\/image\/","url":"https:\/\/secure.gravatar.com\/avatar\/e8495742d34d0ba6448ea1c628263b3e?s=96&d=mm&r=g","contentUrl":"https:\/\/secure.gravatar.com\/avatar\/e8495742d34d0ba6448ea1c628263b3e?s=96&d=mm&r=g","caption":"admin"},"url":"https:\/\/franciscanos.org.br\/noticias\/author\/admin"}]}},"_links":{"self":[{"href":"https:\/\/franciscanos.org.br\/noticias\/wp-json\/wp\/v2\/posts\/187710"}],"collection":[{"href":"https:\/\/franciscanos.org.br\/noticias\/wp-json\/wp\/v2\/posts"}],"about":[{"href":"https:\/\/franciscanos.org.br\/noticias\/wp-json\/wp\/v2\/types\/post"}],"author":[{"embeddable":true,"href":"https:\/\/franciscanos.org.br\/noticias\/wp-json\/wp\/v2\/users\/1"}],"replies":[{"embeddable":true,"href":"https:\/\/franciscanos.org.br\/noticias\/wp-json\/wp\/v2\/comments?post=187710"}],"version-history":[{"count":0,"href":"https:\/\/franciscanos.org.br\/noticias\/wp-json\/wp\/v2\/posts\/187710\/revisions"}],"wp:featuredmedia":[{"embeddable":true,"href":"https:\/\/franciscanos.org.br\/noticias\/wp-json\/wp\/v2\/media\/191233"}],"wp:attachment":[{"href":"https:\/\/franciscanos.org.br\/noticias\/wp-json\/wp\/v2\/media?parent=187710"}],"wp:term":[{"taxonomy":"category","embeddable":true,"href":"https:\/\/franciscanos.org.br\/noticias\/wp-json\/wp\/v2\/categories?post=187710"},{"taxonomy":"post_tag","embeddable":true,"href":"https:\/\/franciscanos.org.br\/noticias\/wp-json\/wp\/v2\/tags?post=187710"}],"curies":[{"name":"wp","href":"https:\/\/api.w.org\/{rel}","templated":true}]}}