{"id":187703,"date":"2018-10-20T08:10:46","date_gmt":"2018-10-20T11:10:46","guid":{"rendered":"http:\/\/franciscanos.org.br\/?p=174929"},"modified":"2020-08-06T16:56:26","modified_gmt":"2020-08-06T19:56:26","slug":"dia-mundial-das-missoes-e-celebrado-neste-domingo","status":"publish","type":"post","link":"https:\/\/franciscanos.org.br\/noticias\/dia-mundial-das-missoes-e-celebrado-neste-domingo.html","title":{"rendered":"Dia Mundial das Miss\u00f5es \u00e9 celebrado neste domingo"},"content":{"rendered":"<p><img loading=\"lazy\" class=\"alignleft\" src=\"http:\/\/franciscanos.org.br\/wp-content\/uploads\/2018\/10\/missao_201018.jpg\" alt=\"missao_201018\" width=\"830\" height=\"550\" \/><\/p>\n<p><strong>Cidade do Vaticano<\/strong> &#8211; Realizou-se, na manh\u00e3 desta sexta-feira, na Sala de Imprensa da Santa S\u00e9, a coletiva de apresenta\u00e7\u00e3o do Dia Mundial das Miss\u00f5es, que ser\u00e1 celebrado neste domingo, dia 21. Tomaram a palavra o Cardeal Fernando Filoni, Prefeito da Congrega\u00e7\u00e3o para a Evangeliza\u00e7\u00e3o dos Povos; Dom Giampiero Dal Toso, Presidente das Pontif\u00edcias Obras Mission\u00e1rias; e Padre Fabrizio Meroni, Secret\u00e1rio Geral da Pontif\u00edcia Uni\u00e3o Mission\u00e1ria e Diretor da Ag\u00eancia Fides. O tema da Mensagem do Papa para este 92\u00b0 Dia Mundial das Miss\u00f5es 2018 \u00e9 \u201cJuntamente com os Jovens, levemos o Evangelho a todos\u201d!<\/p>\n<p>Segundo a Mensagem do Papa <strong>(leia abaixo)<\/strong>, muitos jovens encontram, no voluntariado mission\u00e1rio, uma forma para servir aos \u201cmais pequeninos\u201d, promovendo a dignidade humana e testemunhando a alegria de amar e ser crist\u00e3o. Estas experi\u00eancias eclesiais fazem com que a forma\u00e7\u00e3o de cada um n\u00e3o seja apenas prepara\u00e7\u00e3o para o seu bom \u00eaxito profissional, mas tamb\u00e9m para desenvolver e promover os seus dons, concedidos por Deus, para melhor servir aos outros.<\/p>\n<p><strong>Campanha Mission\u00e1ria 2018<\/strong><br \/>\nO M\u00eas de Outubro anima-nos na realiza\u00e7\u00e3o das atividades mission\u00e1rias no Brasil e no mundo. Neste ano, em que as Pontif\u00edcias Obras Mission\u00e1rias (POM) celebram 40 anos de atividades, lembramos a vida de tantos mission\u00e1rios que constru\u00edram a sua hist\u00f3ria. O objetivo do m\u00eas mission\u00e1rio, que este ano tem como tema \u201cEnviados para testemunhar o Evangelho da paz\u201d, \u00e9 sensibilizar, despertar voca\u00e7\u00f5es mission\u00e1rias e realizar a Coleta no Dia Mundial das Miss\u00f5es, no pr\u00f3ximo domingo, 21 de outubro.<\/p>\n<p>Desde o in\u00edcio do seu pontificado, o Papa Francisco convida-nos a agir, sem medo e sem rigidez, mas com coragem e \u201cd\u00f3ceis\u201d ao Esp\u00edrito, para al\u00e9m das estruturas que nos asfixiam. Esta n\u00e3o deve ser uma Igreja burocr\u00e1tica e sim uma Igreja \u201cem sa\u00edda\u201d, pr\u00f3xima das pessoas. Neste esp\u00edrito e em comunh\u00e3o com a Campanha da Fraternidade de 2018 \u201cV\u00f3s sois todos irm\u00e3os\u201d, queremos viver juntos o grande projeto de Deus de construir a civiliza\u00e7\u00e3o do amor.<\/p>\n<p><strong>M\u00eas extraordin\u00e1rio das Miss\u00f5es<\/strong><\/p>\n<p>O Santo padre aceitou a proposta da Congrega\u00e7\u00e3o para a Evangeliza\u00e7\u00e3o dos Povos, de proclamar Outubro de 2019 como um M\u00eas Mission\u00e1rio Extraordin\u00e1rio, com objetivo de \u201cdespertar, em medida maior, a consci\u00eancia da Miss\u00e3o ad gentes e retomar, com novo impulso, a transforma\u00e7\u00e3o mission\u00e1ria da vida e da pastoral.\u201d<\/p>\n<p>O \u201cM\u00eas extraordin\u00e1rio das Miss\u00f5es\u201d tem como tema: \u201cBatizados e Enviados: A Igreja de Cristo em miss\u00e3o no mundo\u201d. Esta iniciativa, de grande import\u00e2ncia eclesial, ser\u00e1 composta de ora\u00e7\u00e3o, testemunhos e reflex\u00e3o sobre a centralidade da Miss\u00e3o ad gentes. Com esta iniciativa, o Papa Francisco convida-nos a colocar a Miss\u00e3o ad gentes ao centro das celebra\u00e7\u00f5es do 100\u00ba anivers\u00e1rio da <em>Carta Apost\u00f3lica \u201cMaximum Illud\u201d, do Papa Bento XV<\/em>.<\/p>\n<p><strong>S\u00ednodo para a Amaz\u00f4nia<\/strong><\/p>\n<p>Na assembleia anual dos Diretores das Pontif\u00edcias Obras Mission\u00e1rias, que se realizou em Roma, o Papa Francisco recordou que, em outubro de 2019, tamb\u00e9m se realizar\u00e1 o S\u00ednodo dos Bispos para a Amaz\u00f4nia: \u201cEspero que essa coincid\u00eancia \u2013 disse &#8211; nos ajude a manter fixo o nosso olhar em Jesus Cristo, ao enfrentar problemas, desafios, riquezas e pobrezas; ajude-nos a renovar o compromisso de servi\u00e7o ao Evangelho para a salva\u00e7\u00e3o dos homens e mulheres, que vivem naquelas terras. Rezemos para que o S\u00ednodo para a Amaz\u00f4nia possa requalificar, evangelicamente, a miss\u00e3o naquela regi\u00e3o t\u00e3o sofrida, injustamente explorada e necessitada da salva\u00e7\u00e3o de Jesus\u201d.<\/p>\n<h3><img loading=\"lazy\" class=\"alignleft\" src=\"http:\/\/franciscanos.org.br\/wp-content\/uploads\/2018\/10\/missao_201018_1.jpg\" alt=\"missao_201018_1\" width=\"830\" height=\"494\" \/><\/h3>\n<h3>MENSAGEM DE SUA SANTIDADE\u00a0O PAPA FRANCISCO\u00a0PARA O DIA MUNDIAL DAS MISS\u00d5ES DE 2018<\/h3>\n<blockquote><p>\u00abJuntamente com os jovens, levemos o Evangelho a todos\u00bb<\/p><\/blockquote>\n<p>Queridos jovens, juntamente convosco desejo refletir sobre a miss\u00e3o que Jesus nos confiou. Apesar de me dirigir a v\u00f3s, pretendo incluir todos os crist\u00e3os, que vivem na Igreja a aventura da sua exist\u00eancia como filhos de Deus. O que me impele a falar a todos, dialogando convosco, \u00e9 a certeza de que a f\u00e9 crist\u00e3 permanece sempre jovem, quando se abre \u00e0 miss\u00e3o que Cristo nos confia. \u00abA miss\u00e3o revigora a f\u00e9\u00bb (<em>Carta enc. Redemptoris missio<\/em>, 2): escrevia S\u00e3o Jo\u00e3o Paulo II, um Papa que tanto amava os jovens e, a eles, muito se dedicou.<\/p>\n<p>O S\u00ednodo que celebraremos em Roma no pr\u00f3ximo m\u00eas de outubro, m\u00eas mission\u00e1rio, d\u00e1-nos oportunidade de entender melhor, \u00e0 luz da f\u00e9, aquilo que o Senhor Jesus vos quer dizer a v\u00f3s, jovens, e, atrav\u00e9s de v\u00f3s, \u00e0s comunidades crist\u00e3s.<\/p>\n<p><strong>A vida \u00e9 uma miss\u00e3o<\/strong><\/p>\n<p>Todo o homem e mulher \u00e9 uma miss\u00e3o, e esta \u00e9 a raz\u00e3o pela qual se encontra a viver na terra. Ser atra\u00eddos e ser enviados s\u00e3o os dois movimentos que o nosso cora\u00e7\u00e3o, sobretudo quando \u00e9 jovem em idade, sente como for\u00e7as interiores do amor que prometem futuro e impelem a nossa exist\u00eancia para a frente. Ningu\u00e9m, como os jovens, sente quanto irrompe a vida e atrai. Viver com alegria a pr\u00f3pria responsabilidade pelo mundo \u00e9 um grande desafio. Conhe\u00e7o bem as luzes e as sombras de ser jovem e, se penso na minha juventude e na minha fam\u00edlia, recordo a intensidade da esperan\u00e7a por um futuro melhor. O facto de nos encontrarmos neste mundo sem ser por nossa decis\u00e3o faz-nos intuir que h\u00e1 uma iniciativa que nos antecede e faz existir. Cada um de n\u00f3s \u00e9 chamado a refletir sobre esta realidade: \u00abEu sou uma miss\u00e3o nesta terra, e para isso estou neste mundo\u00bb (<em>Papa Francisco, Exort. ap. Evangelii gaudium<\/em>, 273).<\/p>\n<p><strong>Anunciamo-vos Jesus Cristo<\/strong><\/p>\n<p>A Igreja, ao anunciar aquilo que gratuitamente recebeu (cf. Mt 10, 8; At 3, 6), pode partilhar convosco, queridos jovens, o caminho e a verdade que conduzem ao sentido do viver nesta terra. Jesus Cristo, morto e ressuscitado por n\u00f3s, oferece-Se \u00e0 nossa liberdade e desafia-a a procurar, descobrir e anunciar este sentido verdadeiro e pleno. Queridos jovens, n\u00e3o tenhais medo de Cristo e da sua Igreja! Neles, est\u00e1 o tesouro que enche a vida de alegria. Digo-vos isto por experi\u00eancia: gra\u00e7as \u00e0 f\u00e9, encontrei o fundamento dos meus sonhos e a for\u00e7a para os realizar. Vi muitos sofrimentos, muita pobreza desfigurar o rosto de tantos irm\u00e3os e irm\u00e3s. E todavia, para quem est\u00e1 com Jesus, o mal \u00e9 um desafio a amar cada vez mais. Muitos homens e mulheres, muitos jovens entregaram-se generosamente, \u00e0s vezes at\u00e9 ao mart\u00edrio, por amor do Evangelho ao servi\u00e7o dos irm\u00e3os. A partir da cruz de Jesus, aprendemos a l\u00f3gica divina da oferta de n\u00f3s mesmos (cf. 1 Cor 1, 17-25) como an\u00fancio do Evangelho para a vida do mundo (cf. Jo 3, 16). Ser inflamados pelo amor de Cristo consome quem arde e faz crescer, ilumina e aquece a quem se ama (cf. 2 Cor 5, 14). Na escola dos santos, que nos abrem para os vastos horizontes de Deus, convido-vos a perguntar a v\u00f3s mesmos em cada circunst\u00e2ncia: \u00abQue faria Cristo no meu lugar?\u00bb<\/p>\n<p><strong>Transmitir a f\u00e9 at\u00e9 aos \u00faltimos confins da terra<\/strong><\/p>\n<p>Pelo Batismo, tamb\u00e9m v\u00f3s, jovens, sois membros vivos da Igreja e, juntos, temos a miss\u00e3o de levar o Evangelho a todos. Estais a desabrochar para a vida. Crescer na gra\u00e7a da f\u00e9, que nos foi transmitida pelos sacramentos da Igreja, integra-nos num fluxo de gera\u00e7\u00f5es de testemunhas, onde a sabedoria daqueles que t\u00eam experi\u00eancia se torna testemunho e encorajamento para quem se abre ao futuro. E, por sua vez, a novidade dos jovens torna-se apoio e esperan\u00e7a para aqueles que est\u00e3o pr\u00f3ximo da meta do seu caminho. Na conviv\u00eancia das v\u00e1rias idades da vida, a miss\u00e3o da Igreja constr\u00f3i pontes intergeracionais, nas quais a f\u00e9 em Deus e o amor ao pr\u00f3ximo constituem fatores de profunda uni\u00e3o.<\/p>\n<p>Por isso, esta transmiss\u00e3o da f\u00e9, cora\u00e7\u00e3o da miss\u00e3o da Igreja, verifica-se atrav\u00e9s do \u00abcont\u00e1gio\u00bb do amor, onde a alegria e o entusiasmo expressam o sentido reencontrado e a plenitude da vida. A propaga\u00e7\u00e3o da f\u00e9 por atra\u00e7\u00e3o requer cora\u00e7\u00f5es abertos, dilatados pelo amor. Ao amor, n\u00e3o se pode colocar limites: forte como a morte \u00e9 o amor (cf. Ct 8, 6). E tal expans\u00e3o gera o encontro, o testemunho, o an\u00fancio; gera a partilha na caridade com todos aqueles que, longe da f\u00e9, se mostram indiferentes e, \u00e0s vezes, impugnadores e contr\u00e1rios \u00e0 mesma. Ambientes humanos, culturais e religiosos ainda alheios ao Evangelho de Jesus e \u00e0 presen\u00e7a sacramental da Igreja constituem as periferias extremas, os \u00ab\u00faltimos confins da terra\u00bb, aos quais, desde a P\u00e1scoa de Jesus, s\u00e3o enviados os seus disc\u00edpulos mission\u00e1rios, na certeza de terem sempre com eles o seu Senhor (cf. Mt 28, 20; At 1, 8). Nisto consiste o que designamos por missio ad gentes. A periferia mais desolada da humanidade carente de Cristo \u00e9 a indiferen\u00e7a \u00e0 f\u00e9 ou mesmo o \u00f3dio contra a plenitude divina da vida. Toda a pobreza material e espiritual, toda a discrimina\u00e7\u00e3o de irm\u00e3os e irm\u00e3s \u00e9 sempre consequ\u00eancia da recusa de Deus e do seu amor.<\/p>\n<p>Hoje para v\u00f3s, queridos jovens, os \u00faltimos confins da terra s\u00e3o muito relativos e sempre facilmente \u00abnaveg\u00e1veis\u00bb. O mundo digital, as redes sociais, que nos envolvem e entrecruzam, diluem fronteiras, cancelam margens e dist\u00e2ncias, reduzem as diferen\u00e7as. Tudo parece estar ao alcance da m\u00e3o: tudo t\u00e3o pr\u00f3ximo e imediato&#8230; E todavia, sem o dom que inclua as nossas vidas, poderemos ter mir\u00edades de contatos, mas nunca estaremos imersos numa verdadeira comunh\u00e3o de vida. A miss\u00e3o at\u00e9 aos \u00faltimos confins da terra requer o dom de n\u00f3s pr\u00f3prios na voca\u00e7\u00e3o que nos foi dada por Aquele que nos colocou nesta terra (cf. Lc 9, 23-25). Atrevo-me a dizer que, para um jovem que quer seguir Cristo, o essencial \u00e9 a busca e a ades\u00e3o \u00e0 sua voca\u00e7\u00e3o.<\/p>\n<p><strong>Testemunhar o amor<\/strong><\/p>\n<p>Agrade\u00e7o a todas as realidades eclesiais que vos permitem encontrar, pessoalmente, Cristo vivo na sua Igreja: as par\u00f3quias, as associa\u00e7\u00f5es, os movimentos, as comunidades religiosas, as mais variadas express\u00f5es de servi\u00e7o mission\u00e1rio. Muitos jovens encontram, no voluntariado mission\u00e1rio, uma forma para servir os \u00abmais pequenos\u00bb (cf. Mt 25, 40), promovendo a dignidade humana e testemunhando a alegria de amar e ser crist\u00e3o. Estas experi\u00eancias eclesiais fazem com que a forma\u00e7\u00e3o de cada um n\u00e3o seja apenas prepara\u00e7\u00e3o para o seu bom-\u00eaxito profissional, mas desenvolva e cuide um dom do Senhor para melhor servir aos outros. Estas louv\u00e1veis formas de servi\u00e7o mission\u00e1rio tempor\u00e2neo s\u00e3o um come\u00e7o fecundo e, no discernimento vocacional, podem ajudar-vos a decidir pelo dom total de v\u00f3s mesmos como mission\u00e1rios.<\/p>\n<p>De cora\u00e7\u00f5es jovens, nasceram as Pontif\u00edcias Obras Mission\u00e1rias, para apoiar o an\u00fancio do Evangelho a todos os povos, contribuindo para o crescimento humano e cultural de muitas popula\u00e7\u00f5es sedentas de Verdade. As ora\u00e7\u00f5es e as ajudas materiais, que generosamente s\u00e3o dadas e distribu\u00eddas atrav\u00e9s das POMs, ajudam a Santa S\u00e9 a garantir que, quantos recebem ajuda para as suas necessidades, possam, por sua vez, ser capazes de dar testemunho no pr\u00f3prio ambiente. Ningu\u00e9m \u00e9 t\u00e3o pobre que n\u00e3o possa dar o que tem e, ainda antes, o que \u00e9. Apraz-me repetir a exorta\u00e7\u00e3o que dirigi aos jovens chilenos: \u00abNunca penses que n\u00e3o tens nada para dar, ou que n\u00e3o precisas de ningu\u00e9m. Muita gente precisa de ti. Pensa nisso! Cada um de v\u00f3s pense nisto no seu cora\u00e7\u00e3o: muita gente precisa de mim\u00bb (<em>Encontro com os jovens, Santiago \u2013 Santu\u00e1rio de Maip\u00fa, 17\/I\/2018<\/em>).<\/p>\n<p>Queridos jovens, o pr\u00f3ximo m\u00eas mission\u00e1rio de outubro, em que ter\u00e1 lugar o S\u00ednodo a v\u00f3s dedicado, ser\u00e1 mais uma oportunidade para vos tornardes disc\u00edpulos mission\u00e1rios cada vez mais apaixonados por Jesus e pela sua miss\u00e3o at\u00e9 aos \u00faltimos confins da terra. A Maria, Rainha dos Ap\u00f3stolos, ao Santos Francisco Xavier e Teresa do Menino Jesus, ao Beato Paulo Manna, pe\u00e7o que intercedam por todos n\u00f3s e sempre nos acompanhem.<\/p>\n<p><strong>Vaticano, 20 de maio \u2013 Solenidade de Pentecostes \u2013 de 2018.<\/strong><\/p>\n<p><strong>FRANCISCO<\/strong><\/p>\n","protected":false},"excerpt":{"rendered":"<p>Campanha Mission\u00e1ria<\/p>\n","protected":false},"author":1,"featured_media":191315,"comment_status":"open","ping_status":"open","sticky":false,"template":"","format":"standard","meta":[],"categories":[1428],"tags":[1127,361,110],"acf":[],"yoast_head":"<!-- This site is optimized with the Yoast SEO plugin v19.2 - https:\/\/yoast.com\/wordpress\/plugins\/seo\/ -->\n<title>Dia Mundial das Miss\u00f5es \u00e9 celebrado neste domingo - Not\u00edcias - Franciscanos<\/title>\n<meta name=\"robots\" content=\"index, follow, max-snippet:-1, max-image-preview:large, max-video-preview:-1\" \/>\n<link rel=\"canonical\" href=\"https:\/\/franciscanos.org.br\/noticias\/dia-mundial-das-missoes-e-celebrado-neste-domingo.html\" \/>\n<meta property=\"og:locale\" content=\"pt_BR\" \/>\n<meta property=\"og:type\" content=\"article\" \/>\n<meta property=\"og:title\" content=\"Dia Mundial das Miss\u00f5es \u00e9 celebrado neste domingo - Not\u00edcias - Franciscanos\" \/>\n<meta property=\"og:description\" content=\"Campanha Mission\u00e1ria\" \/>\n<meta property=\"og:url\" content=\"https:\/\/franciscanos.org.br\/noticias\/dia-mundial-das-missoes-e-celebrado-neste-domingo.html\" \/>\n<meta property=\"og:site_name\" content=\"Not\u00edcias - Franciscanos\" \/>\n<meta property=\"article:published_time\" content=\"2018-10-20T11:10:46+00:00\" \/>\n<meta property=\"article:modified_time\" content=\"2020-08-06T19:56:26+00:00\" \/>\n<meta property=\"og:image\" content=\"https:\/\/franciscanos.org.br\/noticias\/wp-content\/uploads\/2018\/10\/missao_201018.jpg\" \/>\n\t<meta property=\"og:image:width\" content=\"273\" \/>\n\t<meta property=\"og:image:height\" content=\"181\" \/>\n\t<meta property=\"og:image:type\" content=\"image\/jpeg\" \/>\n<meta name=\"author\" content=\"admin\" \/>\n<meta name=\"twitter:card\" content=\"summary_large_image\" \/>\n<meta name=\"twitter:label1\" content=\"Escrito por\" \/>\n\t<meta name=\"twitter:data1\" content=\"admin\" \/>\n\t<meta name=\"twitter:label2\" content=\"Est. tempo de leitura\" \/>\n\t<meta name=\"twitter:data2\" content=\"11 minutos\" \/>\n<script type=\"application\/ld+json\" class=\"yoast-schema-graph\">{\"@context\":\"https:\/\/schema.org\",\"@graph\":[{\"@type\":\"WebSite\",\"@id\":\"https:\/\/franciscanos.org.br\/noticias\/#website\",\"url\":\"https:\/\/franciscanos.org.br\/noticias\/\",\"name\":\"Not\u00edcias - Franciscanos\",\"description\":\"Prov\u00edncia Franciscana da Imaculada Concei\u00e7\u00e3o do Brasil - Ordem dos Frades Menores - OFM\",\"potentialAction\":[{\"@type\":\"SearchAction\",\"target\":{\"@type\":\"EntryPoint\",\"urlTemplate\":\"https:\/\/franciscanos.org.br\/noticias\/?s={search_term_string}\"},\"query-input\":\"required name=search_term_string\"}],\"inLanguage\":\"pt-BR\"},{\"@type\":\"ImageObject\",\"inLanguage\":\"pt-BR\",\"@id\":\"https:\/\/franciscanos.org.br\/noticias\/dia-mundial-das-missoes-e-celebrado-neste-domingo.html#primaryimage\",\"url\":\"https:\/\/franciscanos.org.br\/noticias\/wp-content\/uploads\/2018\/10\/missao_201018.jpg\",\"contentUrl\":\"https:\/\/franciscanos.org.br\/noticias\/wp-content\/uploads\/2018\/10\/missao_201018.jpg\",\"width\":273,\"height\":181},{\"@type\":\"WebPage\",\"@id\":\"https:\/\/franciscanos.org.br\/noticias\/dia-mundial-das-missoes-e-celebrado-neste-domingo.html#webpage\",\"url\":\"https:\/\/franciscanos.org.br\/noticias\/dia-mundial-das-missoes-e-celebrado-neste-domingo.html\",\"name\":\"Dia Mundial das Miss\u00f5es \u00e9 celebrado neste domingo - Not\u00edcias - Franciscanos\",\"isPartOf\":{\"@id\":\"https:\/\/franciscanos.org.br\/noticias\/#website\"},\"primaryImageOfPage\":{\"@id\":\"https:\/\/franciscanos.org.br\/noticias\/dia-mundial-das-missoes-e-celebrado-neste-domingo.html#primaryimage\"},\"datePublished\":\"2018-10-20T11:10:46+00:00\",\"dateModified\":\"2020-08-06T19:56:26+00:00\",\"author\":{\"@id\":\"https:\/\/franciscanos.org.br\/noticias\/#\/schema\/person\/b38fbf43118f02820bd932f2e4b14ad3\"},\"breadcrumb\":{\"@id\":\"https:\/\/franciscanos.org.br\/noticias\/dia-mundial-das-missoes-e-celebrado-neste-domingo.html#breadcrumb\"},\"inLanguage\":\"pt-BR\",\"potentialAction\":[{\"@type\":\"ReadAction\",\"target\":[\"https:\/\/franciscanos.org.br\/noticias\/dia-mundial-das-missoes-e-celebrado-neste-domingo.html\"]}]},{\"@type\":\"BreadcrumbList\",\"@id\":\"https:\/\/franciscanos.org.br\/noticias\/dia-mundial-das-missoes-e-celebrado-neste-domingo.html#breadcrumb\",\"itemListElement\":[{\"@type\":\"ListItem\",\"position\":1,\"name\":\"Home\",\"item\":\"https:\/\/franciscanos.org.br\/noticias\"},{\"@type\":\"ListItem\",\"position\":2,\"name\":\"Dia Mundial das Miss\u00f5es \u00e9 celebrado neste domingo\"}]},{\"@type\":\"Person\",\"@id\":\"https:\/\/franciscanos.org.br\/noticias\/#\/schema\/person\/b38fbf43118f02820bd932f2e4b14ad3\",\"name\":\"admin\",\"image\":{\"@type\":\"ImageObject\",\"inLanguage\":\"pt-BR\",\"@id\":\"https:\/\/franciscanos.org.br\/noticias\/#\/schema\/person\/image\/\",\"url\":\"https:\/\/secure.gravatar.com\/avatar\/e8495742d34d0ba6448ea1c628263b3e?s=96&d=mm&r=g\",\"contentUrl\":\"https:\/\/secure.gravatar.com\/avatar\/e8495742d34d0ba6448ea1c628263b3e?s=96&d=mm&r=g\",\"caption\":\"admin\"},\"url\":\"https:\/\/franciscanos.org.br\/noticias\/author\/admin\"}]}<\/script>\n<!-- \/ Yoast SEO plugin. -->","yoast_head_json":{"title":"Dia Mundial das Miss\u00f5es \u00e9 celebrado neste domingo - Not\u00edcias - Franciscanos","robots":{"index":"index","follow":"follow","max-snippet":"max-snippet:-1","max-image-preview":"max-image-preview:large","max-video-preview":"max-video-preview:-1"},"canonical":"https:\/\/franciscanos.org.br\/noticias\/dia-mundial-das-missoes-e-celebrado-neste-domingo.html","og_locale":"pt_BR","og_type":"article","og_title":"Dia Mundial das Miss\u00f5es \u00e9 celebrado neste domingo - Not\u00edcias - Franciscanos","og_description":"Campanha Mission\u00e1ria","og_url":"https:\/\/franciscanos.org.br\/noticias\/dia-mundial-das-missoes-e-celebrado-neste-domingo.html","og_site_name":"Not\u00edcias - Franciscanos","article_published_time":"2018-10-20T11:10:46+00:00","article_modified_time":"2020-08-06T19:56:26+00:00","og_image":[{"width":273,"height":181,"url":"https:\/\/franciscanos.org.br\/noticias\/wp-content\/uploads\/2018\/10\/missao_201018.jpg","type":"image\/jpeg"}],"author":"admin","twitter_card":"summary_large_image","twitter_misc":{"Escrito por":"admin","Est. tempo de leitura":"11 minutos"},"schema":{"@context":"https:\/\/schema.org","@graph":[{"@type":"WebSite","@id":"https:\/\/franciscanos.org.br\/noticias\/#website","url":"https:\/\/franciscanos.org.br\/noticias\/","name":"Not\u00edcias - Franciscanos","description":"Prov\u00edncia Franciscana da Imaculada Concei\u00e7\u00e3o do Brasil - Ordem dos Frades Menores - OFM","potentialAction":[{"@type":"SearchAction","target":{"@type":"EntryPoint","urlTemplate":"https:\/\/franciscanos.org.br\/noticias\/?s={search_term_string}"},"query-input":"required name=search_term_string"}],"inLanguage":"pt-BR"},{"@type":"ImageObject","inLanguage":"pt-BR","@id":"https:\/\/franciscanos.org.br\/noticias\/dia-mundial-das-missoes-e-celebrado-neste-domingo.html#primaryimage","url":"https:\/\/franciscanos.org.br\/noticias\/wp-content\/uploads\/2018\/10\/missao_201018.jpg","contentUrl":"https:\/\/franciscanos.org.br\/noticias\/wp-content\/uploads\/2018\/10\/missao_201018.jpg","width":273,"height":181},{"@type":"WebPage","@id":"https:\/\/franciscanos.org.br\/noticias\/dia-mundial-das-missoes-e-celebrado-neste-domingo.html#webpage","url":"https:\/\/franciscanos.org.br\/noticias\/dia-mundial-das-missoes-e-celebrado-neste-domingo.html","name":"Dia Mundial das Miss\u00f5es \u00e9 celebrado neste domingo - Not\u00edcias - Franciscanos","isPartOf":{"@id":"https:\/\/franciscanos.org.br\/noticias\/#website"},"primaryImageOfPage":{"@id":"https:\/\/franciscanos.org.br\/noticias\/dia-mundial-das-missoes-e-celebrado-neste-domingo.html#primaryimage"},"datePublished":"2018-10-20T11:10:46+00:00","dateModified":"2020-08-06T19:56:26+00:00","author":{"@id":"https:\/\/franciscanos.org.br\/noticias\/#\/schema\/person\/b38fbf43118f02820bd932f2e4b14ad3"},"breadcrumb":{"@id":"https:\/\/franciscanos.org.br\/noticias\/dia-mundial-das-missoes-e-celebrado-neste-domingo.html#breadcrumb"},"inLanguage":"pt-BR","potentialAction":[{"@type":"ReadAction","target":["https:\/\/franciscanos.org.br\/noticias\/dia-mundial-das-missoes-e-celebrado-neste-domingo.html"]}]},{"@type":"BreadcrumbList","@id":"https:\/\/franciscanos.org.br\/noticias\/dia-mundial-das-missoes-e-celebrado-neste-domingo.html#breadcrumb","itemListElement":[{"@type":"ListItem","position":1,"name":"Home","item":"https:\/\/franciscanos.org.br\/noticias"},{"@type":"ListItem","position":2,"name":"Dia Mundial das Miss\u00f5es \u00e9 celebrado neste domingo"}]},{"@type":"Person","@id":"https:\/\/franciscanos.org.br\/noticias\/#\/schema\/person\/b38fbf43118f02820bd932f2e4b14ad3","name":"admin","image":{"@type":"ImageObject","inLanguage":"pt-BR","@id":"https:\/\/franciscanos.org.br\/noticias\/#\/schema\/person\/image\/","url":"https:\/\/secure.gravatar.com\/avatar\/e8495742d34d0ba6448ea1c628263b3e?s=96&d=mm&r=g","contentUrl":"https:\/\/secure.gravatar.com\/avatar\/e8495742d34d0ba6448ea1c628263b3e?s=96&d=mm&r=g","caption":"admin"},"url":"https:\/\/franciscanos.org.br\/noticias\/author\/admin"}]}},"_links":{"self":[{"href":"https:\/\/franciscanos.org.br\/noticias\/wp-json\/wp\/v2\/posts\/187703"}],"collection":[{"href":"https:\/\/franciscanos.org.br\/noticias\/wp-json\/wp\/v2\/posts"}],"about":[{"href":"https:\/\/franciscanos.org.br\/noticias\/wp-json\/wp\/v2\/types\/post"}],"author":[{"embeddable":true,"href":"https:\/\/franciscanos.org.br\/noticias\/wp-json\/wp\/v2\/users\/1"}],"replies":[{"embeddable":true,"href":"https:\/\/franciscanos.org.br\/noticias\/wp-json\/wp\/v2\/comments?post=187703"}],"version-history":[{"count":1,"href":"https:\/\/franciscanos.org.br\/noticias\/wp-json\/wp\/v2\/posts\/187703\/revisions"}],"predecessor-version":[{"id":227640,"href":"https:\/\/franciscanos.org.br\/noticias\/wp-json\/wp\/v2\/posts\/187703\/revisions\/227640"}],"wp:featuredmedia":[{"embeddable":true,"href":"https:\/\/franciscanos.org.br\/noticias\/wp-json\/wp\/v2\/media\/191315"}],"wp:attachment":[{"href":"https:\/\/franciscanos.org.br\/noticias\/wp-json\/wp\/v2\/media?parent=187703"}],"wp:term":[{"taxonomy":"category","embeddable":true,"href":"https:\/\/franciscanos.org.br\/noticias\/wp-json\/wp\/v2\/categories?post=187703"},{"taxonomy":"post_tag","embeddable":true,"href":"https:\/\/franciscanos.org.br\/noticias\/wp-json\/wp\/v2\/tags?post=187703"}],"curies":[{"name":"wp","href":"https:\/\/api.w.org\/{rel}","templated":true}]}}