{"id":187701,"date":"2018-10-20T08:10:42","date_gmt":"2018-10-20T11:10:42","guid":{"rendered":"http:\/\/franciscanos.org.br\/?p=174926"},"modified":"2019-03-08T18:05:13","modified_gmt":"2019-03-08T21:05:13","slug":"a-era-da-pos-verdade-desonestidade-e-enganacao-na-vida-contemporanea","status":"publish","type":"post","link":"https:\/\/franciscanos.org.br\/noticias\/a-era-da-pos-verdade-desonestidade-e-enganacao-na-vida-contemporanea.html","title":{"rendered":"A era da p\u00f3s-verdade: livro essencial para nossos dias"},"content":{"rendered":"<p><img loading=\"lazy\" class=\"size-full wp-image-174927 alignright\" src=\"http:\/\/franciscanos.org.br\/wp-content\/uploads\/2018\/10\/vozes_201018.jpg\" alt=\"vozes_201018\" width=\"409\" height=\"600\" \/>Embora sempre tenha havido mentirosos, as mentiras geralmente t\u00eam sido contadas com hesita\u00e7\u00e3o, uma pitada de ansiedade, um bocado de culpa, um pouco de vergonha, e, pelo menos, alguma timidez. Agora, pessoas inteligentes que somos, apresentamos raz\u00f5es para manipular a verdade, de modo que possamos dissimular sem culpa. Ralph Keyes &#8211; <strong><em>A Era da P\u00f3s-verdade &#8211; Desonestidade e engana\u00e7\u00e3o na vida contempor\u00e2nea<\/em><\/strong> &#8211;\u00a0 chama isso de p\u00f3s-verdade. Vivemos em uma era da p\u00f3s-verdade.<\/p>\n<p>A p\u00f3s-veracidade existe em uma zona \u00e9tica crepuscular. Permite-nos dissimular sem nos considerarmos desonestos. Quando o nosso comportamento entra em conflito com os nossos valores, o que somos mais propensos a fazer \u00e9 reconceber os nossos valores. Poucos de n\u00f3s queremos pensar em n\u00f3s mesmos como sendo anti\u00e9ticos, muito menos admitir isso para os outros, de modo que desenvolvemos abordagens alternativas da moralidade.<\/p>\n<p>Qualquer estudante de introdu\u00e7\u00e3o \u00e0 psicologia sabe que um comportamento refor\u00e7ado provavelmente ir\u00e1 persistir. N\u00f3s levamos a sociedade pela qual pagamos. Neste caso, isso significa uma sociedade p\u00f3s-verdadeira. Mesmo que mais mentiras estejam sendo ditas do que nunca, para o autor n\u00e3o h\u00e1 maior propens\u00e3o humana a contar mentiras. O que ele acredita \u00e9 que uma disposi\u00e7\u00e3o antiga para enganar os outros est\u00e1 sendo facilitada de novas maneiras.<\/p>\n<p>Ralph Keyes \u00e9 autor, conferencista e professor. Depois de se formar na Faculdade de Antioch em 1967, Keyes se formou na London Schoolof Economics and Political Science. De 1968 a 1970, foi assistente do editor da Newsday, de Long Island. Ap\u00f3s uma d\u00e9cada trabalhando no Centro de Estudos da Pessoa em La Jolla, Calif\u00f3rnia, Keyes passou a dedicar-se a escrever livros e fazer palestras. \u00c9 um autor bastante conhecido do p\u00fablico americano, com boa participa\u00e7\u00e3o na m\u00eddia, incluindo o programa da Oprah Winfrey e o The Tonight Show.<\/p>\n<p><strong>N\u00ba DE P\u00c1GINAS: 312<\/strong><br \/>\n<strong>PRE\u00c7O: 65,00<\/strong><\/p>\n","protected":false},"excerpt":{"rendered":"<p>Editora Vozes<\/p>\n","protected":false},"author":1,"featured_media":191321,"comment_status":"open","ping_status":"open","sticky":false,"template":"","format":"standard","meta":[],"categories":[1],"tags":[238,1122],"acf":[],"yoast_head":"<!-- This site is optimized with the Yoast SEO plugin v19.2 - https:\/\/yoast.com\/wordpress\/plugins\/seo\/ -->\n<title>A era da p\u00f3s-verdade: livro essencial para nossos dias - Not\u00edcias - Franciscanos<\/title>\n<meta name=\"robots\" content=\"index, follow, max-snippet:-1, max-image-preview:large, max-video-preview:-1\" \/>\n<link rel=\"canonical\" href=\"https:\/\/franciscanos.org.br\/noticias\/a-era-da-pos-verdade-desonestidade-e-enganacao-na-vida-contemporanea.html\" \/>\n<meta property=\"og:locale\" content=\"pt_BR\" \/>\n<meta property=\"og:type\" content=\"article\" \/>\n<meta property=\"og:title\" content=\"A era da p\u00f3s-verdade: livro essencial para nossos dias - Not\u00edcias - Franciscanos\" \/>\n<meta property=\"og:description\" content=\"Editora Vozes\" \/>\n<meta property=\"og:url\" content=\"https:\/\/franciscanos.org.br\/noticias\/a-era-da-pos-verdade-desonestidade-e-enganacao-na-vida-contemporanea.html\" \/>\n<meta property=\"og:site_name\" content=\"Not\u00edcias - Franciscanos\" \/>\n<meta property=\"article:published_time\" content=\"2018-10-20T11:10:42+00:00\" \/>\n<meta property=\"article:modified_time\" content=\"2019-03-08T21:05:13+00:00\" \/>\n<meta property=\"og:image\" content=\"https:\/\/franciscanos.org.br\/noticias\/wp-content\/uploads\/2018\/10\/vozes_201018.jpg\" \/>\n\t<meta property=\"og:image:width\" content=\"273\" \/>\n\t<meta property=\"og:image:height\" content=\"182\" \/>\n\t<meta property=\"og:image:type\" content=\"image\/jpeg\" \/>\n<meta name=\"author\" content=\"admin\" \/>\n<meta name=\"twitter:card\" content=\"summary_large_image\" \/>\n<meta name=\"twitter:label1\" content=\"Escrito por\" \/>\n\t<meta name=\"twitter:data1\" content=\"admin\" \/>\n\t<meta name=\"twitter:label2\" content=\"Est. tempo de leitura\" \/>\n\t<meta name=\"twitter:data2\" content=\"2 minutos\" \/>\n<script type=\"application\/ld+json\" class=\"yoast-schema-graph\">{\"@context\":\"https:\/\/schema.org\",\"@graph\":[{\"@type\":\"WebSite\",\"@id\":\"https:\/\/franciscanos.org.br\/noticias\/#website\",\"url\":\"https:\/\/franciscanos.org.br\/noticias\/\",\"name\":\"Not\u00edcias - Franciscanos\",\"description\":\"Prov\u00edncia Franciscana da Imaculada Concei\u00e7\u00e3o do Brasil - Ordem dos Frades Menores - OFM\",\"potentialAction\":[{\"@type\":\"SearchAction\",\"target\":{\"@type\":\"EntryPoint\",\"urlTemplate\":\"https:\/\/franciscanos.org.br\/noticias\/?s={search_term_string}\"},\"query-input\":\"required name=search_term_string\"}],\"inLanguage\":\"pt-BR\"},{\"@type\":\"ImageObject\",\"inLanguage\":\"pt-BR\",\"@id\":\"https:\/\/franciscanos.org.br\/noticias\/a-era-da-pos-verdade-desonestidade-e-enganacao-na-vida-contemporanea.html#primaryimage\",\"url\":\"https:\/\/franciscanos.org.br\/noticias\/wp-content\/uploads\/2018\/10\/vozes_201018.jpg\",\"contentUrl\":\"https:\/\/franciscanos.org.br\/noticias\/wp-content\/uploads\/2018\/10\/vozes_201018.jpg\",\"width\":273,\"height\":182},{\"@type\":\"WebPage\",\"@id\":\"https:\/\/franciscanos.org.br\/noticias\/a-era-da-pos-verdade-desonestidade-e-enganacao-na-vida-contemporanea.html#webpage\",\"url\":\"https:\/\/franciscanos.org.br\/noticias\/a-era-da-pos-verdade-desonestidade-e-enganacao-na-vida-contemporanea.html\",\"name\":\"A era da p\u00f3s-verdade: livro essencial para nossos dias - Not\u00edcias - Franciscanos\",\"isPartOf\":{\"@id\":\"https:\/\/franciscanos.org.br\/noticias\/#website\"},\"primaryImageOfPage\":{\"@id\":\"https:\/\/franciscanos.org.br\/noticias\/a-era-da-pos-verdade-desonestidade-e-enganacao-na-vida-contemporanea.html#primaryimage\"},\"datePublished\":\"2018-10-20T11:10:42+00:00\",\"dateModified\":\"2019-03-08T21:05:13+00:00\",\"author\":{\"@id\":\"https:\/\/franciscanos.org.br\/noticias\/#\/schema\/person\/b38fbf43118f02820bd932f2e4b14ad3\"},\"breadcrumb\":{\"@id\":\"https:\/\/franciscanos.org.br\/noticias\/a-era-da-pos-verdade-desonestidade-e-enganacao-na-vida-contemporanea.html#breadcrumb\"},\"inLanguage\":\"pt-BR\",\"potentialAction\":[{\"@type\":\"ReadAction\",\"target\":[\"https:\/\/franciscanos.org.br\/noticias\/a-era-da-pos-verdade-desonestidade-e-enganacao-na-vida-contemporanea.html\"]}]},{\"@type\":\"BreadcrumbList\",\"@id\":\"https:\/\/franciscanos.org.br\/noticias\/a-era-da-pos-verdade-desonestidade-e-enganacao-na-vida-contemporanea.html#breadcrumb\",\"itemListElement\":[{\"@type\":\"ListItem\",\"position\":1,\"name\":\"Home\",\"item\":\"https:\/\/franciscanos.org.br\/noticias\"},{\"@type\":\"ListItem\",\"position\":2,\"name\":\"A era da p\u00f3s-verdade: livro essencial para nossos dias\"}]},{\"@type\":\"Person\",\"@id\":\"https:\/\/franciscanos.org.br\/noticias\/#\/schema\/person\/b38fbf43118f02820bd932f2e4b14ad3\",\"name\":\"admin\",\"image\":{\"@type\":\"ImageObject\",\"inLanguage\":\"pt-BR\",\"@id\":\"https:\/\/franciscanos.org.br\/noticias\/#\/schema\/person\/image\/\",\"url\":\"https:\/\/secure.gravatar.com\/avatar\/e8495742d34d0ba6448ea1c628263b3e?s=96&d=mm&r=g\",\"contentUrl\":\"https:\/\/secure.gravatar.com\/avatar\/e8495742d34d0ba6448ea1c628263b3e?s=96&d=mm&r=g\",\"caption\":\"admin\"},\"url\":\"https:\/\/franciscanos.org.br\/noticias\/author\/admin\"}]}<\/script>\n<!-- \/ Yoast SEO plugin. -->","yoast_head_json":{"title":"A era da p\u00f3s-verdade: livro essencial para nossos dias - Not\u00edcias - Franciscanos","robots":{"index":"index","follow":"follow","max-snippet":"max-snippet:-1","max-image-preview":"max-image-preview:large","max-video-preview":"max-video-preview:-1"},"canonical":"https:\/\/franciscanos.org.br\/noticias\/a-era-da-pos-verdade-desonestidade-e-enganacao-na-vida-contemporanea.html","og_locale":"pt_BR","og_type":"article","og_title":"A era da p\u00f3s-verdade: livro essencial para nossos dias - Not\u00edcias - Franciscanos","og_description":"Editora Vozes","og_url":"https:\/\/franciscanos.org.br\/noticias\/a-era-da-pos-verdade-desonestidade-e-enganacao-na-vida-contemporanea.html","og_site_name":"Not\u00edcias - Franciscanos","article_published_time":"2018-10-20T11:10:42+00:00","article_modified_time":"2019-03-08T21:05:13+00:00","og_image":[{"width":273,"height":182,"url":"https:\/\/franciscanos.org.br\/noticias\/wp-content\/uploads\/2018\/10\/vozes_201018.jpg","type":"image\/jpeg"}],"author":"admin","twitter_card":"summary_large_image","twitter_misc":{"Escrito por":"admin","Est. tempo de leitura":"2 minutos"},"schema":{"@context":"https:\/\/schema.org","@graph":[{"@type":"WebSite","@id":"https:\/\/franciscanos.org.br\/noticias\/#website","url":"https:\/\/franciscanos.org.br\/noticias\/","name":"Not\u00edcias - Franciscanos","description":"Prov\u00edncia Franciscana da Imaculada Concei\u00e7\u00e3o do Brasil - Ordem dos Frades Menores - OFM","potentialAction":[{"@type":"SearchAction","target":{"@type":"EntryPoint","urlTemplate":"https:\/\/franciscanos.org.br\/noticias\/?s={search_term_string}"},"query-input":"required name=search_term_string"}],"inLanguage":"pt-BR"},{"@type":"ImageObject","inLanguage":"pt-BR","@id":"https:\/\/franciscanos.org.br\/noticias\/a-era-da-pos-verdade-desonestidade-e-enganacao-na-vida-contemporanea.html#primaryimage","url":"https:\/\/franciscanos.org.br\/noticias\/wp-content\/uploads\/2018\/10\/vozes_201018.jpg","contentUrl":"https:\/\/franciscanos.org.br\/noticias\/wp-content\/uploads\/2018\/10\/vozes_201018.jpg","width":273,"height":182},{"@type":"WebPage","@id":"https:\/\/franciscanos.org.br\/noticias\/a-era-da-pos-verdade-desonestidade-e-enganacao-na-vida-contemporanea.html#webpage","url":"https:\/\/franciscanos.org.br\/noticias\/a-era-da-pos-verdade-desonestidade-e-enganacao-na-vida-contemporanea.html","name":"A era da p\u00f3s-verdade: livro essencial para nossos dias - Not\u00edcias - Franciscanos","isPartOf":{"@id":"https:\/\/franciscanos.org.br\/noticias\/#website"},"primaryImageOfPage":{"@id":"https:\/\/franciscanos.org.br\/noticias\/a-era-da-pos-verdade-desonestidade-e-enganacao-na-vida-contemporanea.html#primaryimage"},"datePublished":"2018-10-20T11:10:42+00:00","dateModified":"2019-03-08T21:05:13+00:00","author":{"@id":"https:\/\/franciscanos.org.br\/noticias\/#\/schema\/person\/b38fbf43118f02820bd932f2e4b14ad3"},"breadcrumb":{"@id":"https:\/\/franciscanos.org.br\/noticias\/a-era-da-pos-verdade-desonestidade-e-enganacao-na-vida-contemporanea.html#breadcrumb"},"inLanguage":"pt-BR","potentialAction":[{"@type":"ReadAction","target":["https:\/\/franciscanos.org.br\/noticias\/a-era-da-pos-verdade-desonestidade-e-enganacao-na-vida-contemporanea.html"]}]},{"@type":"BreadcrumbList","@id":"https:\/\/franciscanos.org.br\/noticias\/a-era-da-pos-verdade-desonestidade-e-enganacao-na-vida-contemporanea.html#breadcrumb","itemListElement":[{"@type":"ListItem","position":1,"name":"Home","item":"https:\/\/franciscanos.org.br\/noticias"},{"@type":"ListItem","position":2,"name":"A era da p\u00f3s-verdade: livro essencial para nossos dias"}]},{"@type":"Person","@id":"https:\/\/franciscanos.org.br\/noticias\/#\/schema\/person\/b38fbf43118f02820bd932f2e4b14ad3","name":"admin","image":{"@type":"ImageObject","inLanguage":"pt-BR","@id":"https:\/\/franciscanos.org.br\/noticias\/#\/schema\/person\/image\/","url":"https:\/\/secure.gravatar.com\/avatar\/e8495742d34d0ba6448ea1c628263b3e?s=96&d=mm&r=g","contentUrl":"https:\/\/secure.gravatar.com\/avatar\/e8495742d34d0ba6448ea1c628263b3e?s=96&d=mm&r=g","caption":"admin"},"url":"https:\/\/franciscanos.org.br\/noticias\/author\/admin"}]}},"_links":{"self":[{"href":"https:\/\/franciscanos.org.br\/noticias\/wp-json\/wp\/v2\/posts\/187701"}],"collection":[{"href":"https:\/\/franciscanos.org.br\/noticias\/wp-json\/wp\/v2\/posts"}],"about":[{"href":"https:\/\/franciscanos.org.br\/noticias\/wp-json\/wp\/v2\/types\/post"}],"author":[{"embeddable":true,"href":"https:\/\/franciscanos.org.br\/noticias\/wp-json\/wp\/v2\/users\/1"}],"replies":[{"embeddable":true,"href":"https:\/\/franciscanos.org.br\/noticias\/wp-json\/wp\/v2\/comments?post=187701"}],"version-history":[{"count":0,"href":"https:\/\/franciscanos.org.br\/noticias\/wp-json\/wp\/v2\/posts\/187701\/revisions"}],"wp:featuredmedia":[{"embeddable":true,"href":"https:\/\/franciscanos.org.br\/noticias\/wp-json\/wp\/v2\/media\/191321"}],"wp:attachment":[{"href":"https:\/\/franciscanos.org.br\/noticias\/wp-json\/wp\/v2\/media?parent=187701"}],"wp:term":[{"taxonomy":"category","embeddable":true,"href":"https:\/\/franciscanos.org.br\/noticias\/wp-json\/wp\/v2\/categories?post=187701"},{"taxonomy":"post_tag","embeddable":true,"href":"https:\/\/franciscanos.org.br\/noticias\/wp-json\/wp\/v2\/tags?post=187701"}],"curies":[{"name":"wp","href":"https:\/\/api.w.org\/{rel}","templated":true}]}}