{"id":187699,"date":"2018-10-19T15:05:17","date_gmt":"2018-10-19T18:05:17","guid":{"rendered":"http:\/\/franciscanos.org.br\/?p=174831"},"modified":"2020-06-06T18:19:03","modified_gmt":"2020-06-06T21:19:03","slug":"missa-de-um-ano-de-falecimento-de-frei-nelson-rabelo","status":"publish","type":"post","link":"https:\/\/franciscanos.org.br\/noticias\/missa-de-um-ano-de-falecimento-de-frei-nelson-rabelo.html","title":{"rendered":"Missa de um ano de falecimento de Frei Nelson Rabelo"},"content":{"rendered":"<p><img loading=\"lazy\" class=\"alignleft\" src=\"http:\/\/franciscanos.org.br\/wp-content\/uploads\/2018\/10\/frei_nelson_191018_d.jpg\" alt=\"frei_nelson_191018_d\" width=\"830\" height=\"400\" \/><\/p>\n<blockquote><p>Missa de A\u00e7\u00e3o de Gra\u00e7as e lan\u00e7amento do livro &#8220;Palavra Amiga&#8221;, marcaram as celebra\u00e7\u00f5es de um ano de falecimento de Frei Nelson Rabelo, na Par\u00f3quia S\u00e3o Pedro Ap\u00f3stolo em Pato Branco (PR), neste dia 17\/10.<\/p><\/blockquote>\n<p>As homenagens iniciaram na Casa de Miss\u00e3o SOS Vida, com a reapresenta\u00e7\u00e3o do document\u00e1rio &#8220;Frei Nelson Franciscano&#8221;. Em seguida, todos os acolhidos e monitores da miss\u00e3o sa\u00edram em caminhada at\u00e9 a Igreja Matriz S\u00e3o Pedro e, junto ao Mausol\u00e9u onde Frei Nelson est\u00e1 sepultado, situado na lateral da Igreja, rezaram o ter\u00e7o.<\/p>\n<p>Frei Neuri Francisco Reinisch, diretor da Rede Celinauta de Comunica\u00e7\u00e3o, presidiu a Celebra\u00e7\u00e3o Eucar\u00edstica das 19h30. Em sua reflex\u00e3o mencionou todo o legado deixado por Frei Nelson, sua maneira de conduzir as atividades e modo de agir diante dos desafios. &#8220;Quantas amizades constru\u00eddas e apadrinhadas por ele, ele foi um elo entre n\u00f3s&#8221;, afirmou o frade.<\/p>\n<p>No final da celebra\u00e7\u00e3o, Lori Buzato que contribuiu na coordena\u00e7\u00e3o dos trabalhos na casa de Miss\u00e3o SOS, leu uma mensagem sobre o que representa hoje Frei Nelson para a casa mas tamb\u00e9m para toda a comunidade.<\/p>\n<p>Na ocasi\u00e3o, Sebasti\u00e3o Maria Moraes Rodrigues, comunicador, escritor e colaborador da Rede Celinauta, fez o lan\u00e7amento de seu primeiro livro, que conta com 224 pequenas reflex\u00f5es realizadas por anos de parceria e com o aux\u00edlio de muitas m\u00e3os. Iniciou com Dom Frei Jo\u00e3o Bosco Barbosa de Souza,\u00a0 bispo de Osasco (SP), depois continuou com Moraes e em seguida a responsabilidade foi passada para Frei Nelson, respons\u00e1vel tamb\u00e9m pelas grava\u00e7\u00f5es em \u00e1udio que vai ao ar todos os dias as 8 horas da manh\u00e3 at\u00e9 hoje.<\/p>\n<p>Agora, todo este trabalho est\u00e1 reunido em um livro, intitulado como: &#8220;Palavra Amiga&#8221;. Moraes abriu m\u00e3o do retorno financeiro e os recursos ser\u00e3o repassados para a <strong>Miss\u00e3o SOS Vida<\/strong>. O livro pode ser adquirido na secretaria paroquial ou no projeto social por apenas R$ 20,00.<\/p>\n<p><em>Informa\u00e7\u00f5es do site\u00a0<a href=\"http:\/\/paroquiasaopedropb.com.br\/frei-nelson.html\">Par\u00f3quia S\u00e3o Pedro<\/a> e da\u00a0\u00a0<a href=\"http:\/\/www.portal1010.com.br\/site\/noticia\/a-comunidade-de-pato-branco-prestigia-missa-de-um-ano-de-falecimento-de-frei-nelson-rabelo-e-o-lancamento-do-livro-palavra-amiga\">Rede Celinauta de Comunica\u00e7\u00e3o<\/a><\/em><\/p>\n","protected":false},"excerpt":{"rendered":"<p>Fraternidade de Pato Branco<\/p>\n","protected":false},"author":1,"featured_media":191329,"comment_status":"open","ping_status":"open","sticky":false,"template":"","format":"standard","meta":[],"categories":[1],"tags":[1128,1434],"acf":[],"yoast_head":"<!-- This site is optimized with the Yoast SEO plugin v19.2 - https:\/\/yoast.com\/wordpress\/plugins\/seo\/ -->\n<title>Missa de um ano de falecimento de Frei Nelson Rabelo - Not\u00edcias - Franciscanos<\/title>\n<meta name=\"robots\" content=\"index, follow, max-snippet:-1, max-image-preview:large, max-video-preview:-1\" \/>\n<link rel=\"canonical\" href=\"https:\/\/franciscanos.org.br\/noticias\/missa-de-um-ano-de-falecimento-de-frei-nelson-rabelo.html\" \/>\n<meta property=\"og:locale\" content=\"pt_BR\" \/>\n<meta property=\"og:type\" content=\"article\" \/>\n<meta property=\"og:title\" content=\"Missa de um ano de falecimento de Frei Nelson Rabelo - Not\u00edcias - Franciscanos\" \/>\n<meta property=\"og:description\" content=\"Fraternidade de Pato Branco\" \/>\n<meta property=\"og:url\" content=\"https:\/\/franciscanos.org.br\/noticias\/missa-de-um-ano-de-falecimento-de-frei-nelson-rabelo.html\" \/>\n<meta property=\"og:site_name\" content=\"Not\u00edcias - Franciscanos\" \/>\n<meta property=\"article:published_time\" content=\"2018-10-19T18:05:17+00:00\" \/>\n<meta property=\"article:modified_time\" content=\"2020-06-06T21:19:03+00:00\" \/>\n<meta property=\"og:image\" content=\"https:\/\/franciscanos.org.br\/noticias\/wp-content\/uploads\/2018\/10\/frei_nelson_191018_d.jpg\" \/>\n\t<meta property=\"og:image:width\" content=\"273\" \/>\n\t<meta property=\"og:image:height\" content=\"181\" \/>\n\t<meta property=\"og:image:type\" content=\"image\/jpeg\" \/>\n<meta name=\"author\" content=\"admin\" \/>\n<meta name=\"twitter:card\" content=\"summary_large_image\" \/>\n<meta name=\"twitter:label1\" content=\"Escrito por\" \/>\n\t<meta name=\"twitter:data1\" content=\"admin\" \/>\n\t<meta name=\"twitter:label2\" content=\"Est. tempo de leitura\" \/>\n\t<meta name=\"twitter:data2\" content=\"2 minutos\" \/>\n<script type=\"application\/ld+json\" class=\"yoast-schema-graph\">{\"@context\":\"https:\/\/schema.org\",\"@graph\":[{\"@type\":\"WebSite\",\"@id\":\"https:\/\/franciscanos.org.br\/noticias\/#website\",\"url\":\"https:\/\/franciscanos.org.br\/noticias\/\",\"name\":\"Not\u00edcias - Franciscanos\",\"description\":\"Prov\u00edncia Franciscana da Imaculada Concei\u00e7\u00e3o do Brasil - Ordem dos Frades Menores - OFM\",\"potentialAction\":[{\"@type\":\"SearchAction\",\"target\":{\"@type\":\"EntryPoint\",\"urlTemplate\":\"https:\/\/franciscanos.org.br\/noticias\/?s={search_term_string}\"},\"query-input\":\"required name=search_term_string\"}],\"inLanguage\":\"pt-BR\"},{\"@type\":\"ImageObject\",\"inLanguage\":\"pt-BR\",\"@id\":\"https:\/\/franciscanos.org.br\/noticias\/missa-de-um-ano-de-falecimento-de-frei-nelson-rabelo.html#primaryimage\",\"url\":\"https:\/\/franciscanos.org.br\/noticias\/wp-content\/uploads\/2018\/10\/frei_nelson_191018_d.jpg\",\"contentUrl\":\"https:\/\/franciscanos.org.br\/noticias\/wp-content\/uploads\/2018\/10\/frei_nelson_191018_d.jpg\",\"width\":273,\"height\":181},{\"@type\":\"WebPage\",\"@id\":\"https:\/\/franciscanos.org.br\/noticias\/missa-de-um-ano-de-falecimento-de-frei-nelson-rabelo.html#webpage\",\"url\":\"https:\/\/franciscanos.org.br\/noticias\/missa-de-um-ano-de-falecimento-de-frei-nelson-rabelo.html\",\"name\":\"Missa de um ano de falecimento de Frei Nelson Rabelo - Not\u00edcias - Franciscanos\",\"isPartOf\":{\"@id\":\"https:\/\/franciscanos.org.br\/noticias\/#website\"},\"primaryImageOfPage\":{\"@id\":\"https:\/\/franciscanos.org.br\/noticias\/missa-de-um-ano-de-falecimento-de-frei-nelson-rabelo.html#primaryimage\"},\"datePublished\":\"2018-10-19T18:05:17+00:00\",\"dateModified\":\"2020-06-06T21:19:03+00:00\",\"author\":{\"@id\":\"https:\/\/franciscanos.org.br\/noticias\/#\/schema\/person\/b38fbf43118f02820bd932f2e4b14ad3\"},\"breadcrumb\":{\"@id\":\"https:\/\/franciscanos.org.br\/noticias\/missa-de-um-ano-de-falecimento-de-frei-nelson-rabelo.html#breadcrumb\"},\"inLanguage\":\"pt-BR\",\"potentialAction\":[{\"@type\":\"ReadAction\",\"target\":[\"https:\/\/franciscanos.org.br\/noticias\/missa-de-um-ano-de-falecimento-de-frei-nelson-rabelo.html\"]}]},{\"@type\":\"BreadcrumbList\",\"@id\":\"https:\/\/franciscanos.org.br\/noticias\/missa-de-um-ano-de-falecimento-de-frei-nelson-rabelo.html#breadcrumb\",\"itemListElement\":[{\"@type\":\"ListItem\",\"position\":1,\"name\":\"Home\",\"item\":\"https:\/\/franciscanos.org.br\/noticias\"},{\"@type\":\"ListItem\",\"position\":2,\"name\":\"Missa de um ano de falecimento de Frei Nelson Rabelo\"}]},{\"@type\":\"Person\",\"@id\":\"https:\/\/franciscanos.org.br\/noticias\/#\/schema\/person\/b38fbf43118f02820bd932f2e4b14ad3\",\"name\":\"admin\",\"image\":{\"@type\":\"ImageObject\",\"inLanguage\":\"pt-BR\",\"@id\":\"https:\/\/franciscanos.org.br\/noticias\/#\/schema\/person\/image\/\",\"url\":\"https:\/\/secure.gravatar.com\/avatar\/e8495742d34d0ba6448ea1c628263b3e?s=96&d=mm&r=g\",\"contentUrl\":\"https:\/\/secure.gravatar.com\/avatar\/e8495742d34d0ba6448ea1c628263b3e?s=96&d=mm&r=g\",\"caption\":\"admin\"},\"url\":\"https:\/\/franciscanos.org.br\/noticias\/author\/admin\"}]}<\/script>\n<!-- \/ Yoast SEO plugin. -->","yoast_head_json":{"title":"Missa de um ano de falecimento de Frei Nelson Rabelo - Not\u00edcias - Franciscanos","robots":{"index":"index","follow":"follow","max-snippet":"max-snippet:-1","max-image-preview":"max-image-preview:large","max-video-preview":"max-video-preview:-1"},"canonical":"https:\/\/franciscanos.org.br\/noticias\/missa-de-um-ano-de-falecimento-de-frei-nelson-rabelo.html","og_locale":"pt_BR","og_type":"article","og_title":"Missa de um ano de falecimento de Frei Nelson Rabelo - Not\u00edcias - Franciscanos","og_description":"Fraternidade de Pato Branco","og_url":"https:\/\/franciscanos.org.br\/noticias\/missa-de-um-ano-de-falecimento-de-frei-nelson-rabelo.html","og_site_name":"Not\u00edcias - Franciscanos","article_published_time":"2018-10-19T18:05:17+00:00","article_modified_time":"2020-06-06T21:19:03+00:00","og_image":[{"width":273,"height":181,"url":"https:\/\/franciscanos.org.br\/noticias\/wp-content\/uploads\/2018\/10\/frei_nelson_191018_d.jpg","type":"image\/jpeg"}],"author":"admin","twitter_card":"summary_large_image","twitter_misc":{"Escrito por":"admin","Est. tempo de leitura":"2 minutos"},"schema":{"@context":"https:\/\/schema.org","@graph":[{"@type":"WebSite","@id":"https:\/\/franciscanos.org.br\/noticias\/#website","url":"https:\/\/franciscanos.org.br\/noticias\/","name":"Not\u00edcias - Franciscanos","description":"Prov\u00edncia Franciscana da Imaculada Concei\u00e7\u00e3o do Brasil - Ordem dos Frades Menores - OFM","potentialAction":[{"@type":"SearchAction","target":{"@type":"EntryPoint","urlTemplate":"https:\/\/franciscanos.org.br\/noticias\/?s={search_term_string}"},"query-input":"required name=search_term_string"}],"inLanguage":"pt-BR"},{"@type":"ImageObject","inLanguage":"pt-BR","@id":"https:\/\/franciscanos.org.br\/noticias\/missa-de-um-ano-de-falecimento-de-frei-nelson-rabelo.html#primaryimage","url":"https:\/\/franciscanos.org.br\/noticias\/wp-content\/uploads\/2018\/10\/frei_nelson_191018_d.jpg","contentUrl":"https:\/\/franciscanos.org.br\/noticias\/wp-content\/uploads\/2018\/10\/frei_nelson_191018_d.jpg","width":273,"height":181},{"@type":"WebPage","@id":"https:\/\/franciscanos.org.br\/noticias\/missa-de-um-ano-de-falecimento-de-frei-nelson-rabelo.html#webpage","url":"https:\/\/franciscanos.org.br\/noticias\/missa-de-um-ano-de-falecimento-de-frei-nelson-rabelo.html","name":"Missa de um ano de falecimento de Frei Nelson Rabelo - Not\u00edcias - Franciscanos","isPartOf":{"@id":"https:\/\/franciscanos.org.br\/noticias\/#website"},"primaryImageOfPage":{"@id":"https:\/\/franciscanos.org.br\/noticias\/missa-de-um-ano-de-falecimento-de-frei-nelson-rabelo.html#primaryimage"},"datePublished":"2018-10-19T18:05:17+00:00","dateModified":"2020-06-06T21:19:03+00:00","author":{"@id":"https:\/\/franciscanos.org.br\/noticias\/#\/schema\/person\/b38fbf43118f02820bd932f2e4b14ad3"},"breadcrumb":{"@id":"https:\/\/franciscanos.org.br\/noticias\/missa-de-um-ano-de-falecimento-de-frei-nelson-rabelo.html#breadcrumb"},"inLanguage":"pt-BR","potentialAction":[{"@type":"ReadAction","target":["https:\/\/franciscanos.org.br\/noticias\/missa-de-um-ano-de-falecimento-de-frei-nelson-rabelo.html"]}]},{"@type":"BreadcrumbList","@id":"https:\/\/franciscanos.org.br\/noticias\/missa-de-um-ano-de-falecimento-de-frei-nelson-rabelo.html#breadcrumb","itemListElement":[{"@type":"ListItem","position":1,"name":"Home","item":"https:\/\/franciscanos.org.br\/noticias"},{"@type":"ListItem","position":2,"name":"Missa de um ano de falecimento de Frei Nelson Rabelo"}]},{"@type":"Person","@id":"https:\/\/franciscanos.org.br\/noticias\/#\/schema\/person\/b38fbf43118f02820bd932f2e4b14ad3","name":"admin","image":{"@type":"ImageObject","inLanguage":"pt-BR","@id":"https:\/\/franciscanos.org.br\/noticias\/#\/schema\/person\/image\/","url":"https:\/\/secure.gravatar.com\/avatar\/e8495742d34d0ba6448ea1c628263b3e?s=96&d=mm&r=g","contentUrl":"https:\/\/secure.gravatar.com\/avatar\/e8495742d34d0ba6448ea1c628263b3e?s=96&d=mm&r=g","caption":"admin"},"url":"https:\/\/franciscanos.org.br\/noticias\/author\/admin"}]}},"_links":{"self":[{"href":"https:\/\/franciscanos.org.br\/noticias\/wp-json\/wp\/v2\/posts\/187699"}],"collection":[{"href":"https:\/\/franciscanos.org.br\/noticias\/wp-json\/wp\/v2\/posts"}],"about":[{"href":"https:\/\/franciscanos.org.br\/noticias\/wp-json\/wp\/v2\/types\/post"}],"author":[{"embeddable":true,"href":"https:\/\/franciscanos.org.br\/noticias\/wp-json\/wp\/v2\/users\/1"}],"replies":[{"embeddable":true,"href":"https:\/\/franciscanos.org.br\/noticias\/wp-json\/wp\/v2\/comments?post=187699"}],"version-history":[{"count":1,"href":"https:\/\/franciscanos.org.br\/noticias\/wp-json\/wp\/v2\/posts\/187699\/revisions"}],"predecessor-version":[{"id":224739,"href":"https:\/\/franciscanos.org.br\/noticias\/wp-json\/wp\/v2\/posts\/187699\/revisions\/224739"}],"wp:featuredmedia":[{"embeddable":true,"href":"https:\/\/franciscanos.org.br\/noticias\/wp-json\/wp\/v2\/media\/191329"}],"wp:attachment":[{"href":"https:\/\/franciscanos.org.br\/noticias\/wp-json\/wp\/v2\/media?parent=187699"}],"wp:term":[{"taxonomy":"category","embeddable":true,"href":"https:\/\/franciscanos.org.br\/noticias\/wp-json\/wp\/v2\/categories?post=187699"},{"taxonomy":"post_tag","embeddable":true,"href":"https:\/\/franciscanos.org.br\/noticias\/wp-json\/wp\/v2\/tags?post=187699"}],"curies":[{"name":"wp","href":"https:\/\/api.w.org\/{rel}","templated":true}]}}