{"id":187695,"date":"2018-10-18T07:47:18","date_gmt":"2018-10-18T10:47:18","guid":{"rendered":"http:\/\/franciscanos.org.br\/?p=174748"},"modified":"2021-07-31T13:37:44","modified_gmt":"2021-07-31T16:37:44","slug":"por-que-os-franciscanos-vestem-marrom","status":"publish","type":"post","link":"https:\/\/franciscanos.org.br\/noticias\/por-que-os-franciscanos-vestem-marrom.html","title":{"rendered":"Por que os franciscanos vestem marrom?"},"content":{"rendered":"<p><img loading=\"lazy\" class=\"wp-image-190660 size-full aligncenter\" src=\"https:\/\/franciscanos.org.br\/noticias\/wp-content\/uploads\/2018\/11\/frades_181118.jpg\" alt=\"\" width=\"890\" height=\"455\" srcset=\"https:\/\/franciscanos.org.br\/noticias\/wp-content\/uploads\/2018\/11\/frades_181118.jpg 890w, https:\/\/franciscanos.org.br\/noticias\/wp-content\/uploads\/2018\/11\/frades_181118-450x230.jpg 450w, https:\/\/franciscanos.org.br\/noticias\/wp-content\/uploads\/2018\/11\/frades_181118-768x393.jpg 768w, https:\/\/franciscanos.org.br\/noticias\/wp-content\/uploads\/2018\/11\/frades_181118-150x77.jpg 150w\" sizes=\"(max-width: 890px) 100vw, 890px\" \/><\/p>\n<p>Como pede o Direito Can\u00f4nico, \u00e9 recomendado que todas as numerosas ordens religiosas que existem dentro da Igreja Cat\u00f3lica tenham seu pr\u00f3prio traje, segundo os costumes e regras de suas Constitui\u00e7\u00f5es.<\/p>\n<p>Ainda que \u00e0s vezes possa ser dif\u00edcil conhecer todos os detalhes, as t\u00fanicas religiosas mais reconhec\u00edveis sejam, talvez, as t\u00fanicas grossas de cor marrom que vestem os frades franciscanos, que costumam ser atadas com um cord\u00e3o com tr\u00eas n\u00f3s e \u00e0s vezes acompanhadas de uma sand\u00e1lia. Podemos reconhecer as t\u00fanicas dos franciscanos h\u00e1 uns 100 metros de dist\u00e2ncia, mas como chegou a ser marrom a cor normativa da Ordem?<\/p>\n<p><strong>Viver com simplicidade<img loading=\"lazy\" class=\"alignright size-full wp-image-174751\" src=\"http:\/\/franciscanos.org.br\/wp-content\/uploads\/2018\/10\/habito_181018_1.jpg\" alt=\"habito_181018_1\" width=\"375\" height=\"500\" \/><\/strong><\/p>\n<p>Os franciscanos se disp\u00f5em a viver sua vida em solidariedade com os pobres e viver com poucas posses, assumindo votos de pobreza. A regra de S\u00e3o Francisco n\u00e3o prescreve\u00a0nenhuma cor particular para a Ordem, mas convida seus membros a usarem roupas humildes, a vestirem-se com \u201croupas vis\u201d. Os franciscanos devem servir aos pobres estando em seu mesmo n\u00edvel e n\u00e3o ajudaria sua miss\u00e3o vestirem-se com roupas finas enquanto servem aos necessitados.<\/p>\n<p>Em 1240, um cronista ingl\u00eas relata Frades Menores vestidos com \u201ct\u00fanicas largas de cor cinza\u201d. Nas Constitui\u00e7\u00f5es de Narbona (1260), S\u00e3o Boaventura, que era Ministro Geral, prescreve que os frades n\u00e3o se vistam nem de preto nem de branco.<\/p>\n<p><strong>Os tons terra refletem o corpo terreno<\/strong><\/p>\n<p>Toda Ordem que assume um voto de pobreza o faz para demonstrar que as posses n\u00e3o s\u00e3o o que nos definem e para seguir as palavras de Jesus no Evangelho de Mateus (Mt 19, 21).<\/p>\n<p>\u201c<em>Se voc\u00ea quer ser perfeito, v\u00e1, venda tudo o que tem, d\u00ea o dinheiro aos pobres, e voc\u00ea ter\u00e1 um tesouro no c\u00e9u. Depois venha, e siga-me<\/em>.\u201d<\/p>\n<p>O Espelho da Perfei\u00e7\u00e3o menciona a admira\u00e7\u00e3o de S\u00e3o Francisco pela cotovia, sugerindo que o marrom reflete a vida terrena:<\/p>\n<p><em>\u201cA Irm\u00e3 cotovia tem um capuz como os religiosos e \u00e9 uma ave humilde. Sua veste, isto \u00e9, as penas, assemelha-se \u00e0 terra e d\u00e1 exemplo aos religiosos, que n\u00e3o devem ter vestes delicadas e coloridas, mas baratas e cor de terra, que \u00e9 mais humilde que os outros elementos\u201d.<\/em><\/p>\n<p><strong>A princ\u00edpio, marrom era tudo o que tinham<\/strong><\/p>\n<p>S\u00e3o Francisco iniciou sua ordem em 1209. Naquela \u00e9poca, os camponeses davam as t\u00fanicas dos frades, alde\u00f5es que por certo n\u00e3o eram muito mais ricos que os franciscanos. As cores mais comuns usadas pelos camponeses da Idade M\u00e9dia eram os diferentes tons de cinza e marrom, dependendo da origem da l\u00e3 empregada. A l\u00e3 sem tintura era a mais barata dispon\u00edvel. A t\u00fanica de S\u00e3o Francisco, conservada na Bas\u00edlica Nossa Senhora dos Anjos, era cinza. Os franciscanos, cuja roupa deveria ser funcional e duradoura, n\u00e3o se preocupavam com a cor, mas \u00e0 medida em que sua influ\u00eancia crescia, o marrom simplesmente converteu-se em sua cor.<\/p>\n<p>A cor servia tamb\u00e9m para outro prop\u00f3sito. Quando a ordem come\u00e7ou, os irm\u00e3os viviam entre os leprosos na col\u00f4nia de Rivo Torto, pr\u00f3ximo de Assis, e passavam grande parte de seu tempo escalando a regi\u00e3o montanhosa da \u00dambria para ajudar os necessitados. Os frades, muitas vezes, dormiam no ch\u00e3o, por isso que a cor marrom era \u00fatil para ajud\u00e1-los a manter um aspecto relativamente limpo.<\/p>\n<p><img loading=\"lazy\" class=\"aligncenter\" src=\"http:\/\/franciscanos.org.br\/wp-content\/uploads\/2018\/10\/habito_181018-830.jpg\" alt=\"T\u00fanicas de S\u00e3o Francisco e de Santa Clara (meio) - Museu de rel\u00edquias de Santa Clara em Assis\" width=\"830\" height=\"500\" \/><\/p>\n<p style=\"font-size: 14px; text-align: center;\">T\u00fanicas de S\u00e3o Francisco e de Santa Clara (meio) &#8211; Museu de rel\u00edquias de Santa Clara em Assis<\/p>\n<p><strong>O cord\u00e3o<\/strong><\/p>\n<p>Outro sinal distinto da vestimenta franciscana \u00e9 o cord\u00e3o com tr\u00eas n\u00f3s que \u00e9 colocado na cintura. Enquanto o cord\u00e3o ajuda a manter as t\u00fanicas fechadas nos dias de vento, os tr\u00eas n\u00f3s representam a pobreza, castidade e obedi\u00eancia, as tr\u00eas pedras angulares da Ordem Franciscana.<\/p>\n<p><strong>O capuz<\/strong><\/p>\n<p>Ainda que a maioria da veste franciscana tenha um capuz acoplado ao h\u00e1bito, um ramo da Ordem Franciscana se distingue pelo comprimento do capuz. Os Frades Menores Capuchinhos recebem este nome por causa do capuz e, por sua vez, deram nome ao macaco capuchinho (Cebus) e ao cappuccino, a bebida de caf\u00e9 que imita a colora\u00e7\u00e3o do h\u00e1bito franciscano.<\/p>\n<p><strong><img loading=\"lazy\" class=\"alignleft wp-image-174752 size-full\" src=\"http:\/\/franciscanos.org.br\/wp-content\/uploads\/2018\/10\/habitos_181018.jpg\" alt=\"habitos_181018\" width=\"478\" height=\"324\" \/>Menores, Capuchinhos e Conventuais<\/strong><\/p>\n<p>Os Frades Menores Conventuais, at\u00e9 as Constitui\u00e7\u00f5es de 1803, estavam obrigados a usar cinza, mas desde 1823 come\u00e7ou a prevalecer o preto.<\/p>\n<p>Os Frades Menores Observantes fazem sua transi\u00e7\u00e3o oficial do cinza para o marrom no Cap\u00edtulo de Assis de 1895, quando Le\u00e3o XIII unificou em Frades Menores as diferentes fam\u00edlias da Observ\u00e2ncia (Reformados, Alcantarinos, Recoletos).<\/p>\n<p>Os Frades Menores Capuchinhos decidiram, em 1912, adotar a atual cor marrom castanho. A cor do h\u00e1bito das fam\u00edlias franciscanas da primeira Ordem nasce e evolui dentro de correntes internas. At\u00e9 1517, a Fam\u00edlia Franciscana nascida em 1209 era juridicamente uma, governada por um \u00fanico Ministro Geral, considerado por todos sucessor direto de S\u00e3o Francisco. Neste ano, Le\u00e3o X deu independ\u00eancia jur\u00eddica ao movimento da Observ\u00e2ncia. \u00c9 deste movimento que deriva a fam\u00edlia dos Capuchinhos (1525), que sob a tutela jur\u00eddica dos Frades Menores Conventuais alcan\u00e7a a independ\u00eancia jur\u00eddica em 1628.<\/p>\n<p><em>Traduzido e adaptado por\u00a0<a href=\"http:\/\/franciscanos.org.br\" target=\"_blank\" rel=\"noopener noreferrer\">franciscanos.org.br<\/a>\u00a0do site <a href=\"https:\/\/es.aleteia.org\/2018\/10\/16\/por-que-los-frailes-franciscanos-se-visten-de-marron\/\" target=\"_blank\" rel=\"noopener noreferrer\">Aleteia<\/a> (com informa\u00e7\u00f5es do site da Ordem dos Frades Menores)<\/em><\/p>\n","protected":false},"excerpt":{"rendered":"<p>Carisma franciscano<\/p>\n","protected":false},"author":1,"featured_media":190660,"comment_status":"open","ping_status":"open","sticky":false,"template":"","format":"standard","meta":[],"categories":[1],"tags":[52,397,1130],"acf":[],"yoast_head":"<!-- This site is optimized with the Yoast SEO plugin v19.2 - https:\/\/yoast.com\/wordpress\/plugins\/seo\/ -->\n<title>Por que os franciscanos vestem marrom? - Not\u00edcias - Franciscanos<\/title>\n<meta name=\"robots\" content=\"index, follow, max-snippet:-1, max-image-preview:large, max-video-preview:-1\" \/>\n<link rel=\"canonical\" href=\"https:\/\/franciscanos.org.br\/noticias\/por-que-os-franciscanos-vestem-marrom.html\" \/>\n<meta property=\"og:locale\" content=\"pt_BR\" \/>\n<meta property=\"og:type\" content=\"article\" \/>\n<meta property=\"og:title\" content=\"Por que os franciscanos vestem marrom? - Not\u00edcias - Franciscanos\" \/>\n<meta property=\"og:description\" content=\"Carisma franciscano\" \/>\n<meta property=\"og:url\" content=\"https:\/\/franciscanos.org.br\/noticias\/por-que-os-franciscanos-vestem-marrom.html\" \/>\n<meta property=\"og:site_name\" content=\"Not\u00edcias - Franciscanos\" \/>\n<meta property=\"article:published_time\" content=\"2018-10-18T10:47:18+00:00\" \/>\n<meta property=\"article:modified_time\" content=\"2021-07-31T16:37:44+00:00\" \/>\n<meta property=\"og:image\" content=\"https:\/\/franciscanos.org.br\/noticias\/wp-content\/uploads\/2018\/11\/frades_181118.jpg\" \/>\n\t<meta property=\"og:image:width\" content=\"890\" \/>\n\t<meta property=\"og:image:height\" content=\"455\" \/>\n\t<meta property=\"og:image:type\" content=\"image\/jpeg\" \/>\n<meta name=\"author\" content=\"admin\" \/>\n<meta name=\"twitter:card\" content=\"summary_large_image\" \/>\n<meta name=\"twitter:label1\" content=\"Escrito por\" \/>\n\t<meta name=\"twitter:data1\" content=\"admin\" \/>\n\t<meta name=\"twitter:label2\" content=\"Est. tempo de leitura\" \/>\n\t<meta name=\"twitter:data2\" content=\"4 minutos\" \/>\n<script type=\"application\/ld+json\" class=\"yoast-schema-graph\">{\"@context\":\"https:\/\/schema.org\",\"@graph\":[{\"@type\":\"WebSite\",\"@id\":\"https:\/\/franciscanos.org.br\/noticias\/#website\",\"url\":\"https:\/\/franciscanos.org.br\/noticias\/\",\"name\":\"Not\u00edcias - Franciscanos\",\"description\":\"Prov\u00edncia Franciscana da Imaculada Concei\u00e7\u00e3o do Brasil - Ordem dos Frades Menores - OFM\",\"potentialAction\":[{\"@type\":\"SearchAction\",\"target\":{\"@type\":\"EntryPoint\",\"urlTemplate\":\"https:\/\/franciscanos.org.br\/noticias\/?s={search_term_string}\"},\"query-input\":\"required name=search_term_string\"}],\"inLanguage\":\"pt-BR\"},{\"@type\":\"ImageObject\",\"inLanguage\":\"pt-BR\",\"@id\":\"https:\/\/franciscanos.org.br\/noticias\/por-que-os-franciscanos-vestem-marrom.html#primaryimage\",\"url\":\"https:\/\/franciscanos.org.br\/noticias\/wp-content\/uploads\/2018\/11\/frades_181118.jpg\",\"contentUrl\":\"https:\/\/franciscanos.org.br\/noticias\/wp-content\/uploads\/2018\/11\/frades_181118.jpg\",\"width\":890,\"height\":455},{\"@type\":\"WebPage\",\"@id\":\"https:\/\/franciscanos.org.br\/noticias\/por-que-os-franciscanos-vestem-marrom.html#webpage\",\"url\":\"https:\/\/franciscanos.org.br\/noticias\/por-que-os-franciscanos-vestem-marrom.html\",\"name\":\"Por que os franciscanos vestem marrom? - Not\u00edcias - Franciscanos\",\"isPartOf\":{\"@id\":\"https:\/\/franciscanos.org.br\/noticias\/#website\"},\"primaryImageOfPage\":{\"@id\":\"https:\/\/franciscanos.org.br\/noticias\/por-que-os-franciscanos-vestem-marrom.html#primaryimage\"},\"datePublished\":\"2018-10-18T10:47:18+00:00\",\"dateModified\":\"2021-07-31T16:37:44+00:00\",\"author\":{\"@id\":\"https:\/\/franciscanos.org.br\/noticias\/#\/schema\/person\/b38fbf43118f02820bd932f2e4b14ad3\"},\"breadcrumb\":{\"@id\":\"https:\/\/franciscanos.org.br\/noticias\/por-que-os-franciscanos-vestem-marrom.html#breadcrumb\"},\"inLanguage\":\"pt-BR\",\"potentialAction\":[{\"@type\":\"ReadAction\",\"target\":[\"https:\/\/franciscanos.org.br\/noticias\/por-que-os-franciscanos-vestem-marrom.html\"]}]},{\"@type\":\"BreadcrumbList\",\"@id\":\"https:\/\/franciscanos.org.br\/noticias\/por-que-os-franciscanos-vestem-marrom.html#breadcrumb\",\"itemListElement\":[{\"@type\":\"ListItem\",\"position\":1,\"name\":\"Home\",\"item\":\"https:\/\/franciscanos.org.br\/noticias\"},{\"@type\":\"ListItem\",\"position\":2,\"name\":\"Por que os franciscanos vestem marrom?\"}]},{\"@type\":\"Person\",\"@id\":\"https:\/\/franciscanos.org.br\/noticias\/#\/schema\/person\/b38fbf43118f02820bd932f2e4b14ad3\",\"name\":\"admin\",\"image\":{\"@type\":\"ImageObject\",\"inLanguage\":\"pt-BR\",\"@id\":\"https:\/\/franciscanos.org.br\/noticias\/#\/schema\/person\/image\/\",\"url\":\"https:\/\/secure.gravatar.com\/avatar\/e8495742d34d0ba6448ea1c628263b3e?s=96&d=mm&r=g\",\"contentUrl\":\"https:\/\/secure.gravatar.com\/avatar\/e8495742d34d0ba6448ea1c628263b3e?s=96&d=mm&r=g\",\"caption\":\"admin\"},\"url\":\"https:\/\/franciscanos.org.br\/noticias\/author\/admin\"}]}<\/script>\n<!-- \/ Yoast SEO plugin. -->","yoast_head_json":{"title":"Por que os franciscanos vestem marrom? - Not\u00edcias - Franciscanos","robots":{"index":"index","follow":"follow","max-snippet":"max-snippet:-1","max-image-preview":"max-image-preview:large","max-video-preview":"max-video-preview:-1"},"canonical":"https:\/\/franciscanos.org.br\/noticias\/por-que-os-franciscanos-vestem-marrom.html","og_locale":"pt_BR","og_type":"article","og_title":"Por que os franciscanos vestem marrom? - Not\u00edcias - Franciscanos","og_description":"Carisma franciscano","og_url":"https:\/\/franciscanos.org.br\/noticias\/por-que-os-franciscanos-vestem-marrom.html","og_site_name":"Not\u00edcias - Franciscanos","article_published_time":"2018-10-18T10:47:18+00:00","article_modified_time":"2021-07-31T16:37:44+00:00","og_image":[{"width":890,"height":455,"url":"https:\/\/franciscanos.org.br\/noticias\/wp-content\/uploads\/2018\/11\/frades_181118.jpg","type":"image\/jpeg"}],"author":"admin","twitter_card":"summary_large_image","twitter_misc":{"Escrito por":"admin","Est. tempo de leitura":"4 minutos"},"schema":{"@context":"https:\/\/schema.org","@graph":[{"@type":"WebSite","@id":"https:\/\/franciscanos.org.br\/noticias\/#website","url":"https:\/\/franciscanos.org.br\/noticias\/","name":"Not\u00edcias - Franciscanos","description":"Prov\u00edncia Franciscana da Imaculada Concei\u00e7\u00e3o do Brasil - Ordem dos Frades Menores - OFM","potentialAction":[{"@type":"SearchAction","target":{"@type":"EntryPoint","urlTemplate":"https:\/\/franciscanos.org.br\/noticias\/?s={search_term_string}"},"query-input":"required name=search_term_string"}],"inLanguage":"pt-BR"},{"@type":"ImageObject","inLanguage":"pt-BR","@id":"https:\/\/franciscanos.org.br\/noticias\/por-que-os-franciscanos-vestem-marrom.html#primaryimage","url":"https:\/\/franciscanos.org.br\/noticias\/wp-content\/uploads\/2018\/11\/frades_181118.jpg","contentUrl":"https:\/\/franciscanos.org.br\/noticias\/wp-content\/uploads\/2018\/11\/frades_181118.jpg","width":890,"height":455},{"@type":"WebPage","@id":"https:\/\/franciscanos.org.br\/noticias\/por-que-os-franciscanos-vestem-marrom.html#webpage","url":"https:\/\/franciscanos.org.br\/noticias\/por-que-os-franciscanos-vestem-marrom.html","name":"Por que os franciscanos vestem marrom? - Not\u00edcias - Franciscanos","isPartOf":{"@id":"https:\/\/franciscanos.org.br\/noticias\/#website"},"primaryImageOfPage":{"@id":"https:\/\/franciscanos.org.br\/noticias\/por-que-os-franciscanos-vestem-marrom.html#primaryimage"},"datePublished":"2018-10-18T10:47:18+00:00","dateModified":"2021-07-31T16:37:44+00:00","author":{"@id":"https:\/\/franciscanos.org.br\/noticias\/#\/schema\/person\/b38fbf43118f02820bd932f2e4b14ad3"},"breadcrumb":{"@id":"https:\/\/franciscanos.org.br\/noticias\/por-que-os-franciscanos-vestem-marrom.html#breadcrumb"},"inLanguage":"pt-BR","potentialAction":[{"@type":"ReadAction","target":["https:\/\/franciscanos.org.br\/noticias\/por-que-os-franciscanos-vestem-marrom.html"]}]},{"@type":"BreadcrumbList","@id":"https:\/\/franciscanos.org.br\/noticias\/por-que-os-franciscanos-vestem-marrom.html#breadcrumb","itemListElement":[{"@type":"ListItem","position":1,"name":"Home","item":"https:\/\/franciscanos.org.br\/noticias"},{"@type":"ListItem","position":2,"name":"Por que os franciscanos vestem marrom?"}]},{"@type":"Person","@id":"https:\/\/franciscanos.org.br\/noticias\/#\/schema\/person\/b38fbf43118f02820bd932f2e4b14ad3","name":"admin","image":{"@type":"ImageObject","inLanguage":"pt-BR","@id":"https:\/\/franciscanos.org.br\/noticias\/#\/schema\/person\/image\/","url":"https:\/\/secure.gravatar.com\/avatar\/e8495742d34d0ba6448ea1c628263b3e?s=96&d=mm&r=g","contentUrl":"https:\/\/secure.gravatar.com\/avatar\/e8495742d34d0ba6448ea1c628263b3e?s=96&d=mm&r=g","caption":"admin"},"url":"https:\/\/franciscanos.org.br\/noticias\/author\/admin"}]}},"_links":{"self":[{"href":"https:\/\/franciscanos.org.br\/noticias\/wp-json\/wp\/v2\/posts\/187695"}],"collection":[{"href":"https:\/\/franciscanos.org.br\/noticias\/wp-json\/wp\/v2\/posts"}],"about":[{"href":"https:\/\/franciscanos.org.br\/noticias\/wp-json\/wp\/v2\/types\/post"}],"author":[{"embeddable":true,"href":"https:\/\/franciscanos.org.br\/noticias\/wp-json\/wp\/v2\/users\/1"}],"replies":[{"embeddable":true,"href":"https:\/\/franciscanos.org.br\/noticias\/wp-json\/wp\/v2\/comments?post=187695"}],"version-history":[{"count":3,"href":"https:\/\/franciscanos.org.br\/noticias\/wp-json\/wp\/v2\/posts\/187695\/revisions"}],"predecessor-version":[{"id":233495,"href":"https:\/\/franciscanos.org.br\/noticias\/wp-json\/wp\/v2\/posts\/187695\/revisions\/233495"}],"wp:featuredmedia":[{"embeddable":true,"href":"https:\/\/franciscanos.org.br\/noticias\/wp-json\/wp\/v2\/media\/190660"}],"wp:attachment":[{"href":"https:\/\/franciscanos.org.br\/noticias\/wp-json\/wp\/v2\/media?parent=187695"}],"wp:term":[{"taxonomy":"category","embeddable":true,"href":"https:\/\/franciscanos.org.br\/noticias\/wp-json\/wp\/v2\/categories?post=187695"},{"taxonomy":"post_tag","embeddable":true,"href":"https:\/\/franciscanos.org.br\/noticias\/wp-json\/wp\/v2\/tags?post=187695"}],"curies":[{"name":"wp","href":"https:\/\/api.w.org\/{rel}","templated":true}]}}