{"id":187691,"date":"2018-10-17T07:25:47","date_gmt":"2018-10-17T10:25:47","guid":{"rendered":"http:\/\/franciscanos.org.br\/?p=174689"},"modified":"2019-07-02T08:27:56","modified_gmt":"2019-07-02T11:27:56","slug":"nao-amar-e-o-primeiro-passo-para-matar","status":"publish","type":"post","link":"https:\/\/franciscanos.org.br\/noticias\/nao-amar-e-o-primeiro-passo-para-matar.html","title":{"rendered":"N\u00e3o amar \u00e9 o primeiro passo para matar"},"content":{"rendered":"<p><img loading=\"lazy\" class=\"aligncenter\" src=\"http:\/\/franciscanos.org.br\/wp-content\/uploads\/2018\/10\/papa_171018_1.jpg\" alt=\"papa_171018_1\" width=\"820\" height=\"440\" \/><\/p>\n<p><strong>Cidade do Vaticano<\/strong> &#8211; Cerca de 20 mil fi\u00e9is participaram esta quarta-feira (17\/10) da Audi\u00eancia Geral na Pra\u00e7a S\u00e3o Pedro. Sob um c\u00e9u nublado, o Papa fez a alegria dos peregrinos passando de papam\u00f3vel entre a multid\u00e3o antes de pronunciar a sua catequese, dando prosseguimento ao ciclo sobre os 10 mandamentos. Como na semana passada, Francisco aprofundou a quinta palavra do Dec\u00e1logo: \u2018N\u00e3o matar\u00e1s\u2019, recordando que aos olhos de Deus a vida humana \u00e9 preciosa, sagrada e inviol\u00e1vel.<\/p>\n<p>Jesus no Evangelho revela um sentido ainda mais profundo para este Mandamento: a ira, o insulto e o desprezo contra um irm\u00e3o \u00e9 uma forma de assassinato. \u201cN\u00f3s estamos acostumados a insultar. Isso faz mal, \u00e9 uma forma de matar a dignidade de uma pessoa. Seria belo se este ensinamento de Jesus entrasse na mente e no cora\u00e7\u00e3o. N\u00e3o insultar mais ningu\u00e9m: seria um bom prop\u00f3sito. Para Jesus, se voc\u00ea despreza, insulta e odeia, isso \u00e9 homic\u00eddio.\u201d<\/p>\n<p>Quando vamos \u00e0 missa, prosseguiu o Papa, dever\u00edamos ter esta atitude de reconcilia\u00e7\u00e3o com as pessoas com as quais tivemos problemas. \u201cMas, \u00e0s vezes, falamos mal das pessoas enquanto esperamos o sacerdote. Isso n\u00e3o \u00e9 poss\u00edvel. Vamos pensar na import\u00e2ncia do insulto, do desprezo, do \u00f3dio. Jesus os insere na linha do assassinato.\u201d<\/p>\n<p><img loading=\"lazy\" class=\"aligncenter\" src=\"http:\/\/franciscanos.org.br\/wp-content\/uploads\/2018\/10\/papa_171018_2.jpg\" alt=\"papa_171018_2\" width=\"820\" height=\"418\" \/><\/p>\n<p>Para aniquilar uma pessoa, portanto, basta ignor\u00e1-la. \u201cA indiferen\u00e7a mata. \u00c9 como dizer ao outro: voc\u00ea \u00e9 um morto para mim, porque voc\u00ea o matou em seu cora\u00e7\u00e3o N\u00e3o amar \u00e9 o primeiro passo para matar; e n\u00e3o matar \u00e9 o primeiro passo para amar\u201d.<\/p>\n<p>De fato, desprezar o irm\u00e3o \u00e9 fazer como Caim que, quando Deus lhe perguntou onde estava seu irm\u00e3o Abel, respondeu: \u201cPor acaso sou guardi\u00e3o do meu irm\u00e3o?\u201d \u201cSomos, sim ,os guardi\u00e3es dos nossos irm\u00e3os, somos guardi\u00e3es uns dos outros!\u201d, respondeu o Pont\u00edfice.<\/p>\n<p>A vida humana necessita de amor, disse ainda o Papa, reiterando que o amor aut\u00eantico \u00e9 o que Cristo nos mostrou, isto \u00e9, a miseric\u00f3rdia. N\u00e3o matar \u00e9 incluir, valorizar, perdoar.<\/p>\n<p>N\u00e3o podemos viver sem o amor que perdoa, que acolhe quem nos fez mal. Nenhum de n\u00f3s sobrevive sem miseric\u00f3rdia, todos necessitamos do perd\u00e3o. N\u00e3o basta \u201cn\u00e3o fazer nada de mal\u201d, do homem se exige mais, ele deve fazer o bem, significa viver segundo o Senhor Jesus, que deu a vida por n\u00f3s e por n\u00f3s ressuscitou.<\/p>\n<p>\u201cUma vez, repetimos todos juntos uma frase de um santo sobre isto: n\u00e3o fazer mal \u00e9 coisa boa, mas n\u00e3o fazer o bem n\u00e3o \u00e9 bom. Precisamos sempre fazer o bem, ir al\u00e9m\u201d, disse ainda Francisco.<\/p>\n<p>Eis ent\u00e3o que a Palavra \u201cn\u00e3o matar\u00e1s\u201d se torna um apelo essencial: \u00e9 um apelo ao amor.<\/p>\n<p><img loading=\"lazy\" class=\"aligncenter\" src=\"http:\/\/franciscanos.org.br\/wp-content\/uploads\/2018\/10\/papa_171018_3.jpg\" alt=\"papa_171018_3\" width=\"820\" height=\"546\" \/><\/p>\n","protected":false},"excerpt":{"rendered":"<p>Audi\u00eancia Geral<\/p>\n","protected":false},"author":1,"featured_media":191368,"comment_status":"open","ping_status":"open","sticky":false,"template":"","format":"standard","meta":[],"categories":[1428],"tags":[487,55],"acf":[],"yoast_head":"<!-- This site is optimized with the Yoast SEO plugin v19.2 - https:\/\/yoast.com\/wordpress\/plugins\/seo\/ -->\n<title>N\u00e3o amar \u00e9 o primeiro passo para matar - Not\u00edcias - Franciscanos<\/title>\n<meta name=\"robots\" content=\"index, follow, max-snippet:-1, max-image-preview:large, max-video-preview:-1\" \/>\n<link rel=\"canonical\" href=\"https:\/\/franciscanos.org.br\/noticias\/nao-amar-e-o-primeiro-passo-para-matar.html\" \/>\n<meta property=\"og:locale\" content=\"pt_BR\" \/>\n<meta property=\"og:type\" content=\"article\" \/>\n<meta property=\"og:title\" content=\"N\u00e3o amar \u00e9 o primeiro passo para matar - Not\u00edcias - Franciscanos\" \/>\n<meta property=\"og:description\" content=\"Audi\u00eancia Geral\" \/>\n<meta property=\"og:url\" content=\"https:\/\/franciscanos.org.br\/noticias\/nao-amar-e-o-primeiro-passo-para-matar.html\" \/>\n<meta property=\"og:site_name\" content=\"Not\u00edcias - Franciscanos\" \/>\n<meta property=\"article:published_time\" content=\"2018-10-17T10:25:47+00:00\" \/>\n<meta property=\"article:modified_time\" content=\"2019-07-02T11:27:56+00:00\" \/>\n<meta property=\"og:image\" content=\"https:\/\/franciscanos.org.br\/noticias\/wp-content\/uploads\/2018\/10\/papa_171018_1.jpg\" \/>\n\t<meta property=\"og:image:width\" content=\"273\" \/>\n\t<meta property=\"og:image:height\" content=\"181\" \/>\n\t<meta property=\"og:image:type\" content=\"image\/jpeg\" \/>\n<meta name=\"author\" content=\"admin\" \/>\n<meta name=\"twitter:card\" content=\"summary_large_image\" \/>\n<meta name=\"twitter:label1\" content=\"Escrito por\" \/>\n\t<meta name=\"twitter:data1\" content=\"admin\" \/>\n\t<meta name=\"twitter:label2\" content=\"Est. tempo de leitura\" \/>\n\t<meta name=\"twitter:data2\" content=\"2 minutos\" \/>\n<script type=\"application\/ld+json\" class=\"yoast-schema-graph\">{\"@context\":\"https:\/\/schema.org\",\"@graph\":[{\"@type\":\"WebSite\",\"@id\":\"https:\/\/franciscanos.org.br\/noticias\/#website\",\"url\":\"https:\/\/franciscanos.org.br\/noticias\/\",\"name\":\"Not\u00edcias - Franciscanos\",\"description\":\"Prov\u00edncia Franciscana da Imaculada Concei\u00e7\u00e3o do Brasil - Ordem dos Frades Menores - OFM\",\"potentialAction\":[{\"@type\":\"SearchAction\",\"target\":{\"@type\":\"EntryPoint\",\"urlTemplate\":\"https:\/\/franciscanos.org.br\/noticias\/?s={search_term_string}\"},\"query-input\":\"required name=search_term_string\"}],\"inLanguage\":\"pt-BR\"},{\"@type\":\"ImageObject\",\"inLanguage\":\"pt-BR\",\"@id\":\"https:\/\/franciscanos.org.br\/noticias\/nao-amar-e-o-primeiro-passo-para-matar.html#primaryimage\",\"url\":\"https:\/\/franciscanos.org.br\/noticias\/wp-content\/uploads\/2018\/10\/papa_171018_1.jpg\",\"contentUrl\":\"https:\/\/franciscanos.org.br\/noticias\/wp-content\/uploads\/2018\/10\/papa_171018_1.jpg\",\"width\":273,\"height\":181},{\"@type\":\"WebPage\",\"@id\":\"https:\/\/franciscanos.org.br\/noticias\/nao-amar-e-o-primeiro-passo-para-matar.html#webpage\",\"url\":\"https:\/\/franciscanos.org.br\/noticias\/nao-amar-e-o-primeiro-passo-para-matar.html\",\"name\":\"N\u00e3o amar \u00e9 o primeiro passo para matar - Not\u00edcias - Franciscanos\",\"isPartOf\":{\"@id\":\"https:\/\/franciscanos.org.br\/noticias\/#website\"},\"primaryImageOfPage\":{\"@id\":\"https:\/\/franciscanos.org.br\/noticias\/nao-amar-e-o-primeiro-passo-para-matar.html#primaryimage\"},\"datePublished\":\"2018-10-17T10:25:47+00:00\",\"dateModified\":\"2019-07-02T11:27:56+00:00\",\"author\":{\"@id\":\"https:\/\/franciscanos.org.br\/noticias\/#\/schema\/person\/b38fbf43118f02820bd932f2e4b14ad3\"},\"breadcrumb\":{\"@id\":\"https:\/\/franciscanos.org.br\/noticias\/nao-amar-e-o-primeiro-passo-para-matar.html#breadcrumb\"},\"inLanguage\":\"pt-BR\",\"potentialAction\":[{\"@type\":\"ReadAction\",\"target\":[\"https:\/\/franciscanos.org.br\/noticias\/nao-amar-e-o-primeiro-passo-para-matar.html\"]}]},{\"@type\":\"BreadcrumbList\",\"@id\":\"https:\/\/franciscanos.org.br\/noticias\/nao-amar-e-o-primeiro-passo-para-matar.html#breadcrumb\",\"itemListElement\":[{\"@type\":\"ListItem\",\"position\":1,\"name\":\"Home\",\"item\":\"https:\/\/franciscanos.org.br\/noticias\"},{\"@type\":\"ListItem\",\"position\":2,\"name\":\"N\u00e3o amar \u00e9 o primeiro passo para matar\"}]},{\"@type\":\"Person\",\"@id\":\"https:\/\/franciscanos.org.br\/noticias\/#\/schema\/person\/b38fbf43118f02820bd932f2e4b14ad3\",\"name\":\"admin\",\"image\":{\"@type\":\"ImageObject\",\"inLanguage\":\"pt-BR\",\"@id\":\"https:\/\/franciscanos.org.br\/noticias\/#\/schema\/person\/image\/\",\"url\":\"https:\/\/secure.gravatar.com\/avatar\/e8495742d34d0ba6448ea1c628263b3e?s=96&d=mm&r=g\",\"contentUrl\":\"https:\/\/secure.gravatar.com\/avatar\/e8495742d34d0ba6448ea1c628263b3e?s=96&d=mm&r=g\",\"caption\":\"admin\"},\"url\":\"https:\/\/franciscanos.org.br\/noticias\/author\/admin\"}]}<\/script>\n<!-- \/ Yoast SEO plugin. -->","yoast_head_json":{"title":"N\u00e3o amar \u00e9 o primeiro passo para matar - Not\u00edcias - Franciscanos","robots":{"index":"index","follow":"follow","max-snippet":"max-snippet:-1","max-image-preview":"max-image-preview:large","max-video-preview":"max-video-preview:-1"},"canonical":"https:\/\/franciscanos.org.br\/noticias\/nao-amar-e-o-primeiro-passo-para-matar.html","og_locale":"pt_BR","og_type":"article","og_title":"N\u00e3o amar \u00e9 o primeiro passo para matar - Not\u00edcias - Franciscanos","og_description":"Audi\u00eancia Geral","og_url":"https:\/\/franciscanos.org.br\/noticias\/nao-amar-e-o-primeiro-passo-para-matar.html","og_site_name":"Not\u00edcias - Franciscanos","article_published_time":"2018-10-17T10:25:47+00:00","article_modified_time":"2019-07-02T11:27:56+00:00","og_image":[{"width":273,"height":181,"url":"https:\/\/franciscanos.org.br\/noticias\/wp-content\/uploads\/2018\/10\/papa_171018_1.jpg","type":"image\/jpeg"}],"author":"admin","twitter_card":"summary_large_image","twitter_misc":{"Escrito por":"admin","Est. tempo de leitura":"2 minutos"},"schema":{"@context":"https:\/\/schema.org","@graph":[{"@type":"WebSite","@id":"https:\/\/franciscanos.org.br\/noticias\/#website","url":"https:\/\/franciscanos.org.br\/noticias\/","name":"Not\u00edcias - Franciscanos","description":"Prov\u00edncia Franciscana da Imaculada Concei\u00e7\u00e3o do Brasil - Ordem dos Frades Menores - OFM","potentialAction":[{"@type":"SearchAction","target":{"@type":"EntryPoint","urlTemplate":"https:\/\/franciscanos.org.br\/noticias\/?s={search_term_string}"},"query-input":"required name=search_term_string"}],"inLanguage":"pt-BR"},{"@type":"ImageObject","inLanguage":"pt-BR","@id":"https:\/\/franciscanos.org.br\/noticias\/nao-amar-e-o-primeiro-passo-para-matar.html#primaryimage","url":"https:\/\/franciscanos.org.br\/noticias\/wp-content\/uploads\/2018\/10\/papa_171018_1.jpg","contentUrl":"https:\/\/franciscanos.org.br\/noticias\/wp-content\/uploads\/2018\/10\/papa_171018_1.jpg","width":273,"height":181},{"@type":"WebPage","@id":"https:\/\/franciscanos.org.br\/noticias\/nao-amar-e-o-primeiro-passo-para-matar.html#webpage","url":"https:\/\/franciscanos.org.br\/noticias\/nao-amar-e-o-primeiro-passo-para-matar.html","name":"N\u00e3o amar \u00e9 o primeiro passo para matar - Not\u00edcias - Franciscanos","isPartOf":{"@id":"https:\/\/franciscanos.org.br\/noticias\/#website"},"primaryImageOfPage":{"@id":"https:\/\/franciscanos.org.br\/noticias\/nao-amar-e-o-primeiro-passo-para-matar.html#primaryimage"},"datePublished":"2018-10-17T10:25:47+00:00","dateModified":"2019-07-02T11:27:56+00:00","author":{"@id":"https:\/\/franciscanos.org.br\/noticias\/#\/schema\/person\/b38fbf43118f02820bd932f2e4b14ad3"},"breadcrumb":{"@id":"https:\/\/franciscanos.org.br\/noticias\/nao-amar-e-o-primeiro-passo-para-matar.html#breadcrumb"},"inLanguage":"pt-BR","potentialAction":[{"@type":"ReadAction","target":["https:\/\/franciscanos.org.br\/noticias\/nao-amar-e-o-primeiro-passo-para-matar.html"]}]},{"@type":"BreadcrumbList","@id":"https:\/\/franciscanos.org.br\/noticias\/nao-amar-e-o-primeiro-passo-para-matar.html#breadcrumb","itemListElement":[{"@type":"ListItem","position":1,"name":"Home","item":"https:\/\/franciscanos.org.br\/noticias"},{"@type":"ListItem","position":2,"name":"N\u00e3o amar \u00e9 o primeiro passo para matar"}]},{"@type":"Person","@id":"https:\/\/franciscanos.org.br\/noticias\/#\/schema\/person\/b38fbf43118f02820bd932f2e4b14ad3","name":"admin","image":{"@type":"ImageObject","inLanguage":"pt-BR","@id":"https:\/\/franciscanos.org.br\/noticias\/#\/schema\/person\/image\/","url":"https:\/\/secure.gravatar.com\/avatar\/e8495742d34d0ba6448ea1c628263b3e?s=96&d=mm&r=g","contentUrl":"https:\/\/secure.gravatar.com\/avatar\/e8495742d34d0ba6448ea1c628263b3e?s=96&d=mm&r=g","caption":"admin"},"url":"https:\/\/franciscanos.org.br\/noticias\/author\/admin"}]}},"_links":{"self":[{"href":"https:\/\/franciscanos.org.br\/noticias\/wp-json\/wp\/v2\/posts\/187691"}],"collection":[{"href":"https:\/\/franciscanos.org.br\/noticias\/wp-json\/wp\/v2\/posts"}],"about":[{"href":"https:\/\/franciscanos.org.br\/noticias\/wp-json\/wp\/v2\/types\/post"}],"author":[{"embeddable":true,"href":"https:\/\/franciscanos.org.br\/noticias\/wp-json\/wp\/v2\/users\/1"}],"replies":[{"embeddable":true,"href":"https:\/\/franciscanos.org.br\/noticias\/wp-json\/wp\/v2\/comments?post=187691"}],"version-history":[{"count":0,"href":"https:\/\/franciscanos.org.br\/noticias\/wp-json\/wp\/v2\/posts\/187691\/revisions"}],"wp:featuredmedia":[{"embeddable":true,"href":"https:\/\/franciscanos.org.br\/noticias\/wp-json\/wp\/v2\/media\/191368"}],"wp:attachment":[{"href":"https:\/\/franciscanos.org.br\/noticias\/wp-json\/wp\/v2\/media?parent=187691"}],"wp:term":[{"taxonomy":"category","embeddable":true,"href":"https:\/\/franciscanos.org.br\/noticias\/wp-json\/wp\/v2\/categories?post=187691"},{"taxonomy":"post_tag","embeddable":true,"href":"https:\/\/franciscanos.org.br\/noticias\/wp-json\/wp\/v2\/tags?post=187691"}],"curies":[{"name":"wp","href":"https:\/\/api.w.org\/{rel}","templated":true}]}}