{"id":187687,"date":"2018-10-16T08:02:17","date_gmt":"2018-10-16T11:02:17","guid":{"rendered":"http:\/\/franciscanos.org.br\/?p=174561"},"modified":"2020-06-06T18:24:54","modified_gmt":"2020-06-06T21:24:54","slug":"retiro-marcado-pela-espiritualidade-franciscana","status":"publish","type":"post","link":"https:\/\/franciscanos.org.br\/noticias\/retiro-marcado-pela-espiritualidade-franciscana.html","title":{"rendered":"Retiro marcado pela espiritualidade franciscana"},"content":{"rendered":"<p><img loading=\"lazy\" class=\"aligncenter\" src=\"http:\/\/franciscanos.org.br\/wp-content\/uploads\/2018\/10\/retiro_161018_1.jpg\" alt=\"retiro_161018_1\" width=\"830\" height=\"459\" \/><\/p>\n<p><strong>Frei Rodrigo Jos\u00e9 Silva<\/strong><\/p>\n<p><strong>Campo Largo (PR)<\/strong> &#8211; Entre os dias 11 a 14 de outubro, o Convento S\u00e3o Boaventura, em Rondinha, sediou um retiro totalmente voltado \u00e0 espiritualidade franciscana. O evento reuniu religiosos e religiosas, membros da OFS, Jufra, vocacionados, al\u00e9m de leigos e leigas, que puderam conhecer mais de perto o carisma. Neste esp\u00edrito, todos os presentes experimentaram um modo muito peculiar de se chegar a Deus: olhando a hist\u00f3ria pessoal com carinho e gratid\u00e3o, \u00e0 luz da experi\u00eancia espiritual de S\u00e3o Francisco de Assis.<\/p>\n<p>Intercalando ora\u00e7\u00f5es, cantos, mantras, partilhas e caminhadas em meio \u00e0 natureza, cada qual foi convidado a refletir a respeito de sua vida, seus sonhos, medos, sua vis\u00e3o de mundo, seu modo de compreender e relacionar-se com o pr\u00f3ximo, com as criaturas e com o Criador. Por meio de experi\u00eancias de deserto, de medita\u00e7\u00e3o, contempla\u00e7\u00e3o individual e comunit\u00e1ria, objetivou-se uma maior intimidade com Deus em Jesus Cristo, tendo como suporte trechos das Sagradas Escrituras e dos Escritos Franciscanos.<\/p>\n<p>Ao todo, seis ricos momentos de espiritualidade deram a t\u00f4nica das reflex\u00f5es, abordando respectivamente: O encontro de Deus atrav\u00e9s da Palavra, A presen\u00e7a de Cristo em minha hist\u00f3ria pessoal (acerca do di\u00e1logo com o Crucifixo de S\u00e3o Dami\u00e3o), a encarna\u00e7\u00e3o do Deus humilde, o Crucificado e a Reden\u00e7\u00e3o humana, o louvor da Cria\u00e7\u00e3o e o mist\u00e9rio da Minoridade.<\/p>\n<p><img loading=\"lazy\" class=\"aligncenter\" src=\"http:\/\/franciscanos.org.br\/wp-content\/uploads\/2018\/10\/retiro_161018_2.jpg\" alt=\"retiro_161018_2\" width=\"830\" height=\"483\" \/><\/p>\n<p>Os participantes tamb\u00e9m tiveram a oportunidade de, juntamente com os frades, rezar as horas can\u00f4nicas das Laudes, V\u00e9speras e Completas, ora\u00e7\u00f5es que fazem parte do cotidiano da vida religiosa e consagrada.<\/p>\n<p>Al\u00e9m disso, neste final de semana, cat\u00f3licos do Brasil inteiro celebraram a m\u00e3e de Deus, homenageada com o t\u00edtulo de Nossa Senhora Aparecida. Neste contexto, as ora\u00e7\u00f5es tamb\u00e9m transpareceram a profunda venera\u00e7\u00e3o de S\u00e3o Francisco \u00e0 Virgem Maria. Esta, traduzida em devo\u00e7\u00f5es propriamente franciscanas como a Coroa, o canto do Tota Pulchra (latim) e as ant\u00edfonas Marianas.<\/p>\n<p>No Of\u00edcio da Paix\u00e3o de S\u00e3o Francisco e na Via Sacra franciscana, dor, sofrimento, humilha\u00e7\u00e3o, morte e ressurrei\u00e7\u00e3o s\u00e3o contemplados. Na ang\u00fastia, na agonia de Jesus no madeiro, de Francisco nu em terra fria, cada um p\u00f4de olhar para suas feridas, sofrimentos, fraquezas e limita\u00e7\u00f5es, sendo convidado a, passo a passo, morrer para o pecado e em Cristo, brilhar como luz na escurid\u00e3o, ressuscitando para uma vida nova.<\/p>\n<p>O encerramento do retiro ocorreu no domingo (14), iniciando com a tradicional Santa Missa dominical com a comunidade e concluindo com a b\u00ean\u00e7\u00e3o do Sant\u00edssimo, neles tamb\u00e9m contemplando a piedade eucar\u00edstica de S\u00e3o Francisco.<\/p>\n<p><img loading=\"lazy\" class=\"aligncenter\" src=\"http:\/\/franciscanos.org.br\/wp-content\/uploads\/2018\/10\/retiro_161018.jpg\" alt=\"retiro_161018\" width=\"830\" height=\"553\" \/><\/p>\n<h2><a href=\"http:\/\/www.franciscanosrondinha.com.br\/noticias\/visualizar-noticia.vm?id=124459569\">VEJA MAIS IMAGENS NO SITE DA FRATERNIDADE DE RONDINHA<\/a><\/h2>\n","protected":false},"excerpt":{"rendered":"<p>Fraternidade de Rondinha<\/p>\n","protected":false},"author":1,"featured_media":191396,"comment_status":"open","ping_status":"open","sticky":false,"template":"","format":"standard","meta":[],"categories":[1],"tags":[1133,590,591],"acf":[],"yoast_head":"<!-- This site is optimized with the Yoast SEO plugin v19.2 - https:\/\/yoast.com\/wordpress\/plugins\/seo\/ -->\n<title>Retiro marcado pela espiritualidade franciscana - Not\u00edcias - Franciscanos<\/title>\n<meta name=\"robots\" content=\"index, follow, max-snippet:-1, max-image-preview:large, max-video-preview:-1\" \/>\n<link rel=\"canonical\" href=\"https:\/\/franciscanos.org.br\/noticias\/retiro-marcado-pela-espiritualidade-franciscana.html\" \/>\n<meta property=\"og:locale\" content=\"pt_BR\" \/>\n<meta property=\"og:type\" content=\"article\" \/>\n<meta property=\"og:title\" content=\"Retiro marcado pela espiritualidade franciscana - Not\u00edcias - Franciscanos\" \/>\n<meta property=\"og:description\" content=\"Fraternidade de Rondinha\" \/>\n<meta property=\"og:url\" content=\"https:\/\/franciscanos.org.br\/noticias\/retiro-marcado-pela-espiritualidade-franciscana.html\" \/>\n<meta property=\"og:site_name\" content=\"Not\u00edcias - Franciscanos\" \/>\n<meta property=\"article:published_time\" content=\"2018-10-16T11:02:17+00:00\" \/>\n<meta property=\"article:modified_time\" content=\"2020-06-06T21:24:54+00:00\" \/>\n<meta property=\"og:image\" content=\"https:\/\/franciscanos.org.br\/noticias\/wp-content\/uploads\/2018\/10\/retiro_161018_1.jpg\" \/>\n\t<meta property=\"og:image:width\" content=\"273\" \/>\n\t<meta property=\"og:image:height\" content=\"181\" \/>\n\t<meta property=\"og:image:type\" content=\"image\/jpeg\" \/>\n<meta name=\"author\" content=\"admin\" \/>\n<meta name=\"twitter:card\" content=\"summary_large_image\" \/>\n<meta name=\"twitter:label1\" content=\"Escrito por\" \/>\n\t<meta name=\"twitter:data1\" content=\"admin\" \/>\n\t<meta name=\"twitter:label2\" content=\"Est. tempo de leitura\" \/>\n\t<meta name=\"twitter:data2\" content=\"2 minutos\" \/>\n<script type=\"application\/ld+json\" class=\"yoast-schema-graph\">{\"@context\":\"https:\/\/schema.org\",\"@graph\":[{\"@type\":\"WebSite\",\"@id\":\"https:\/\/franciscanos.org.br\/noticias\/#website\",\"url\":\"https:\/\/franciscanos.org.br\/noticias\/\",\"name\":\"Not\u00edcias - Franciscanos\",\"description\":\"Prov\u00edncia Franciscana da Imaculada Concei\u00e7\u00e3o do Brasil - Ordem dos Frades Menores - OFM\",\"potentialAction\":[{\"@type\":\"SearchAction\",\"target\":{\"@type\":\"EntryPoint\",\"urlTemplate\":\"https:\/\/franciscanos.org.br\/noticias\/?s={search_term_string}\"},\"query-input\":\"required name=search_term_string\"}],\"inLanguage\":\"pt-BR\"},{\"@type\":\"ImageObject\",\"inLanguage\":\"pt-BR\",\"@id\":\"https:\/\/franciscanos.org.br\/noticias\/retiro-marcado-pela-espiritualidade-franciscana.html#primaryimage\",\"url\":\"https:\/\/franciscanos.org.br\/noticias\/wp-content\/uploads\/2018\/10\/retiro_161018_1.jpg\",\"contentUrl\":\"https:\/\/franciscanos.org.br\/noticias\/wp-content\/uploads\/2018\/10\/retiro_161018_1.jpg\",\"width\":273,\"height\":181},{\"@type\":\"WebPage\",\"@id\":\"https:\/\/franciscanos.org.br\/noticias\/retiro-marcado-pela-espiritualidade-franciscana.html#webpage\",\"url\":\"https:\/\/franciscanos.org.br\/noticias\/retiro-marcado-pela-espiritualidade-franciscana.html\",\"name\":\"Retiro marcado pela espiritualidade franciscana - Not\u00edcias - Franciscanos\",\"isPartOf\":{\"@id\":\"https:\/\/franciscanos.org.br\/noticias\/#website\"},\"primaryImageOfPage\":{\"@id\":\"https:\/\/franciscanos.org.br\/noticias\/retiro-marcado-pela-espiritualidade-franciscana.html#primaryimage\"},\"datePublished\":\"2018-10-16T11:02:17+00:00\",\"dateModified\":\"2020-06-06T21:24:54+00:00\",\"author\":{\"@id\":\"https:\/\/franciscanos.org.br\/noticias\/#\/schema\/person\/b38fbf43118f02820bd932f2e4b14ad3\"},\"breadcrumb\":{\"@id\":\"https:\/\/franciscanos.org.br\/noticias\/retiro-marcado-pela-espiritualidade-franciscana.html#breadcrumb\"},\"inLanguage\":\"pt-BR\",\"potentialAction\":[{\"@type\":\"ReadAction\",\"target\":[\"https:\/\/franciscanos.org.br\/noticias\/retiro-marcado-pela-espiritualidade-franciscana.html\"]}]},{\"@type\":\"BreadcrumbList\",\"@id\":\"https:\/\/franciscanos.org.br\/noticias\/retiro-marcado-pela-espiritualidade-franciscana.html#breadcrumb\",\"itemListElement\":[{\"@type\":\"ListItem\",\"position\":1,\"name\":\"Home\",\"item\":\"https:\/\/franciscanos.org.br\/noticias\"},{\"@type\":\"ListItem\",\"position\":2,\"name\":\"Retiro marcado pela espiritualidade franciscana\"}]},{\"@type\":\"Person\",\"@id\":\"https:\/\/franciscanos.org.br\/noticias\/#\/schema\/person\/b38fbf43118f02820bd932f2e4b14ad3\",\"name\":\"admin\",\"image\":{\"@type\":\"ImageObject\",\"inLanguage\":\"pt-BR\",\"@id\":\"https:\/\/franciscanos.org.br\/noticias\/#\/schema\/person\/image\/\",\"url\":\"https:\/\/secure.gravatar.com\/avatar\/e8495742d34d0ba6448ea1c628263b3e?s=96&d=mm&r=g\",\"contentUrl\":\"https:\/\/secure.gravatar.com\/avatar\/e8495742d34d0ba6448ea1c628263b3e?s=96&d=mm&r=g\",\"caption\":\"admin\"},\"url\":\"https:\/\/franciscanos.org.br\/noticias\/author\/admin\"}]}<\/script>\n<!-- \/ Yoast SEO plugin. -->","yoast_head_json":{"title":"Retiro marcado pela espiritualidade franciscana - Not\u00edcias - Franciscanos","robots":{"index":"index","follow":"follow","max-snippet":"max-snippet:-1","max-image-preview":"max-image-preview:large","max-video-preview":"max-video-preview:-1"},"canonical":"https:\/\/franciscanos.org.br\/noticias\/retiro-marcado-pela-espiritualidade-franciscana.html","og_locale":"pt_BR","og_type":"article","og_title":"Retiro marcado pela espiritualidade franciscana - Not\u00edcias - Franciscanos","og_description":"Fraternidade de Rondinha","og_url":"https:\/\/franciscanos.org.br\/noticias\/retiro-marcado-pela-espiritualidade-franciscana.html","og_site_name":"Not\u00edcias - Franciscanos","article_published_time":"2018-10-16T11:02:17+00:00","article_modified_time":"2020-06-06T21:24:54+00:00","og_image":[{"width":273,"height":181,"url":"https:\/\/franciscanos.org.br\/noticias\/wp-content\/uploads\/2018\/10\/retiro_161018_1.jpg","type":"image\/jpeg"}],"author":"admin","twitter_card":"summary_large_image","twitter_misc":{"Escrito por":"admin","Est. tempo de leitura":"2 minutos"},"schema":{"@context":"https:\/\/schema.org","@graph":[{"@type":"WebSite","@id":"https:\/\/franciscanos.org.br\/noticias\/#website","url":"https:\/\/franciscanos.org.br\/noticias\/","name":"Not\u00edcias - Franciscanos","description":"Prov\u00edncia Franciscana da Imaculada Concei\u00e7\u00e3o do Brasil - Ordem dos Frades Menores - OFM","potentialAction":[{"@type":"SearchAction","target":{"@type":"EntryPoint","urlTemplate":"https:\/\/franciscanos.org.br\/noticias\/?s={search_term_string}"},"query-input":"required name=search_term_string"}],"inLanguage":"pt-BR"},{"@type":"ImageObject","inLanguage":"pt-BR","@id":"https:\/\/franciscanos.org.br\/noticias\/retiro-marcado-pela-espiritualidade-franciscana.html#primaryimage","url":"https:\/\/franciscanos.org.br\/noticias\/wp-content\/uploads\/2018\/10\/retiro_161018_1.jpg","contentUrl":"https:\/\/franciscanos.org.br\/noticias\/wp-content\/uploads\/2018\/10\/retiro_161018_1.jpg","width":273,"height":181},{"@type":"WebPage","@id":"https:\/\/franciscanos.org.br\/noticias\/retiro-marcado-pela-espiritualidade-franciscana.html#webpage","url":"https:\/\/franciscanos.org.br\/noticias\/retiro-marcado-pela-espiritualidade-franciscana.html","name":"Retiro marcado pela espiritualidade franciscana - Not\u00edcias - Franciscanos","isPartOf":{"@id":"https:\/\/franciscanos.org.br\/noticias\/#website"},"primaryImageOfPage":{"@id":"https:\/\/franciscanos.org.br\/noticias\/retiro-marcado-pela-espiritualidade-franciscana.html#primaryimage"},"datePublished":"2018-10-16T11:02:17+00:00","dateModified":"2020-06-06T21:24:54+00:00","author":{"@id":"https:\/\/franciscanos.org.br\/noticias\/#\/schema\/person\/b38fbf43118f02820bd932f2e4b14ad3"},"breadcrumb":{"@id":"https:\/\/franciscanos.org.br\/noticias\/retiro-marcado-pela-espiritualidade-franciscana.html#breadcrumb"},"inLanguage":"pt-BR","potentialAction":[{"@type":"ReadAction","target":["https:\/\/franciscanos.org.br\/noticias\/retiro-marcado-pela-espiritualidade-franciscana.html"]}]},{"@type":"BreadcrumbList","@id":"https:\/\/franciscanos.org.br\/noticias\/retiro-marcado-pela-espiritualidade-franciscana.html#breadcrumb","itemListElement":[{"@type":"ListItem","position":1,"name":"Home","item":"https:\/\/franciscanos.org.br\/noticias"},{"@type":"ListItem","position":2,"name":"Retiro marcado pela espiritualidade franciscana"}]},{"@type":"Person","@id":"https:\/\/franciscanos.org.br\/noticias\/#\/schema\/person\/b38fbf43118f02820bd932f2e4b14ad3","name":"admin","image":{"@type":"ImageObject","inLanguage":"pt-BR","@id":"https:\/\/franciscanos.org.br\/noticias\/#\/schema\/person\/image\/","url":"https:\/\/secure.gravatar.com\/avatar\/e8495742d34d0ba6448ea1c628263b3e?s=96&d=mm&r=g","contentUrl":"https:\/\/secure.gravatar.com\/avatar\/e8495742d34d0ba6448ea1c628263b3e?s=96&d=mm&r=g","caption":"admin"},"url":"https:\/\/franciscanos.org.br\/noticias\/author\/admin"}]}},"_links":{"self":[{"href":"https:\/\/franciscanos.org.br\/noticias\/wp-json\/wp\/v2\/posts\/187687"}],"collection":[{"href":"https:\/\/franciscanos.org.br\/noticias\/wp-json\/wp\/v2\/posts"}],"about":[{"href":"https:\/\/franciscanos.org.br\/noticias\/wp-json\/wp\/v2\/types\/post"}],"author":[{"embeddable":true,"href":"https:\/\/franciscanos.org.br\/noticias\/wp-json\/wp\/v2\/users\/1"}],"replies":[{"embeddable":true,"href":"https:\/\/franciscanos.org.br\/noticias\/wp-json\/wp\/v2\/comments?post=187687"}],"version-history":[{"count":1,"href":"https:\/\/franciscanos.org.br\/noticias\/wp-json\/wp\/v2\/posts\/187687\/revisions"}],"predecessor-version":[{"id":224746,"href":"https:\/\/franciscanos.org.br\/noticias\/wp-json\/wp\/v2\/posts\/187687\/revisions\/224746"}],"wp:featuredmedia":[{"embeddable":true,"href":"https:\/\/franciscanos.org.br\/noticias\/wp-json\/wp\/v2\/media\/191396"}],"wp:attachment":[{"href":"https:\/\/franciscanos.org.br\/noticias\/wp-json\/wp\/v2\/media?parent=187687"}],"wp:term":[{"taxonomy":"category","embeddable":true,"href":"https:\/\/franciscanos.org.br\/noticias\/wp-json\/wp\/v2\/categories?post=187687"},{"taxonomy":"post_tag","embeddable":true,"href":"https:\/\/franciscanos.org.br\/noticias\/wp-json\/wp\/v2\/tags?post=187687"}],"curies":[{"name":"wp","href":"https:\/\/api.w.org\/{rel}","templated":true}]}}