{"id":187685,"date":"2018-10-15T18:21:14","date_gmt":"2018-10-15T21:21:14","guid":{"rendered":"http:\/\/franciscanos.org.br\/?p=174551"},"modified":"2020-06-06T18:25:55","modified_gmt":"2020-06-06T21:25:55","slug":"vos-sois-a-inspiracao","status":"publish","type":"post","link":"https:\/\/franciscanos.org.br\/noticias\/vos-sois-a-inspiracao.html","title":{"rendered":"V\u00f3s sois a inspira\u00e7\u00e3o"},"content":{"rendered":"<p><img loading=\"lazy\" class=\"wp-image-174552 aligncenter\" src=\"http:\/\/franciscanos.org.br\/wp-content\/uploads\/2018\/10\/5278661249300709.jpg\" alt=\"5278661249300709\" width=\"770\" height=\"396\" \/><\/p>\n<p>Como seria se\u00a0<strong>Francisco de Assis<\/strong>\u00a0entrasse em uma sala de aula hoje? Diante de uma turma de crian\u00e7as, adolescentes ou jovens universit\u00e1rios, qual seria a sua primeira rea\u00e7\u00e3o? \u00c9 dif\u00edcil afirmar como ele reagiria, mas podemos dar liberdade \u00e0 nossa criatividade para imaginar essa cena com base naquilo que sabemos sobre a vida do\u00a0<em>poverello<\/em>\u00a0(pobre) de Assis.<\/p>\n<p>De in\u00edcio, certamente colocaria em pr\u00e1tica as virtudes humanas pelas quais ele \u00e9 lembrado. Assim como um professor que ama sua miss\u00e3o de educar, S\u00e3o Francisco usaria do Di\u00e1logo e do Respeito para se colocar como aquele que serve, que est\u00e1 apto a ouvir as d\u00favidas e as dores. Ao se deparar com quest\u00f5es e situa\u00e7\u00f5es dif\u00edceis, com certeza teria a Humildade de reconhecer que n\u00e3o est\u00e1 acima de ningu\u00e9m, mas com Disciplina e Perseveran\u00e7a buscaria a melhor maneira de ajudar o pr\u00f3ximo.<\/p>\n<p>Com Sabedoria, n\u00e3o no sentido de tudo saber, mas com atitudes sensatas e ponderadas, o professor Francisco se apresentaria aos seus alunos como companheiro de caminhada, que deseja fazer descobertas a partir da experi\u00eancia e da conviv\u00eancia fraterna.<\/p>\n<p>Como podemos perceber, S\u00e3o Francisco de Assis \u00e9 um exemplo de mestre. Assim como ele, desejamos que todos os nossos professores, independentemente dos desafios di\u00e1rios, continuem preservando o Amor pela profiss\u00e3o e, principalmente, pelas pessoas, servindo de inspira\u00e7\u00e3o para uma sociedade cada vez mais justa e feliz.<\/p>\n<p>Para todos do Grupo Educacional Bom Jesus, fazer parte da mesma equipe dos nossos queridos professores \u00e9 uma honra e motivo de muito orgulho.<\/p>\n<p>Paz e Bem!<\/p>\n<p><strong>Frei Jo\u00e3o Mannes, ofm<\/strong><\/p>\n<p>Presidente do\u00a0<a href=\"http:\/\/www.grupoeducacionalbomjesus.com.br\/\" target=\"_blank\" rel=\"noopener noreferrer\">Grupo Educacional Bom Jesus<\/a><\/p>\n","protected":false},"excerpt":{"rendered":"<p>Mensagem do Presidente do Grupo Educacional Bom Jesus<\/p>\n","protected":false},"author":1,"featured_media":191399,"comment_status":"open","ping_status":"open","sticky":false,"template":"","format":"standard","meta":[],"categories":[1],"tags":[260,548,1116],"acf":[],"yoast_head":"<!-- This site is optimized with the Yoast SEO plugin v19.2 - https:\/\/yoast.com\/wordpress\/plugins\/seo\/ -->\n<title>V\u00f3s sois a inspira\u00e7\u00e3o - Not\u00edcias - Franciscanos<\/title>\n<meta name=\"robots\" content=\"index, follow, max-snippet:-1, max-image-preview:large, max-video-preview:-1\" \/>\n<link rel=\"canonical\" href=\"https:\/\/franciscanos.org.br\/noticias\/vos-sois-a-inspiracao.html\" \/>\n<meta property=\"og:locale\" content=\"pt_BR\" \/>\n<meta property=\"og:type\" content=\"article\" \/>\n<meta property=\"og:title\" content=\"V\u00f3s sois a inspira\u00e7\u00e3o - Not\u00edcias - Franciscanos\" \/>\n<meta property=\"og:description\" content=\"Mensagem do Presidente do Grupo Educacional Bom Jesus\" \/>\n<meta property=\"og:url\" content=\"https:\/\/franciscanos.org.br\/noticias\/vos-sois-a-inspiracao.html\" \/>\n<meta property=\"og:site_name\" content=\"Not\u00edcias - Franciscanos\" \/>\n<meta property=\"article:published_time\" content=\"2018-10-15T21:21:14+00:00\" \/>\n<meta property=\"article:modified_time\" content=\"2020-06-06T21:25:55+00:00\" \/>\n<meta property=\"og:image\" content=\"https:\/\/franciscanos.org.br\/noticias\/wp-content\/uploads\/2018\/10\/fae_bj.jpg\" \/>\n\t<meta property=\"og:image:width\" content=\"273\" \/>\n\t<meta property=\"og:image:height\" content=\"181\" \/>\n\t<meta property=\"og:image:type\" content=\"image\/jpeg\" \/>\n<meta name=\"author\" content=\"admin\" \/>\n<meta name=\"twitter:card\" content=\"summary_large_image\" \/>\n<meta name=\"twitter:label1\" content=\"Escrito por\" \/>\n\t<meta name=\"twitter:data1\" content=\"admin\" \/>\n\t<meta name=\"twitter:label2\" content=\"Est. tempo de leitura\" \/>\n\t<meta name=\"twitter:data2\" content=\"1 minuto\" \/>\n<script type=\"application\/ld+json\" class=\"yoast-schema-graph\">{\"@context\":\"https:\/\/schema.org\",\"@graph\":[{\"@type\":\"WebSite\",\"@id\":\"https:\/\/franciscanos.org.br\/noticias\/#website\",\"url\":\"https:\/\/franciscanos.org.br\/noticias\/\",\"name\":\"Not\u00edcias - Franciscanos\",\"description\":\"Prov\u00edncia Franciscana da Imaculada Concei\u00e7\u00e3o do Brasil - Ordem dos Frades Menores - OFM\",\"potentialAction\":[{\"@type\":\"SearchAction\",\"target\":{\"@type\":\"EntryPoint\",\"urlTemplate\":\"https:\/\/franciscanos.org.br\/noticias\/?s={search_term_string}\"},\"query-input\":\"required name=search_term_string\"}],\"inLanguage\":\"pt-BR\"},{\"@type\":\"ImageObject\",\"inLanguage\":\"pt-BR\",\"@id\":\"https:\/\/franciscanos.org.br\/noticias\/vos-sois-a-inspiracao.html#primaryimage\",\"url\":\"https:\/\/franciscanos.org.br\/noticias\/wp-content\/uploads\/2018\/10\/fae_bj.jpg\",\"contentUrl\":\"https:\/\/franciscanos.org.br\/noticias\/wp-content\/uploads\/2018\/10\/fae_bj.jpg\",\"width\":273,\"height\":181},{\"@type\":\"WebPage\",\"@id\":\"https:\/\/franciscanos.org.br\/noticias\/vos-sois-a-inspiracao.html#webpage\",\"url\":\"https:\/\/franciscanos.org.br\/noticias\/vos-sois-a-inspiracao.html\",\"name\":\"V\u00f3s sois a inspira\u00e7\u00e3o - Not\u00edcias - Franciscanos\",\"isPartOf\":{\"@id\":\"https:\/\/franciscanos.org.br\/noticias\/#website\"},\"primaryImageOfPage\":{\"@id\":\"https:\/\/franciscanos.org.br\/noticias\/vos-sois-a-inspiracao.html#primaryimage\"},\"datePublished\":\"2018-10-15T21:21:14+00:00\",\"dateModified\":\"2020-06-06T21:25:55+00:00\",\"author\":{\"@id\":\"https:\/\/franciscanos.org.br\/noticias\/#\/schema\/person\/b38fbf43118f02820bd932f2e4b14ad3\"},\"breadcrumb\":{\"@id\":\"https:\/\/franciscanos.org.br\/noticias\/vos-sois-a-inspiracao.html#breadcrumb\"},\"inLanguage\":\"pt-BR\",\"potentialAction\":[{\"@type\":\"ReadAction\",\"target\":[\"https:\/\/franciscanos.org.br\/noticias\/vos-sois-a-inspiracao.html\"]}]},{\"@type\":\"BreadcrumbList\",\"@id\":\"https:\/\/franciscanos.org.br\/noticias\/vos-sois-a-inspiracao.html#breadcrumb\",\"itemListElement\":[{\"@type\":\"ListItem\",\"position\":1,\"name\":\"Home\",\"item\":\"https:\/\/franciscanos.org.br\/noticias\"},{\"@type\":\"ListItem\",\"position\":2,\"name\":\"V\u00f3s sois a inspira\u00e7\u00e3o\"}]},{\"@type\":\"Person\",\"@id\":\"https:\/\/franciscanos.org.br\/noticias\/#\/schema\/person\/b38fbf43118f02820bd932f2e4b14ad3\",\"name\":\"admin\",\"image\":{\"@type\":\"ImageObject\",\"inLanguage\":\"pt-BR\",\"@id\":\"https:\/\/franciscanos.org.br\/noticias\/#\/schema\/person\/image\/\",\"url\":\"https:\/\/secure.gravatar.com\/avatar\/e8495742d34d0ba6448ea1c628263b3e?s=96&d=mm&r=g\",\"contentUrl\":\"https:\/\/secure.gravatar.com\/avatar\/e8495742d34d0ba6448ea1c628263b3e?s=96&d=mm&r=g\",\"caption\":\"admin\"},\"url\":\"https:\/\/franciscanos.org.br\/noticias\/author\/admin\"}]}<\/script>\n<!-- \/ Yoast SEO plugin. -->","yoast_head_json":{"title":"V\u00f3s sois a inspira\u00e7\u00e3o - Not\u00edcias - Franciscanos","robots":{"index":"index","follow":"follow","max-snippet":"max-snippet:-1","max-image-preview":"max-image-preview:large","max-video-preview":"max-video-preview:-1"},"canonical":"https:\/\/franciscanos.org.br\/noticias\/vos-sois-a-inspiracao.html","og_locale":"pt_BR","og_type":"article","og_title":"V\u00f3s sois a inspira\u00e7\u00e3o - Not\u00edcias - Franciscanos","og_description":"Mensagem do Presidente do Grupo Educacional Bom Jesus","og_url":"https:\/\/franciscanos.org.br\/noticias\/vos-sois-a-inspiracao.html","og_site_name":"Not\u00edcias - Franciscanos","article_published_time":"2018-10-15T21:21:14+00:00","article_modified_time":"2020-06-06T21:25:55+00:00","og_image":[{"width":273,"height":181,"url":"https:\/\/franciscanos.org.br\/noticias\/wp-content\/uploads\/2018\/10\/fae_bj.jpg","type":"image\/jpeg"}],"author":"admin","twitter_card":"summary_large_image","twitter_misc":{"Escrito por":"admin","Est. tempo de leitura":"1 minuto"},"schema":{"@context":"https:\/\/schema.org","@graph":[{"@type":"WebSite","@id":"https:\/\/franciscanos.org.br\/noticias\/#website","url":"https:\/\/franciscanos.org.br\/noticias\/","name":"Not\u00edcias - Franciscanos","description":"Prov\u00edncia Franciscana da Imaculada Concei\u00e7\u00e3o do Brasil - Ordem dos Frades Menores - OFM","potentialAction":[{"@type":"SearchAction","target":{"@type":"EntryPoint","urlTemplate":"https:\/\/franciscanos.org.br\/noticias\/?s={search_term_string}"},"query-input":"required name=search_term_string"}],"inLanguage":"pt-BR"},{"@type":"ImageObject","inLanguage":"pt-BR","@id":"https:\/\/franciscanos.org.br\/noticias\/vos-sois-a-inspiracao.html#primaryimage","url":"https:\/\/franciscanos.org.br\/noticias\/wp-content\/uploads\/2018\/10\/fae_bj.jpg","contentUrl":"https:\/\/franciscanos.org.br\/noticias\/wp-content\/uploads\/2018\/10\/fae_bj.jpg","width":273,"height":181},{"@type":"WebPage","@id":"https:\/\/franciscanos.org.br\/noticias\/vos-sois-a-inspiracao.html#webpage","url":"https:\/\/franciscanos.org.br\/noticias\/vos-sois-a-inspiracao.html","name":"V\u00f3s sois a inspira\u00e7\u00e3o - Not\u00edcias - Franciscanos","isPartOf":{"@id":"https:\/\/franciscanos.org.br\/noticias\/#website"},"primaryImageOfPage":{"@id":"https:\/\/franciscanos.org.br\/noticias\/vos-sois-a-inspiracao.html#primaryimage"},"datePublished":"2018-10-15T21:21:14+00:00","dateModified":"2020-06-06T21:25:55+00:00","author":{"@id":"https:\/\/franciscanos.org.br\/noticias\/#\/schema\/person\/b38fbf43118f02820bd932f2e4b14ad3"},"breadcrumb":{"@id":"https:\/\/franciscanos.org.br\/noticias\/vos-sois-a-inspiracao.html#breadcrumb"},"inLanguage":"pt-BR","potentialAction":[{"@type":"ReadAction","target":["https:\/\/franciscanos.org.br\/noticias\/vos-sois-a-inspiracao.html"]}]},{"@type":"BreadcrumbList","@id":"https:\/\/franciscanos.org.br\/noticias\/vos-sois-a-inspiracao.html#breadcrumb","itemListElement":[{"@type":"ListItem","position":1,"name":"Home","item":"https:\/\/franciscanos.org.br\/noticias"},{"@type":"ListItem","position":2,"name":"V\u00f3s sois a inspira\u00e7\u00e3o"}]},{"@type":"Person","@id":"https:\/\/franciscanos.org.br\/noticias\/#\/schema\/person\/b38fbf43118f02820bd932f2e4b14ad3","name":"admin","image":{"@type":"ImageObject","inLanguage":"pt-BR","@id":"https:\/\/franciscanos.org.br\/noticias\/#\/schema\/person\/image\/","url":"https:\/\/secure.gravatar.com\/avatar\/e8495742d34d0ba6448ea1c628263b3e?s=96&d=mm&r=g","contentUrl":"https:\/\/secure.gravatar.com\/avatar\/e8495742d34d0ba6448ea1c628263b3e?s=96&d=mm&r=g","caption":"admin"},"url":"https:\/\/franciscanos.org.br\/noticias\/author\/admin"}]}},"_links":{"self":[{"href":"https:\/\/franciscanos.org.br\/noticias\/wp-json\/wp\/v2\/posts\/187685"}],"collection":[{"href":"https:\/\/franciscanos.org.br\/noticias\/wp-json\/wp\/v2\/posts"}],"about":[{"href":"https:\/\/franciscanos.org.br\/noticias\/wp-json\/wp\/v2\/types\/post"}],"author":[{"embeddable":true,"href":"https:\/\/franciscanos.org.br\/noticias\/wp-json\/wp\/v2\/users\/1"}],"replies":[{"embeddable":true,"href":"https:\/\/franciscanos.org.br\/noticias\/wp-json\/wp\/v2\/comments?post=187685"}],"version-history":[{"count":1,"href":"https:\/\/franciscanos.org.br\/noticias\/wp-json\/wp\/v2\/posts\/187685\/revisions"}],"predecessor-version":[{"id":224747,"href":"https:\/\/franciscanos.org.br\/noticias\/wp-json\/wp\/v2\/posts\/187685\/revisions\/224747"}],"wp:featuredmedia":[{"embeddable":true,"href":"https:\/\/franciscanos.org.br\/noticias\/wp-json\/wp\/v2\/media\/191399"}],"wp:attachment":[{"href":"https:\/\/franciscanos.org.br\/noticias\/wp-json\/wp\/v2\/media?parent=187685"}],"wp:term":[{"taxonomy":"category","embeddable":true,"href":"https:\/\/franciscanos.org.br\/noticias\/wp-json\/wp\/v2\/categories?post=187685"},{"taxonomy":"post_tag","embeddable":true,"href":"https:\/\/franciscanos.org.br\/noticias\/wp-json\/wp\/v2\/tags?post=187685"}],"curies":[{"name":"wp","href":"https:\/\/api.w.org\/{rel}","templated":true}]}}