{"id":187683,"date":"2018-10-15T11:09:32","date_gmt":"2018-10-15T14:09:32","guid":{"rendered":"http:\/\/franciscanos.org.br\/?p=174529"},"modified":"2018-11-26T11:47:51","modified_gmt":"2018-11-26T13:47:51","slug":"mensagem-de-esperanca-na-festa-de-nossa-senhora-aparecida","status":"publish","type":"post","link":"https:\/\/franciscanos.org.br\/noticias\/mensagem-de-esperanca-na-festa-de-nossa-senhora-aparecida.html","title":{"rendered":"Mensagem de esperan\u00e7a na festa da Padroeira"},"content":{"rendered":"<p><img loading=\"lazy\" class=\"aligncenter\" src=\"http:\/\/franciscanos.org.br\/wp-content\/uploads\/2018\/10\/nilopolis_151018.jpg\" alt=\"nilopolis_151018\" width=\"820\" height=\"615\" \/><\/p>\n<p>A Par\u00f3quia Nossa Senhora Aparecida, em Nil\u00f3polis (RJ), celebrou com muita f\u00e9 e devo\u00e7\u00e3o a Festa em honra a sua Padroeira e tamb\u00e9m Padroeira do Brasil no dia 12 de outubro. As festividades, contudo, come\u00e7aram com a novena no dia 3 de outubro. As missas foram transmitidas pelas m\u00eddias sociais da Par\u00f3quia.<\/p>\n<p>Na Missa solene do dia, o p\u00e1roco e guardi\u00e3o Frei Walter Ferreira Junior frisou muito que o povo n\u00e3o deve perder a esperan\u00e7a, mesmo vivendo em tempos de desesperan\u00e7as. &#8220;Jesus, o povo brasileiro est\u00e1 perdendo a esperan\u00e7a. O povo brasileiro est\u00e1 cansado. O povo brasileiro est\u00e1 doente, est\u00e1 desempregado, est\u00e1 passando necessidades. Pessoas angustiadas, filas e filas nos hospitais. O povo est\u00e1 perdendo a esperan\u00e7a, Jesus!&#8221;, falou em forma de s\u00faplica.<\/p>\n<p>Mas o p\u00e1roco lembrou que, mesmo assim, Maria diz: &#8220;Fazei o que ele pedir!&#8221;<\/p>\n<p><img loading=\"lazy\" class=\"aligncenter\" src=\"http:\/\/franciscanos.org.br\/wp-content\/uploads\/2018\/10\/nilopolis_151018_2.jpg\" alt=\"nilopolis_151018_2\" width=\"830\" height=\"409\" \/><\/p>\n<p>&#8220;Povo de Deus, o vinho n\u00e3o acabou&#8221;, disse, lembrando o Evangelho das Bodas de Can\u00e1. &#8220;N\u00e3o acabou porque \u00e9 o Senhor que transforma a nossa realidade e nos transforma pecadores em santos. Ele nos perdoa, para que cada um de n\u00f3s, perdoado, possa continuar a sua caminhada, cheio de esperan\u00e7a, porque a M\u00e3e nos guia&#8221;, insistiu.<\/p>\n<p>Para Frei Walter, basta seguir um conselho da M\u00e3e: &#8220;Fa\u00e7am tudo o que Jesus disser, mesmo duvidando, mas fa\u00e7am tudo o que Jesus disser. N\u00e3o tenham medo. Ele \u00e9 a nossa raz\u00e3o de existir&#8221;, orientou.<\/p>\n<p>Segundo o p\u00e1roco, temos Maria que nos ensina sempre a confiar, a ter esperan\u00e7a. &#8220;O Senhor nos ama e jamais vai abandonar o seu povo&#8221;, animou.<\/p>\n<p>A Festa de Nossa Senhora Aparecida, al\u00e9m da Novena com o tema &#8220;Com Jesus e Maria n\u00f3s restauramos a vida&#8221;, teve a prociss\u00e3o pelas ruas de Nil\u00f3polis e shows musicais.<\/p>\n<p><img loading=\"lazy\" class=\"aligncenter\" src=\"http:\/\/franciscanos.org.br\/wp-content\/uploads\/2018\/10\/nilopolis_151018_3.jpg\" alt=\"nilopolis_151018_3\" width=\"830\" height=\"553\" \/><\/p>\n<p><strong>Pascom da Par\u00f3quia Nossa Senhora Aparecida<\/strong><\/p>\n","protected":false},"excerpt":{"rendered":"<p>Nil\u00f3polis<\/p>\n","protected":false},"author":1,"featured_media":191407,"comment_status":"open","ping_status":"open","sticky":false,"template":"","format":"standard","meta":[],"categories":[1],"tags":[53,778,1131],"acf":[],"yoast_head":"<!-- This site is optimized with the Yoast SEO plugin v19.2 - https:\/\/yoast.com\/wordpress\/plugins\/seo\/ -->\n<title>Mensagem de esperan\u00e7a na festa da Padroeira - Not\u00edcias - Franciscanos<\/title>\n<meta name=\"robots\" content=\"index, follow, max-snippet:-1, max-image-preview:large, max-video-preview:-1\" \/>\n<link rel=\"canonical\" href=\"https:\/\/franciscanos.org.br\/noticias\/mensagem-de-esperanca-na-festa-de-nossa-senhora-aparecida.html\" \/>\n<meta property=\"og:locale\" content=\"pt_BR\" \/>\n<meta property=\"og:type\" content=\"article\" \/>\n<meta property=\"og:title\" content=\"Mensagem de esperan\u00e7a na festa da Padroeira - Not\u00edcias - Franciscanos\" \/>\n<meta property=\"og:description\" content=\"Nil\u00f3polis\" \/>\n<meta property=\"og:url\" content=\"https:\/\/franciscanos.org.br\/noticias\/mensagem-de-esperanca-na-festa-de-nossa-senhora-aparecida.html\" \/>\n<meta property=\"og:site_name\" content=\"Not\u00edcias - Franciscanos\" \/>\n<meta property=\"article:published_time\" content=\"2018-10-15T14:09:32+00:00\" \/>\n<meta property=\"article:modified_time\" content=\"2018-11-26T13:47:51+00:00\" \/>\n<meta property=\"og:image\" content=\"https:\/\/franciscanos.org.br\/noticias\/wp-content\/uploads\/2018\/10\/nilopolis_151018.jpg\" \/>\n\t<meta property=\"og:image:width\" content=\"273\" \/>\n\t<meta property=\"og:image:height\" content=\"181\" \/>\n\t<meta property=\"og:image:type\" content=\"image\/jpeg\" \/>\n<meta name=\"author\" content=\"admin\" \/>\n<meta name=\"twitter:card\" content=\"summary_large_image\" \/>\n<meta name=\"twitter:label1\" content=\"Escrito por\" \/>\n\t<meta name=\"twitter:data1\" content=\"admin\" \/>\n\t<meta name=\"twitter:label2\" content=\"Est. tempo de leitura\" \/>\n\t<meta name=\"twitter:data2\" content=\"2 minutos\" \/>\n<script type=\"application\/ld+json\" class=\"yoast-schema-graph\">{\"@context\":\"https:\/\/schema.org\",\"@graph\":[{\"@type\":\"WebSite\",\"@id\":\"https:\/\/franciscanos.org.br\/noticias\/#website\",\"url\":\"https:\/\/franciscanos.org.br\/noticias\/\",\"name\":\"Not\u00edcias - Franciscanos\",\"description\":\"Prov\u00edncia Franciscana da Imaculada Concei\u00e7\u00e3o do Brasil - Ordem dos Frades Menores - OFM\",\"potentialAction\":[{\"@type\":\"SearchAction\",\"target\":{\"@type\":\"EntryPoint\",\"urlTemplate\":\"https:\/\/franciscanos.org.br\/noticias\/?s={search_term_string}\"},\"query-input\":\"required name=search_term_string\"}],\"inLanguage\":\"pt-BR\"},{\"@type\":\"ImageObject\",\"inLanguage\":\"pt-BR\",\"@id\":\"https:\/\/franciscanos.org.br\/noticias\/mensagem-de-esperanca-na-festa-de-nossa-senhora-aparecida.html#primaryimage\",\"url\":\"https:\/\/franciscanos.org.br\/noticias\/wp-content\/uploads\/2018\/10\/nilopolis_151018.jpg\",\"contentUrl\":\"https:\/\/franciscanos.org.br\/noticias\/wp-content\/uploads\/2018\/10\/nilopolis_151018.jpg\",\"width\":273,\"height\":181},{\"@type\":\"WebPage\",\"@id\":\"https:\/\/franciscanos.org.br\/noticias\/mensagem-de-esperanca-na-festa-de-nossa-senhora-aparecida.html#webpage\",\"url\":\"https:\/\/franciscanos.org.br\/noticias\/mensagem-de-esperanca-na-festa-de-nossa-senhora-aparecida.html\",\"name\":\"Mensagem de esperan\u00e7a na festa da Padroeira - Not\u00edcias - Franciscanos\",\"isPartOf\":{\"@id\":\"https:\/\/franciscanos.org.br\/noticias\/#website\"},\"primaryImageOfPage\":{\"@id\":\"https:\/\/franciscanos.org.br\/noticias\/mensagem-de-esperanca-na-festa-de-nossa-senhora-aparecida.html#primaryimage\"},\"datePublished\":\"2018-10-15T14:09:32+00:00\",\"dateModified\":\"2018-11-26T13:47:51+00:00\",\"author\":{\"@id\":\"https:\/\/franciscanos.org.br\/noticias\/#\/schema\/person\/b38fbf43118f02820bd932f2e4b14ad3\"},\"breadcrumb\":{\"@id\":\"https:\/\/franciscanos.org.br\/noticias\/mensagem-de-esperanca-na-festa-de-nossa-senhora-aparecida.html#breadcrumb\"},\"inLanguage\":\"pt-BR\",\"potentialAction\":[{\"@type\":\"ReadAction\",\"target\":[\"https:\/\/franciscanos.org.br\/noticias\/mensagem-de-esperanca-na-festa-de-nossa-senhora-aparecida.html\"]}]},{\"@type\":\"BreadcrumbList\",\"@id\":\"https:\/\/franciscanos.org.br\/noticias\/mensagem-de-esperanca-na-festa-de-nossa-senhora-aparecida.html#breadcrumb\",\"itemListElement\":[{\"@type\":\"ListItem\",\"position\":1,\"name\":\"Home\",\"item\":\"https:\/\/franciscanos.org.br\/noticias\"},{\"@type\":\"ListItem\",\"position\":2,\"name\":\"Mensagem de esperan\u00e7a na festa da Padroeira\"}]},{\"@type\":\"Person\",\"@id\":\"https:\/\/franciscanos.org.br\/noticias\/#\/schema\/person\/b38fbf43118f02820bd932f2e4b14ad3\",\"name\":\"admin\",\"image\":{\"@type\":\"ImageObject\",\"inLanguage\":\"pt-BR\",\"@id\":\"https:\/\/franciscanos.org.br\/noticias\/#\/schema\/person\/image\/\",\"url\":\"https:\/\/secure.gravatar.com\/avatar\/e8495742d34d0ba6448ea1c628263b3e?s=96&d=mm&r=g\",\"contentUrl\":\"https:\/\/secure.gravatar.com\/avatar\/e8495742d34d0ba6448ea1c628263b3e?s=96&d=mm&r=g\",\"caption\":\"admin\"},\"url\":\"https:\/\/franciscanos.org.br\/noticias\/author\/admin\"}]}<\/script>\n<!-- \/ Yoast SEO plugin. -->","yoast_head_json":{"title":"Mensagem de esperan\u00e7a na festa da Padroeira - Not\u00edcias - Franciscanos","robots":{"index":"index","follow":"follow","max-snippet":"max-snippet:-1","max-image-preview":"max-image-preview:large","max-video-preview":"max-video-preview:-1"},"canonical":"https:\/\/franciscanos.org.br\/noticias\/mensagem-de-esperanca-na-festa-de-nossa-senhora-aparecida.html","og_locale":"pt_BR","og_type":"article","og_title":"Mensagem de esperan\u00e7a na festa da Padroeira - Not\u00edcias - Franciscanos","og_description":"Nil\u00f3polis","og_url":"https:\/\/franciscanos.org.br\/noticias\/mensagem-de-esperanca-na-festa-de-nossa-senhora-aparecida.html","og_site_name":"Not\u00edcias - Franciscanos","article_published_time":"2018-10-15T14:09:32+00:00","article_modified_time":"2018-11-26T13:47:51+00:00","og_image":[{"width":273,"height":181,"url":"https:\/\/franciscanos.org.br\/noticias\/wp-content\/uploads\/2018\/10\/nilopolis_151018.jpg","type":"image\/jpeg"}],"author":"admin","twitter_card":"summary_large_image","twitter_misc":{"Escrito por":"admin","Est. tempo de leitura":"2 minutos"},"schema":{"@context":"https:\/\/schema.org","@graph":[{"@type":"WebSite","@id":"https:\/\/franciscanos.org.br\/noticias\/#website","url":"https:\/\/franciscanos.org.br\/noticias\/","name":"Not\u00edcias - Franciscanos","description":"Prov\u00edncia Franciscana da Imaculada Concei\u00e7\u00e3o do Brasil - Ordem dos Frades Menores - OFM","potentialAction":[{"@type":"SearchAction","target":{"@type":"EntryPoint","urlTemplate":"https:\/\/franciscanos.org.br\/noticias\/?s={search_term_string}"},"query-input":"required name=search_term_string"}],"inLanguage":"pt-BR"},{"@type":"ImageObject","inLanguage":"pt-BR","@id":"https:\/\/franciscanos.org.br\/noticias\/mensagem-de-esperanca-na-festa-de-nossa-senhora-aparecida.html#primaryimage","url":"https:\/\/franciscanos.org.br\/noticias\/wp-content\/uploads\/2018\/10\/nilopolis_151018.jpg","contentUrl":"https:\/\/franciscanos.org.br\/noticias\/wp-content\/uploads\/2018\/10\/nilopolis_151018.jpg","width":273,"height":181},{"@type":"WebPage","@id":"https:\/\/franciscanos.org.br\/noticias\/mensagem-de-esperanca-na-festa-de-nossa-senhora-aparecida.html#webpage","url":"https:\/\/franciscanos.org.br\/noticias\/mensagem-de-esperanca-na-festa-de-nossa-senhora-aparecida.html","name":"Mensagem de esperan\u00e7a na festa da Padroeira - Not\u00edcias - Franciscanos","isPartOf":{"@id":"https:\/\/franciscanos.org.br\/noticias\/#website"},"primaryImageOfPage":{"@id":"https:\/\/franciscanos.org.br\/noticias\/mensagem-de-esperanca-na-festa-de-nossa-senhora-aparecida.html#primaryimage"},"datePublished":"2018-10-15T14:09:32+00:00","dateModified":"2018-11-26T13:47:51+00:00","author":{"@id":"https:\/\/franciscanos.org.br\/noticias\/#\/schema\/person\/b38fbf43118f02820bd932f2e4b14ad3"},"breadcrumb":{"@id":"https:\/\/franciscanos.org.br\/noticias\/mensagem-de-esperanca-na-festa-de-nossa-senhora-aparecida.html#breadcrumb"},"inLanguage":"pt-BR","potentialAction":[{"@type":"ReadAction","target":["https:\/\/franciscanos.org.br\/noticias\/mensagem-de-esperanca-na-festa-de-nossa-senhora-aparecida.html"]}]},{"@type":"BreadcrumbList","@id":"https:\/\/franciscanos.org.br\/noticias\/mensagem-de-esperanca-na-festa-de-nossa-senhora-aparecida.html#breadcrumb","itemListElement":[{"@type":"ListItem","position":1,"name":"Home","item":"https:\/\/franciscanos.org.br\/noticias"},{"@type":"ListItem","position":2,"name":"Mensagem de esperan\u00e7a na festa da Padroeira"}]},{"@type":"Person","@id":"https:\/\/franciscanos.org.br\/noticias\/#\/schema\/person\/b38fbf43118f02820bd932f2e4b14ad3","name":"admin","image":{"@type":"ImageObject","inLanguage":"pt-BR","@id":"https:\/\/franciscanos.org.br\/noticias\/#\/schema\/person\/image\/","url":"https:\/\/secure.gravatar.com\/avatar\/e8495742d34d0ba6448ea1c628263b3e?s=96&d=mm&r=g","contentUrl":"https:\/\/secure.gravatar.com\/avatar\/e8495742d34d0ba6448ea1c628263b3e?s=96&d=mm&r=g","caption":"admin"},"url":"https:\/\/franciscanos.org.br\/noticias\/author\/admin"}]}},"_links":{"self":[{"href":"https:\/\/franciscanos.org.br\/noticias\/wp-json\/wp\/v2\/posts\/187683"}],"collection":[{"href":"https:\/\/franciscanos.org.br\/noticias\/wp-json\/wp\/v2\/posts"}],"about":[{"href":"https:\/\/franciscanos.org.br\/noticias\/wp-json\/wp\/v2\/types\/post"}],"author":[{"embeddable":true,"href":"https:\/\/franciscanos.org.br\/noticias\/wp-json\/wp\/v2\/users\/1"}],"replies":[{"embeddable":true,"href":"https:\/\/franciscanos.org.br\/noticias\/wp-json\/wp\/v2\/comments?post=187683"}],"version-history":[{"count":0,"href":"https:\/\/franciscanos.org.br\/noticias\/wp-json\/wp\/v2\/posts\/187683\/revisions"}],"wp:featuredmedia":[{"embeddable":true,"href":"https:\/\/franciscanos.org.br\/noticias\/wp-json\/wp\/v2\/media\/191407"}],"wp:attachment":[{"href":"https:\/\/franciscanos.org.br\/noticias\/wp-json\/wp\/v2\/media?parent=187683"}],"wp:term":[{"taxonomy":"category","embeddable":true,"href":"https:\/\/franciscanos.org.br\/noticias\/wp-json\/wp\/v2\/categories?post=187683"},{"taxonomy":"post_tag","embeddable":true,"href":"https:\/\/franciscanos.org.br\/noticias\/wp-json\/wp\/v2\/tags?post=187683"}],"curies":[{"name":"wp","href":"https:\/\/api.w.org\/{rel}","templated":true}]}}