{"id":187681,"date":"2018-10-15T09:53:58","date_gmt":"2018-10-15T12:53:58","guid":{"rendered":"http:\/\/franciscanos.org.br\/?p=174524"},"modified":"2018-11-26T11:50:05","modified_gmt":"2018-11-26T13:50:05","slug":"nao-desanimem-diante-da-dispersao-da-violencia-da-incompreensao","status":"publish","type":"post","link":"https:\/\/franciscanos.org.br\/noticias\/nao-desanimem-diante-da-dispersao-da-violencia-da-incompreensao.html","title":{"rendered":"N\u00e3o desanimem diante da viol\u00eancia e da incompreens\u00e3o"},"content":{"rendered":"<p><img loading=\"lazy\" class=\"aligncenter\" src=\"http:\/\/franciscanos.org.br\/wp-content\/uploads\/2018\/10\/CNBB_151018.jpg\" alt=\"CNBB_151018\" width=\"820\" height=\"396\" \/><\/p>\n<p><strong>A presid\u00eancia CNBB, composta pelo Cardeal S\u00e9rgio da Rocha, por dom Murilo Krieger e por dom Leonardo Steiner, presidente vice-presidente e secret\u00e1rio-geral, respectivamente, faz homenagem a todos os educadores do Pa\u00eds por meio de uma Mensagem especial.<\/strong><\/p>\n<blockquote><p><em>\u201cEducar conforme a justi\u00e7a!\u201d\u00a0<\/em>(2Tm 3,16)<\/p><\/blockquote>\n<p>A Confer\u00eancia Nacional dos Bispos do Brasil \u2013 CNBB, manifesta, neste dia de 15 de outubro de 2018, sua rever\u00eancia e sua admira\u00e7\u00e3o aos professores e \u00e0s professoras de nosso pa\u00eds. Queremos nos unir a todos aqueles que, em nossa sociedade, reconhecem e valorizam os que dedicam sua vida a ensinar e educar as novas gera\u00e7\u00f5es. Sua miss\u00e3o \u00e9 importante, sua miss\u00e3o \u00e9 sublime. Seu trabalho, unido ao dos pais, da fam\u00edlia, \u00e9 fundamental para a constru\u00e7\u00e3o de uma sociedade em que prevale\u00e7am a fraternidade e a solidariedade, a justi\u00e7a e a paz.<\/p>\n<p>Num encontro com educadores, o Papa Francisco, por meio de algumas perguntas, destacou aspectos importantes dessa nobre miss\u00e3o: \u201cVelais pelos vossos alunos, ajudando-os a desenvolverem um esp\u00edrito cr\u00edtico, um esp\u00edrito livre, capaz de cuidar do mundo atual? Um esp\u00edrito que seja capaz de procurar novas respostas para os m\u00faltiplos desafios que a sociedade coloca hoje \u00e0 humanidade? Sois capazes de estimul\u00e1-los para n\u00e3o se desinteressarem da realidade que os rodeia, n\u00e3o se desinteressarem daquilo que est\u00e1 acontecendo a seu redor?\u201d (Visita \u00e0 PUC de Quito \u2013 Equador, 07.07.2015).<\/p>\n<p>Feitos esses questionamentos, o Papa deu-lhes algumas recomenda\u00e7\u00f5es: \u201cPara tal, \u00e9 preciso tirar-lhes da sala de aula, a sua mente tem que sair da sala de aula, seu cora\u00e7\u00e3o tem que sair da sala de aula. Como entra, nos curr\u00edculos universit\u00e1rios ou nas diferentes \u00e1reas do trabalho educativo, a vida que nos rodeia com as suas perguntas, suas interpela\u00e7\u00f5es, suas controv\u00e9rsias? Como geramos e acompanhamos o debate construtivo que nasce do di\u00e1logo em prol de um mundo mais humano? O di\u00e1logo, esta palavra-ponte, esta palavra que cria pontes\u201d.<\/p>\n<p>Sim, nossos professores e professoras s\u00e3o chamados a promover o di\u00e1logo, \u201cesta palavra que cria pontes\u201d. Dialogar \u00e9 ter a capacidade de escutar o outro, de respeitar o diferente, de aproximar os contr\u00e1rios. O di\u00e1logo \u00e9 o primeiro passo para descobrirmos que somos irm\u00e3os e irm\u00e3s, n\u00e3o advers\u00e1rios e, muito menos, inimigos. A diferen\u00e7a nos enriquece. Precisamos muito de educadores e educadoras que despertem nas crian\u00e7as, adolescentes e jovens essa maneira de ser, de viver e de conviver, principalmente em tempos como os atuais, de polariza\u00e7\u00e3o pol\u00edtica, de discursos que dividem e da exacerba\u00e7\u00e3o do individualismo. \u00c9 preciso educar as novas gera\u00e7\u00f5es para saberem ouvir, pesquisar, analisar, avaliar e permanecer abertas a novas perspectivas que podem dar maior fundamenta\u00e7\u00e3o \u00e0s suas exist\u00eancias.<\/p>\n<p>Neste dia dos professores e das professoras, recordamos a necessidade de receberem um sal\u00e1rio mais justo, um ambiente mais digno de trabalho. Pedimos que n\u00e3o desanimem diante da dispers\u00e3o, da viol\u00eancia, da incompreens\u00e3o. A for\u00e7a do Esp\u00edrito fortale\u00e7a na miss\u00e3o de despertar crian\u00e7as, adolescentes e jovens para a beleza da justi\u00e7a, da verdade, da fraternidade e da vida.<\/p>\n<p>Maria, a Senhora Aparecia, M\u00e3e e Mestra, interceda pelos professores e pelas professoras do Brasil!<\/p>\n<p><strong>Bras\u00edlia, 15 de outubro de 2018.<\/strong><\/p>\n<p><strong>Cardeal Sergio da Rocha, Arcebispo de Bras\u00edlia, Presidente da CNBB<\/strong><\/p>\n<p><strong>Dom Murilo S. R. Krieger, SCJ, Arcebispo de S\u00e3o Salvador, Vice-Presidente da CNBB<\/strong><\/p>\n<p><strong>Dom Leonardo Ulrich Steiner, Bispo Auxiliar de Bras\u00edlia, Secret\u00e1rio-Geral da CNBB<\/strong><\/p>\n","protected":false},"excerpt":{"rendered":"<p>CNBB aos professores<\/p>\n","protected":false},"author":1,"featured_media":191410,"comment_status":"open","ping_status":"open","sticky":false,"template":"","format":"standard","meta":[],"categories":[1],"tags":[29,1134,104],"acf":[],"yoast_head":"<!-- This site is optimized with the Yoast SEO plugin v19.2 - https:\/\/yoast.com\/wordpress\/plugins\/seo\/ -->\n<title>N\u00e3o desanimem diante da viol\u00eancia e da incompreens\u00e3o - Not\u00edcias - Franciscanos<\/title>\n<meta name=\"robots\" content=\"index, follow, max-snippet:-1, max-image-preview:large, max-video-preview:-1\" \/>\n<link rel=\"canonical\" href=\"https:\/\/franciscanos.org.br\/noticias\/nao-desanimem-diante-da-dispersao-da-violencia-da-incompreensao.html\" \/>\n<meta property=\"og:locale\" content=\"pt_BR\" \/>\n<meta property=\"og:type\" content=\"article\" \/>\n<meta property=\"og:title\" content=\"N\u00e3o desanimem diante da viol\u00eancia e da incompreens\u00e3o - Not\u00edcias - Franciscanos\" \/>\n<meta property=\"og:description\" content=\"CNBB aos professores\" \/>\n<meta property=\"og:url\" content=\"https:\/\/franciscanos.org.br\/noticias\/nao-desanimem-diante-da-dispersao-da-violencia-da-incompreensao.html\" \/>\n<meta property=\"og:site_name\" content=\"Not\u00edcias - Franciscanos\" \/>\n<meta property=\"article:published_time\" content=\"2018-10-15T12:53:58+00:00\" \/>\n<meta property=\"article:modified_time\" content=\"2018-11-26T13:50:05+00:00\" \/>\n<meta property=\"og:image\" content=\"https:\/\/franciscanos.org.br\/noticias\/wp-content\/uploads\/2018\/10\/CNBB_151018.jpg\" \/>\n\t<meta property=\"og:image:width\" content=\"273\" \/>\n\t<meta property=\"og:image:height\" content=\"181\" \/>\n\t<meta property=\"og:image:type\" content=\"image\/jpeg\" \/>\n<meta name=\"author\" content=\"admin\" \/>\n<meta name=\"twitter:card\" content=\"summary_large_image\" \/>\n<meta name=\"twitter:label1\" content=\"Escrito por\" \/>\n\t<meta name=\"twitter:data1\" content=\"admin\" \/>\n\t<meta name=\"twitter:label2\" content=\"Est. tempo de leitura\" \/>\n\t<meta name=\"twitter:data2\" content=\"3 minutos\" \/>\n<script type=\"application\/ld+json\" class=\"yoast-schema-graph\">{\"@context\":\"https:\/\/schema.org\",\"@graph\":[{\"@type\":\"WebSite\",\"@id\":\"https:\/\/franciscanos.org.br\/noticias\/#website\",\"url\":\"https:\/\/franciscanos.org.br\/noticias\/\",\"name\":\"Not\u00edcias - Franciscanos\",\"description\":\"Prov\u00edncia Franciscana da Imaculada Concei\u00e7\u00e3o do Brasil - Ordem dos Frades Menores - OFM\",\"potentialAction\":[{\"@type\":\"SearchAction\",\"target\":{\"@type\":\"EntryPoint\",\"urlTemplate\":\"https:\/\/franciscanos.org.br\/noticias\/?s={search_term_string}\"},\"query-input\":\"required name=search_term_string\"}],\"inLanguage\":\"pt-BR\"},{\"@type\":\"ImageObject\",\"inLanguage\":\"pt-BR\",\"@id\":\"https:\/\/franciscanos.org.br\/noticias\/nao-desanimem-diante-da-dispersao-da-violencia-da-incompreensao.html#primaryimage\",\"url\":\"https:\/\/franciscanos.org.br\/noticias\/wp-content\/uploads\/2018\/10\/CNBB_151018.jpg\",\"contentUrl\":\"https:\/\/franciscanos.org.br\/noticias\/wp-content\/uploads\/2018\/10\/CNBB_151018.jpg\",\"width\":273,\"height\":181},{\"@type\":\"WebPage\",\"@id\":\"https:\/\/franciscanos.org.br\/noticias\/nao-desanimem-diante-da-dispersao-da-violencia-da-incompreensao.html#webpage\",\"url\":\"https:\/\/franciscanos.org.br\/noticias\/nao-desanimem-diante-da-dispersao-da-violencia-da-incompreensao.html\",\"name\":\"N\u00e3o desanimem diante da viol\u00eancia e da incompreens\u00e3o - Not\u00edcias - Franciscanos\",\"isPartOf\":{\"@id\":\"https:\/\/franciscanos.org.br\/noticias\/#website\"},\"primaryImageOfPage\":{\"@id\":\"https:\/\/franciscanos.org.br\/noticias\/nao-desanimem-diante-da-dispersao-da-violencia-da-incompreensao.html#primaryimage\"},\"datePublished\":\"2018-10-15T12:53:58+00:00\",\"dateModified\":\"2018-11-26T13:50:05+00:00\",\"author\":{\"@id\":\"https:\/\/franciscanos.org.br\/noticias\/#\/schema\/person\/b38fbf43118f02820bd932f2e4b14ad3\"},\"breadcrumb\":{\"@id\":\"https:\/\/franciscanos.org.br\/noticias\/nao-desanimem-diante-da-dispersao-da-violencia-da-incompreensao.html#breadcrumb\"},\"inLanguage\":\"pt-BR\",\"potentialAction\":[{\"@type\":\"ReadAction\",\"target\":[\"https:\/\/franciscanos.org.br\/noticias\/nao-desanimem-diante-da-dispersao-da-violencia-da-incompreensao.html\"]}]},{\"@type\":\"BreadcrumbList\",\"@id\":\"https:\/\/franciscanos.org.br\/noticias\/nao-desanimem-diante-da-dispersao-da-violencia-da-incompreensao.html#breadcrumb\",\"itemListElement\":[{\"@type\":\"ListItem\",\"position\":1,\"name\":\"Home\",\"item\":\"https:\/\/franciscanos.org.br\/noticias\"},{\"@type\":\"ListItem\",\"position\":2,\"name\":\"N\u00e3o desanimem diante da viol\u00eancia e da incompreens\u00e3o\"}]},{\"@type\":\"Person\",\"@id\":\"https:\/\/franciscanos.org.br\/noticias\/#\/schema\/person\/b38fbf43118f02820bd932f2e4b14ad3\",\"name\":\"admin\",\"image\":{\"@type\":\"ImageObject\",\"inLanguage\":\"pt-BR\",\"@id\":\"https:\/\/franciscanos.org.br\/noticias\/#\/schema\/person\/image\/\",\"url\":\"https:\/\/secure.gravatar.com\/avatar\/e8495742d34d0ba6448ea1c628263b3e?s=96&d=mm&r=g\",\"contentUrl\":\"https:\/\/secure.gravatar.com\/avatar\/e8495742d34d0ba6448ea1c628263b3e?s=96&d=mm&r=g\",\"caption\":\"admin\"},\"url\":\"https:\/\/franciscanos.org.br\/noticias\/author\/admin\"}]}<\/script>\n<!-- \/ Yoast SEO plugin. -->","yoast_head_json":{"title":"N\u00e3o desanimem diante da viol\u00eancia e da incompreens\u00e3o - Not\u00edcias - Franciscanos","robots":{"index":"index","follow":"follow","max-snippet":"max-snippet:-1","max-image-preview":"max-image-preview:large","max-video-preview":"max-video-preview:-1"},"canonical":"https:\/\/franciscanos.org.br\/noticias\/nao-desanimem-diante-da-dispersao-da-violencia-da-incompreensao.html","og_locale":"pt_BR","og_type":"article","og_title":"N\u00e3o desanimem diante da viol\u00eancia e da incompreens\u00e3o - Not\u00edcias - Franciscanos","og_description":"CNBB aos professores","og_url":"https:\/\/franciscanos.org.br\/noticias\/nao-desanimem-diante-da-dispersao-da-violencia-da-incompreensao.html","og_site_name":"Not\u00edcias - Franciscanos","article_published_time":"2018-10-15T12:53:58+00:00","article_modified_time":"2018-11-26T13:50:05+00:00","og_image":[{"width":273,"height":181,"url":"https:\/\/franciscanos.org.br\/noticias\/wp-content\/uploads\/2018\/10\/CNBB_151018.jpg","type":"image\/jpeg"}],"author":"admin","twitter_card":"summary_large_image","twitter_misc":{"Escrito por":"admin","Est. tempo de leitura":"3 minutos"},"schema":{"@context":"https:\/\/schema.org","@graph":[{"@type":"WebSite","@id":"https:\/\/franciscanos.org.br\/noticias\/#website","url":"https:\/\/franciscanos.org.br\/noticias\/","name":"Not\u00edcias - Franciscanos","description":"Prov\u00edncia Franciscana da Imaculada Concei\u00e7\u00e3o do Brasil - Ordem dos Frades Menores - OFM","potentialAction":[{"@type":"SearchAction","target":{"@type":"EntryPoint","urlTemplate":"https:\/\/franciscanos.org.br\/noticias\/?s={search_term_string}"},"query-input":"required name=search_term_string"}],"inLanguage":"pt-BR"},{"@type":"ImageObject","inLanguage":"pt-BR","@id":"https:\/\/franciscanos.org.br\/noticias\/nao-desanimem-diante-da-dispersao-da-violencia-da-incompreensao.html#primaryimage","url":"https:\/\/franciscanos.org.br\/noticias\/wp-content\/uploads\/2018\/10\/CNBB_151018.jpg","contentUrl":"https:\/\/franciscanos.org.br\/noticias\/wp-content\/uploads\/2018\/10\/CNBB_151018.jpg","width":273,"height":181},{"@type":"WebPage","@id":"https:\/\/franciscanos.org.br\/noticias\/nao-desanimem-diante-da-dispersao-da-violencia-da-incompreensao.html#webpage","url":"https:\/\/franciscanos.org.br\/noticias\/nao-desanimem-diante-da-dispersao-da-violencia-da-incompreensao.html","name":"N\u00e3o desanimem diante da viol\u00eancia e da incompreens\u00e3o - Not\u00edcias - Franciscanos","isPartOf":{"@id":"https:\/\/franciscanos.org.br\/noticias\/#website"},"primaryImageOfPage":{"@id":"https:\/\/franciscanos.org.br\/noticias\/nao-desanimem-diante-da-dispersao-da-violencia-da-incompreensao.html#primaryimage"},"datePublished":"2018-10-15T12:53:58+00:00","dateModified":"2018-11-26T13:50:05+00:00","author":{"@id":"https:\/\/franciscanos.org.br\/noticias\/#\/schema\/person\/b38fbf43118f02820bd932f2e4b14ad3"},"breadcrumb":{"@id":"https:\/\/franciscanos.org.br\/noticias\/nao-desanimem-diante-da-dispersao-da-violencia-da-incompreensao.html#breadcrumb"},"inLanguage":"pt-BR","potentialAction":[{"@type":"ReadAction","target":["https:\/\/franciscanos.org.br\/noticias\/nao-desanimem-diante-da-dispersao-da-violencia-da-incompreensao.html"]}]},{"@type":"BreadcrumbList","@id":"https:\/\/franciscanos.org.br\/noticias\/nao-desanimem-diante-da-dispersao-da-violencia-da-incompreensao.html#breadcrumb","itemListElement":[{"@type":"ListItem","position":1,"name":"Home","item":"https:\/\/franciscanos.org.br\/noticias"},{"@type":"ListItem","position":2,"name":"N\u00e3o desanimem diante da viol\u00eancia e da incompreens\u00e3o"}]},{"@type":"Person","@id":"https:\/\/franciscanos.org.br\/noticias\/#\/schema\/person\/b38fbf43118f02820bd932f2e4b14ad3","name":"admin","image":{"@type":"ImageObject","inLanguage":"pt-BR","@id":"https:\/\/franciscanos.org.br\/noticias\/#\/schema\/person\/image\/","url":"https:\/\/secure.gravatar.com\/avatar\/e8495742d34d0ba6448ea1c628263b3e?s=96&d=mm&r=g","contentUrl":"https:\/\/secure.gravatar.com\/avatar\/e8495742d34d0ba6448ea1c628263b3e?s=96&d=mm&r=g","caption":"admin"},"url":"https:\/\/franciscanos.org.br\/noticias\/author\/admin"}]}},"_links":{"self":[{"href":"https:\/\/franciscanos.org.br\/noticias\/wp-json\/wp\/v2\/posts\/187681"}],"collection":[{"href":"https:\/\/franciscanos.org.br\/noticias\/wp-json\/wp\/v2\/posts"}],"about":[{"href":"https:\/\/franciscanos.org.br\/noticias\/wp-json\/wp\/v2\/types\/post"}],"author":[{"embeddable":true,"href":"https:\/\/franciscanos.org.br\/noticias\/wp-json\/wp\/v2\/users\/1"}],"replies":[{"embeddable":true,"href":"https:\/\/franciscanos.org.br\/noticias\/wp-json\/wp\/v2\/comments?post=187681"}],"version-history":[{"count":0,"href":"https:\/\/franciscanos.org.br\/noticias\/wp-json\/wp\/v2\/posts\/187681\/revisions"}],"wp:featuredmedia":[{"embeddable":true,"href":"https:\/\/franciscanos.org.br\/noticias\/wp-json\/wp\/v2\/media\/191410"}],"wp:attachment":[{"href":"https:\/\/franciscanos.org.br\/noticias\/wp-json\/wp\/v2\/media?parent=187681"}],"wp:term":[{"taxonomy":"category","embeddable":true,"href":"https:\/\/franciscanos.org.br\/noticias\/wp-json\/wp\/v2\/categories?post=187681"},{"taxonomy":"post_tag","embeddable":true,"href":"https:\/\/franciscanos.org.br\/noticias\/wp-json\/wp\/v2\/tags?post=187681"}],"curies":[{"name":"wp","href":"https:\/\/api.w.org\/{rel}","templated":true}]}}