{"id":187679,"date":"2018-10-15T09:37:38","date_gmt":"2018-10-15T12:37:38","guid":{"rendered":"http:\/\/franciscanos.org.br\/?p=174516"},"modified":"2020-06-06T18:28:27","modified_gmt":"2020-06-06T21:28:27","slug":"sao-oscar-romero-exemplo-e-estimulo-para-os-povos-da-america-latina","status":"publish","type":"post","link":"https:\/\/franciscanos.org.br\/noticias\/sao-oscar-romero-exemplo-e-estimulo-para-os-povos-da-america-latina.html","title":{"rendered":"Santo Oscar Romero, exemplo e est\u00edmulo para a Am\u00e9rica Latina"},"content":{"rendered":"<p><img loading=\"lazy\" class=\"alignleft\" src=\"http:\/\/franciscanos.org.br\/wp-content\/uploads\/2018\/10\/oscar_151018.jpg\" alt=\"oscar_151018\" width=\"830\" height=\"467\" \/><\/p>\n<p><strong>Cidade do Vaticano<\/strong> &#8211; O Santo Padre recebeu, na manh\u00e3 desta segunda-feira (15\/10), na Sala Paulo VI, no Vaticano, cerca de cinco mil peregrinos de El Salvador e da Am\u00e9rica Latina, que vieram para a Canoniza\u00e7\u00e3o de Dom Oscar Romero, entre outros, realizada ontem, domingo (14\/10), na Pra\u00e7a S\u00e3o Pedro. Ao saudar os milhares de fi\u00e9is, que vieram acompanhados por seus Bispos, sacerdotes e in\u00fameros religiosos e religiosas, o Papa recordou o exemplo do novo santo de El Salvador, Come\u00e7ando pelos Bispos, disse:<\/p>\n<p>\u201cSanto Oscar Romero soube encarnar, com perfei\u00e7\u00e3o, a imagem do Bom Pastor que d\u00e1 a vida pelas suas ovelhas. Por isso, agora e, sobretudo, desde a sua canoniza\u00e7\u00e3o, voc\u00eas podem encontrar nele \u2018exemplo e est\u00edmulo\u2019 no minist\u00e9rio que lhes foi confiado: exemplo de predile\u00e7\u00e3o, para os mais necessitados da miseric\u00f3rdia de Deus; est\u00edmulo para testemunhar o amor de Cristo e a solicitude pela Igreja. Que o santo Bispo Romero os ajude a ser, para todos, sinais da unidade na pluralidade, que caracteriza o santo povo de Deus\u201d.<\/p>\n<p><strong>Inspirar-se no estilo de vida do novo santo<\/strong><\/p>\n<p>A seguir, Francisco dirigiu-se, de modo particular, aos numerosos sacerdotes e religiosos e religiosas de El Salvador, chamados a viver o compromisso crist\u00e3o, inspirados no estilo de vida do novo santo, exortando-os a serem dignos de seus ensinamentos, sendo, acima de tudo, &#8220;servidores do povo sacerdotal&#8221;, como Jesus, o \u00fanico e eterno sacerdote:<\/p>\n<p>\u201cSanto Oscar Romero concebia o sacerdote entre dois grandes abismos: o da infinita miseric\u00f3rdia de Deus e o da infinita mis\u00e9ria dos homens. Queridos irm\u00e3os, esforcem-se, sem cessar, para realizar este infinito anseio de Deus de perdoar os homens, que se arrependem de suas mis\u00e9rias, e abrir os cora\u00e7\u00f5es de seus irm\u00e3os \u00e0 ternura do amor de Deus, tamb\u00e9m mediante a den\u00fancia prof\u00e9tica dos males do mundo\u201d.<\/p>\n<p>Enfim, o Papa saudou, cordialmente, os numerosos peregrinos de El Salvador e de outros pa\u00edses latino-americanos, aos quais recordou a mensagem que Santo Oscar Romero deixou a todos, grandes e pequenos, sem exce\u00e7\u00e3o:<\/p>\n<p>\u201cEle repetia, com vigor, que todo cat\u00f3lico deve ser m\u00e1rtir, porque m\u00e1rtir significa dar testemunho da mensagem de Deus aos homens. Deus quer estar presente em nossas vidas e nos convida a anunciar a sua mensagem de liberdade para toda a humanidade. Somente nele podemos ser livres do pecado, do mal, do \u00f3dio em nossos cora\u00e7\u00f5es; livres para amar e acolher o Senhor e nossos irm\u00e3os e irm\u00e3s. Esta verdadeira liberdade, aqui na terra, passa pela preocupa\u00e7\u00e3o com o homem concreto, para despertar em cada cora\u00e7\u00e3o a esperan\u00e7a da salva\u00e7\u00e3o\u201d.<\/p>\n<p><strong>Paz e reconcilia\u00e7\u00e3o a todos os povos da Am\u00e9rica Latina<\/strong><\/p>\n<p>Todavia, frisou Francisco, \u201csabemos bem que n\u00e3o \u00e9 f\u00e1cil agir assim\u201d. Por isso, precisamos do apoio da ora\u00e7\u00e3o e de estar unidos a Deus e em comunh\u00e3o com a Igreja. Santo Oscar Romero dizia que \u201csem Deus e sem o minist\u00e9rio da Igreja isso n\u00e3o \u00e9 poss\u00edvel\u201d. Certa vez, referiu-se \u00e0 Crisma como o &#8220;sacramento dos m\u00e1rtires&#8221;: \u201cSem a for\u00e7a do Esp\u00edrito Santo, os primeiros crist\u00e3os n\u00e3o teriam resistido \u00e0s prova\u00e7\u00f5es da persegui\u00e7\u00e3o, n\u00e3o teriam morrido por Cristo\u201d.<\/p>\n<p>Ao t\u00e9rmino de seu pronunciamento aos milhares de peregrinos e fi\u00e9is de El Salvador e da Am\u00e9rica Latina, o Papa disse ainda:<\/p>\n<p>\u201cEnvio a minha sauda\u00e7\u00e3o a todo o Povo de Deus, em peregrina\u00e7\u00e3o em El Salvador, que vibra, hoje, pela alegria de ver um de seus filhos elevado \u00e0 gl\u00f3ria dos altares. Seus habitantes t\u00eam uma f\u00e9 viva, que expressa em diferentes formas de religiosidade popular e \u00e0 qual conforma a sua vida social e familiar. Todos devem cuidar do Povo santo de Deus&#8230; n\u00e3o o escandalizem\u201d.<\/p>\n<p>Entretanto, acrescentou o Papa, n\u00e3o faltaram as dificuldades e o flagelo da divis\u00e3o e da guerra. A viol\u00eancia fez-se sentir com veem\u00eancia em sua hist\u00f3ria recente. N\u00e3o obstante, este povo resiste e vai adiante, embora muitos foram obrigados a deixar suas terras em busca de um futuro melhor. E concluiu:<\/p>\n<p>\u201cA mem\u00f3ria de Santo Oscar Romero \u00e9 uma oportunidade excepcional para enviar uma mensagem de paz e reconcilia\u00e7\u00e3o a todos os povos da Am\u00e9rica Latina\u201d.<\/p>\n<p><strong>EST\u00c1TUA EM ROMA<\/strong><\/p>\n<p>No s\u00e1bado (13\/10), um dia antes da canoniza\u00e7\u00e3o, foi inaugurada uma est\u00e1tua de Dom Oscar Arnulfo Romero no bairro de EUR em Roma. Dom Romero \u00e9 o primeiro santo salvadorenho. A escultura foi feita pelo artista Guillermo Perdono. Na inaugura\u00e7\u00e3o estavam presentes o presidente de El Salvador, Sanchez Ceren e a prefeita de Roma, Virginia Raggi, expoentes da Igreja Cat\u00f3lica e do Corpo Diplom\u00e1tico de El Salvador.<\/p>\n<p>A iniciativa nasceu com o objetivo de refor\u00e7ar as rela\u00e7\u00f5es entre os mais de 40 mil cidad\u00e3os salvadorenhos residentes na It\u00e1lia, com suas ra\u00edzes \u201catrav\u00e9s \u2013 segundo um comunicado da embaixada de El Salvador \u2013 do resgate da mem\u00f3ria hist\u00f3rica, cultural e espiritual. Dom Romero, n\u00e3o \u00e9 apenas uma refer\u00eancia hist\u00f3rica, \u00e9 principalmente um guia espiritual de El Salvador, assim como uma refer\u00eancia para os direitos humanos\u201d.<\/p>\n<p>Na inaugura\u00e7\u00e3o a embaixadora de El Salvador na It\u00e1lia, Elizabeth Alas Guidos disse: \u201c N\u00e3o canso de repetir que se queremos efetivamente o fim da viol\u00eancia, \u00e9 preciso partir da base de todas as viol\u00eancias: a viol\u00eancia estrutural, a injusti\u00e7a social baseada em uma aberra\u00e7\u00e3o da propriedade privada e em uma absolutiza\u00e7\u00e3o da riqueza que, al\u00e9m de tudo, procura defender com a repress\u00e3o \u201d<\/p>\n<p>Depois da cerim\u00f4nia de inaugura\u00e7\u00e3o, o cardeal salvadorenho Gregorio Rosa Chavez aben\u00e7oou a est\u00e1tua. Entre as pessoas presentes estavam a sobrinha e o irm\u00e3o de Dom Romero.<\/p>\n<p>\u201c\u00c9 uma grande emo\u00e7\u00e3o saber que teremos um santo em El Salvador e tamb\u00e9m na fam\u00edlia. \u00c9 uma alegria t\u00e3o grande que n\u00e3o sabemos explicar como foi poss\u00edvel receber de Deus este grande dom, de pertencer a esta fam\u00edlia: a fam\u00edlia de um Santo. Estamos contentes, agradecemos a Deus e a Igreja por isso. Para n\u00f3s, tudo o que Dom Romero fez na vida foi viver o Evangelho, viver as Bem-aventuran\u00e7as, a B\u00edblia\u201d, disse a sobrinha.<\/p>\n<p>Em seguida, falando sobre os anos dif\u00edceis que vivia o pa\u00eds na \u00e9poca de Dom Romero, Anita disse que at\u00e9 hoje os dias s\u00e3o dif\u00edceis, mas como dizia o Santo \u201cn\u00e3o se pode desistir, jamais perder a f\u00e9: sempre a verdade, sempre a verdade!\u201d. A sobrinha de Dom Romero concluiu \u201cquando a f\u00e9 \u00e9 forte n\u00e3o se pode desanimar porque ele nos deixou exemplos disso: continuar, ir adiante, lutar pela unidade e pela defesa dos mais indefesos\u201d.<\/p>\n<hr \/>\n<p><em>Fonte: Vatican News<\/em><\/p>\n","protected":false},"excerpt":{"rendered":"<p>Canoniza\u00e7\u00e3o de Dom Oscar Romero<\/p>\n","protected":false},"author":1,"featured_media":191412,"comment_status":"open","ping_status":"open","sticky":false,"template":"","format":"standard","meta":[],"categories":[1428],"tags":[216,1135],"acf":[],"yoast_head":"<!-- This site is optimized with the Yoast SEO plugin v19.2 - https:\/\/yoast.com\/wordpress\/plugins\/seo\/ -->\n<title>Santo Oscar Romero, exemplo e est\u00edmulo para a Am\u00e9rica Latina - Not\u00edcias - Franciscanos<\/title>\n<meta name=\"robots\" content=\"index, follow, max-snippet:-1, max-image-preview:large, max-video-preview:-1\" \/>\n<link rel=\"canonical\" href=\"https:\/\/franciscanos.org.br\/noticias\/sao-oscar-romero-exemplo-e-estimulo-para-os-povos-da-america-latina.html\" \/>\n<meta property=\"og:locale\" content=\"pt_BR\" \/>\n<meta property=\"og:type\" content=\"article\" \/>\n<meta property=\"og:title\" content=\"Santo Oscar Romero, exemplo e est\u00edmulo para a Am\u00e9rica Latina - Not\u00edcias - Franciscanos\" \/>\n<meta property=\"og:description\" content=\"Canoniza\u00e7\u00e3o de Dom Oscar Romero\" \/>\n<meta property=\"og:url\" content=\"https:\/\/franciscanos.org.br\/noticias\/sao-oscar-romero-exemplo-e-estimulo-para-os-povos-da-america-latina.html\" \/>\n<meta property=\"og:site_name\" content=\"Not\u00edcias - Franciscanos\" \/>\n<meta property=\"article:published_time\" content=\"2018-10-15T12:37:38+00:00\" \/>\n<meta property=\"article:modified_time\" content=\"2020-06-06T21:28:27+00:00\" \/>\n<meta property=\"og:image\" content=\"https:\/\/franciscanos.org.br\/noticias\/wp-content\/uploads\/2018\/10\/oscar_151018.jpg\" \/>\n\t<meta property=\"og:image:width\" content=\"273\" \/>\n\t<meta property=\"og:image:height\" content=\"181\" \/>\n\t<meta property=\"og:image:type\" content=\"image\/jpeg\" \/>\n<meta name=\"author\" content=\"admin\" \/>\n<meta name=\"twitter:card\" content=\"summary_large_image\" \/>\n<meta name=\"twitter:label1\" content=\"Escrito por\" \/>\n\t<meta name=\"twitter:data1\" content=\"admin\" \/>\n\t<meta name=\"twitter:label2\" content=\"Est. tempo de leitura\" \/>\n\t<meta name=\"twitter:data2\" content=\"6 minutos\" \/>\n<script type=\"application\/ld+json\" class=\"yoast-schema-graph\">{\"@context\":\"https:\/\/schema.org\",\"@graph\":[{\"@type\":\"WebSite\",\"@id\":\"https:\/\/franciscanos.org.br\/noticias\/#website\",\"url\":\"https:\/\/franciscanos.org.br\/noticias\/\",\"name\":\"Not\u00edcias - Franciscanos\",\"description\":\"Prov\u00edncia Franciscana da Imaculada Concei\u00e7\u00e3o do Brasil - Ordem dos Frades Menores - OFM\",\"potentialAction\":[{\"@type\":\"SearchAction\",\"target\":{\"@type\":\"EntryPoint\",\"urlTemplate\":\"https:\/\/franciscanos.org.br\/noticias\/?s={search_term_string}\"},\"query-input\":\"required name=search_term_string\"}],\"inLanguage\":\"pt-BR\"},{\"@type\":\"ImageObject\",\"inLanguage\":\"pt-BR\",\"@id\":\"https:\/\/franciscanos.org.br\/noticias\/sao-oscar-romero-exemplo-e-estimulo-para-os-povos-da-america-latina.html#primaryimage\",\"url\":\"https:\/\/franciscanos.org.br\/noticias\/wp-content\/uploads\/2018\/10\/oscar_151018.jpg\",\"contentUrl\":\"https:\/\/franciscanos.org.br\/noticias\/wp-content\/uploads\/2018\/10\/oscar_151018.jpg\",\"width\":273,\"height\":181},{\"@type\":\"WebPage\",\"@id\":\"https:\/\/franciscanos.org.br\/noticias\/sao-oscar-romero-exemplo-e-estimulo-para-os-povos-da-america-latina.html#webpage\",\"url\":\"https:\/\/franciscanos.org.br\/noticias\/sao-oscar-romero-exemplo-e-estimulo-para-os-povos-da-america-latina.html\",\"name\":\"Santo Oscar Romero, exemplo e est\u00edmulo para a Am\u00e9rica Latina - Not\u00edcias - Franciscanos\",\"isPartOf\":{\"@id\":\"https:\/\/franciscanos.org.br\/noticias\/#website\"},\"primaryImageOfPage\":{\"@id\":\"https:\/\/franciscanos.org.br\/noticias\/sao-oscar-romero-exemplo-e-estimulo-para-os-povos-da-america-latina.html#primaryimage\"},\"datePublished\":\"2018-10-15T12:37:38+00:00\",\"dateModified\":\"2020-06-06T21:28:27+00:00\",\"author\":{\"@id\":\"https:\/\/franciscanos.org.br\/noticias\/#\/schema\/person\/b38fbf43118f02820bd932f2e4b14ad3\"},\"breadcrumb\":{\"@id\":\"https:\/\/franciscanos.org.br\/noticias\/sao-oscar-romero-exemplo-e-estimulo-para-os-povos-da-america-latina.html#breadcrumb\"},\"inLanguage\":\"pt-BR\",\"potentialAction\":[{\"@type\":\"ReadAction\",\"target\":[\"https:\/\/franciscanos.org.br\/noticias\/sao-oscar-romero-exemplo-e-estimulo-para-os-povos-da-america-latina.html\"]}]},{\"@type\":\"BreadcrumbList\",\"@id\":\"https:\/\/franciscanos.org.br\/noticias\/sao-oscar-romero-exemplo-e-estimulo-para-os-povos-da-america-latina.html#breadcrumb\",\"itemListElement\":[{\"@type\":\"ListItem\",\"position\":1,\"name\":\"Home\",\"item\":\"https:\/\/franciscanos.org.br\/noticias\"},{\"@type\":\"ListItem\",\"position\":2,\"name\":\"Santo Oscar Romero, exemplo e est\u00edmulo para a Am\u00e9rica Latina\"}]},{\"@type\":\"Person\",\"@id\":\"https:\/\/franciscanos.org.br\/noticias\/#\/schema\/person\/b38fbf43118f02820bd932f2e4b14ad3\",\"name\":\"admin\",\"image\":{\"@type\":\"ImageObject\",\"inLanguage\":\"pt-BR\",\"@id\":\"https:\/\/franciscanos.org.br\/noticias\/#\/schema\/person\/image\/\",\"url\":\"https:\/\/secure.gravatar.com\/avatar\/e8495742d34d0ba6448ea1c628263b3e?s=96&d=mm&r=g\",\"contentUrl\":\"https:\/\/secure.gravatar.com\/avatar\/e8495742d34d0ba6448ea1c628263b3e?s=96&d=mm&r=g\",\"caption\":\"admin\"},\"url\":\"https:\/\/franciscanos.org.br\/noticias\/author\/admin\"}]}<\/script>\n<!-- \/ Yoast SEO plugin. -->","yoast_head_json":{"title":"Santo Oscar Romero, exemplo e est\u00edmulo para a Am\u00e9rica Latina - Not\u00edcias - Franciscanos","robots":{"index":"index","follow":"follow","max-snippet":"max-snippet:-1","max-image-preview":"max-image-preview:large","max-video-preview":"max-video-preview:-1"},"canonical":"https:\/\/franciscanos.org.br\/noticias\/sao-oscar-romero-exemplo-e-estimulo-para-os-povos-da-america-latina.html","og_locale":"pt_BR","og_type":"article","og_title":"Santo Oscar Romero, exemplo e est\u00edmulo para a Am\u00e9rica Latina - Not\u00edcias - Franciscanos","og_description":"Canoniza\u00e7\u00e3o de Dom Oscar Romero","og_url":"https:\/\/franciscanos.org.br\/noticias\/sao-oscar-romero-exemplo-e-estimulo-para-os-povos-da-america-latina.html","og_site_name":"Not\u00edcias - Franciscanos","article_published_time":"2018-10-15T12:37:38+00:00","article_modified_time":"2020-06-06T21:28:27+00:00","og_image":[{"width":273,"height":181,"url":"https:\/\/franciscanos.org.br\/noticias\/wp-content\/uploads\/2018\/10\/oscar_151018.jpg","type":"image\/jpeg"}],"author":"admin","twitter_card":"summary_large_image","twitter_misc":{"Escrito por":"admin","Est. tempo de leitura":"6 minutos"},"schema":{"@context":"https:\/\/schema.org","@graph":[{"@type":"WebSite","@id":"https:\/\/franciscanos.org.br\/noticias\/#website","url":"https:\/\/franciscanos.org.br\/noticias\/","name":"Not\u00edcias - Franciscanos","description":"Prov\u00edncia Franciscana da Imaculada Concei\u00e7\u00e3o do Brasil - Ordem dos Frades Menores - OFM","potentialAction":[{"@type":"SearchAction","target":{"@type":"EntryPoint","urlTemplate":"https:\/\/franciscanos.org.br\/noticias\/?s={search_term_string}"},"query-input":"required name=search_term_string"}],"inLanguage":"pt-BR"},{"@type":"ImageObject","inLanguage":"pt-BR","@id":"https:\/\/franciscanos.org.br\/noticias\/sao-oscar-romero-exemplo-e-estimulo-para-os-povos-da-america-latina.html#primaryimage","url":"https:\/\/franciscanos.org.br\/noticias\/wp-content\/uploads\/2018\/10\/oscar_151018.jpg","contentUrl":"https:\/\/franciscanos.org.br\/noticias\/wp-content\/uploads\/2018\/10\/oscar_151018.jpg","width":273,"height":181},{"@type":"WebPage","@id":"https:\/\/franciscanos.org.br\/noticias\/sao-oscar-romero-exemplo-e-estimulo-para-os-povos-da-america-latina.html#webpage","url":"https:\/\/franciscanos.org.br\/noticias\/sao-oscar-romero-exemplo-e-estimulo-para-os-povos-da-america-latina.html","name":"Santo Oscar Romero, exemplo e est\u00edmulo para a Am\u00e9rica Latina - Not\u00edcias - Franciscanos","isPartOf":{"@id":"https:\/\/franciscanos.org.br\/noticias\/#website"},"primaryImageOfPage":{"@id":"https:\/\/franciscanos.org.br\/noticias\/sao-oscar-romero-exemplo-e-estimulo-para-os-povos-da-america-latina.html#primaryimage"},"datePublished":"2018-10-15T12:37:38+00:00","dateModified":"2020-06-06T21:28:27+00:00","author":{"@id":"https:\/\/franciscanos.org.br\/noticias\/#\/schema\/person\/b38fbf43118f02820bd932f2e4b14ad3"},"breadcrumb":{"@id":"https:\/\/franciscanos.org.br\/noticias\/sao-oscar-romero-exemplo-e-estimulo-para-os-povos-da-america-latina.html#breadcrumb"},"inLanguage":"pt-BR","potentialAction":[{"@type":"ReadAction","target":["https:\/\/franciscanos.org.br\/noticias\/sao-oscar-romero-exemplo-e-estimulo-para-os-povos-da-america-latina.html"]}]},{"@type":"BreadcrumbList","@id":"https:\/\/franciscanos.org.br\/noticias\/sao-oscar-romero-exemplo-e-estimulo-para-os-povos-da-america-latina.html#breadcrumb","itemListElement":[{"@type":"ListItem","position":1,"name":"Home","item":"https:\/\/franciscanos.org.br\/noticias"},{"@type":"ListItem","position":2,"name":"Santo Oscar Romero, exemplo e est\u00edmulo para a Am\u00e9rica Latina"}]},{"@type":"Person","@id":"https:\/\/franciscanos.org.br\/noticias\/#\/schema\/person\/b38fbf43118f02820bd932f2e4b14ad3","name":"admin","image":{"@type":"ImageObject","inLanguage":"pt-BR","@id":"https:\/\/franciscanos.org.br\/noticias\/#\/schema\/person\/image\/","url":"https:\/\/secure.gravatar.com\/avatar\/e8495742d34d0ba6448ea1c628263b3e?s=96&d=mm&r=g","contentUrl":"https:\/\/secure.gravatar.com\/avatar\/e8495742d34d0ba6448ea1c628263b3e?s=96&d=mm&r=g","caption":"admin"},"url":"https:\/\/franciscanos.org.br\/noticias\/author\/admin"}]}},"_links":{"self":[{"href":"https:\/\/franciscanos.org.br\/noticias\/wp-json\/wp\/v2\/posts\/187679"}],"collection":[{"href":"https:\/\/franciscanos.org.br\/noticias\/wp-json\/wp\/v2\/posts"}],"about":[{"href":"https:\/\/franciscanos.org.br\/noticias\/wp-json\/wp\/v2\/types\/post"}],"author":[{"embeddable":true,"href":"https:\/\/franciscanos.org.br\/noticias\/wp-json\/wp\/v2\/users\/1"}],"replies":[{"embeddable":true,"href":"https:\/\/franciscanos.org.br\/noticias\/wp-json\/wp\/v2\/comments?post=187679"}],"version-history":[{"count":2,"href":"https:\/\/franciscanos.org.br\/noticias\/wp-json\/wp\/v2\/posts\/187679\/revisions"}],"predecessor-version":[{"id":224750,"href":"https:\/\/franciscanos.org.br\/noticias\/wp-json\/wp\/v2\/posts\/187679\/revisions\/224750"}],"wp:featuredmedia":[{"embeddable":true,"href":"https:\/\/franciscanos.org.br\/noticias\/wp-json\/wp\/v2\/media\/191412"}],"wp:attachment":[{"href":"https:\/\/franciscanos.org.br\/noticias\/wp-json\/wp\/v2\/media?parent=187679"}],"wp:term":[{"taxonomy":"category","embeddable":true,"href":"https:\/\/franciscanos.org.br\/noticias\/wp-json\/wp\/v2\/categories?post=187679"},{"taxonomy":"post_tag","embeddable":true,"href":"https:\/\/franciscanos.org.br\/noticias\/wp-json\/wp\/v2\/tags?post=187679"}],"curies":[{"name":"wp","href":"https:\/\/api.w.org\/{rel}","templated":true}]}}