{"id":187674,"date":"2018-10-11T09:26:22","date_gmt":"2018-10-11T12:26:22","guid":{"rendered":"http:\/\/franciscanos.org.br\/?p=174295"},"modified":"2019-07-02T08:42:15","modified_gmt":"2019-07-02T11:42:15","slug":"falece-frei-josue-celante-em-concordia","status":"publish","type":"post","link":"https:\/\/franciscanos.org.br\/noticias\/falece-frei-josue-celante-em-concordia.html","title":{"rendered":"Falece Frei Josu\u00e9 Celante em Conc\u00f3rdia"},"content":{"rendered":"<p style=\"font-weight: 400;\"><img loading=\"lazy\" class=\"alignright wp-image-174299 size-full\" src=\"http:\/\/franciscanos.org.br\/wp-content\/uploads\/2018\/10\/joseue_111018.jpg\" alt=\"joseue_111018\" width=\"321\" height=\"700\" \/><\/p>\n<h2 style=\"font-weight: 400;\"><b>*\u00a0<\/b><b>07<\/b><b>\/0<\/b><b>2<\/b><b>\/193<\/b><b>6<\/b><b>\u00a0\u00a0\u00a0\u00a0 +\u00a0<\/b><b>11\/10\/2018<\/b><b>\u00a0<\/b><\/h2>\n<p style=\"font-weight: 400;\">Frade da Fraternidade Franciscana Nossa Senhora do Ros\u00e1rio, em Conc\u00f3rdia (SC),\u00a0 Josu\u00e9 Celante faleceu na madrugada do dia 11\/10, \u00e0s 04h30, no Hospital de Conc\u00f3rdia. Ele havia sido internado ontem \u00e0 tarde, com infec\u00e7\u00e3o urin\u00e1ria. \u00c0s 21h30 teve uma crise respirat\u00f3ria que levou os m\u00e9dicos a intern\u00e1-lo na UTI. A <em>causa mortis<\/em>\u00a0atestada s\u00e3o v\u00e1rias: infec\u00e7\u00e3o urin\u00e1ria, \u00a0pneumonia e insufici\u00eancia respirat\u00f3ria aguda.<\/p>\n<p style=\"font-weight: 400;\"><strong>A missa de Ex\u00e9quias de Frei Josu\u00e9 foi celebrada \u00e0s 17h00 na igreja matriz de Conc\u00f3rdia. Ele foi sepultado no mausol\u00e9u dos frades no Cemit\u00e9rio Municipal.<\/strong><\/p>\n<hr \/>\n<h2 style=\"font-weight: 400;\">\u00a0<strong>Dados pessoais, forma\u00e7\u00e3o e atividades<\/strong><\/h2>\n<p style=\"font-weight: 400;\">&#8211; Nascimento: 07.02.1936 (<strong>82 anos de idade<\/strong>)<br \/>\n&#8211; Natural de Joa\u00e7aba, SC.<br \/>\n&#8211; Vesti\u00e7\u00e3o: 22.12.1956 \u2013 Rodeio<br \/>\n&#8211; Primeira Profiss\u00e3o: 23.12.1957 (<strong>60 anos de Vida Franciscana<\/strong>)<br \/>\n&#8211; Profiss\u00e3o Solene: 23.12.1960<br \/>\n&#8211; Ordena\u00e7\u00e3o Presbiteral: 15.12.1962 (<strong>56 anos de Sacerd\u00f3cio<\/strong>)<br \/>\n&#8211; 1958 &#8211; 1959 \u2013 Curitiba \u2013 Estudos de Filosofia;<br \/>\n&#8211; 1960 &#8211; 1963 \u2013 Petr\u00f3polis \u2013 Estudos de Teologia;<br \/>\n&#8211; 1964 \u2013 Rio de Janeiro \u2013 Santo Ant\u00f4nio \u2013 Ano Pastoral;<br \/>\n&#8211; 15.01.1965 \u2013 Rio Negro \u2013 Semin\u00e1rio \u2013 professor;<br \/>\n&#8211; 17.12.1966 \u2013 Luzerna \u2013 Semin\u00e1rio \u2013 professor, vig\u00e1rio do convento;<br \/>\n&#8211; 06.12.1971 \u2013 Porto Uni\u00e3o \u2013 vig\u00e1rio paroquial;<br \/>\n&#8211; 27.01.1974 \u2013 Ituporanga \u2013 guardi\u00e3o e p\u00e1roco;<br \/>\n&#8211; 05.12.1979 \u2013 Lages \u2013 vig\u00e1rio da casa e vig\u00e1rio paroquial da Par\u00f3quia N. Sra. Aparecida;<br \/>\n&#8211; 21.01.1986 \u2013 Pato Branco \u2013 p\u00e1roco, vig\u00e1rio da casa e ec\u00f4nomo;<br \/>\n&#8211; 18.01.1989 \u2013 Conc\u00f3rdia \u2013 guardi\u00e3o e p\u00e1roco;<br \/>\n&#8211; 10.01.1995 \u2013 Guaratinguet\u00e1 \u2013 Gra\u00e7as \u2013 vig\u00e1rio da casa;<br \/>\n&#8211; 27.02.1998 \u2013 Ituporanga \u2013 vig\u00e1rio paroquial;<br \/>\n&#8211; 31.07.2008 \u2013 Conc\u00f3rdia \u2013 vig\u00e1rio paroquial e ec\u00f4nomo;<\/p>\n<hr \/>\n<p style=\"font-weight: 400;\"><strong>O frade menor<\/strong><\/p>\n<p style=\"font-weight: 400;\">Filho de Jos\u00e9 e Tecla, descendentes de italianos que imigraram para o Brasil a partir de 1880, Frei Jos\u00e9 \u00e9 o s\u00e9timo de 10 irm\u00e3os (cinco homens e cinco mulheres) de uma fam\u00edlia muito religiosa. Segundo contava, em sua casa rezava-se de manh\u00e3 e \u00e0 noite o ter\u00e7o diariamente. No pequeno refeit\u00f3rio da resid\u00eancia, al\u00e9m da cruz, na parede havia uma foto de dois tios que se tornaram Irm\u00e3os Lassalistas. &#8220;Tamb\u00e9m tive muitos primos que ingressaram no semin\u00e1rio, alguns se tornaram religiosos e religiosas. Mas quem me ajudou diretamente neste discernimento foi a professora e catequista Maria Pozzobom, na cidade de Herval D&#8217;Oeste, para onde mudamos depois de Guapor\u00e9 (RS), onde nasci. Outra pessoa que me ajudou muito foi Frei Orestes Pikmeier, que era muito amigo da minha fam\u00edlia&#8221;, recordava, lembrando que a fam\u00edlia frequentava a Capela S\u00e3o Pedro da Comunidade, em Serra Alta, onde era coroinha.<\/p>\n<p style=\"font-weight: 400;\">Em 1948, ingressou no Semin\u00e1rio Franciscano de Luzerna. &#8220;Minhas irm\u00e3s diziam que quando crian\u00e7a era muito brincalh\u00e3o. Cantava, rezava e aprontava&#8230; exibindo-me e divertindo a mo\u00e7ada. Acho que fiquei mais introvertido depois no semin\u00e1rio, mas sempre gostei de esportes e passatempos agrad\u00e1veis&#8221;, descrevia-se Frei Josu\u00e9. Durante a forma\u00e7\u00e3o no Semin\u00e1rio gostava de ler a vida dos santos, &#8220;as pessoas mais importantes para a humanidade&#8221;. Gostava tamb\u00e9m dos fil\u00f3sofos e durante o curso de Filosofia ganhou o apelido de &#8220;Raimundo Lulo&#8221;, um dos mais importantes fil\u00f3sofos e te\u00f3logos da Idade M\u00e9dia. &#8220;A Teologia n\u00e3o chegou a me empolgar. Muito te\u00f3rica e sem vida. Faltava Deus&#8221;, confessava.<\/p>\n<p style=\"font-weight: 400;\">Para ele, o voto de obedi\u00eancia n\u00e3o era problema: &#8220;Topei qualquer &#8216;parada&#8217;. N\u00e3o fugi daquilo que achei que deveria enfrentar. Mesmo quando tive de come\u00e7ar do &#8216;abcd&#8217; como professor indicado para o semin\u00e1rio. Procurava fazer com que o aluno explicitasse na aula o que aprendeu e estudou para que eu pudesse aprofundar o estudo&#8221;.<\/p>\n<p style=\"font-weight: 400;\">N\u00e3o escondia que a vida fraterna tinha suas dificuldades: &#8220;Tinha dificuldade em entender a lei e a justa liberdade de filhos de Deus. N\u00e3o sou muito a favor de rigorismos. Bastam as cruzes e as alegrias de cada dia&#8221;, dizia.<\/p>\n<p style=\"font-weight: 400;\">Segundo ele, h\u00e1 uma grande dist\u00e2ncia entre a vida franciscana primitiva e a que se vive hoje. &#8220;Onde estaria o justo equil\u00edbrio?&#8221;, perguntava.<\/p>\n<p style=\"font-weight: 400;\">Como vig\u00e1rio e p\u00e1roco, gostava de administrar as Par\u00f3quias e era muito empreendedor. &#8220;N\u00e3o era por prazer, mas como forma de me engajar e participar em tudo da constru\u00e7\u00e3o da comunidade viva&#8221;, dizia.<\/p>\n<p style=\"font-weight: 400;\">Numa frase, Frei Josu\u00e9 se resume: &#8220;Procuro fazer o bem e respeitar os outros. Paz e bem sempre, mesmo quando h\u00e1 sofrimento&#8221;.<\/p>\n<p style=\"font-weight: 400;\">\u00c0s v\u00e9speras da Solenidade da M\u00e3e Aparecida, recomendemos a ela nosso confrade, pedindo que interceda por ele junto ao Filho amado, a quem Frei Josu\u00e9 procurou servir nos anos em que esteve entre n\u00f3s.<\/p>\n<p style=\"font-weight: 400;\">\u00a0<strong>R.I.P.<\/strong><strong>\u00a0\u00a0<\/strong><\/p>\n","protected":false},"excerpt":{"rendered":"<p>Luto na Prov\u00edncia<\/p>\n","protected":false},"author":1,"featured_media":191433,"comment_status":"open","ping_status":"open","sticky":false,"template":"","format":"standard","meta":[],"categories":[1],"tags":[1139,306],"acf":[],"yoast_head":"<!-- This site is optimized with the Yoast SEO plugin v19.2 - https:\/\/yoast.com\/wordpress\/plugins\/seo\/ -->\n<title>Falece Frei Josu\u00e9 Celante em Conc\u00f3rdia - Not\u00edcias - Franciscanos<\/title>\n<meta name=\"robots\" content=\"index, follow, max-snippet:-1, max-image-preview:large, max-video-preview:-1\" \/>\n<link rel=\"canonical\" href=\"https:\/\/franciscanos.org.br\/noticias\/falece-frei-josue-celante-em-concordia.html\" \/>\n<meta property=\"og:locale\" content=\"pt_BR\" \/>\n<meta property=\"og:type\" content=\"article\" \/>\n<meta property=\"og:title\" content=\"Falece Frei Josu\u00e9 Celante em Conc\u00f3rdia - Not\u00edcias - Franciscanos\" \/>\n<meta property=\"og:description\" content=\"Luto na Prov\u00edncia\" \/>\n<meta property=\"og:url\" content=\"https:\/\/franciscanos.org.br\/noticias\/falece-frei-josue-celante-em-concordia.html\" \/>\n<meta property=\"og:site_name\" content=\"Not\u00edcias - Franciscanos\" \/>\n<meta property=\"article:published_time\" content=\"2018-10-11T12:26:22+00:00\" \/>\n<meta property=\"article:modified_time\" content=\"2019-07-02T11:42:15+00:00\" \/>\n<meta property=\"og:image\" content=\"https:\/\/franciscanos.org.br\/noticias\/wp-content\/uploads\/2018\/10\/josu\u00e9-celante.jpg\" \/>\n\t<meta property=\"og:image:width\" content=\"273\" \/>\n\t<meta property=\"og:image:height\" content=\"181\" \/>\n\t<meta property=\"og:image:type\" content=\"image\/jpeg\" \/>\n<meta name=\"author\" content=\"admin\" \/>\n<meta name=\"twitter:card\" content=\"summary_large_image\" \/>\n<meta name=\"twitter:label1\" content=\"Escrito por\" \/>\n\t<meta name=\"twitter:data1\" content=\"admin\" \/>\n\t<meta name=\"twitter:label2\" content=\"Est. tempo de leitura\" \/>\n\t<meta name=\"twitter:data2\" content=\"4 minutos\" \/>\n<script type=\"application\/ld+json\" class=\"yoast-schema-graph\">{\"@context\":\"https:\/\/schema.org\",\"@graph\":[{\"@type\":\"WebSite\",\"@id\":\"https:\/\/franciscanos.org.br\/noticias\/#website\",\"url\":\"https:\/\/franciscanos.org.br\/noticias\/\",\"name\":\"Not\u00edcias - Franciscanos\",\"description\":\"Prov\u00edncia Franciscana da Imaculada Concei\u00e7\u00e3o do Brasil - Ordem dos Frades Menores - OFM\",\"potentialAction\":[{\"@type\":\"SearchAction\",\"target\":{\"@type\":\"EntryPoint\",\"urlTemplate\":\"https:\/\/franciscanos.org.br\/noticias\/?s={search_term_string}\"},\"query-input\":\"required name=search_term_string\"}],\"inLanguage\":\"pt-BR\"},{\"@type\":\"ImageObject\",\"inLanguage\":\"pt-BR\",\"@id\":\"https:\/\/franciscanos.org.br\/noticias\/falece-frei-josue-celante-em-concordia.html#primaryimage\",\"url\":\"https:\/\/franciscanos.org.br\/noticias\/wp-content\/uploads\/2018\/10\/josu\u00e9-celante.jpg\",\"contentUrl\":\"https:\/\/franciscanos.org.br\/noticias\/wp-content\/uploads\/2018\/10\/josu\u00e9-celante.jpg\",\"width\":273,\"height\":181},{\"@type\":\"WebPage\",\"@id\":\"https:\/\/franciscanos.org.br\/noticias\/falece-frei-josue-celante-em-concordia.html#webpage\",\"url\":\"https:\/\/franciscanos.org.br\/noticias\/falece-frei-josue-celante-em-concordia.html\",\"name\":\"Falece Frei Josu\u00e9 Celante em Conc\u00f3rdia - Not\u00edcias - Franciscanos\",\"isPartOf\":{\"@id\":\"https:\/\/franciscanos.org.br\/noticias\/#website\"},\"primaryImageOfPage\":{\"@id\":\"https:\/\/franciscanos.org.br\/noticias\/falece-frei-josue-celante-em-concordia.html#primaryimage\"},\"datePublished\":\"2018-10-11T12:26:22+00:00\",\"dateModified\":\"2019-07-02T11:42:15+00:00\",\"author\":{\"@id\":\"https:\/\/franciscanos.org.br\/noticias\/#\/schema\/person\/b38fbf43118f02820bd932f2e4b14ad3\"},\"breadcrumb\":{\"@id\":\"https:\/\/franciscanos.org.br\/noticias\/falece-frei-josue-celante-em-concordia.html#breadcrumb\"},\"inLanguage\":\"pt-BR\",\"potentialAction\":[{\"@type\":\"ReadAction\",\"target\":[\"https:\/\/franciscanos.org.br\/noticias\/falece-frei-josue-celante-em-concordia.html\"]}]},{\"@type\":\"BreadcrumbList\",\"@id\":\"https:\/\/franciscanos.org.br\/noticias\/falece-frei-josue-celante-em-concordia.html#breadcrumb\",\"itemListElement\":[{\"@type\":\"ListItem\",\"position\":1,\"name\":\"Home\",\"item\":\"https:\/\/franciscanos.org.br\/noticias\"},{\"@type\":\"ListItem\",\"position\":2,\"name\":\"Falece Frei Josu\u00e9 Celante em Conc\u00f3rdia\"}]},{\"@type\":\"Person\",\"@id\":\"https:\/\/franciscanos.org.br\/noticias\/#\/schema\/person\/b38fbf43118f02820bd932f2e4b14ad3\",\"name\":\"admin\",\"image\":{\"@type\":\"ImageObject\",\"inLanguage\":\"pt-BR\",\"@id\":\"https:\/\/franciscanos.org.br\/noticias\/#\/schema\/person\/image\/\",\"url\":\"https:\/\/secure.gravatar.com\/avatar\/e8495742d34d0ba6448ea1c628263b3e?s=96&d=mm&r=g\",\"contentUrl\":\"https:\/\/secure.gravatar.com\/avatar\/e8495742d34d0ba6448ea1c628263b3e?s=96&d=mm&r=g\",\"caption\":\"admin\"},\"url\":\"https:\/\/franciscanos.org.br\/noticias\/author\/admin\"}]}<\/script>\n<!-- \/ Yoast SEO plugin. -->","yoast_head_json":{"title":"Falece Frei Josu\u00e9 Celante em Conc\u00f3rdia - Not\u00edcias - Franciscanos","robots":{"index":"index","follow":"follow","max-snippet":"max-snippet:-1","max-image-preview":"max-image-preview:large","max-video-preview":"max-video-preview:-1"},"canonical":"https:\/\/franciscanos.org.br\/noticias\/falece-frei-josue-celante-em-concordia.html","og_locale":"pt_BR","og_type":"article","og_title":"Falece Frei Josu\u00e9 Celante em Conc\u00f3rdia - Not\u00edcias - Franciscanos","og_description":"Luto na Prov\u00edncia","og_url":"https:\/\/franciscanos.org.br\/noticias\/falece-frei-josue-celante-em-concordia.html","og_site_name":"Not\u00edcias - Franciscanos","article_published_time":"2018-10-11T12:26:22+00:00","article_modified_time":"2019-07-02T11:42:15+00:00","og_image":[{"width":273,"height":181,"url":"https:\/\/franciscanos.org.br\/noticias\/wp-content\/uploads\/2018\/10\/josu\u00e9-celante.jpg","type":"image\/jpeg"}],"author":"admin","twitter_card":"summary_large_image","twitter_misc":{"Escrito por":"admin","Est. tempo de leitura":"4 minutos"},"schema":{"@context":"https:\/\/schema.org","@graph":[{"@type":"WebSite","@id":"https:\/\/franciscanos.org.br\/noticias\/#website","url":"https:\/\/franciscanos.org.br\/noticias\/","name":"Not\u00edcias - Franciscanos","description":"Prov\u00edncia Franciscana da Imaculada Concei\u00e7\u00e3o do Brasil - Ordem dos Frades Menores - OFM","potentialAction":[{"@type":"SearchAction","target":{"@type":"EntryPoint","urlTemplate":"https:\/\/franciscanos.org.br\/noticias\/?s={search_term_string}"},"query-input":"required name=search_term_string"}],"inLanguage":"pt-BR"},{"@type":"ImageObject","inLanguage":"pt-BR","@id":"https:\/\/franciscanos.org.br\/noticias\/falece-frei-josue-celante-em-concordia.html#primaryimage","url":"https:\/\/franciscanos.org.br\/noticias\/wp-content\/uploads\/2018\/10\/josu\u00e9-celante.jpg","contentUrl":"https:\/\/franciscanos.org.br\/noticias\/wp-content\/uploads\/2018\/10\/josu\u00e9-celante.jpg","width":273,"height":181},{"@type":"WebPage","@id":"https:\/\/franciscanos.org.br\/noticias\/falece-frei-josue-celante-em-concordia.html#webpage","url":"https:\/\/franciscanos.org.br\/noticias\/falece-frei-josue-celante-em-concordia.html","name":"Falece Frei Josu\u00e9 Celante em Conc\u00f3rdia - Not\u00edcias - Franciscanos","isPartOf":{"@id":"https:\/\/franciscanos.org.br\/noticias\/#website"},"primaryImageOfPage":{"@id":"https:\/\/franciscanos.org.br\/noticias\/falece-frei-josue-celante-em-concordia.html#primaryimage"},"datePublished":"2018-10-11T12:26:22+00:00","dateModified":"2019-07-02T11:42:15+00:00","author":{"@id":"https:\/\/franciscanos.org.br\/noticias\/#\/schema\/person\/b38fbf43118f02820bd932f2e4b14ad3"},"breadcrumb":{"@id":"https:\/\/franciscanos.org.br\/noticias\/falece-frei-josue-celante-em-concordia.html#breadcrumb"},"inLanguage":"pt-BR","potentialAction":[{"@type":"ReadAction","target":["https:\/\/franciscanos.org.br\/noticias\/falece-frei-josue-celante-em-concordia.html"]}]},{"@type":"BreadcrumbList","@id":"https:\/\/franciscanos.org.br\/noticias\/falece-frei-josue-celante-em-concordia.html#breadcrumb","itemListElement":[{"@type":"ListItem","position":1,"name":"Home","item":"https:\/\/franciscanos.org.br\/noticias"},{"@type":"ListItem","position":2,"name":"Falece Frei Josu\u00e9 Celante em Conc\u00f3rdia"}]},{"@type":"Person","@id":"https:\/\/franciscanos.org.br\/noticias\/#\/schema\/person\/b38fbf43118f02820bd932f2e4b14ad3","name":"admin","image":{"@type":"ImageObject","inLanguage":"pt-BR","@id":"https:\/\/franciscanos.org.br\/noticias\/#\/schema\/person\/image\/","url":"https:\/\/secure.gravatar.com\/avatar\/e8495742d34d0ba6448ea1c628263b3e?s=96&d=mm&r=g","contentUrl":"https:\/\/secure.gravatar.com\/avatar\/e8495742d34d0ba6448ea1c628263b3e?s=96&d=mm&r=g","caption":"admin"},"url":"https:\/\/franciscanos.org.br\/noticias\/author\/admin"}]}},"_links":{"self":[{"href":"https:\/\/franciscanos.org.br\/noticias\/wp-json\/wp\/v2\/posts\/187674"}],"collection":[{"href":"https:\/\/franciscanos.org.br\/noticias\/wp-json\/wp\/v2\/posts"}],"about":[{"href":"https:\/\/franciscanos.org.br\/noticias\/wp-json\/wp\/v2\/types\/post"}],"author":[{"embeddable":true,"href":"https:\/\/franciscanos.org.br\/noticias\/wp-json\/wp\/v2\/users\/1"}],"replies":[{"embeddable":true,"href":"https:\/\/franciscanos.org.br\/noticias\/wp-json\/wp\/v2\/comments?post=187674"}],"version-history":[{"count":0,"href":"https:\/\/franciscanos.org.br\/noticias\/wp-json\/wp\/v2\/posts\/187674\/revisions"}],"wp:featuredmedia":[{"embeddable":true,"href":"https:\/\/franciscanos.org.br\/noticias\/wp-json\/wp\/v2\/media\/191433"}],"wp:attachment":[{"href":"https:\/\/franciscanos.org.br\/noticias\/wp-json\/wp\/v2\/media?parent=187674"}],"wp:term":[{"taxonomy":"category","embeddable":true,"href":"https:\/\/franciscanos.org.br\/noticias\/wp-json\/wp\/v2\/categories?post=187674"},{"taxonomy":"post_tag","embeddable":true,"href":"https:\/\/franciscanos.org.br\/noticias\/wp-json\/wp\/v2\/tags?post=187674"}],"curies":[{"name":"wp","href":"https:\/\/api.w.org\/{rel}","templated":true}]}}