{"id":187672,"date":"2018-10-11T07:39:05","date_gmt":"2018-10-11T10:39:05","guid":{"rendered":"http:\/\/franciscanos.org.br\/?p=174284"},"modified":"2019-07-02T08:43:18","modified_gmt":"2019-07-02T11:43:18","slug":"papa-a-oracao-nao-e-como-uma-varinha-magica","status":"publish","type":"post","link":"https:\/\/franciscanos.org.br\/noticias\/papa-a-oracao-nao-e-como-uma-varinha-magica.html","title":{"rendered":"Papa: \u201cA ora\u00e7\u00e3o n\u00e3o \u00e9 como uma varinha m\u00e1gica\u201d"},"content":{"rendered":"<p><strong><img loading=\"lazy\" class=\"alignleft\" src=\"http:\/\/franciscanos.org.br\/wp-content\/uploads\/2018\/10\/papa_marta_111018.jpg\" alt=\"papa_marta_111018\" width=\"820\" height=\"482\" \/><\/strong><\/p>\n<p><strong>Cidade do Vaticano<\/strong> &#8211; O Evangelho de hoje esteve no centro da homilia do Papa Francisco na missa celebrada esta manh\u00e3 (11\/10) na Casa Santa Marta. O tema \u00e9 a ora\u00e7\u00e3o, de como n\u00f3s devemos rezar. De fato, Jesus conta aos seus disc\u00edpulos de um homem que, \u00e0 meia-noite, bate \u00e0 porta da casa de seu amigo para pedir-lhe algo para comer. O Papa destacou tr\u00eas elementos: um homem necessitado, um amigo e um pouco de p\u00e3o.<\/p>\n<p>A visita do amigo \u00e9 inesperada, ele reza com insist\u00eancia e deste modo, disse o Papa, o Senhor quer nos ensinar como rezar: Mas se reza com coragem, porque quando rezamos normalmente precisamos de algo. Um amigo \u00e9 Deus: \u00e9 um amigo rico que tem p\u00e3o, tem aquilo de que necessitamos. \u00c9 como se Jesus dissesse: \u201cNa ora\u00e7\u00e3o sejam invasivos. N\u00e3o se cansem\u201d. Mas n\u00e3o se cansem do qu\u00ea? De pedir. \u201cPe\u00e7am e lhes ser\u00e1 dado\u201d.<\/p>\n<p><strong>A ora\u00e7\u00e3o \u00e9 um trabalho<\/strong><\/p>\n<p>O Papa continuou afirmando que \u201ca ora\u00e7\u00e3o n\u00e3o \u00e9 como uma varinha m\u00e1gica\u201d, n\u00e3o obtemos assim que pedimos. N\u00e3o se trata de rezar duas vezes o \u201cPai-Nosso\u201d e depois ir embora, assim n\u00e3o se tem a vontade de obter o que foi pedido:<\/p>\n<p>A ora\u00e7\u00e3o \u00e9 um trabalho: um trabalho que requer de n\u00f3s vontade, exige const\u00e2ncia, pede que sejamos determinados, sem vergonha. Por qu\u00ea? Porque estou batendo \u00e0 porta do meu amigo. Deus \u00e9 amigo, e com um amigo eu posso fazer isto. Uma ora\u00e7\u00e3o constante, invasiva. Pensemos em Santa M\u00f4nica, por exemplo, quantos anos rezou assim, com l\u00e1grimas, pela convers\u00e3o do seu filho. O Senhor, no final, lhe abriu a porta.<\/p>\n<p>Francisco deu outro exemplo, contando um fato que ele mesmo testemunhou em Buenos Aires: um homem, um oper\u00e1rio, tinha uma filha em fim de vida, os m\u00e9dicos n\u00e3o tinham dado qualquer esperan\u00e7a.<\/p>\n<p>Ele ent\u00e3o percorreu 70 quil\u00f4metros at\u00e9 o Santu\u00e1rio de Nossa Senhora de Luj\u00e1n. Chegou que j\u00e1 era noite e o Santu\u00e1rio estava fechado, mas ele rezou do lado de fora toda a noite, \u201cimplorando a Nossa Senhora: eu quero a minha filha. Eu quero minha filha. O Senhor pode me dar\u201d. E quando na manh\u00e3 sucessiva voltou ao hospital, encontrou a mulher que lhe disse: \u201cEnt\u00e3o, os m\u00e9dicos a levaram para fazer outro exame, n\u00e3o sabem explicar porque acordou e pediu para comer, e n\u00e3o tem nada, est\u00e1 bem, n\u00e3o corre mais perigo\u201d. Aquele homem, disse o Papa, sabia como rezar.<\/p>\n<p><strong>Deus \u00e9 um amigo<\/strong><\/p>\n<p>O Pont\u00edfice nos convidou a pensar tamb\u00e9m nas crian\u00e7as manhosas quando querem algo, e gritam e choram dizendo: \u201cEu quero! Eu quero!\u201d E no final os pais cedem. Algu\u00e9m, por\u00e9m, pode se questionar: mas Deus n\u00e3o fica bravo se fizermos assim? O pr\u00f3prio Jesus, prevendo isso, nos disse: \u201cE v\u00f3s que sois maus, sabeis dar coisas boas aos vossos filhos, quanto mais o Pai do C\u00e9u dar\u00e1 o Esp\u00edrito Santo aos que o pedirem!\u201d.<\/p>\n<p>\u00c9 um amigo: d\u00e1 sempre o bem. D\u00e1 mais: eu pe\u00e7o para resolver este problema e ele o resolve e d\u00e1 tamb\u00e9m o Esp\u00edrito Santo. D\u00e1 mais. Pensemos um pouco: como rezo? Como um papagaio? Rezo propriamente com a necessidade no cora\u00e7\u00e3o? Luto com Deus na ora\u00e7\u00e3o para que me d\u00ea aquilo de que necessito se \u00e9 justo? Aprendamos deste trecho do Evangelho como rezar.<\/p>\n","protected":false},"excerpt":{"rendered":"<p>Missa em Santa Marta<\/p>\n","protected":false},"author":1,"featured_media":191435,"comment_status":"open","ping_status":"open","sticky":false,"template":"","format":"standard","meta":[],"categories":[1428],"tags":[829,55],"acf":[],"yoast_head":"<!-- This site is optimized with the Yoast SEO plugin v19.2 - https:\/\/yoast.com\/wordpress\/plugins\/seo\/ -->\n<title>Papa: \u201cA ora\u00e7\u00e3o n\u00e3o \u00e9 como uma varinha m\u00e1gica\u201d - Not\u00edcias - Franciscanos<\/title>\n<meta name=\"robots\" content=\"index, follow, max-snippet:-1, max-image-preview:large, max-video-preview:-1\" \/>\n<link rel=\"canonical\" href=\"https:\/\/franciscanos.org.br\/noticias\/papa-a-oracao-nao-e-como-uma-varinha-magica.html\" \/>\n<meta property=\"og:locale\" content=\"pt_BR\" \/>\n<meta property=\"og:type\" content=\"article\" \/>\n<meta property=\"og:title\" content=\"Papa: \u201cA ora\u00e7\u00e3o n\u00e3o \u00e9 como uma varinha m\u00e1gica\u201d - Not\u00edcias - Franciscanos\" \/>\n<meta property=\"og:description\" content=\"Missa em Santa Marta\" \/>\n<meta property=\"og:url\" content=\"https:\/\/franciscanos.org.br\/noticias\/papa-a-oracao-nao-e-como-uma-varinha-magica.html\" \/>\n<meta property=\"og:site_name\" content=\"Not\u00edcias - Franciscanos\" \/>\n<meta property=\"article:published_time\" content=\"2018-10-11T10:39:05+00:00\" \/>\n<meta property=\"article:modified_time\" content=\"2019-07-02T11:43:18+00:00\" \/>\n<meta property=\"og:image\" content=\"https:\/\/franciscanos.org.br\/noticias\/wp-content\/uploads\/2018\/10\/papa_marta_111018.jpg\" \/>\n\t<meta property=\"og:image:width\" content=\"273\" \/>\n\t<meta property=\"og:image:height\" content=\"181\" \/>\n\t<meta property=\"og:image:type\" content=\"image\/jpeg\" \/>\n<meta name=\"author\" content=\"admin\" \/>\n<meta name=\"twitter:card\" content=\"summary_large_image\" \/>\n<meta name=\"twitter:label1\" content=\"Escrito por\" \/>\n\t<meta name=\"twitter:data1\" content=\"admin\" \/>\n\t<meta name=\"twitter:label2\" content=\"Est. tempo de leitura\" \/>\n\t<meta name=\"twitter:data2\" content=\"3 minutos\" \/>\n<script type=\"application\/ld+json\" class=\"yoast-schema-graph\">{\"@context\":\"https:\/\/schema.org\",\"@graph\":[{\"@type\":\"WebSite\",\"@id\":\"https:\/\/franciscanos.org.br\/noticias\/#website\",\"url\":\"https:\/\/franciscanos.org.br\/noticias\/\",\"name\":\"Not\u00edcias - Franciscanos\",\"description\":\"Prov\u00edncia Franciscana da Imaculada Concei\u00e7\u00e3o do Brasil - Ordem dos Frades Menores - OFM\",\"potentialAction\":[{\"@type\":\"SearchAction\",\"target\":{\"@type\":\"EntryPoint\",\"urlTemplate\":\"https:\/\/franciscanos.org.br\/noticias\/?s={search_term_string}\"},\"query-input\":\"required name=search_term_string\"}],\"inLanguage\":\"pt-BR\"},{\"@type\":\"ImageObject\",\"inLanguage\":\"pt-BR\",\"@id\":\"https:\/\/franciscanos.org.br\/noticias\/papa-a-oracao-nao-e-como-uma-varinha-magica.html#primaryimage\",\"url\":\"https:\/\/franciscanos.org.br\/noticias\/wp-content\/uploads\/2018\/10\/papa_marta_111018.jpg\",\"contentUrl\":\"https:\/\/franciscanos.org.br\/noticias\/wp-content\/uploads\/2018\/10\/papa_marta_111018.jpg\",\"width\":273,\"height\":181},{\"@type\":\"WebPage\",\"@id\":\"https:\/\/franciscanos.org.br\/noticias\/papa-a-oracao-nao-e-como-uma-varinha-magica.html#webpage\",\"url\":\"https:\/\/franciscanos.org.br\/noticias\/papa-a-oracao-nao-e-como-uma-varinha-magica.html\",\"name\":\"Papa: \u201cA ora\u00e7\u00e3o n\u00e3o \u00e9 como uma varinha m\u00e1gica\u201d - Not\u00edcias - Franciscanos\",\"isPartOf\":{\"@id\":\"https:\/\/franciscanos.org.br\/noticias\/#website\"},\"primaryImageOfPage\":{\"@id\":\"https:\/\/franciscanos.org.br\/noticias\/papa-a-oracao-nao-e-como-uma-varinha-magica.html#primaryimage\"},\"datePublished\":\"2018-10-11T10:39:05+00:00\",\"dateModified\":\"2019-07-02T11:43:18+00:00\",\"author\":{\"@id\":\"https:\/\/franciscanos.org.br\/noticias\/#\/schema\/person\/b38fbf43118f02820bd932f2e4b14ad3\"},\"breadcrumb\":{\"@id\":\"https:\/\/franciscanos.org.br\/noticias\/papa-a-oracao-nao-e-como-uma-varinha-magica.html#breadcrumb\"},\"inLanguage\":\"pt-BR\",\"potentialAction\":[{\"@type\":\"ReadAction\",\"target\":[\"https:\/\/franciscanos.org.br\/noticias\/papa-a-oracao-nao-e-como-uma-varinha-magica.html\"]}]},{\"@type\":\"BreadcrumbList\",\"@id\":\"https:\/\/franciscanos.org.br\/noticias\/papa-a-oracao-nao-e-como-uma-varinha-magica.html#breadcrumb\",\"itemListElement\":[{\"@type\":\"ListItem\",\"position\":1,\"name\":\"Home\",\"item\":\"https:\/\/franciscanos.org.br\/noticias\"},{\"@type\":\"ListItem\",\"position\":2,\"name\":\"Papa: \u201cA ora\u00e7\u00e3o n\u00e3o \u00e9 como uma varinha m\u00e1gica\u201d\"}]},{\"@type\":\"Person\",\"@id\":\"https:\/\/franciscanos.org.br\/noticias\/#\/schema\/person\/b38fbf43118f02820bd932f2e4b14ad3\",\"name\":\"admin\",\"image\":{\"@type\":\"ImageObject\",\"inLanguage\":\"pt-BR\",\"@id\":\"https:\/\/franciscanos.org.br\/noticias\/#\/schema\/person\/image\/\",\"url\":\"https:\/\/secure.gravatar.com\/avatar\/e8495742d34d0ba6448ea1c628263b3e?s=96&d=mm&r=g\",\"contentUrl\":\"https:\/\/secure.gravatar.com\/avatar\/e8495742d34d0ba6448ea1c628263b3e?s=96&d=mm&r=g\",\"caption\":\"admin\"},\"url\":\"https:\/\/franciscanos.org.br\/noticias\/author\/admin\"}]}<\/script>\n<!-- \/ Yoast SEO plugin. -->","yoast_head_json":{"title":"Papa: \u201cA ora\u00e7\u00e3o n\u00e3o \u00e9 como uma varinha m\u00e1gica\u201d - Not\u00edcias - Franciscanos","robots":{"index":"index","follow":"follow","max-snippet":"max-snippet:-1","max-image-preview":"max-image-preview:large","max-video-preview":"max-video-preview:-1"},"canonical":"https:\/\/franciscanos.org.br\/noticias\/papa-a-oracao-nao-e-como-uma-varinha-magica.html","og_locale":"pt_BR","og_type":"article","og_title":"Papa: \u201cA ora\u00e7\u00e3o n\u00e3o \u00e9 como uma varinha m\u00e1gica\u201d - Not\u00edcias - Franciscanos","og_description":"Missa em Santa Marta","og_url":"https:\/\/franciscanos.org.br\/noticias\/papa-a-oracao-nao-e-como-uma-varinha-magica.html","og_site_name":"Not\u00edcias - Franciscanos","article_published_time":"2018-10-11T10:39:05+00:00","article_modified_time":"2019-07-02T11:43:18+00:00","og_image":[{"width":273,"height":181,"url":"https:\/\/franciscanos.org.br\/noticias\/wp-content\/uploads\/2018\/10\/papa_marta_111018.jpg","type":"image\/jpeg"}],"author":"admin","twitter_card":"summary_large_image","twitter_misc":{"Escrito por":"admin","Est. tempo de leitura":"3 minutos"},"schema":{"@context":"https:\/\/schema.org","@graph":[{"@type":"WebSite","@id":"https:\/\/franciscanos.org.br\/noticias\/#website","url":"https:\/\/franciscanos.org.br\/noticias\/","name":"Not\u00edcias - Franciscanos","description":"Prov\u00edncia Franciscana da Imaculada Concei\u00e7\u00e3o do Brasil - Ordem dos Frades Menores - OFM","potentialAction":[{"@type":"SearchAction","target":{"@type":"EntryPoint","urlTemplate":"https:\/\/franciscanos.org.br\/noticias\/?s={search_term_string}"},"query-input":"required name=search_term_string"}],"inLanguage":"pt-BR"},{"@type":"ImageObject","inLanguage":"pt-BR","@id":"https:\/\/franciscanos.org.br\/noticias\/papa-a-oracao-nao-e-como-uma-varinha-magica.html#primaryimage","url":"https:\/\/franciscanos.org.br\/noticias\/wp-content\/uploads\/2018\/10\/papa_marta_111018.jpg","contentUrl":"https:\/\/franciscanos.org.br\/noticias\/wp-content\/uploads\/2018\/10\/papa_marta_111018.jpg","width":273,"height":181},{"@type":"WebPage","@id":"https:\/\/franciscanos.org.br\/noticias\/papa-a-oracao-nao-e-como-uma-varinha-magica.html#webpage","url":"https:\/\/franciscanos.org.br\/noticias\/papa-a-oracao-nao-e-como-uma-varinha-magica.html","name":"Papa: \u201cA ora\u00e7\u00e3o n\u00e3o \u00e9 como uma varinha m\u00e1gica\u201d - Not\u00edcias - Franciscanos","isPartOf":{"@id":"https:\/\/franciscanos.org.br\/noticias\/#website"},"primaryImageOfPage":{"@id":"https:\/\/franciscanos.org.br\/noticias\/papa-a-oracao-nao-e-como-uma-varinha-magica.html#primaryimage"},"datePublished":"2018-10-11T10:39:05+00:00","dateModified":"2019-07-02T11:43:18+00:00","author":{"@id":"https:\/\/franciscanos.org.br\/noticias\/#\/schema\/person\/b38fbf43118f02820bd932f2e4b14ad3"},"breadcrumb":{"@id":"https:\/\/franciscanos.org.br\/noticias\/papa-a-oracao-nao-e-como-uma-varinha-magica.html#breadcrumb"},"inLanguage":"pt-BR","potentialAction":[{"@type":"ReadAction","target":["https:\/\/franciscanos.org.br\/noticias\/papa-a-oracao-nao-e-como-uma-varinha-magica.html"]}]},{"@type":"BreadcrumbList","@id":"https:\/\/franciscanos.org.br\/noticias\/papa-a-oracao-nao-e-como-uma-varinha-magica.html#breadcrumb","itemListElement":[{"@type":"ListItem","position":1,"name":"Home","item":"https:\/\/franciscanos.org.br\/noticias"},{"@type":"ListItem","position":2,"name":"Papa: \u201cA ora\u00e7\u00e3o n\u00e3o \u00e9 como uma varinha m\u00e1gica\u201d"}]},{"@type":"Person","@id":"https:\/\/franciscanos.org.br\/noticias\/#\/schema\/person\/b38fbf43118f02820bd932f2e4b14ad3","name":"admin","image":{"@type":"ImageObject","inLanguage":"pt-BR","@id":"https:\/\/franciscanos.org.br\/noticias\/#\/schema\/person\/image\/","url":"https:\/\/secure.gravatar.com\/avatar\/e8495742d34d0ba6448ea1c628263b3e?s=96&d=mm&r=g","contentUrl":"https:\/\/secure.gravatar.com\/avatar\/e8495742d34d0ba6448ea1c628263b3e?s=96&d=mm&r=g","caption":"admin"},"url":"https:\/\/franciscanos.org.br\/noticias\/author\/admin"}]}},"_links":{"self":[{"href":"https:\/\/franciscanos.org.br\/noticias\/wp-json\/wp\/v2\/posts\/187672"}],"collection":[{"href":"https:\/\/franciscanos.org.br\/noticias\/wp-json\/wp\/v2\/posts"}],"about":[{"href":"https:\/\/franciscanos.org.br\/noticias\/wp-json\/wp\/v2\/types\/post"}],"author":[{"embeddable":true,"href":"https:\/\/franciscanos.org.br\/noticias\/wp-json\/wp\/v2\/users\/1"}],"replies":[{"embeddable":true,"href":"https:\/\/franciscanos.org.br\/noticias\/wp-json\/wp\/v2\/comments?post=187672"}],"version-history":[{"count":0,"href":"https:\/\/franciscanos.org.br\/noticias\/wp-json\/wp\/v2\/posts\/187672\/revisions"}],"wp:featuredmedia":[{"embeddable":true,"href":"https:\/\/franciscanos.org.br\/noticias\/wp-json\/wp\/v2\/media\/191435"}],"wp:attachment":[{"href":"https:\/\/franciscanos.org.br\/noticias\/wp-json\/wp\/v2\/media?parent=187672"}],"wp:term":[{"taxonomy":"category","embeddable":true,"href":"https:\/\/franciscanos.org.br\/noticias\/wp-json\/wp\/v2\/categories?post=187672"},{"taxonomy":"post_tag","embeddable":true,"href":"https:\/\/franciscanos.org.br\/noticias\/wp-json\/wp\/v2\/tags?post=187672"}],"curies":[{"name":"wp","href":"https:\/\/api.w.org\/{rel}","templated":true}]}}