{"id":187668,"date":"2018-10-10T08:02:07","date_gmt":"2018-10-10T11:02:07","guid":{"rendered":"http:\/\/franciscanos.org.br\/?p=174231"},"modified":"2019-07-02T08:42:57","modified_gmt":"2019-07-02T11:42:57","slug":"acolhimento-desafia-individualismo","status":"publish","type":"post","link":"https:\/\/franciscanos.org.br\/noticias\/acolhimento-desafia-individualismo.html","title":{"rendered":"\u201cO acolhimento \u00e9 um desafio ao individualismo\u201d"},"content":{"rendered":"<p><img loading=\"lazy\" class=\"alignleft\" src=\"http:\/\/franciscanos.org.br\/wp-content\/uploads\/2018\/10\/papa_101018.jpg\" alt=\"papa_101018\" width=\"830\" height=\"467\" \/><\/p>\n<p><strong>Cidade do Vaticano<\/strong> &#8211; O Papa Francisco se reuniu com milhares de fi\u00e9is e peregrinos na Pra\u00e7a S\u00e3o Pedro para a tradicional Audi\u00eancia Geral das quartas-feiras. O Pont\u00edfice prosseguiu seu ciclo sobre os Mandamentos, falando hoje sobre a Quinta Palavra: n\u00e3o matar. \u201cEste mandamento, com a sua formula\u00e7\u00e3o concisa e categ\u00f3rica, \u00e9 como uma muralha em defesa do valor basilar das rela\u00e7\u00f5es humanas: o valor da vida.\u201d<\/p>\n<p>Para Francisco, poderia-se dizer que todo o mal existente no mundo se resume no desprezo pela vida. \u201cA vida \u00e9 agredida pelas guerras, pelas organiza\u00e7\u00f5es que exploram o homem, pelas especula\u00e7\u00f5es sobre a cria\u00e7\u00e3o e pela cultura do descarte, e por todos os sistemas que submetem a exist\u00eancia humana a c\u00e1lculos de oportunidades, enquanto um n\u00famero escandaloso de pessoas vive num estado indigno do homem.\u201d<\/p>\n<p><strong>Aborto<\/strong><\/p>\n<p>Neste contexto, o Papa citou tamb\u00e9m o aborto, praticado no ventre materno em nome da salvaguarda de outros direitos. \u201cMas como pode ser terap\u00eautico, civil ou simplesmente humano um ato que suprime a vida inocente e inerme no seu germinar? \u00c9 justo tirar uma vida humana para resolver um problema? \u00c9 justo alugar um assassino para resolver um problema? \u201d<\/p>\n<p><strong>Acolhimento: desafio ao individualismo<\/strong><\/p>\n<p>A viol\u00eancia e a rejei\u00e7\u00e3o da vida nascem do medo, afirmou Francisco. \u201cO acolhimento, de fato, \u00e9 um desafio ao individualismo.\u201d Quando os pais descobrem que o filho \u00e9 portador de defici\u00eancia, logo recebem conselhos para interromper a gravidez, quando na verdade eles necessitam de verdadeira proximidade.<\/p>\n<p>Uma crian\u00e7a doente, um idoso ou os pobres s\u00e3o, na realidade, um dom de Deus, que podem me tirar do egocentrismo e fazer-me crescer no amor. A este ponto, o Papa agradeceu aos muitos volunt\u00e1rios italianos, \u201co mais forte voluntariado que conheci\u201d.<\/p>\n<p><strong>Amor, \u00fanica medida aut\u00eantica<\/strong><\/p>\n<p>O homem rejeita a vida quando aposta nos \u00eddolos do mundo: no dinheiro, no poder e no sucesso. \u201cEstes s\u00e3o par\u00e2metros errados para avaliar a vida. A \u00fanica medida aut\u00eantica \u00e9 o amor, o amor com o qual Deus a ama!\u201d<\/p>\n<p>De fato, explicou o Papa, o sentido positivo da Palavra \u201cn\u00e3o matar\u201d \u00e9 que Deus \u00e9 \u201camante da vida\u201d. Ama a vida a ponto de dar o seu Filho unig\u00eanito, que assumiu sobre a cruz a rejei\u00e7\u00e3o, a fraqueza, a pobreza e a dor.<\/p>\n<p>\u201cEm cada crian\u00e7a doente, em cada idoso fraco, em cada migrante desesperado, em cada vida fr\u00e1gil e amea\u00e7ada, Cristo est\u00e1 nos buscando, est\u00e1 buscando o nosso cora\u00e7\u00e3o para desfechar a alegria do amor.\u201d<\/p>\n<p><strong>Homem, obra de Deus<\/strong><\/p>\n<p>Vale a pena acolher cada vida, concluiu o Papa, porque cada homem vale o sangue de Cristo. \u201cN\u00e3o se pode desprezar aquilo que Deus tanto amou!&#8221;<\/p>\n<p>N\u00e3o se pode desprezar a vida dos outros nem a pr\u00f3pria vida, disse ainda Francisco, em refer\u00eancia aos in\u00fameros jovens que optaram pelo suic\u00eddio. \u201cPare de rejeitar a obra de Deus! Voc\u00ea \u00e9 uma obra de Deus! N\u00e3o se despreze com as depend\u00eancias.\u201d<\/p>\n<p>\u201cDeus \u00e9 amante da vida\u201d, disse por fim o Papa, convidando todos os fi\u00e9is na Pra\u00e7a a repetirem esta frase com ele.<\/p>\n<p><strong>Ora\u00e7\u00e3o do Ter\u00e7o<\/strong><\/p>\n<p>No final da audi\u00eancia, o Papa recordou que o m\u00eas de outubro \u00e8 dedicado \u00e0s miss\u00f5es e \u00e0 ora\u00e7\u00e3o do Ter\u00e7o.<\/p>\n<p>\u201cCar\u00edssimos, rezando o Ter\u00e7o, invoquem a intercess\u00e3o da Bem-aventurada Virgem Maria sobre suas necessidades e sobre a Igreja, para que possa ser sempre mais santa e mission\u00e1ria, unida em percorrer as estradas do mundo e concorde em levar Cristo a cada homem.<\/p>\n","protected":false},"excerpt":{"rendered":"<p>Audi\u00eancia Geral<\/p>\n","protected":false},"author":1,"featured_media":191439,"comment_status":"open","ping_status":"open","sticky":false,"template":"","format":"standard","meta":[],"categories":[1428],"tags":[487,55,265],"acf":[],"yoast_head":"<!-- This site is optimized with the Yoast SEO plugin v19.2 - https:\/\/yoast.com\/wordpress\/plugins\/seo\/ -->\n<title>\u201cO acolhimento \u00e9 um desafio ao individualismo\u201d - Not\u00edcias - Franciscanos<\/title>\n<meta name=\"robots\" content=\"index, follow, max-snippet:-1, max-image-preview:large, max-video-preview:-1\" \/>\n<link rel=\"canonical\" href=\"https:\/\/franciscanos.org.br\/noticias\/acolhimento-desafia-individualismo.html\" \/>\n<meta property=\"og:locale\" content=\"pt_BR\" \/>\n<meta property=\"og:type\" content=\"article\" \/>\n<meta property=\"og:title\" content=\"\u201cO acolhimento \u00e9 um desafio ao individualismo\u201d - Not\u00edcias - Franciscanos\" \/>\n<meta property=\"og:description\" content=\"Audi\u00eancia Geral\" \/>\n<meta property=\"og:url\" content=\"https:\/\/franciscanos.org.br\/noticias\/acolhimento-desafia-individualismo.html\" \/>\n<meta property=\"og:site_name\" content=\"Not\u00edcias - Franciscanos\" \/>\n<meta property=\"article:published_time\" content=\"2018-10-10T11:02:07+00:00\" \/>\n<meta property=\"article:modified_time\" content=\"2019-07-02T11:42:57+00:00\" \/>\n<meta property=\"og:image\" content=\"https:\/\/franciscanos.org.br\/noticias\/wp-content\/uploads\/2018\/10\/papa_101018.jpg\" \/>\n\t<meta property=\"og:image:width\" content=\"273\" \/>\n\t<meta property=\"og:image:height\" content=\"181\" \/>\n\t<meta property=\"og:image:type\" content=\"image\/jpeg\" \/>\n<meta name=\"author\" content=\"admin\" \/>\n<meta name=\"twitter:card\" content=\"summary_large_image\" \/>\n<meta name=\"twitter:label1\" content=\"Escrito por\" \/>\n\t<meta name=\"twitter:data1\" content=\"admin\" \/>\n\t<meta name=\"twitter:label2\" content=\"Est. tempo de leitura\" \/>\n\t<meta name=\"twitter:data2\" content=\"3 minutos\" \/>\n<script type=\"application\/ld+json\" class=\"yoast-schema-graph\">{\"@context\":\"https:\/\/schema.org\",\"@graph\":[{\"@type\":\"WebSite\",\"@id\":\"https:\/\/franciscanos.org.br\/noticias\/#website\",\"url\":\"https:\/\/franciscanos.org.br\/noticias\/\",\"name\":\"Not\u00edcias - Franciscanos\",\"description\":\"Prov\u00edncia Franciscana da Imaculada Concei\u00e7\u00e3o do Brasil - Ordem dos Frades Menores - OFM\",\"potentialAction\":[{\"@type\":\"SearchAction\",\"target\":{\"@type\":\"EntryPoint\",\"urlTemplate\":\"https:\/\/franciscanos.org.br\/noticias\/?s={search_term_string}\"},\"query-input\":\"required name=search_term_string\"}],\"inLanguage\":\"pt-BR\"},{\"@type\":\"ImageObject\",\"inLanguage\":\"pt-BR\",\"@id\":\"https:\/\/franciscanos.org.br\/noticias\/acolhimento-desafia-individualismo.html#primaryimage\",\"url\":\"https:\/\/franciscanos.org.br\/noticias\/wp-content\/uploads\/2018\/10\/papa_101018.jpg\",\"contentUrl\":\"https:\/\/franciscanos.org.br\/noticias\/wp-content\/uploads\/2018\/10\/papa_101018.jpg\",\"width\":273,\"height\":181},{\"@type\":\"WebPage\",\"@id\":\"https:\/\/franciscanos.org.br\/noticias\/acolhimento-desafia-individualismo.html#webpage\",\"url\":\"https:\/\/franciscanos.org.br\/noticias\/acolhimento-desafia-individualismo.html\",\"name\":\"\u201cO acolhimento \u00e9 um desafio ao individualismo\u201d - Not\u00edcias - Franciscanos\",\"isPartOf\":{\"@id\":\"https:\/\/franciscanos.org.br\/noticias\/#website\"},\"primaryImageOfPage\":{\"@id\":\"https:\/\/franciscanos.org.br\/noticias\/acolhimento-desafia-individualismo.html#primaryimage\"},\"datePublished\":\"2018-10-10T11:02:07+00:00\",\"dateModified\":\"2019-07-02T11:42:57+00:00\",\"author\":{\"@id\":\"https:\/\/franciscanos.org.br\/noticias\/#\/schema\/person\/b38fbf43118f02820bd932f2e4b14ad3\"},\"breadcrumb\":{\"@id\":\"https:\/\/franciscanos.org.br\/noticias\/acolhimento-desafia-individualismo.html#breadcrumb\"},\"inLanguage\":\"pt-BR\",\"potentialAction\":[{\"@type\":\"ReadAction\",\"target\":[\"https:\/\/franciscanos.org.br\/noticias\/acolhimento-desafia-individualismo.html\"]}]},{\"@type\":\"BreadcrumbList\",\"@id\":\"https:\/\/franciscanos.org.br\/noticias\/acolhimento-desafia-individualismo.html#breadcrumb\",\"itemListElement\":[{\"@type\":\"ListItem\",\"position\":1,\"name\":\"Home\",\"item\":\"https:\/\/franciscanos.org.br\/noticias\"},{\"@type\":\"ListItem\",\"position\":2,\"name\":\"\u201cO acolhimento \u00e9 um desafio ao individualismo\u201d\"}]},{\"@type\":\"Person\",\"@id\":\"https:\/\/franciscanos.org.br\/noticias\/#\/schema\/person\/b38fbf43118f02820bd932f2e4b14ad3\",\"name\":\"admin\",\"image\":{\"@type\":\"ImageObject\",\"inLanguage\":\"pt-BR\",\"@id\":\"https:\/\/franciscanos.org.br\/noticias\/#\/schema\/person\/image\/\",\"url\":\"https:\/\/secure.gravatar.com\/avatar\/e8495742d34d0ba6448ea1c628263b3e?s=96&d=mm&r=g\",\"contentUrl\":\"https:\/\/secure.gravatar.com\/avatar\/e8495742d34d0ba6448ea1c628263b3e?s=96&d=mm&r=g\",\"caption\":\"admin\"},\"url\":\"https:\/\/franciscanos.org.br\/noticias\/author\/admin\"}]}<\/script>\n<!-- \/ Yoast SEO plugin. -->","yoast_head_json":{"title":"\u201cO acolhimento \u00e9 um desafio ao individualismo\u201d - Not\u00edcias - Franciscanos","robots":{"index":"index","follow":"follow","max-snippet":"max-snippet:-1","max-image-preview":"max-image-preview:large","max-video-preview":"max-video-preview:-1"},"canonical":"https:\/\/franciscanos.org.br\/noticias\/acolhimento-desafia-individualismo.html","og_locale":"pt_BR","og_type":"article","og_title":"\u201cO acolhimento \u00e9 um desafio ao individualismo\u201d - Not\u00edcias - Franciscanos","og_description":"Audi\u00eancia Geral","og_url":"https:\/\/franciscanos.org.br\/noticias\/acolhimento-desafia-individualismo.html","og_site_name":"Not\u00edcias - Franciscanos","article_published_time":"2018-10-10T11:02:07+00:00","article_modified_time":"2019-07-02T11:42:57+00:00","og_image":[{"width":273,"height":181,"url":"https:\/\/franciscanos.org.br\/noticias\/wp-content\/uploads\/2018\/10\/papa_101018.jpg","type":"image\/jpeg"}],"author":"admin","twitter_card":"summary_large_image","twitter_misc":{"Escrito por":"admin","Est. tempo de leitura":"3 minutos"},"schema":{"@context":"https:\/\/schema.org","@graph":[{"@type":"WebSite","@id":"https:\/\/franciscanos.org.br\/noticias\/#website","url":"https:\/\/franciscanos.org.br\/noticias\/","name":"Not\u00edcias - Franciscanos","description":"Prov\u00edncia Franciscana da Imaculada Concei\u00e7\u00e3o do Brasil - Ordem dos Frades Menores - OFM","potentialAction":[{"@type":"SearchAction","target":{"@type":"EntryPoint","urlTemplate":"https:\/\/franciscanos.org.br\/noticias\/?s={search_term_string}"},"query-input":"required name=search_term_string"}],"inLanguage":"pt-BR"},{"@type":"ImageObject","inLanguage":"pt-BR","@id":"https:\/\/franciscanos.org.br\/noticias\/acolhimento-desafia-individualismo.html#primaryimage","url":"https:\/\/franciscanos.org.br\/noticias\/wp-content\/uploads\/2018\/10\/papa_101018.jpg","contentUrl":"https:\/\/franciscanos.org.br\/noticias\/wp-content\/uploads\/2018\/10\/papa_101018.jpg","width":273,"height":181},{"@type":"WebPage","@id":"https:\/\/franciscanos.org.br\/noticias\/acolhimento-desafia-individualismo.html#webpage","url":"https:\/\/franciscanos.org.br\/noticias\/acolhimento-desafia-individualismo.html","name":"\u201cO acolhimento \u00e9 um desafio ao individualismo\u201d - Not\u00edcias - Franciscanos","isPartOf":{"@id":"https:\/\/franciscanos.org.br\/noticias\/#website"},"primaryImageOfPage":{"@id":"https:\/\/franciscanos.org.br\/noticias\/acolhimento-desafia-individualismo.html#primaryimage"},"datePublished":"2018-10-10T11:02:07+00:00","dateModified":"2019-07-02T11:42:57+00:00","author":{"@id":"https:\/\/franciscanos.org.br\/noticias\/#\/schema\/person\/b38fbf43118f02820bd932f2e4b14ad3"},"breadcrumb":{"@id":"https:\/\/franciscanos.org.br\/noticias\/acolhimento-desafia-individualismo.html#breadcrumb"},"inLanguage":"pt-BR","potentialAction":[{"@type":"ReadAction","target":["https:\/\/franciscanos.org.br\/noticias\/acolhimento-desafia-individualismo.html"]}]},{"@type":"BreadcrumbList","@id":"https:\/\/franciscanos.org.br\/noticias\/acolhimento-desafia-individualismo.html#breadcrumb","itemListElement":[{"@type":"ListItem","position":1,"name":"Home","item":"https:\/\/franciscanos.org.br\/noticias"},{"@type":"ListItem","position":2,"name":"\u201cO acolhimento \u00e9 um desafio ao individualismo\u201d"}]},{"@type":"Person","@id":"https:\/\/franciscanos.org.br\/noticias\/#\/schema\/person\/b38fbf43118f02820bd932f2e4b14ad3","name":"admin","image":{"@type":"ImageObject","inLanguage":"pt-BR","@id":"https:\/\/franciscanos.org.br\/noticias\/#\/schema\/person\/image\/","url":"https:\/\/secure.gravatar.com\/avatar\/e8495742d34d0ba6448ea1c628263b3e?s=96&d=mm&r=g","contentUrl":"https:\/\/secure.gravatar.com\/avatar\/e8495742d34d0ba6448ea1c628263b3e?s=96&d=mm&r=g","caption":"admin"},"url":"https:\/\/franciscanos.org.br\/noticias\/author\/admin"}]}},"_links":{"self":[{"href":"https:\/\/franciscanos.org.br\/noticias\/wp-json\/wp\/v2\/posts\/187668"}],"collection":[{"href":"https:\/\/franciscanos.org.br\/noticias\/wp-json\/wp\/v2\/posts"}],"about":[{"href":"https:\/\/franciscanos.org.br\/noticias\/wp-json\/wp\/v2\/types\/post"}],"author":[{"embeddable":true,"href":"https:\/\/franciscanos.org.br\/noticias\/wp-json\/wp\/v2\/users\/1"}],"replies":[{"embeddable":true,"href":"https:\/\/franciscanos.org.br\/noticias\/wp-json\/wp\/v2\/comments?post=187668"}],"version-history":[{"count":0,"href":"https:\/\/franciscanos.org.br\/noticias\/wp-json\/wp\/v2\/posts\/187668\/revisions"}],"wp:featuredmedia":[{"embeddable":true,"href":"https:\/\/franciscanos.org.br\/noticias\/wp-json\/wp\/v2\/media\/191439"}],"wp:attachment":[{"href":"https:\/\/franciscanos.org.br\/noticias\/wp-json\/wp\/v2\/media?parent=187668"}],"wp:term":[{"taxonomy":"category","embeddable":true,"href":"https:\/\/franciscanos.org.br\/noticias\/wp-json\/wp\/v2\/categories?post=187668"},{"taxonomy":"post_tag","embeddable":true,"href":"https:\/\/franciscanos.org.br\/noticias\/wp-json\/wp\/v2\/tags?post=187668"}],"curies":[{"name":"wp","href":"https:\/\/api.w.org\/{rel}","templated":true}]}}