{"id":187664,"date":"2018-10-08T23:37:17","date_gmt":"2018-10-09T02:37:17","guid":{"rendered":"http:\/\/franciscanos.org.br\/?p=173976"},"modified":"2021-07-05T20:03:33","modified_gmt":"2021-07-05T23:03:33","slug":"meninas-dos-canarinhos-encantam-sao-paulo","status":"publish","type":"post","link":"https:\/\/franciscanos.org.br\/noticias\/meninas-dos-canarinhos-encantam-sao-paulo.html","title":{"rendered":"Coral das Meninas dos Canarinhos encanta S\u00e3o Paulo"},"content":{"rendered":"<p><img loading=\"lazy\" class=\"aligncenter\" src=\"http:\/\/franciscanos.org.br\/wp-content\/uploads\/2018\/10\/meninas_081018.jpg\" alt=\"meninas_081018\" width=\"830\" height=\"467\" \/><\/p>\n<p><strong>Frei Augusto Luiz\u00a0 Gabriel e Moacir Beggo<\/strong><\/p>\n<p><strong>S\u00e3o Paulo (SP)<\/strong> &#8211; N\u00e3o poderia ser diferente. Quem conhece o trabalho do Instituto dos Canarinhos de Petr\u00f3polis sabe que as apresenta\u00e7\u00f5es dos Corais masculino e feminino n\u00e3o t\u00eam similar no Brasil e muito raramente no exterior. Por isso, a apresenta\u00e7\u00e3o na Igreja S\u00e3o Francisco de Assis, na Vila Clementino, encantou os paulistanos nesta segunda-feira, 8 de outubro, \u00e0s 20 horas. Esta foi a segunda apresenta\u00e7\u00e3o do dia do Coral das Meninas dos Canarinhos de Petr\u00f3polis na Capital, j\u00e1 que antes, \u00e0s 14 horas, se apresentaram no projeto conhecido como &#8220;Ch\u00e1 do Padre&#8221;, do Servi\u00e7o Franciscano de Solidariedade (Sefras) e que atende a popula\u00e7\u00e3o em situa\u00e7\u00e3o de rua. Essas duas apresenta\u00e7\u00f5es deram in\u00edcio \u00e0 turn\u00ea que vai at\u00e9 o pr\u00f3ximo dia 14, marcando os 30 anos de funda\u00e7\u00e3o do Coral.<\/p>\n<p>Frei Valdecir Schwambach, p\u00e1roco da Par\u00f3quia S\u00e3o Francisco de Assis, na Vila Clementino, deu as boas vindas a todos. &#8220;\u00c9 uma noite de alegria, j\u00fabilo e contentamento para a nossa Par\u00f3quia&#8221;, disse. E realmente foi uma apresenta\u00e7\u00e3o emocionante.<\/p>\n<p>Dirigidas pelo maestro Marcelo Vizani, as Meninas come\u00e7aram conquistando o p\u00fablico logo de cara: &#8220;Romaria&#8221;, de Renato Teixeira. Na sequ\u00eancia, &#8220;Passarim&#8221;, de Tom Jobim; &#8220;Sapato Velho&#8221;, de Cl\u00e1udio Nucci e Paulinho Tapaj\u00f3s; &#8220;Les Avions&#8221;, de C. Barratier; &#8220;Con te partir\u00f2&#8221;, de Lucio Quarantatolo\/Francesco Sartori; e &#8220;Sambal\u00eale&#8221;, do folclore brasileiro. Veio, ent\u00e3o, o repert\u00f3rio sacro com &#8220;Laudate Dominum&#8221;, de Mozart; &#8220;Ave Maria&#8221;, de Deborah Lutz; &#8220;Memorare&#8221;, de Henrique Oswald; &#8220;Pie Jesu&#8221;, de Andrew Lloyd Weber; encerrando com &#8220;Laudate Pueri Domino&#8221;, de Felix Mendelssohn. O p\u00fablico foi \u00e0 loucura com a apresenta\u00e7\u00e3o e ganhou bis com &#8220;Aquarela do Brasil&#8221;, de Ari Barroso, para encerrar em grande estilo a noite.<\/p>\n<p><img loading=\"lazy\" class=\"aligncenter\" src=\"http:\/\/franciscanos.org.br\/wp-content\/uploads\/2018\/10\/meninas_081018_2.jpg\" alt=\"meninas_081018_2\" width=\"830\" height=\"623\" \/><\/p>\n<p>O Ministro Provincial, Frei Fid\u00eancio Vanboemmel, n\u00e3o escondeu sua alegria. &#8220;Eu vou repetir aquela velha frase: a m\u00fasica \u00e9 a linguagem universal da humanidade. Creio que as Meninas Canarinhos de Petr\u00f3polis conseguiram traduzir isso cantando em latim, em franc\u00eas, em portugu\u00eas, cantando m\u00fasicas polif\u00f4nicas, cantando e encantando ao mesmo tempo. Foi uma apresenta\u00e7\u00e3o com uma qualidade musical excelente, afina\u00e7\u00e3o perfeita, solistas \u00f3timas. Conseguiram dialogar com toda essa plateia que esteve aqui na igreja. Elas tamb\u00e9m, atrav\u00e9s de suas vozes, s\u00e3o proclamadoras da grandeza de Deus, que dialoga com a humanidade atrav\u00e9s da m\u00fasica&#8221;, elogiou Frei Fid\u00eancio.<\/p>\n<p>O Vig\u00e1rio Provincial Frei C\u00e9sar K\u00fclkamp \u00e9 tamb\u00e9m diretor do Instituto Meninos Cantores de Petr\u00f3polis. Segundo ele, o coral faz parte de uma institui\u00e7\u00e3o que j\u00e1 tem 76 anos de evangeliza\u00e7\u00e3o pela m\u00fasica. &#8220;Al\u00e9m disso, esse Instituto tem uma Escola de M\u00fasica como parte do trabalho de educa\u00e7\u00e3o e do trabalho social da nossa Prov\u00edncia Franciscana da Imaculada Concei\u00e7\u00e3o, que existe para evangelizar, encarnar os valores do pr\u00f3prio Evangelho e, ao mesmo tempo, proclam\u00e1-los ao mundo de hoje&#8221;, disse, explicando com detalhes as Frentes de Evangeliza\u00e7\u00e3o da Prov\u00edncia.<\/p>\n<p><img loading=\"lazy\" class=\"aligncenter\" src=\"http:\/\/franciscanos.org.br\/wp-content\/uploads\/2018\/10\/meninas_081018_1.jpg\" alt=\"meninas_081018_1\" width=\"830\" height=\"597\" \/><\/p>\n<p>Segundo Frei C\u00e9sar, o Instituto acolhe crian\u00e7as das institui\u00e7\u00f5es educacionais da Prov\u00edncia e, pelo menos uma metade dessas crian\u00e7as v\u00eam de outras institui\u00e7\u00f5es ou institui\u00e7\u00f5es p\u00fablicas. &#8220;Por isso \u00e9 um trabalho educacional e tamb\u00e9m social pela m\u00fasica. Pela presen\u00e7a dos educadores, pela presen\u00e7a dos frades, pela espiritualidade franciscana, essas crian\u00e7as se preparam para louvar a Deus atrav\u00e9s da m\u00fasica de qualidade&#8221;, explicou, lembrando que os Corais se revezam aos domingos nas celebra\u00e7\u00f5es da Igreja do Sagrado de Petr\u00f3polis.<\/p>\n<p>Para comemorar os 30 anos do Coral das Meninas, o Instituto programou uma turn\u00ea que ainda vai passar \u00a0tamb\u00e9m por Bragan\u00e7a Paulista, Campinas e termina em Curitiba no pr\u00f3ximo dia 14. A viagem contar\u00e1 com a presen\u00e7a de 38 cantoras e no dia 12, a data do anivers\u00e1rio do coral, participar\u00e1 de uma missa especial em Curitiba, presidida por Frei Marcos Ant\u00f4nio Andrade.<\/p>\n<p>Amanh\u00e3, dia 9 de outubro, \u00e0s 19h30, o Coral se apresenta na Catedral Nossa Senhora da Concei\u00e7\u00e3o de Bragan\u00e7a Paulista e, no dia 10 de outubro, no Anfiteatro da Universidade S\u00e3o Francisco\u00a0 (USF) na Unidade Swift, \u00e0s 19h30.<\/p>\n<p>Fundado em 1988 por Frei Jos\u00e9 Luiz Prim, o Coral das Meninas dos Canarinhos coleciona apresenta\u00e7\u00f5es memor\u00e1veis e participa\u00e7\u00f5es em grandes projetos, incluindo turn\u00eas pelo Brasil e em Portugal. Durante as quase tr\u00eas d\u00e9cadas de exist\u00eancia, apenas tr\u00eas maestros estiveram \u00e0 frente do coral: a professora Silvia Muniz, o maestro Gilberto Bittencourt e, desde 1998, o maestro Marcelo Vizani.<\/p>\n<p><strong>CONFIRA\u00a0AS APRESENTA\u00c7\u00d5ES EM V\u00cdDEO:<\/strong><\/p>\n<p><iframe loading=\"lazy\" src=\"https:\/\/www.youtube.com\/embed\/Ktn1Ugh19xQ\" width=\"100%\" height=\"480\" frameborder=\"0\" allowfullscreen=\"allowfullscreen\"><\/iframe><\/p>\n<p><iframe loading=\"lazy\" src=\"https:\/\/www.youtube.com\/embed\/VxrTzM2YN4E\" width=\"100%\" height=\"480\" frameborder=\"0\" allowfullscreen=\"allowfullscreen\"><\/iframe><\/p>\n<p><iframe loading=\"lazy\" src=\"https:\/\/www.youtube.com\/embed\/3M6bdGLyqZ4\" width=\"100%\" height=\"480\" frameborder=\"0\" allowfullscreen=\"allowfullscreen\"><\/iframe><\/p>\n<p><iframe loading=\"lazy\" src=\"https:\/\/www.youtube.com\/embed\/wyhvp22VFWk\" width=\"100%\" height=\"480\" frameborder=\"0\" allowfullscreen=\"allowfullscreen\"><\/iframe><\/p>\n<p><iframe loading=\"lazy\" src=\"https:\/\/www.youtube.com\/embed\/18tyUjTjoFE\" width=\"100%\" height=\"480\" frameborder=\"0\" allowfullscreen=\"allowfullscreen\"><\/iframe><\/p>\n<p><iframe loading=\"lazy\" src=\"https:\/\/www.youtube.com\/embed\/VuKQ4765yTk\" width=\"100%\" height=\"480\" frameborder=\"0\" allowfullscreen=\"allowfullscreen\"><\/iframe><\/p>\n<p><iframe loading=\"lazy\" src=\"https:\/\/www.youtube.com\/embed\/BIcLx4_5194\" width=\"100%\" height=\"480\" frameborder=\"0\" allowfullscreen=\"allowfullscreen\"><\/iframe><\/p>\n<p><iframe loading=\"lazy\" src=\"https:\/\/www.youtube.com\/embed\/Q64HQSkuggc\" width=\"100%\" height=\"480\" frameborder=\"0\" allowfullscreen=\"allowfullscreen\"><\/iframe><\/p>\n","protected":false},"excerpt":{"rendered":"<p>Instituto Canarinhos<\/p>\n","protected":false},"author":1,"featured_media":191455,"comment_status":"open","ping_status":"open","sticky":false,"template":"","format":"standard","meta":[],"categories":[1],"tags":[1531],"acf":[],"yoast_head":"<!-- This site is optimized with the Yoast SEO plugin v19.2 - https:\/\/yoast.com\/wordpress\/plugins\/seo\/ -->\n<title>Coral das Meninas dos Canarinhos encanta S\u00e3o Paulo - Not\u00edcias - Franciscanos<\/title>\n<meta name=\"robots\" content=\"index, follow, max-snippet:-1, max-image-preview:large, max-video-preview:-1\" \/>\n<link rel=\"canonical\" href=\"https:\/\/franciscanos.org.br\/noticias\/meninas-dos-canarinhos-encantam-sao-paulo.html\" \/>\n<meta property=\"og:locale\" content=\"pt_BR\" \/>\n<meta property=\"og:type\" content=\"article\" \/>\n<meta property=\"og:title\" content=\"Coral das Meninas dos Canarinhos encanta S\u00e3o Paulo - Not\u00edcias - Franciscanos\" \/>\n<meta property=\"og:description\" content=\"Instituto Canarinhos\" \/>\n<meta property=\"og:url\" content=\"https:\/\/franciscanos.org.br\/noticias\/meninas-dos-canarinhos-encantam-sao-paulo.html\" \/>\n<meta property=\"og:site_name\" content=\"Not\u00edcias - Franciscanos\" \/>\n<meta property=\"article:published_time\" content=\"2018-10-09T02:37:17+00:00\" \/>\n<meta property=\"article:modified_time\" content=\"2021-07-05T23:03:33+00:00\" \/>\n<meta property=\"og:image\" content=\"https:\/\/franciscanos.org.br\/noticias\/wp-content\/uploads\/2018\/10\/meninas_081018.jpg\" \/>\n\t<meta property=\"og:image:width\" content=\"273\" \/>\n\t<meta property=\"og:image:height\" content=\"181\" \/>\n\t<meta property=\"og:image:type\" content=\"image\/jpeg\" \/>\n<meta name=\"author\" content=\"admin\" \/>\n<meta name=\"twitter:card\" content=\"summary_large_image\" \/>\n<meta name=\"twitter:label1\" content=\"Escrito por\" \/>\n\t<meta name=\"twitter:data1\" content=\"admin\" \/>\n\t<meta name=\"twitter:label2\" content=\"Est. tempo de leitura\" \/>\n\t<meta name=\"twitter:data2\" content=\"4 minutos\" \/>\n<script type=\"application\/ld+json\" class=\"yoast-schema-graph\">{\"@context\":\"https:\/\/schema.org\",\"@graph\":[{\"@type\":\"WebSite\",\"@id\":\"https:\/\/franciscanos.org.br\/noticias\/#website\",\"url\":\"https:\/\/franciscanos.org.br\/noticias\/\",\"name\":\"Not\u00edcias - Franciscanos\",\"description\":\"Prov\u00edncia Franciscana da Imaculada Concei\u00e7\u00e3o do Brasil - Ordem dos Frades Menores - OFM\",\"potentialAction\":[{\"@type\":\"SearchAction\",\"target\":{\"@type\":\"EntryPoint\",\"urlTemplate\":\"https:\/\/franciscanos.org.br\/noticias\/?s={search_term_string}\"},\"query-input\":\"required name=search_term_string\"}],\"inLanguage\":\"pt-BR\"},{\"@type\":\"ImageObject\",\"inLanguage\":\"pt-BR\",\"@id\":\"https:\/\/franciscanos.org.br\/noticias\/meninas-dos-canarinhos-encantam-sao-paulo.html#primaryimage\",\"url\":\"https:\/\/franciscanos.org.br\/noticias\/wp-content\/uploads\/2018\/10\/meninas_081018.jpg\",\"contentUrl\":\"https:\/\/franciscanos.org.br\/noticias\/wp-content\/uploads\/2018\/10\/meninas_081018.jpg\",\"width\":273,\"height\":181},{\"@type\":\"WebPage\",\"@id\":\"https:\/\/franciscanos.org.br\/noticias\/meninas-dos-canarinhos-encantam-sao-paulo.html#webpage\",\"url\":\"https:\/\/franciscanos.org.br\/noticias\/meninas-dos-canarinhos-encantam-sao-paulo.html\",\"name\":\"Coral das Meninas dos Canarinhos encanta S\u00e3o Paulo - Not\u00edcias - Franciscanos\",\"isPartOf\":{\"@id\":\"https:\/\/franciscanos.org.br\/noticias\/#website\"},\"primaryImageOfPage\":{\"@id\":\"https:\/\/franciscanos.org.br\/noticias\/meninas-dos-canarinhos-encantam-sao-paulo.html#primaryimage\"},\"datePublished\":\"2018-10-09T02:37:17+00:00\",\"dateModified\":\"2021-07-05T23:03:33+00:00\",\"author\":{\"@id\":\"https:\/\/franciscanos.org.br\/noticias\/#\/schema\/person\/b38fbf43118f02820bd932f2e4b14ad3\"},\"breadcrumb\":{\"@id\":\"https:\/\/franciscanos.org.br\/noticias\/meninas-dos-canarinhos-encantam-sao-paulo.html#breadcrumb\"},\"inLanguage\":\"pt-BR\",\"potentialAction\":[{\"@type\":\"ReadAction\",\"target\":[\"https:\/\/franciscanos.org.br\/noticias\/meninas-dos-canarinhos-encantam-sao-paulo.html\"]}]},{\"@type\":\"BreadcrumbList\",\"@id\":\"https:\/\/franciscanos.org.br\/noticias\/meninas-dos-canarinhos-encantam-sao-paulo.html#breadcrumb\",\"itemListElement\":[{\"@type\":\"ListItem\",\"position\":1,\"name\":\"Home\",\"item\":\"https:\/\/franciscanos.org.br\/noticias\"},{\"@type\":\"ListItem\",\"position\":2,\"name\":\"Coral das Meninas dos Canarinhos encanta S\u00e3o Paulo\"}]},{\"@type\":\"Person\",\"@id\":\"https:\/\/franciscanos.org.br\/noticias\/#\/schema\/person\/b38fbf43118f02820bd932f2e4b14ad3\",\"name\":\"admin\",\"image\":{\"@type\":\"ImageObject\",\"inLanguage\":\"pt-BR\",\"@id\":\"https:\/\/franciscanos.org.br\/noticias\/#\/schema\/person\/image\/\",\"url\":\"https:\/\/secure.gravatar.com\/avatar\/e8495742d34d0ba6448ea1c628263b3e?s=96&d=mm&r=g\",\"contentUrl\":\"https:\/\/secure.gravatar.com\/avatar\/e8495742d34d0ba6448ea1c628263b3e?s=96&d=mm&r=g\",\"caption\":\"admin\"},\"url\":\"https:\/\/franciscanos.org.br\/noticias\/author\/admin\"}]}<\/script>\n<!-- \/ Yoast SEO plugin. -->","yoast_head_json":{"title":"Coral das Meninas dos Canarinhos encanta S\u00e3o Paulo - Not\u00edcias - Franciscanos","robots":{"index":"index","follow":"follow","max-snippet":"max-snippet:-1","max-image-preview":"max-image-preview:large","max-video-preview":"max-video-preview:-1"},"canonical":"https:\/\/franciscanos.org.br\/noticias\/meninas-dos-canarinhos-encantam-sao-paulo.html","og_locale":"pt_BR","og_type":"article","og_title":"Coral das Meninas dos Canarinhos encanta S\u00e3o Paulo - Not\u00edcias - Franciscanos","og_description":"Instituto Canarinhos","og_url":"https:\/\/franciscanos.org.br\/noticias\/meninas-dos-canarinhos-encantam-sao-paulo.html","og_site_name":"Not\u00edcias - Franciscanos","article_published_time":"2018-10-09T02:37:17+00:00","article_modified_time":"2021-07-05T23:03:33+00:00","og_image":[{"width":273,"height":181,"url":"https:\/\/franciscanos.org.br\/noticias\/wp-content\/uploads\/2018\/10\/meninas_081018.jpg","type":"image\/jpeg"}],"author":"admin","twitter_card":"summary_large_image","twitter_misc":{"Escrito por":"admin","Est. tempo de leitura":"4 minutos"},"schema":{"@context":"https:\/\/schema.org","@graph":[{"@type":"WebSite","@id":"https:\/\/franciscanos.org.br\/noticias\/#website","url":"https:\/\/franciscanos.org.br\/noticias\/","name":"Not\u00edcias - Franciscanos","description":"Prov\u00edncia Franciscana da Imaculada Concei\u00e7\u00e3o do Brasil - Ordem dos Frades Menores - OFM","potentialAction":[{"@type":"SearchAction","target":{"@type":"EntryPoint","urlTemplate":"https:\/\/franciscanos.org.br\/noticias\/?s={search_term_string}"},"query-input":"required name=search_term_string"}],"inLanguage":"pt-BR"},{"@type":"ImageObject","inLanguage":"pt-BR","@id":"https:\/\/franciscanos.org.br\/noticias\/meninas-dos-canarinhos-encantam-sao-paulo.html#primaryimage","url":"https:\/\/franciscanos.org.br\/noticias\/wp-content\/uploads\/2018\/10\/meninas_081018.jpg","contentUrl":"https:\/\/franciscanos.org.br\/noticias\/wp-content\/uploads\/2018\/10\/meninas_081018.jpg","width":273,"height":181},{"@type":"WebPage","@id":"https:\/\/franciscanos.org.br\/noticias\/meninas-dos-canarinhos-encantam-sao-paulo.html#webpage","url":"https:\/\/franciscanos.org.br\/noticias\/meninas-dos-canarinhos-encantam-sao-paulo.html","name":"Coral das Meninas dos Canarinhos encanta S\u00e3o Paulo - Not\u00edcias - Franciscanos","isPartOf":{"@id":"https:\/\/franciscanos.org.br\/noticias\/#website"},"primaryImageOfPage":{"@id":"https:\/\/franciscanos.org.br\/noticias\/meninas-dos-canarinhos-encantam-sao-paulo.html#primaryimage"},"datePublished":"2018-10-09T02:37:17+00:00","dateModified":"2021-07-05T23:03:33+00:00","author":{"@id":"https:\/\/franciscanos.org.br\/noticias\/#\/schema\/person\/b38fbf43118f02820bd932f2e4b14ad3"},"breadcrumb":{"@id":"https:\/\/franciscanos.org.br\/noticias\/meninas-dos-canarinhos-encantam-sao-paulo.html#breadcrumb"},"inLanguage":"pt-BR","potentialAction":[{"@type":"ReadAction","target":["https:\/\/franciscanos.org.br\/noticias\/meninas-dos-canarinhos-encantam-sao-paulo.html"]}]},{"@type":"BreadcrumbList","@id":"https:\/\/franciscanos.org.br\/noticias\/meninas-dos-canarinhos-encantam-sao-paulo.html#breadcrumb","itemListElement":[{"@type":"ListItem","position":1,"name":"Home","item":"https:\/\/franciscanos.org.br\/noticias"},{"@type":"ListItem","position":2,"name":"Coral das Meninas dos Canarinhos encanta S\u00e3o Paulo"}]},{"@type":"Person","@id":"https:\/\/franciscanos.org.br\/noticias\/#\/schema\/person\/b38fbf43118f02820bd932f2e4b14ad3","name":"admin","image":{"@type":"ImageObject","inLanguage":"pt-BR","@id":"https:\/\/franciscanos.org.br\/noticias\/#\/schema\/person\/image\/","url":"https:\/\/secure.gravatar.com\/avatar\/e8495742d34d0ba6448ea1c628263b3e?s=96&d=mm&r=g","contentUrl":"https:\/\/secure.gravatar.com\/avatar\/e8495742d34d0ba6448ea1c628263b3e?s=96&d=mm&r=g","caption":"admin"},"url":"https:\/\/franciscanos.org.br\/noticias\/author\/admin"}]}},"_links":{"self":[{"href":"https:\/\/franciscanos.org.br\/noticias\/wp-json\/wp\/v2\/posts\/187664"}],"collection":[{"href":"https:\/\/franciscanos.org.br\/noticias\/wp-json\/wp\/v2\/posts"}],"about":[{"href":"https:\/\/franciscanos.org.br\/noticias\/wp-json\/wp\/v2\/types\/post"}],"author":[{"embeddable":true,"href":"https:\/\/franciscanos.org.br\/noticias\/wp-json\/wp\/v2\/users\/1"}],"replies":[{"embeddable":true,"href":"https:\/\/franciscanos.org.br\/noticias\/wp-json\/wp\/v2\/comments?post=187664"}],"version-history":[{"count":1,"href":"https:\/\/franciscanos.org.br\/noticias\/wp-json\/wp\/v2\/posts\/187664\/revisions"}],"predecessor-version":[{"id":232873,"href":"https:\/\/franciscanos.org.br\/noticias\/wp-json\/wp\/v2\/posts\/187664\/revisions\/232873"}],"wp:featuredmedia":[{"embeddable":true,"href":"https:\/\/franciscanos.org.br\/noticias\/wp-json\/wp\/v2\/media\/191455"}],"wp:attachment":[{"href":"https:\/\/franciscanos.org.br\/noticias\/wp-json\/wp\/v2\/media?parent=187664"}],"wp:term":[{"taxonomy":"category","embeddable":true,"href":"https:\/\/franciscanos.org.br\/noticias\/wp-json\/wp\/v2\/categories?post=187664"},{"taxonomy":"post_tag","embeddable":true,"href":"https:\/\/franciscanos.org.br\/noticias\/wp-json\/wp\/v2\/tags?post=187664"}],"curies":[{"name":"wp","href":"https:\/\/api.w.org\/{rel}","templated":true}]}}