{"id":18672,"date":"2012-06-04T09:06:09","date_gmt":"2012-06-04T12:06:09","guid":{"rendered":"http:\/\/new.franciscanos.org.br\/?p=18672"},"modified":"2019-09-27T10:20:19","modified_gmt":"2019-09-27T13:20:19","slug":"semana-missionaria","status":"publish","type":"post","link":"https:\/\/franciscanos.org.br\/noticias\/semana-missionaria.html","title":{"rendered":"Semana Mission\u00e1ria"},"content":{"rendered":"<p><a href=\"http:\/\/franciscanos.org.br\/wp-content\/uploads\/2012\/06\/2441_040612.jpg\"><img loading=\"lazy\" class=\"alignright size-full wp-image-18674\" title=\"2441_040612\" src=\"http:\/\/franciscanos.org.br\/wp-content\/uploads\/2012\/06\/2441_040612.jpg\" alt=\"\" width=\"400\" height=\"288\" \/><\/a>Em virtude da ordena\u00e7\u00e3o de Frei Alberto Eckel, sob orienta\u00e7\u00e3o de Frei Pedro da Silva e Frei Diego Atalino realizou-se entre os dias 23 a 25 em Indaial (Diocese de Blumenau), a Semana Mission\u00e1ria Vocacional, na qual fizemos visitas \u00e0s fam\u00edlias cat\u00f3licas e algumas evang\u00e9licas, refletimos o evangelho de Jo\u00e3o 20,19-22 e, acima de tudo, convidamos e desejamos a Paz, Paz e o Bem e uma viv\u00eancia no esp\u00edrito. O objetivo era, sobretudo, <strong>ser uma presen\u00e7a<\/strong> junto aos irm\u00e3os e irm\u00e3s, no povo de Deus.<br \/>\nAssim, sa\u00edmos numa manh\u00e3 fria pelas oito horas para dar in\u00edcio \u00e0 t\u00e3o bela miss\u00e3o e retornamos no final da tarde com um cansa\u00e7o de satisfa\u00e7\u00e3o, um brilho no rosto e um sorriso de agradecimento a Deus por esse povo sedento d\u2019Ele. Connosco participaram as Irm\u00e3s Franciscanas de S\u00e3o Jos\u00e9, al\u00e9m dos padres da \u00e1rea pastoral S\u00e3o Francisco, Frei Adailton Santiago, Paulo C\u00e9sar Ferreira, Pascal Fusinato e demais confrades. Como \u00e9 bom e at\u00e9 curioso ver como as pessoas se \u201crejuvenescem\u201d &#8211; se assim podemos dizer &#8211; depois de uma visita de algum mission\u00e1rio\/a, irm\u00e3 ou padre: <strong>O povo tem Hist\u00f3rias para contar, palavras para desabafar e necessita de um ouvido confiante e atento, do ouvido de Deus<\/strong>. No final, uma satisfa\u00e7\u00e3o de alegria: <em>Ah, como \u00e9 bom estarmos aqui&#8230;! <\/em>Tudo terminou com \u201co lanche de despedida de solteiro\u201d do ordenando, na sexta-feira ap\u00f3s Missa vespertina na Comunidade s\u00e3o Francisco.<br \/>\n<strong>Frei Santana S. Cafunda, novi\u00e7o angolano<\/strong><\/p>\n","protected":false},"excerpt":{"rendered":"<p>Noviciado<\/p>\n","protected":false},"author":1,"featured_media":211612,"comment_status":"closed","ping_status":"closed","sticky":false,"template":"","format":"standard","meta":[],"categories":[1],"tags":[135],"acf":[],"yoast_head":"<!-- This site is optimized with the Yoast SEO plugin v19.2 - https:\/\/yoast.com\/wordpress\/plugins\/seo\/ -->\n<title>Semana Mission\u00e1ria - Not\u00edcias - Franciscanos<\/title>\n<meta name=\"robots\" content=\"index, follow, max-snippet:-1, max-image-preview:large, max-video-preview:-1\" \/>\n<link rel=\"canonical\" href=\"https:\/\/franciscanos.org.br\/noticias\/semana-missionaria.html\" \/>\n<meta property=\"og:locale\" content=\"pt_BR\" \/>\n<meta property=\"og:type\" content=\"article\" \/>\n<meta property=\"og:title\" content=\"Semana Mission\u00e1ria - Not\u00edcias - Franciscanos\" \/>\n<meta property=\"og:description\" content=\"Noviciado\" \/>\n<meta property=\"og:url\" content=\"https:\/\/franciscanos.org.br\/noticias\/semana-missionaria.html\" \/>\n<meta property=\"og:site_name\" content=\"Not\u00edcias - Franciscanos\" \/>\n<meta property=\"article:published_time\" content=\"2012-06-04T12:06:09+00:00\" \/>\n<meta property=\"article:modified_time\" content=\"2019-09-27T13:20:19+00:00\" \/>\n<meta property=\"og:image\" content=\"https:\/\/franciscanos.org.br\/noticias\/wp-content\/uploads\/2012\/06\/2441_040612.jpg\" \/>\n\t<meta property=\"og:image:width\" content=\"273\" \/>\n\t<meta property=\"og:image:height\" content=\"181\" \/>\n\t<meta property=\"og:image:type\" content=\"image\/jpeg\" \/>\n<meta name=\"author\" content=\"admin\" \/>\n<meta name=\"twitter:card\" content=\"summary_large_image\" \/>\n<meta name=\"twitter:label1\" content=\"Escrito por\" \/>\n\t<meta name=\"twitter:data1\" content=\"admin\" \/>\n\t<meta name=\"twitter:label2\" content=\"Est. tempo de leitura\" \/>\n\t<meta name=\"twitter:data2\" content=\"1 minuto\" \/>\n<script type=\"application\/ld+json\" class=\"yoast-schema-graph\">{\"@context\":\"https:\/\/schema.org\",\"@graph\":[{\"@type\":\"WebSite\",\"@id\":\"https:\/\/franciscanos.org.br\/noticias\/#website\",\"url\":\"https:\/\/franciscanos.org.br\/noticias\/\",\"name\":\"Not\u00edcias - Franciscanos\",\"description\":\"Prov\u00edncia Franciscana da Imaculada Concei\u00e7\u00e3o do Brasil - Ordem dos Frades Menores - OFM\",\"potentialAction\":[{\"@type\":\"SearchAction\",\"target\":{\"@type\":\"EntryPoint\",\"urlTemplate\":\"https:\/\/franciscanos.org.br\/noticias\/?s={search_term_string}\"},\"query-input\":\"required name=search_term_string\"}],\"inLanguage\":\"pt-BR\"},{\"@type\":\"ImageObject\",\"inLanguage\":\"pt-BR\",\"@id\":\"https:\/\/franciscanos.org.br\/noticias\/semana-missionaria.html#primaryimage\",\"url\":\"https:\/\/franciscanos.org.br\/noticias\/wp-content\/uploads\/2012\/06\/2441_040612.jpg\",\"contentUrl\":\"https:\/\/franciscanos.org.br\/noticias\/wp-content\/uploads\/2012\/06\/2441_040612.jpg\",\"width\":273,\"height\":181},{\"@type\":\"WebPage\",\"@id\":\"https:\/\/franciscanos.org.br\/noticias\/semana-missionaria.html#webpage\",\"url\":\"https:\/\/franciscanos.org.br\/noticias\/semana-missionaria.html\",\"name\":\"Semana Mission\u00e1ria - Not\u00edcias - Franciscanos\",\"isPartOf\":{\"@id\":\"https:\/\/franciscanos.org.br\/noticias\/#website\"},\"primaryImageOfPage\":{\"@id\":\"https:\/\/franciscanos.org.br\/noticias\/semana-missionaria.html#primaryimage\"},\"datePublished\":\"2012-06-04T12:06:09+00:00\",\"dateModified\":\"2019-09-27T13:20:19+00:00\",\"author\":{\"@id\":\"https:\/\/franciscanos.org.br\/noticias\/#\/schema\/person\/b38fbf43118f02820bd932f2e4b14ad3\"},\"breadcrumb\":{\"@id\":\"https:\/\/franciscanos.org.br\/noticias\/semana-missionaria.html#breadcrumb\"},\"inLanguage\":\"pt-BR\",\"potentialAction\":[{\"@type\":\"ReadAction\",\"target\":[\"https:\/\/franciscanos.org.br\/noticias\/semana-missionaria.html\"]}]},{\"@type\":\"BreadcrumbList\",\"@id\":\"https:\/\/franciscanos.org.br\/noticias\/semana-missionaria.html#breadcrumb\",\"itemListElement\":[{\"@type\":\"ListItem\",\"position\":1,\"name\":\"Home\",\"item\":\"https:\/\/franciscanos.org.br\/noticias\"},{\"@type\":\"ListItem\",\"position\":2,\"name\":\"Semana Mission\u00e1ria\"}]},{\"@type\":\"Person\",\"@id\":\"https:\/\/franciscanos.org.br\/noticias\/#\/schema\/person\/b38fbf43118f02820bd932f2e4b14ad3\",\"name\":\"admin\",\"image\":{\"@type\":\"ImageObject\",\"inLanguage\":\"pt-BR\",\"@id\":\"https:\/\/franciscanos.org.br\/noticias\/#\/schema\/person\/image\/\",\"url\":\"https:\/\/secure.gravatar.com\/avatar\/e8495742d34d0ba6448ea1c628263b3e?s=96&d=mm&r=g\",\"contentUrl\":\"https:\/\/secure.gravatar.com\/avatar\/e8495742d34d0ba6448ea1c628263b3e?s=96&d=mm&r=g\",\"caption\":\"admin\"},\"url\":\"https:\/\/franciscanos.org.br\/noticias\/author\/admin\"}]}<\/script>\n<!-- \/ Yoast SEO plugin. -->","yoast_head_json":{"title":"Semana Mission\u00e1ria - Not\u00edcias - Franciscanos","robots":{"index":"index","follow":"follow","max-snippet":"max-snippet:-1","max-image-preview":"max-image-preview:large","max-video-preview":"max-video-preview:-1"},"canonical":"https:\/\/franciscanos.org.br\/noticias\/semana-missionaria.html","og_locale":"pt_BR","og_type":"article","og_title":"Semana Mission\u00e1ria - Not\u00edcias - Franciscanos","og_description":"Noviciado","og_url":"https:\/\/franciscanos.org.br\/noticias\/semana-missionaria.html","og_site_name":"Not\u00edcias - Franciscanos","article_published_time":"2012-06-04T12:06:09+00:00","article_modified_time":"2019-09-27T13:20:19+00:00","og_image":[{"width":273,"height":181,"url":"https:\/\/franciscanos.org.br\/noticias\/wp-content\/uploads\/2012\/06\/2441_040612.jpg","type":"image\/jpeg"}],"author":"admin","twitter_card":"summary_large_image","twitter_misc":{"Escrito por":"admin","Est. tempo de leitura":"1 minuto"},"schema":{"@context":"https:\/\/schema.org","@graph":[{"@type":"WebSite","@id":"https:\/\/franciscanos.org.br\/noticias\/#website","url":"https:\/\/franciscanos.org.br\/noticias\/","name":"Not\u00edcias - Franciscanos","description":"Prov\u00edncia Franciscana da Imaculada Concei\u00e7\u00e3o do Brasil - Ordem dos Frades Menores - OFM","potentialAction":[{"@type":"SearchAction","target":{"@type":"EntryPoint","urlTemplate":"https:\/\/franciscanos.org.br\/noticias\/?s={search_term_string}"},"query-input":"required name=search_term_string"}],"inLanguage":"pt-BR"},{"@type":"ImageObject","inLanguage":"pt-BR","@id":"https:\/\/franciscanos.org.br\/noticias\/semana-missionaria.html#primaryimage","url":"https:\/\/franciscanos.org.br\/noticias\/wp-content\/uploads\/2012\/06\/2441_040612.jpg","contentUrl":"https:\/\/franciscanos.org.br\/noticias\/wp-content\/uploads\/2012\/06\/2441_040612.jpg","width":273,"height":181},{"@type":"WebPage","@id":"https:\/\/franciscanos.org.br\/noticias\/semana-missionaria.html#webpage","url":"https:\/\/franciscanos.org.br\/noticias\/semana-missionaria.html","name":"Semana Mission\u00e1ria - Not\u00edcias - Franciscanos","isPartOf":{"@id":"https:\/\/franciscanos.org.br\/noticias\/#website"},"primaryImageOfPage":{"@id":"https:\/\/franciscanos.org.br\/noticias\/semana-missionaria.html#primaryimage"},"datePublished":"2012-06-04T12:06:09+00:00","dateModified":"2019-09-27T13:20:19+00:00","author":{"@id":"https:\/\/franciscanos.org.br\/noticias\/#\/schema\/person\/b38fbf43118f02820bd932f2e4b14ad3"},"breadcrumb":{"@id":"https:\/\/franciscanos.org.br\/noticias\/semana-missionaria.html#breadcrumb"},"inLanguage":"pt-BR","potentialAction":[{"@type":"ReadAction","target":["https:\/\/franciscanos.org.br\/noticias\/semana-missionaria.html"]}]},{"@type":"BreadcrumbList","@id":"https:\/\/franciscanos.org.br\/noticias\/semana-missionaria.html#breadcrumb","itemListElement":[{"@type":"ListItem","position":1,"name":"Home","item":"https:\/\/franciscanos.org.br\/noticias"},{"@type":"ListItem","position":2,"name":"Semana Mission\u00e1ria"}]},{"@type":"Person","@id":"https:\/\/franciscanos.org.br\/noticias\/#\/schema\/person\/b38fbf43118f02820bd932f2e4b14ad3","name":"admin","image":{"@type":"ImageObject","inLanguage":"pt-BR","@id":"https:\/\/franciscanos.org.br\/noticias\/#\/schema\/person\/image\/","url":"https:\/\/secure.gravatar.com\/avatar\/e8495742d34d0ba6448ea1c628263b3e?s=96&d=mm&r=g","contentUrl":"https:\/\/secure.gravatar.com\/avatar\/e8495742d34d0ba6448ea1c628263b3e?s=96&d=mm&r=g","caption":"admin"},"url":"https:\/\/franciscanos.org.br\/noticias\/author\/admin"}]}},"_links":{"self":[{"href":"https:\/\/franciscanos.org.br\/noticias\/wp-json\/wp\/v2\/posts\/18672"}],"collection":[{"href":"https:\/\/franciscanos.org.br\/noticias\/wp-json\/wp\/v2\/posts"}],"about":[{"href":"https:\/\/franciscanos.org.br\/noticias\/wp-json\/wp\/v2\/types\/post"}],"author":[{"embeddable":true,"href":"https:\/\/franciscanos.org.br\/noticias\/wp-json\/wp\/v2\/users\/1"}],"replies":[{"embeddable":true,"href":"https:\/\/franciscanos.org.br\/noticias\/wp-json\/wp\/v2\/comments?post=18672"}],"version-history":[{"count":0,"href":"https:\/\/franciscanos.org.br\/noticias\/wp-json\/wp\/v2\/posts\/18672\/revisions"}],"wp:featuredmedia":[{"embeddable":true,"href":"https:\/\/franciscanos.org.br\/noticias\/wp-json\/wp\/v2\/media\/211612"}],"wp:attachment":[{"href":"https:\/\/franciscanos.org.br\/noticias\/wp-json\/wp\/v2\/media?parent=18672"}],"wp:term":[{"taxonomy":"category","embeddable":true,"href":"https:\/\/franciscanos.org.br\/noticias\/wp-json\/wp\/v2\/categories?post=18672"},{"taxonomy":"post_tag","embeddable":true,"href":"https:\/\/franciscanos.org.br\/noticias\/wp-json\/wp\/v2\/tags?post=18672"}],"curies":[{"name":"wp","href":"https:\/\/api.w.org\/{rel}","templated":true}]}}