{"id":18667,"date":"2012-06-04T09:02:06","date_gmt":"2012-06-04T12:02:06","guid":{"rendered":"http:\/\/new.franciscanos.org.br\/?p=18667"},"modified":"2019-04-25T10:54:58","modified_gmt":"2019-04-25T13:54:58","slug":"novinter-reune-varias-nacionalidades","status":"publish","type":"post","link":"https:\/\/franciscanos.org.br\/noticias\/novinter-reune-varias-nacionalidades.html","title":{"rendered":"Novinter re\u00fane v\u00e1rias nacionalidades"},"content":{"rendered":"<p><a href=\"http:\/\/franciscanos.org.br\/wp-content\/uploads\/2012\/06\/2440_040612.jpg\"><img loading=\"lazy\" class=\"alignright size-full wp-image-18670\" title=\"2440_040612\" src=\"http:\/\/franciscanos.org.br\/wp-content\/uploads\/2012\/06\/2440_040612.jpg\" alt=\"\" width=\"495\" height=\"369\" \/><\/a>Com grande alegria e j\u00fabilo, acolhemos entre os dias 28\/05 a 01\/06 o segundo Novinter (Encontro dos Novi\u00e7os e Novi\u00e7as de Ordens e Congrega\u00e7\u00f5es de Santa Catarina) deste ano no Noviciado S\u00e3o Jos\u00e9 de Rodeio (SC), onde participaram novi\u00e7os Dehonianos, Capuchinhos e n\u00f3s, Franciscanos, enriquecido com a diversidade de nacionalidades: angolana, argentina, brasileira e paraguaia, sob orienta\u00e7\u00e3o dos mestres e da irm\u00e3 Terezinha Sotopietra (palestrante), Provincial das irm\u00e3s Catequistas Franciscanas de Rio do Sul (SC). Dia feliz \u00e9 este em que Frei Samuel Ferreira de Lima aniversariou e a turma recheada pelos irm\u00e3os acima citados coloriu o momento com um pequeno jogral para parabeniz\u00e1-lo.<br \/>\nDepois de um encontro fraterno, iniciamos nossa primeira confer\u00eancia pelas 14h30 e terminamos as 17h e assim demos \u201co pontap\u00e9 de sa\u00edda\u201d com as nossas confer\u00eancias, permeadas de anima\u00e7\u00f5es em v\u00e1rias l\u00ednguas ou dialetos e que culminou com o retiro e a partilha, no dia 1\u00ba, \u00a0no Eremit\u00e9rio Frei Eg\u00eddio. Durante esse per\u00edodo, cujo teor foi \u201cA Teologia da Vida Religiosa Consagrada\u201d p\u00f4de assentar nossas ideias e vislumbrar um pouco mais de luz. \u00a0Com grande satisfa\u00e7\u00e3o enxergamos a unidade na diversidade.<br \/>\nNota: Enquanto acontecia nossa confer\u00eancia, decorria tamb\u00e9m no dia 28\/05 a reuni\u00e3o do Departamento dos Formadores (da Prov\u00edncia) nas diversas etapas no Noviciado S\u00e3o Jos\u00e9. E no dia 30\/05, no mesmo local, houve a reuni\u00e3o dos Formadores da CRB &#8211; SC.<br \/>\n<strong>Frei Santana Cafunda, OFM<\/strong><\/p>\n","protected":false},"excerpt":{"rendered":"<p>Noviciado<\/p>\n","protected":false},"author":1,"featured_media":203367,"comment_status":"closed","ping_status":"closed","sticky":false,"template":"","format":"standard","meta":[],"categories":[1],"tags":[135,635],"acf":[],"yoast_head":"<!-- This site is optimized with the Yoast SEO plugin v19.2 - https:\/\/yoast.com\/wordpress\/plugins\/seo\/ -->\n<title>Novinter re\u00fane v\u00e1rias nacionalidades - Not\u00edcias - Franciscanos<\/title>\n<meta name=\"robots\" content=\"index, follow, max-snippet:-1, max-image-preview:large, max-video-preview:-1\" \/>\n<link rel=\"canonical\" href=\"https:\/\/franciscanos.org.br\/noticias\/novinter-reune-varias-nacionalidades.html\" \/>\n<meta property=\"og:locale\" content=\"pt_BR\" \/>\n<meta property=\"og:type\" content=\"article\" \/>\n<meta property=\"og:title\" content=\"Novinter re\u00fane v\u00e1rias nacionalidades - Not\u00edcias - Franciscanos\" \/>\n<meta property=\"og:description\" content=\"Noviciado\" \/>\n<meta property=\"og:url\" content=\"https:\/\/franciscanos.org.br\/noticias\/novinter-reune-varias-nacionalidades.html\" \/>\n<meta property=\"og:site_name\" content=\"Not\u00edcias - Franciscanos\" \/>\n<meta property=\"article:published_time\" content=\"2012-06-04T12:02:06+00:00\" \/>\n<meta property=\"article:modified_time\" content=\"2019-04-25T13:54:58+00:00\" \/>\n<meta property=\"og:image\" content=\"https:\/\/franciscanos.org.br\/noticias\/wp-content\/uploads\/2012\/06\/2440_040612.jpg\" \/>\n\t<meta property=\"og:image:width\" content=\"273\" \/>\n\t<meta property=\"og:image:height\" content=\"181\" \/>\n\t<meta property=\"og:image:type\" content=\"image\/jpeg\" \/>\n<meta name=\"author\" content=\"admin\" \/>\n<meta name=\"twitter:card\" content=\"summary_large_image\" \/>\n<meta name=\"twitter:label1\" content=\"Escrito por\" \/>\n\t<meta name=\"twitter:data1\" content=\"admin\" \/>\n\t<meta name=\"twitter:label2\" content=\"Est. tempo de leitura\" \/>\n\t<meta name=\"twitter:data2\" content=\"1 minuto\" \/>\n<script type=\"application\/ld+json\" class=\"yoast-schema-graph\">{\"@context\":\"https:\/\/schema.org\",\"@graph\":[{\"@type\":\"WebSite\",\"@id\":\"https:\/\/franciscanos.org.br\/noticias\/#website\",\"url\":\"https:\/\/franciscanos.org.br\/noticias\/\",\"name\":\"Not\u00edcias - Franciscanos\",\"description\":\"Prov\u00edncia Franciscana da Imaculada Concei\u00e7\u00e3o do Brasil - Ordem dos Frades Menores - OFM\",\"potentialAction\":[{\"@type\":\"SearchAction\",\"target\":{\"@type\":\"EntryPoint\",\"urlTemplate\":\"https:\/\/franciscanos.org.br\/noticias\/?s={search_term_string}\"},\"query-input\":\"required name=search_term_string\"}],\"inLanguage\":\"pt-BR\"},{\"@type\":\"ImageObject\",\"inLanguage\":\"pt-BR\",\"@id\":\"https:\/\/franciscanos.org.br\/noticias\/novinter-reune-varias-nacionalidades.html#primaryimage\",\"url\":\"https:\/\/franciscanos.org.br\/noticias\/wp-content\/uploads\/2012\/06\/2440_040612.jpg\",\"contentUrl\":\"https:\/\/franciscanos.org.br\/noticias\/wp-content\/uploads\/2012\/06\/2440_040612.jpg\",\"width\":273,\"height\":181},{\"@type\":\"WebPage\",\"@id\":\"https:\/\/franciscanos.org.br\/noticias\/novinter-reune-varias-nacionalidades.html#webpage\",\"url\":\"https:\/\/franciscanos.org.br\/noticias\/novinter-reune-varias-nacionalidades.html\",\"name\":\"Novinter re\u00fane v\u00e1rias nacionalidades - Not\u00edcias - Franciscanos\",\"isPartOf\":{\"@id\":\"https:\/\/franciscanos.org.br\/noticias\/#website\"},\"primaryImageOfPage\":{\"@id\":\"https:\/\/franciscanos.org.br\/noticias\/novinter-reune-varias-nacionalidades.html#primaryimage\"},\"datePublished\":\"2012-06-04T12:02:06+00:00\",\"dateModified\":\"2019-04-25T13:54:58+00:00\",\"author\":{\"@id\":\"https:\/\/franciscanos.org.br\/noticias\/#\/schema\/person\/b38fbf43118f02820bd932f2e4b14ad3\"},\"breadcrumb\":{\"@id\":\"https:\/\/franciscanos.org.br\/noticias\/novinter-reune-varias-nacionalidades.html#breadcrumb\"},\"inLanguage\":\"pt-BR\",\"potentialAction\":[{\"@type\":\"ReadAction\",\"target\":[\"https:\/\/franciscanos.org.br\/noticias\/novinter-reune-varias-nacionalidades.html\"]}]},{\"@type\":\"BreadcrumbList\",\"@id\":\"https:\/\/franciscanos.org.br\/noticias\/novinter-reune-varias-nacionalidades.html#breadcrumb\",\"itemListElement\":[{\"@type\":\"ListItem\",\"position\":1,\"name\":\"Home\",\"item\":\"https:\/\/franciscanos.org.br\/noticias\"},{\"@type\":\"ListItem\",\"position\":2,\"name\":\"Novinter re\u00fane v\u00e1rias nacionalidades\"}]},{\"@type\":\"Person\",\"@id\":\"https:\/\/franciscanos.org.br\/noticias\/#\/schema\/person\/b38fbf43118f02820bd932f2e4b14ad3\",\"name\":\"admin\",\"image\":{\"@type\":\"ImageObject\",\"inLanguage\":\"pt-BR\",\"@id\":\"https:\/\/franciscanos.org.br\/noticias\/#\/schema\/person\/image\/\",\"url\":\"https:\/\/secure.gravatar.com\/avatar\/e8495742d34d0ba6448ea1c628263b3e?s=96&d=mm&r=g\",\"contentUrl\":\"https:\/\/secure.gravatar.com\/avatar\/e8495742d34d0ba6448ea1c628263b3e?s=96&d=mm&r=g\",\"caption\":\"admin\"},\"url\":\"https:\/\/franciscanos.org.br\/noticias\/author\/admin\"}]}<\/script>\n<!-- \/ Yoast SEO plugin. -->","yoast_head_json":{"title":"Novinter re\u00fane v\u00e1rias nacionalidades - Not\u00edcias - Franciscanos","robots":{"index":"index","follow":"follow","max-snippet":"max-snippet:-1","max-image-preview":"max-image-preview:large","max-video-preview":"max-video-preview:-1"},"canonical":"https:\/\/franciscanos.org.br\/noticias\/novinter-reune-varias-nacionalidades.html","og_locale":"pt_BR","og_type":"article","og_title":"Novinter re\u00fane v\u00e1rias nacionalidades - Not\u00edcias - Franciscanos","og_description":"Noviciado","og_url":"https:\/\/franciscanos.org.br\/noticias\/novinter-reune-varias-nacionalidades.html","og_site_name":"Not\u00edcias - Franciscanos","article_published_time":"2012-06-04T12:02:06+00:00","article_modified_time":"2019-04-25T13:54:58+00:00","og_image":[{"width":273,"height":181,"url":"https:\/\/franciscanos.org.br\/noticias\/wp-content\/uploads\/2012\/06\/2440_040612.jpg","type":"image\/jpeg"}],"author":"admin","twitter_card":"summary_large_image","twitter_misc":{"Escrito por":"admin","Est. tempo de leitura":"1 minuto"},"schema":{"@context":"https:\/\/schema.org","@graph":[{"@type":"WebSite","@id":"https:\/\/franciscanos.org.br\/noticias\/#website","url":"https:\/\/franciscanos.org.br\/noticias\/","name":"Not\u00edcias - Franciscanos","description":"Prov\u00edncia Franciscana da Imaculada Concei\u00e7\u00e3o do Brasil - Ordem dos Frades Menores - OFM","potentialAction":[{"@type":"SearchAction","target":{"@type":"EntryPoint","urlTemplate":"https:\/\/franciscanos.org.br\/noticias\/?s={search_term_string}"},"query-input":"required name=search_term_string"}],"inLanguage":"pt-BR"},{"@type":"ImageObject","inLanguage":"pt-BR","@id":"https:\/\/franciscanos.org.br\/noticias\/novinter-reune-varias-nacionalidades.html#primaryimage","url":"https:\/\/franciscanos.org.br\/noticias\/wp-content\/uploads\/2012\/06\/2440_040612.jpg","contentUrl":"https:\/\/franciscanos.org.br\/noticias\/wp-content\/uploads\/2012\/06\/2440_040612.jpg","width":273,"height":181},{"@type":"WebPage","@id":"https:\/\/franciscanos.org.br\/noticias\/novinter-reune-varias-nacionalidades.html#webpage","url":"https:\/\/franciscanos.org.br\/noticias\/novinter-reune-varias-nacionalidades.html","name":"Novinter re\u00fane v\u00e1rias nacionalidades - Not\u00edcias - Franciscanos","isPartOf":{"@id":"https:\/\/franciscanos.org.br\/noticias\/#website"},"primaryImageOfPage":{"@id":"https:\/\/franciscanos.org.br\/noticias\/novinter-reune-varias-nacionalidades.html#primaryimage"},"datePublished":"2012-06-04T12:02:06+00:00","dateModified":"2019-04-25T13:54:58+00:00","author":{"@id":"https:\/\/franciscanos.org.br\/noticias\/#\/schema\/person\/b38fbf43118f02820bd932f2e4b14ad3"},"breadcrumb":{"@id":"https:\/\/franciscanos.org.br\/noticias\/novinter-reune-varias-nacionalidades.html#breadcrumb"},"inLanguage":"pt-BR","potentialAction":[{"@type":"ReadAction","target":["https:\/\/franciscanos.org.br\/noticias\/novinter-reune-varias-nacionalidades.html"]}]},{"@type":"BreadcrumbList","@id":"https:\/\/franciscanos.org.br\/noticias\/novinter-reune-varias-nacionalidades.html#breadcrumb","itemListElement":[{"@type":"ListItem","position":1,"name":"Home","item":"https:\/\/franciscanos.org.br\/noticias"},{"@type":"ListItem","position":2,"name":"Novinter re\u00fane v\u00e1rias nacionalidades"}]},{"@type":"Person","@id":"https:\/\/franciscanos.org.br\/noticias\/#\/schema\/person\/b38fbf43118f02820bd932f2e4b14ad3","name":"admin","image":{"@type":"ImageObject","inLanguage":"pt-BR","@id":"https:\/\/franciscanos.org.br\/noticias\/#\/schema\/person\/image\/","url":"https:\/\/secure.gravatar.com\/avatar\/e8495742d34d0ba6448ea1c628263b3e?s=96&d=mm&r=g","contentUrl":"https:\/\/secure.gravatar.com\/avatar\/e8495742d34d0ba6448ea1c628263b3e?s=96&d=mm&r=g","caption":"admin"},"url":"https:\/\/franciscanos.org.br\/noticias\/author\/admin"}]}},"_links":{"self":[{"href":"https:\/\/franciscanos.org.br\/noticias\/wp-json\/wp\/v2\/posts\/18667"}],"collection":[{"href":"https:\/\/franciscanos.org.br\/noticias\/wp-json\/wp\/v2\/posts"}],"about":[{"href":"https:\/\/franciscanos.org.br\/noticias\/wp-json\/wp\/v2\/types\/post"}],"author":[{"embeddable":true,"href":"https:\/\/franciscanos.org.br\/noticias\/wp-json\/wp\/v2\/users\/1"}],"replies":[{"embeddable":true,"href":"https:\/\/franciscanos.org.br\/noticias\/wp-json\/wp\/v2\/comments?post=18667"}],"version-history":[{"count":0,"href":"https:\/\/franciscanos.org.br\/noticias\/wp-json\/wp\/v2\/posts\/18667\/revisions"}],"wp:featuredmedia":[{"embeddable":true,"href":"https:\/\/franciscanos.org.br\/noticias\/wp-json\/wp\/v2\/media\/203367"}],"wp:attachment":[{"href":"https:\/\/franciscanos.org.br\/noticias\/wp-json\/wp\/v2\/media?parent=18667"}],"wp:term":[{"taxonomy":"category","embeddable":true,"href":"https:\/\/franciscanos.org.br\/noticias\/wp-json\/wp\/v2\/categories?post=18667"},{"taxonomy":"post_tag","embeddable":true,"href":"https:\/\/franciscanos.org.br\/noticias\/wp-json\/wp\/v2\/tags?post=18667"}],"curies":[{"name":"wp","href":"https:\/\/api.w.org\/{rel}","templated":true}]}}