{"id":18659,"date":"2012-06-04T08:55:09","date_gmt":"2012-06-04T11:55:09","guid":{"rendered":"http:\/\/new.franciscanos.org.br\/?p=18659"},"modified":"2020-06-11T18:14:07","modified_gmt":"2020-06-11T21:14:07","slug":"encontro-de-conselhos-debate-identidade-franciscana-secular","status":"publish","type":"post","link":"https:\/\/franciscanos.org.br\/noticias\/encontro-de-conselhos-debate-identidade-franciscana-secular.html","title":{"rendered":"Encontro de Conselhos debate identidade franciscana secular"},"content":{"rendered":"<p><strong><a href=\"http:\/\/franciscanos.org.br\/wp-content\/uploads\/2012\/06\/2437_040612.jpg\"><img loading=\"lazy\" class=\"alignright size-full wp-image-18663\" title=\"2437_040612\" src=\"http:\/\/franciscanos.org.br\/wp-content\/uploads\/2012\/06\/2437_040612.jpg\" alt=\"\" width=\"400\" height=\"300\" \/><\/a><\/strong>O debate acerca da maturidade franciscana deu a t\u00f4nica do Encontro de Conselhos que reuniu as fraternidades do 3\u00ba Distrito do Regional Sudeste II da Ordem Franciscana Secular (OFS) na comunidade Nossa Senhora do Ros\u00e1rio, em Saracuruna, Duque de Caxias (RJ). No decorrer do encontro presidido pelo ministro regional, H\u00e9lio Gouv\u00eaa, os irm\u00e3os refletiram sobre o texto \u201cLaicato maduro e significativo para novos tempos\u201d, de autoria do assistente nacional da OFS, frei Almir Ribeiro Guimar\u00e3es, OFM, que refor\u00e7a o senso de perten\u00e7a \u00e0 OFS e as caracter\u00edsticas da identidade franciscana secular, a vida fraterna, o senso mission\u00e1rio e o modo de express\u00e1-la de forma concreta no mundo.<\/p>\n<p>A reflex\u00e3o proposta \u00e9 muito oportuna tendo em vista que a OFS \u00e9 chamada a testemunhar o Evangelho de Nosso Senhor Jesus Cristo inspirando-se no ideal de S\u00e3o Francisco a se dedicar ao apostolado no estado laical, encontrando na Regra o projeto evang\u00e9lico o aux\u00edlio necess\u00e1rio da reconcilia\u00e7\u00e3o universal operada por Cristo. Isso requer de cada franciscano secular uma a\u00e7\u00e3o direta no interior das estruturas humanas para anunciar os valores do Reino, buscar respostas para as inquieta\u00e7\u00f5es do presente e lutar pela promo\u00e7\u00e3o da justi\u00e7a, da solidariedade e da paz.<\/p>\n<p>Por meio de din\u00e2micas e partilhas nos grupos, os presentes refletiram que dadas as constantes e profundas mudan\u00e7as pelas quais passou a Igreja e o mundo nas \u00faltimas d\u00e9cadas \u00e9 preciso valorizar cada vez mais a forma\u00e7\u00e3o das fraternidades e incorporar a vida fraterna o senso de perten\u00e7a franciscana para formar na OFS um laicato vigoroso, maduro e significativo para os novos tempos. Os presentes tamb\u00e9m perceberam que \u00e0 medida que os candidatos \u00e0 vida franciscana secular forem sendo formados no esp\u00edrito da Regra maiores ser\u00e3o as possibilidades de revigoramento das fraternidades, de convers\u00e3o, e da presen\u00e7a de um laicato maduro, fiel \u00e0 espiritualidade franciscana e \u00e0 Regra, irradiando o Santo Evangelho \u00e0s realidades terrenas.<\/p>\n<p>Outro aspecto abordado foi a import\u00e2ncia das fraternidades promoverem o estudo dos documentos da Igreja que servir\u00e3o para substanciar a forma\u00e7\u00e3o humana e crist\u00e3 e apontar novas perspectivas para o apostolado e a a\u00e7\u00e3o concreta dos franciscanos seculares pelo mundo. Exemplificando, em dezembro de 2011, os ministros e vice-ministros do Regional decidiram em Cap\u00edtulo promover neste ano o estudo da Doutrina Social da Igreja e incorporar seus valores na vida fraterna de forma concreta.<\/p>\n<p>O encontro foi encerrado com a celebra\u00e7\u00e3o da Santa Missa, presidida pelo frei Carlos Alberto Branco Ara\u00fajo, OFM, p\u00e1roco da Par\u00f3quia S\u00e3o Francisco de Assis, em Campos El\u00edseos, Duque de Caxias (RJ), que em sua homilia exortou que a Festa da Sant\u00edssima Trindade deve os levar os crist\u00e3os e aos irm\u00e3os da Ordem Franciscana, a refletirem sobre a perfei\u00e7\u00e3o da rela\u00e7\u00e3o trinit\u00e1ria e os desafios das rela\u00e7\u00f5es humanas, as desigualdades e injusti\u00e7as presentes em todo mundo. No final da celebra\u00e7\u00e3o, Frei Carlos Ara\u00fajo foi presenteado pelo ministro regional com uma camisa da OFS. Os presentes cantaram os parab\u00e9ns pelo anivers\u00e1rio da irm\u00e3 Morena, da fraternidade Santa Clara, que naquela data comemorou 77 anos de vida e que, ap\u00f3s, recebeu uma b\u00ean\u00e7\u00e3o especial.<\/p>\n<p>As fraternidades do 3\u00ba Distrito do Conselho Regional Sudeste II agradecem aos irm\u00e3os da Fraternidade Santa Clara pela alegria, carinho e hospitalidade que revigoram o carisma franciscano em nossas fraternidades e que ficar\u00e1 marcada na lembran\u00e7a de todos.<\/p>\n","protected":false},"excerpt":{"rendered":"<p>OFS<\/p>\n","protected":false},"author":1,"featured_media":211610,"comment_status":"closed","ping_status":"closed","sticky":false,"template":"","format":"standard","meta":[],"categories":[1],"tags":[60],"acf":[],"yoast_head":"<!-- This site is optimized with the Yoast SEO plugin v19.2 - https:\/\/yoast.com\/wordpress\/plugins\/seo\/ -->\n<title>Encontro de Conselhos debate identidade franciscana secular - Not\u00edcias - Franciscanos<\/title>\n<meta name=\"robots\" content=\"index, follow, max-snippet:-1, max-image-preview:large, max-video-preview:-1\" \/>\n<link rel=\"canonical\" href=\"https:\/\/franciscanos.org.br\/noticias\/encontro-de-conselhos-debate-identidade-franciscana-secular.html\" \/>\n<meta property=\"og:locale\" content=\"pt_BR\" \/>\n<meta property=\"og:type\" content=\"article\" \/>\n<meta property=\"og:title\" content=\"Encontro de Conselhos debate identidade franciscana secular - Not\u00edcias - Franciscanos\" \/>\n<meta property=\"og:description\" content=\"OFS\" \/>\n<meta property=\"og:url\" content=\"https:\/\/franciscanos.org.br\/noticias\/encontro-de-conselhos-debate-identidade-franciscana-secular.html\" \/>\n<meta property=\"og:site_name\" content=\"Not\u00edcias - Franciscanos\" \/>\n<meta property=\"article:published_time\" content=\"2012-06-04T11:55:09+00:00\" \/>\n<meta property=\"article:modified_time\" content=\"2020-06-11T21:14:07+00:00\" \/>\n<meta property=\"og:image\" content=\"https:\/\/franciscanos.org.br\/noticias\/wp-content\/uploads\/2012\/06\/2437_040612.jpg\" \/>\n\t<meta property=\"og:image:width\" content=\"273\" \/>\n\t<meta property=\"og:image:height\" content=\"181\" \/>\n\t<meta property=\"og:image:type\" content=\"image\/jpeg\" \/>\n<meta name=\"author\" content=\"admin\" \/>\n<meta name=\"twitter:card\" content=\"summary_large_image\" \/>\n<meta name=\"twitter:label1\" content=\"Escrito por\" \/>\n\t<meta name=\"twitter:data1\" content=\"admin\" \/>\n\t<meta name=\"twitter:label2\" content=\"Est. tempo de leitura\" \/>\n\t<meta name=\"twitter:data2\" content=\"3 minutos\" \/>\n<script type=\"application\/ld+json\" class=\"yoast-schema-graph\">{\"@context\":\"https:\/\/schema.org\",\"@graph\":[{\"@type\":\"WebSite\",\"@id\":\"https:\/\/franciscanos.org.br\/noticias\/#website\",\"url\":\"https:\/\/franciscanos.org.br\/noticias\/\",\"name\":\"Not\u00edcias - Franciscanos\",\"description\":\"Prov\u00edncia Franciscana da Imaculada Concei\u00e7\u00e3o do Brasil - Ordem dos Frades Menores - OFM\",\"potentialAction\":[{\"@type\":\"SearchAction\",\"target\":{\"@type\":\"EntryPoint\",\"urlTemplate\":\"https:\/\/franciscanos.org.br\/noticias\/?s={search_term_string}\"},\"query-input\":\"required name=search_term_string\"}],\"inLanguage\":\"pt-BR\"},{\"@type\":\"ImageObject\",\"inLanguage\":\"pt-BR\",\"@id\":\"https:\/\/franciscanos.org.br\/noticias\/encontro-de-conselhos-debate-identidade-franciscana-secular.html#primaryimage\",\"url\":\"https:\/\/franciscanos.org.br\/noticias\/wp-content\/uploads\/2012\/06\/2437_040612.jpg\",\"contentUrl\":\"https:\/\/franciscanos.org.br\/noticias\/wp-content\/uploads\/2012\/06\/2437_040612.jpg\",\"width\":273,\"height\":181},{\"@type\":\"WebPage\",\"@id\":\"https:\/\/franciscanos.org.br\/noticias\/encontro-de-conselhos-debate-identidade-franciscana-secular.html#webpage\",\"url\":\"https:\/\/franciscanos.org.br\/noticias\/encontro-de-conselhos-debate-identidade-franciscana-secular.html\",\"name\":\"Encontro de Conselhos debate identidade franciscana secular - Not\u00edcias - Franciscanos\",\"isPartOf\":{\"@id\":\"https:\/\/franciscanos.org.br\/noticias\/#website\"},\"primaryImageOfPage\":{\"@id\":\"https:\/\/franciscanos.org.br\/noticias\/encontro-de-conselhos-debate-identidade-franciscana-secular.html#primaryimage\"},\"datePublished\":\"2012-06-04T11:55:09+00:00\",\"dateModified\":\"2020-06-11T21:14:07+00:00\",\"author\":{\"@id\":\"https:\/\/franciscanos.org.br\/noticias\/#\/schema\/person\/b38fbf43118f02820bd932f2e4b14ad3\"},\"breadcrumb\":{\"@id\":\"https:\/\/franciscanos.org.br\/noticias\/encontro-de-conselhos-debate-identidade-franciscana-secular.html#breadcrumb\"},\"inLanguage\":\"pt-BR\",\"potentialAction\":[{\"@type\":\"ReadAction\",\"target\":[\"https:\/\/franciscanos.org.br\/noticias\/encontro-de-conselhos-debate-identidade-franciscana-secular.html\"]}]},{\"@type\":\"BreadcrumbList\",\"@id\":\"https:\/\/franciscanos.org.br\/noticias\/encontro-de-conselhos-debate-identidade-franciscana-secular.html#breadcrumb\",\"itemListElement\":[{\"@type\":\"ListItem\",\"position\":1,\"name\":\"Home\",\"item\":\"https:\/\/franciscanos.org.br\/noticias\"},{\"@type\":\"ListItem\",\"position\":2,\"name\":\"Encontro de Conselhos debate identidade franciscana secular\"}]},{\"@type\":\"Person\",\"@id\":\"https:\/\/franciscanos.org.br\/noticias\/#\/schema\/person\/b38fbf43118f02820bd932f2e4b14ad3\",\"name\":\"admin\",\"image\":{\"@type\":\"ImageObject\",\"inLanguage\":\"pt-BR\",\"@id\":\"https:\/\/franciscanos.org.br\/noticias\/#\/schema\/person\/image\/\",\"url\":\"https:\/\/secure.gravatar.com\/avatar\/e8495742d34d0ba6448ea1c628263b3e?s=96&d=mm&r=g\",\"contentUrl\":\"https:\/\/secure.gravatar.com\/avatar\/e8495742d34d0ba6448ea1c628263b3e?s=96&d=mm&r=g\",\"caption\":\"admin\"},\"url\":\"https:\/\/franciscanos.org.br\/noticias\/author\/admin\"}]}<\/script>\n<!-- \/ Yoast SEO plugin. -->","yoast_head_json":{"title":"Encontro de Conselhos debate identidade franciscana secular - Not\u00edcias - Franciscanos","robots":{"index":"index","follow":"follow","max-snippet":"max-snippet:-1","max-image-preview":"max-image-preview:large","max-video-preview":"max-video-preview:-1"},"canonical":"https:\/\/franciscanos.org.br\/noticias\/encontro-de-conselhos-debate-identidade-franciscana-secular.html","og_locale":"pt_BR","og_type":"article","og_title":"Encontro de Conselhos debate identidade franciscana secular - Not\u00edcias - Franciscanos","og_description":"OFS","og_url":"https:\/\/franciscanos.org.br\/noticias\/encontro-de-conselhos-debate-identidade-franciscana-secular.html","og_site_name":"Not\u00edcias - Franciscanos","article_published_time":"2012-06-04T11:55:09+00:00","article_modified_time":"2020-06-11T21:14:07+00:00","og_image":[{"width":273,"height":181,"url":"https:\/\/franciscanos.org.br\/noticias\/wp-content\/uploads\/2012\/06\/2437_040612.jpg","type":"image\/jpeg"}],"author":"admin","twitter_card":"summary_large_image","twitter_misc":{"Escrito por":"admin","Est. tempo de leitura":"3 minutos"},"schema":{"@context":"https:\/\/schema.org","@graph":[{"@type":"WebSite","@id":"https:\/\/franciscanos.org.br\/noticias\/#website","url":"https:\/\/franciscanos.org.br\/noticias\/","name":"Not\u00edcias - Franciscanos","description":"Prov\u00edncia Franciscana da Imaculada Concei\u00e7\u00e3o do Brasil - Ordem dos Frades Menores - OFM","potentialAction":[{"@type":"SearchAction","target":{"@type":"EntryPoint","urlTemplate":"https:\/\/franciscanos.org.br\/noticias\/?s={search_term_string}"},"query-input":"required name=search_term_string"}],"inLanguage":"pt-BR"},{"@type":"ImageObject","inLanguage":"pt-BR","@id":"https:\/\/franciscanos.org.br\/noticias\/encontro-de-conselhos-debate-identidade-franciscana-secular.html#primaryimage","url":"https:\/\/franciscanos.org.br\/noticias\/wp-content\/uploads\/2012\/06\/2437_040612.jpg","contentUrl":"https:\/\/franciscanos.org.br\/noticias\/wp-content\/uploads\/2012\/06\/2437_040612.jpg","width":273,"height":181},{"@type":"WebPage","@id":"https:\/\/franciscanos.org.br\/noticias\/encontro-de-conselhos-debate-identidade-franciscana-secular.html#webpage","url":"https:\/\/franciscanos.org.br\/noticias\/encontro-de-conselhos-debate-identidade-franciscana-secular.html","name":"Encontro de Conselhos debate identidade franciscana secular - Not\u00edcias - Franciscanos","isPartOf":{"@id":"https:\/\/franciscanos.org.br\/noticias\/#website"},"primaryImageOfPage":{"@id":"https:\/\/franciscanos.org.br\/noticias\/encontro-de-conselhos-debate-identidade-franciscana-secular.html#primaryimage"},"datePublished":"2012-06-04T11:55:09+00:00","dateModified":"2020-06-11T21:14:07+00:00","author":{"@id":"https:\/\/franciscanos.org.br\/noticias\/#\/schema\/person\/b38fbf43118f02820bd932f2e4b14ad3"},"breadcrumb":{"@id":"https:\/\/franciscanos.org.br\/noticias\/encontro-de-conselhos-debate-identidade-franciscana-secular.html#breadcrumb"},"inLanguage":"pt-BR","potentialAction":[{"@type":"ReadAction","target":["https:\/\/franciscanos.org.br\/noticias\/encontro-de-conselhos-debate-identidade-franciscana-secular.html"]}]},{"@type":"BreadcrumbList","@id":"https:\/\/franciscanos.org.br\/noticias\/encontro-de-conselhos-debate-identidade-franciscana-secular.html#breadcrumb","itemListElement":[{"@type":"ListItem","position":1,"name":"Home","item":"https:\/\/franciscanos.org.br\/noticias"},{"@type":"ListItem","position":2,"name":"Encontro de Conselhos debate identidade franciscana secular"}]},{"@type":"Person","@id":"https:\/\/franciscanos.org.br\/noticias\/#\/schema\/person\/b38fbf43118f02820bd932f2e4b14ad3","name":"admin","image":{"@type":"ImageObject","inLanguage":"pt-BR","@id":"https:\/\/franciscanos.org.br\/noticias\/#\/schema\/person\/image\/","url":"https:\/\/secure.gravatar.com\/avatar\/e8495742d34d0ba6448ea1c628263b3e?s=96&d=mm&r=g","contentUrl":"https:\/\/secure.gravatar.com\/avatar\/e8495742d34d0ba6448ea1c628263b3e?s=96&d=mm&r=g","caption":"admin"},"url":"https:\/\/franciscanos.org.br\/noticias\/author\/admin"}]}},"_links":{"self":[{"href":"https:\/\/franciscanos.org.br\/noticias\/wp-json\/wp\/v2\/posts\/18659"}],"collection":[{"href":"https:\/\/franciscanos.org.br\/noticias\/wp-json\/wp\/v2\/posts"}],"about":[{"href":"https:\/\/franciscanos.org.br\/noticias\/wp-json\/wp\/v2\/types\/post"}],"author":[{"embeddable":true,"href":"https:\/\/franciscanos.org.br\/noticias\/wp-json\/wp\/v2\/users\/1"}],"replies":[{"embeddable":true,"href":"https:\/\/franciscanos.org.br\/noticias\/wp-json\/wp\/v2\/comments?post=18659"}],"version-history":[{"count":1,"href":"https:\/\/franciscanos.org.br\/noticias\/wp-json\/wp\/v2\/posts\/18659\/revisions"}],"predecessor-version":[{"id":226455,"href":"https:\/\/franciscanos.org.br\/noticias\/wp-json\/wp\/v2\/posts\/18659\/revisions\/226455"}],"wp:featuredmedia":[{"embeddable":true,"href":"https:\/\/franciscanos.org.br\/noticias\/wp-json\/wp\/v2\/media\/211610"}],"wp:attachment":[{"href":"https:\/\/franciscanos.org.br\/noticias\/wp-json\/wp\/v2\/media?parent=18659"}],"wp:term":[{"taxonomy":"category","embeddable":true,"href":"https:\/\/franciscanos.org.br\/noticias\/wp-json\/wp\/v2\/categories?post=18659"},{"taxonomy":"post_tag","embeddable":true,"href":"https:\/\/franciscanos.org.br\/noticias\/wp-json\/wp\/v2\/tags?post=18659"}],"curies":[{"name":"wp","href":"https:\/\/api.w.org\/{rel}","templated":true}]}}