{"id":18431,"date":"2012-05-28T15:37:06","date_gmt":"2012-05-28T18:37:06","guid":{"rendered":"http:\/\/new.franciscanos.org.br\/?p=18431"},"modified":"2019-09-24T13:14:26","modified_gmt":"2019-09-24T16:14:26","slug":"frei-alberto-comeca-ministerio-presbiteral-como-um-veterano","status":"publish","type":"post","link":"https:\/\/franciscanos.org.br\/noticias\/frei-alberto-comeca-ministerio-presbiteral-como-um-veterano.html","title":{"rendered":"Frei Alberto come\u00e7a minist\u00e9rio presbiteral"},"content":{"rendered":"<p><img loading=\"lazy\" class=\"alignnone size-full wp-image-198850\" src=\"https:\/\/franciscanos.org.br\/noticias\/wp-content\/uploads\/2012\/05\/interna6.jpg\" alt=\"\" width=\"830\" height=\"447\" srcset=\"https:\/\/franciscanos.org.br\/noticias\/wp-content\/uploads\/2012\/05\/interna6.jpg 830w, https:\/\/franciscanos.org.br\/noticias\/wp-content\/uploads\/2012\/05\/interna6-450x242.jpg 450w, https:\/\/franciscanos.org.br\/noticias\/wp-content\/uploads\/2012\/05\/interna6-768x414.jpg 768w, https:\/\/franciscanos.org.br\/noticias\/wp-content\/uploads\/2012\/05\/interna6-150x81.jpg 150w\" sizes=\"(max-width: 830px) 100vw, 830px\" \/><\/p>\n<p><strong>Por Moacir Beggo<\/strong><\/p>\n<p>A celebra\u00e7\u00e3o da Primeira Missa nem sempre \u00e9 tranquila para um neossacerdote. Mas para Frei Alberto Eckel J\u00fanior, conhecido por seu interesse e zelo pela liturgia, a Solenidade de Pentecostes o deixou mais \u00e0 vontade ainda. Quem o viu no domingo (27\/05) presidindo a celebra\u00e7\u00e3o n\u00e3o pensaria que se tratava das Prim\u00edcias de um jovem sacerdote. E foi assim, com calma, serenidade e tranquilidade que Frei Alberto celebrou a Primeira Missa na Comunidade de S\u00e3o Francisco de Assis, em Indaial. Ao seu lado, ele teve como concelebrante o Ministro Provincial, Frei Fid\u00eancio Vanboemmel, que foi escolhido por ele para ser o pregador nesta Missa.<\/p>\n<p>A bela igreja de S\u00e3o Francisco de Assis, que \u00e9 assistida por Frei M\u00e1rcio Machado, da Terceira Ordem Regular franciscana, tornou-se uma casa franciscana naquele domingo solene de Pentecostes. A come\u00e7ar pelo p\u00e1roco, frades, novi\u00e7os e seminaristas participaram em peso desta celebra\u00e7\u00e3o. O povo tamb\u00e9m lotou a igreja para homenagear o seu mais jovem presb\u00edtero.<\/p>\n<p><img loading=\"lazy\" class=\"alignleft size-full wp-image-198852\" src=\"https:\/\/franciscanos.org.br\/noticias\/wp-content\/uploads\/2012\/05\/15-1.jpg\" alt=\"\" width=\"600\" height=\"400\" srcset=\"https:\/\/franciscanos.org.br\/noticias\/wp-content\/uploads\/2012\/05\/15-1.jpg 600w, https:\/\/franciscanos.org.br\/noticias\/wp-content\/uploads\/2012\/05\/15-1-450x300.jpg 450w, https:\/\/franciscanos.org.br\/noticias\/wp-content\/uploads\/2012\/05\/15-1-150x100.jpg 150w\" sizes=\"(max-width: 600px) 100vw, 600px\" \/>Como pregador nestas Prim\u00edcias, uma tradi\u00e7\u00e3o na Prov\u00edncia, Frei Fid\u00eancio perguntou como associar este lema da Ordena\u00e7\u00e3o Presbiteral \u2013 \u201cSe algu\u00e9m tem sede, venha a mim e beba\u201d (Jo 7,37) \u2013 ao Mist\u00e9rio da Solenidade lit\u00fargica de Pentecostes? Ele mesmo respondeu lembrando S\u00e3o Francisco: \u201cAo admoestar os seus irm\u00e3os a \u201cn\u00e3o extinguirem o Esp\u00edrito do Senhor, e o seu santo modo de operar\u201d, afirma que precisamos ser pessoas sedentas deste Esp\u00edrito (desta \u00e1gua), pessoas desejosas deste h\u00e1lito vital de Deus, para estarmos em comunh\u00e3o cont\u00ednua com o \u2018Manancial da Vida\u2019.\u201d<\/p>\n<p>Segundo o Ministro Provincial, o Esp\u00edrito Santo impulsiona para a miss\u00e3o de renovar a partir da linguagem unificadora do amor \u00e0 face da Terra. \u201cSim, \u00e9 preciso renovar a face da \u2018M\u00e3e-Terra\u2019 e do mundo inteiro que, originalmente, fora santificado pelo sopro divino. \u00c9 preciso renovar a face da terra, pois nela, n\u00e3o raro, gravitam outros deuses com seus esp\u00edritos que imprimem na humanidade de hoje linguagens enigm\u00e1ticas e confusas, nada diferente do simbolismo da Torre de Babel no Antigo Testamento!\u201d, alertou. Frei Fid\u00eancio terminou sua homilia fazendo uma bel\u00edssima ora\u00e7\u00e3o sobre os dons do Esp\u00edrito Santo.<\/p>\n<p>Essa tranquilidade e experi\u00eancia de Frei Alberto com o sagrado j\u00e1 vem de longe, como revelaram os pais na emocionante homenagem no final da celebra\u00e7\u00e3o. Segundo eles, foi um susto quando o menino Alberto decidiu ir para o semin\u00e1rio. \u201cEst\u00e1vamos com os olhos tapados\u201d, confessou a m\u00e3e. Desde ent\u00e3o come\u00e7aram a \u201cdar uma de detetive\u201d para saber como nasceu esse desejo no menino de ser padre. Com a ajuda dos primos, que revelaram estar \u201ccansados de tantas Missas rezadas\u201d por Frei Alberto, os pais acharam o grande segredo de Frei Alberto: um sacr\u00e1rio confeccionado de madeira velha por ele mesmo com a imagem de Nossa Senhora Aparecida.<\/p>\n<p><img loading=\"lazy\" class=\"alignright size-full wp-image-198853\" src=\"https:\/\/franciscanos.org.br\/noticias\/wp-content\/uploads\/2012\/05\/26.jpg\" alt=\"\" width=\"600\" height=\"400\" srcset=\"https:\/\/franciscanos.org.br\/noticias\/wp-content\/uploads\/2012\/05\/26.jpg 600w, https:\/\/franciscanos.org.br\/noticias\/wp-content\/uploads\/2012\/05\/26-450x300.jpg 450w, https:\/\/franciscanos.org.br\/noticias\/wp-content\/uploads\/2012\/05\/26-150x100.jpg 150w\" sizes=\"(max-width: 600px) 100vw, 600px\" \/>Enquanto a m\u00e3e revelava o segredo durante a Missa, os irm\u00e3os Thiago e Thayse trouxeram este brinquedo em prociss\u00e3o at\u00e9 o altar. \u201cA\u00ed ent\u00e3o, meu filho, caiu a ficha: tua voca\u00e7\u00e3o \u00e9 estar a servi\u00e7o de Deus, como padre, seguindo o exemplo de S\u00e3o Francisco\u201d, acrescentou, lembrando que Frei N\u00e9lson Hillesheim fez o acompanhamento vocacional. \u201cPor isso, hoje, teus pais, dizemos mais uma vez a voc\u00ea: Vai meu filho, vai onde precisarem de ti! E conta sempre com agente. Mas nunca perca a pureza do cora\u00e7\u00e3o, a simplicidade, a humildade, e sobretudo a alegria de servir, tendo como refer\u00eancia e modelo Nossa M\u00e3ezinha do c\u00e9u, Maria. Conte sempre com a gente e voe, voe alto a servi\u00e7o do Senhor! E nunca se esque\u00e7a: n\u00f3s amamos voc\u00ea!\u201d, completou.<\/p>\n<p>Por \u00faltimo, Frei M\u00e1rcio agradeceu a presen\u00e7a de todos os frades durante a Semana Mission\u00e1ria e, lembrando a Ora\u00e7\u00e3o de S\u00e3o Francisco, disse que ele recebeu mais do que deu nesta semana que antecedeu a ordena\u00e7\u00e3o e Primeira Missa de Frei Alberto. Frei Alberto ficou uma semana em Indaial, mas depois retornou para a sua fraternidade, no Convento da Penha, em Vila Velha (ES).<\/p>\n<hr \/>\n<blockquote>\n<p style=\"text-align: left;\" align=\"right\"><img loading=\"lazy\" class=\"alignleft wp-image-198851 size-full\" src=\"https:\/\/franciscanos.org.br\/noticias\/wp-content\/uploads\/2012\/05\/09.jpg\" alt=\"\" width=\"600\" height=\"400\" srcset=\"https:\/\/franciscanos.org.br\/noticias\/wp-content\/uploads\/2012\/05\/09.jpg 600w, https:\/\/franciscanos.org.br\/noticias\/wp-content\/uploads\/2012\/05\/09-450x300.jpg 450w, https:\/\/franciscanos.org.br\/noticias\/wp-content\/uploads\/2012\/05\/09-150x100.jpg 150w\" sizes=\"(max-width: 600px) 100vw, 600px\" \/>\u00cdNTEGRA DA HOMILIA<\/p>\n<p style=\"text-align: left;\" align=\"right\"><em>\u00a0\u201cVinde Esp\u00edrito Santo, enchei os cora\u00e7\u00f5es dos vossos fi\u00e9is,<br \/>\n<\/em><em>e acendei neles o fogo do Vosso amor.<br \/>\n<\/em><em>Enviai, Senhor, o Vosso Esp\u00edrito e tudo ser\u00e1 criado,<br \/>\n<\/em><em>e renovareis a face da terra\u201d.<\/em><\/p>\n<\/blockquote>\n<p><em>Car\u00edssimos irm\u00e3os e irm\u00e3s,<\/em><\/p>\n<p><em>Queridos pais, <\/em><strong><em>Alberto e Jociane Mary,<\/em><\/strong><em> e irm\u00e3os, <\/em><strong><em>Thiago e Thaize,<\/em><\/strong><\/p>\n<p><em>Caro irm\u00e3o neossacerdote Frei Alberto.<\/em><\/p>\n<p><em>1. \u201cEnviai, Senhor, o Vosso Esp\u00edrito e tudo ser\u00e1 criado, e renovareis a face da terra\u201d.<\/em> Assim suplicamos porque acreditamos que o mist\u00e9rio do amor de Deus est\u00e1 centrado na vida. \u00c9 por isso que, com frequ\u00eancia, invocamos o Esp\u00edrito Santo porque sabemos que Ele paira sobre todo o universo, qual novo amanhecer de um cont\u00ednuo Pentecostes, renovando a vida sobre a face da terra.<\/p>\n<p>2. A Sagrada Escritura nos fala que por diferentes modos o Povo de Deus celebrava festivamente as interven\u00e7\u00f5es renovadoras de Deus na hist\u00f3ria da humanidade e da cria\u00e7\u00e3o inteira.\u00a0 E uma dessas comemora\u00e7\u00f5es solenes era a festa das Tendas, festa que o Senhor pediu a Mois\u00e9s como est\u00e1 dito no livro do Lev\u00edtico (Lv 23,33), onde o povo de Deus, saindo das suas casas e morando em tendas durante sete dias, alegrava-se para recordar suas origens e os quarenta anos de peregrina\u00e7\u00e3o no deserto.<\/p>\n<p>3. O Evangelista S\u00e3o Jo\u00e3o nos conta que numa festas das Tendas, ali\u00e1s, <em>\u201cno \u00faltimo dia e mais importante da festa, Jesus levantou-se e disse em alta voz: <\/em><strong><em>SE ALGU\u00c9M TEM SEDE VENHA A MIM E BEBA<\/em><\/strong><em>\u201d (Jo 7,37).<\/em> Este solene an\u00fancio de Jesus Cristo foi escolhido por Frei Alberto Eckel Junior para ser o lema do seu minist\u00e9rio sacerdotal: \u201c<strong><em>Se algu\u00e9m tem sede venha a mim e beba\u201d. <\/em><\/strong><\/p>\n<p>4. Algu\u00e9m poderia me perguntar: como associar este lema da Ordena\u00e7\u00e3o Presbiteral e das Prim\u00edcias Sacerdotais do Frei Alberto ao Mist\u00e9rio da Solenidade lit\u00fargica de Pentecostes?<\/p>\n<p>5. O pr\u00f3prio evangelista S\u00e3o Jo\u00e3o, ainda comentando a fala de Jesus no auge da Festa das Tendas, diz: <em>\u201cOra, Jesus disse isto a respeito do Esp\u00edrito que haveriam de receber os que nele cressem, pois o Esp\u00edrito ainda n\u00e3o fora dado, porque Jesus ainda n\u00e3o tinha sido glorificado\u201d <\/em>(Jo 7,39).<\/p>\n<p>6. O Bispo Santo Irineu nos diz: <em>\u201cFoi por isso que o Senhor prometeu enviar o Par\u00e1clito, que os tornaria capazes de receber a Deus. Assim como a farinha seca n\u00e3o pode, sem \u00e1gua, tornar-se uma s\u00f3 massa num s\u00f3 p\u00e3o, n\u00f3s tamb\u00e9m que somos muitos, n\u00e3o poder\u00edamos transformar-nos num s\u00f3 corpo, em Cristo Jesus, sem a \u00e1gua que vem do c\u00e9u. E assim como a terra \u00e1rida n\u00e3o produz fruto se n\u00e3o for regada, tamb\u00e9m n\u00f3s, que \u00e9ramos antes como uma \u00e1rvore ressequida, jamais dar\u00edamos frutos de vida, sem a chuva da gra\u00e7a enviada do alto\u201d&#8230;. Por esse motivo, temos necessidade deste orvalho da gra\u00e7a de Deus para darmos fruto e n\u00e3o sermos lan\u00e7ados ao fogo, e para que tamb\u00e9m tenhamos um Defensor onde temos um acusador<\/em>\u201d (Of\u00edcio das Leituras de Pentecostes)<\/p>\n<p>7. Quando S\u00e3o Francisco de Assis, ao admoestar os seus irm\u00e3os a <em>\u201cn\u00e3o extinguirem o Esp\u00edrito do Senhor, e o seu santo modo de operar<\/em>\u201d, afirma que precisamos ser pessoas sedentas deste Esp\u00edrito (desta \u00e1gua), pessoas desejosas deste h\u00e1lito vital de Deus, para estarmos em comunh\u00e3o cont\u00ednua com o \u201cManancial da Vida\u201d, tal como nos diz Jesus na sequ\u00eancia da sua fala na mesma Festa das Tendas: \u201c<em>Quem crer em mim, do seu interior fluir\u00e3o rios de \u00e1gua viva<\/em>\u201d (Jo 7, 38). <em>\u00a0\u201cA condi\u00e7\u00e3o primeira para receber o Esp\u00edrito Santo n\u00e3o s\u00e3o os m\u00e9ritos e as virtudes, mas o desejo, a necessidade vital, a sede\u201d <\/em>(R. Cantalamessa).<\/p>\n<p>8. \u201c<em>Quem tem sede venha a mim e beba<\/em>\u201d! Quem bebe, \u00e9 saciado! Quem desta \u00e1gua se sacia \u00e9 transformado, \u00e9 renovado! O Esp\u00edrito Santo, Dom dado ao \u2018mundo universo\u2019 ap\u00f3s a glorifica\u00e7\u00e3o de Jesus e que renovou a vida dos Ap\u00f3stolos na manh\u00e3 de Pentecostes, tamb\u00e9m quer renovar-nos nesta festa solene, quando aqui oferecemos a Deus as prim\u00edcias sacerdotais de Frei Alberto.<\/p>\n<p>9. Ontem \u00e0 noite, ao impor as m\u00e3os sobre Frei Alberto no momento central do rito da Ordena\u00e7\u00e3o, Dom Jos\u00e9 assim suplicava: <em>\u201cN\u00f3s vos pedimos, Pai todo poderoso, constitu\u00ed este vosso servo na dignidade de Presb\u00edtero, renovai em seu cora\u00e7\u00e3o o esp\u00edrito de santidade<\/em>\u201d E: \u201c<em>obtenha o segundo grau da ordem\u201d<\/em>; \u201c<em>seja exemplo para todos<\/em>\u201d, \u201c<em>seja cooperador da Igreja para que as palavras do Evangelho possam fecundar os cora\u00e7\u00f5es dos fi\u00e9is para que produzam frutos com a gra\u00e7a do Esp\u00edrito Santo<\/em>\u201d.<\/p>\n<p>10. Diria que naquele momento, hora de plenitude na vida deste homem sedento e prostrado num ato de f\u00e9, livremente deixou-se renovar pelo Esp\u00edrito Santo de Deus que um dia o consagrou no Batismo. E mais: Frei Alberto, compenetrado no mist\u00e9rio do amor de Deus do qual brota o verdadeiro manancial da vida, livremente acolheu em si a for\u00e7a renovadora do Esp\u00edrito Santo, para estar devidamente ungido e preparado para a miss\u00e3o pr\u00f3pria que emana do sacerd\u00f3cio de Jesus Cristo. Pois o Esp\u00edrito Santo <em>\u201cn\u00e3o deixou jamais tranquilos e sossegados aqueles sobre os quais veio. Aquele a quem o Esp\u00edrito Santo toca, o Esp\u00edrito Santo muda!\u201d<\/em> (R. Canalamessa). Sim, o Esp\u00edrito Santo transforma! O Esp\u00edrito Santo impulsiona para a miss\u00e3o.<\/p>\n<p>11. Qual miss\u00e3o? A de renovar a partir da linguagem unificadora do amor a <em>face da terra<\/em>. Sim, \u00e9 preciso renovar a face da \u201cM\u00e3e-Terra\u201d e do mundo inteiro que, originalmente, fora santificado pelo sopro divino. \u00c9 preciso renovar a face da terra, pois nela, n\u00e3o raro, gravitam outros deuses com seus esp\u00edritos que imprimem na humanidade de hoje linguagens enigm\u00e1ticas e confusas, nada diferente do simbolismo da Torre de Babel no Antigo Testamento! Pentecostes foi e quer ser diferente. O Esp\u00edrito Santo que desceu sobre o embri\u00e3o da Igreja, unificou os disc\u00edpulos\/as com todas as pessoas presentes em Jerusal\u00e9m! O esp\u00edrito Santo congregou ra\u00e7as e povos, l\u00ednguas e na\u00e7\u00f5es na mesma linguagem do amor.<\/p>\n<p>12. Caro Frei Alberto, que o sacerd\u00f3cio de Cristo que voc\u00ea acolheu para sua vida e miss\u00e3o, seja um Pentecostes que fecunda os cora\u00e7\u00f5es dos fi\u00e9is para que eles <em>produzam frutos com a gra\u00e7a do Esp\u00edrito Santo, <\/em>assim como S\u00e3o Paulo: os mais preciosos frutos do Esp\u00edrito s\u00e3o: \u201c<em>o amor, a alegria, a paz, a bondade, a fidelidade, a mansid\u00e3o, o dom\u00ednio pr\u00f3prio<\/em>\u201d (Gl 5,22-23)<\/p>\n<p>13. Car\u00edssimos irm\u00e3os e irm\u00e3s: hoje aqui nos encontramos reunidos para celebrar o Pentecostes da Igreja; aqui nos reunimos com Maria Sant\u00edssima, a M\u00e3e de Deus, quais novos disc\u00edpulos e disc\u00edpulas, a invocar dos c\u00e9us os sete dons do Esp\u00edrito Santo.<\/p>\n<p>Hoje, Frei Alberto, carinhosamente imploramos o Par\u00e1clito para que infunda em seu cora\u00e7\u00e3o os seus divinos dons, a fim de que voc\u00ea \u201cpossa <em>fecundar os cora\u00e7\u00f5es dos fi\u00e9is para que produzam frutos com a gra\u00e7a do Esp\u00edrito Santo<\/em>\u201d.<\/p>\n<p>Por isso hoje, suplicamos:<\/p>\n<p>\u2022\u00a0Esp\u00edrito Santo, derramai sobre este confrade neossacerdote o <strong>DOM DA<\/strong> <strong>SABEDORIA<\/strong>, a Sabedoria que \u00e9 irm\u00e3 da Simplicidade, t\u00e3o serenamente cantada por S\u00e3o Francisco de Assis na sauda\u00e7\u00e3o \u00e0s Virtudes: <em>\u201cSalve, rainha Sabedoria, o Senhor te guarde por tua santa irm\u00e3, a pura simplicidade\u201d.<\/em><\/p>\n<p>\u2022\u00a0Esp\u00edrito Santo, derramai sobre este neossacerdote o <strong>DOM DO ENTENDIMENTO<\/strong> para acolher e entender as verdades da salva\u00e7\u00e3o, reveladas na Sagrada Escritura e nos ensinamentos da Igreja.<\/p>\n<p>\u2022\u00a0Esp\u00edrito Santo, derramai no cora\u00e7\u00e3o deste neossacerdote <strong>O DOM DO CONSELHO<\/strong>. Que ele tenha o discernimento necess\u00e1rio para ajudar e orientar as pessoas que necessitam. Que ele tenha a capacidade de dialogar fraternalmente com todos, de animar os desanimados, unir-se o que est\u00e1 dividido e de levar a esperan\u00e7a aos que sofrem.<\/p>\n<p>\u2022\u00a0Esp\u00edrito Santo, derramai no cora\u00e7\u00e3o deste neossacerdote o <strong>DOM DA FORTALEZA<\/strong> para viver no seu cotidiano sacerdotal a \u201c<em>reta f\u00e9, a esperan\u00e7a certa e a caridade perfeita\u201d,<\/em> a fim de ajudar as fam\u00edlias a se santificarem, aos jovens a terem esperan\u00e7a e a todas as lideran\u00e7as a lutarem por uma sociedade fraterna e justa.<\/p>\n<p>\u2022\u00a0Esp\u00edrito Santo, derramai sobre este neossacerdote <strong>O DOM DA CI\u00caNCIA,<\/strong> que \u00e9 a verdade da vida nos seus mist\u00e9rios mais profundos; n\u00e3o a ci\u00eancia da carne, mas a ci\u00eancia do Esp\u00edrito, pois <em>\u201ca letra mata, mas o Esp\u00edrito vivifica<\/em>\u201d. Uma ci\u00eancia que o conduza, <em>\u201cpela palavra e pelo exemplo a restituir tudo ao Senhor, ao qual todo o bem pertence\u201d<\/em> (Adm 7).<\/p>\n<p>\u2022Esp\u00edrito Santo, derramai sobre este neossacerdote O <strong>DOM DA PIEDADE <\/strong>para que por meio deste dom ele possa amar e servir a Deus com alegria, tal como Francisco de Assis pede aos sacerdotes da Ordem: <em>\u201cConsiderai vossa dignidade, irm\u00e3os sacerdotes, e sede santos porque ele \u00e9 santo\u201d <\/em>(CtO 23).<\/p>\n<p>\u2022\u00a0Esp\u00edrito Santo, dai a este irm\u00e3o <strong>O DOM DO TEMOR DE DEUS, <\/strong>pois <em>\u201conde o temor de Deus est\u00e1 guardando a casa, o inimigo n\u00e3o encontra espa\u00e7o para entrar\u201d <\/em>(Adm 27,6).<strong>\u00a0<\/strong><\/p>\n<p>Juntos oremos: Deus, que instru\u00edstes os cora\u00e7\u00f5es dos vossos fi\u00e9is com a Luz do Esp\u00edrito Santo, fazei que apreciemos retamente todas as coisas, segundo o mesmo Esp\u00edrito, e gozemos sempre da Sua consola\u00e7\u00e3o, por Cristo Senhor Nosso. Am\u00e9m!<\/p>\n<p>&nbsp;<\/p>\n","protected":false},"excerpt":{"rendered":"<p>Primeira Missa de Frei Alberto Eckel<\/p>\n","protected":false},"author":1,"featured_media":211515,"comment_status":"open","ping_status":"open","sticky":false,"template":"","format":"standard","meta":[],"categories":[1],"tags":[157],"acf":[],"yoast_head":"<!-- This site is optimized with the Yoast SEO plugin v19.2 - https:\/\/yoast.com\/wordpress\/plugins\/seo\/ -->\n<title>Frei Alberto come\u00e7a minist\u00e9rio presbiteral - Not\u00edcias - Franciscanos<\/title>\n<meta name=\"robots\" content=\"index, follow, max-snippet:-1, max-image-preview:large, max-video-preview:-1\" \/>\n<link rel=\"canonical\" href=\"https:\/\/franciscanos.org.br\/noticias\/frei-alberto-comeca-ministerio-presbiteral-como-um-veterano.html\" \/>\n<meta property=\"og:locale\" content=\"pt_BR\" \/>\n<meta property=\"og:type\" content=\"article\" \/>\n<meta property=\"og:title\" content=\"Frei Alberto come\u00e7a minist\u00e9rio presbiteral - Not\u00edcias - Franciscanos\" \/>\n<meta property=\"og:description\" content=\"Primeira Missa de Frei Alberto Eckel\" \/>\n<meta property=\"og:url\" content=\"https:\/\/franciscanos.org.br\/noticias\/frei-alberto-comeca-ministerio-presbiteral-como-um-veterano.html\" \/>\n<meta property=\"og:site_name\" content=\"Not\u00edcias - Franciscanos\" \/>\n<meta property=\"article:published_time\" content=\"2012-05-28T18:37:06+00:00\" \/>\n<meta property=\"article:modified_time\" content=\"2019-09-24T16:14:26+00:00\" \/>\n<meta property=\"og:image\" content=\"https:\/\/franciscanos.org.br\/noticias\/wp-content\/uploads\/2012\/05\/15-1-1.jpg\" \/>\n\t<meta property=\"og:image:width\" content=\"273\" \/>\n\t<meta property=\"og:image:height\" content=\"181\" \/>\n\t<meta property=\"og:image:type\" content=\"image\/jpeg\" \/>\n<meta name=\"author\" content=\"admin\" \/>\n<meta name=\"twitter:card\" content=\"summary_large_image\" \/>\n<meta name=\"twitter:label1\" content=\"Escrito por\" \/>\n\t<meta name=\"twitter:data1\" content=\"admin\" \/>\n\t<meta name=\"twitter:label2\" content=\"Est. tempo de leitura\" \/>\n\t<meta name=\"twitter:data2\" content=\"12 minutos\" \/>\n<script type=\"application\/ld+json\" class=\"yoast-schema-graph\">{\"@context\":\"https:\/\/schema.org\",\"@graph\":[{\"@type\":\"WebSite\",\"@id\":\"https:\/\/franciscanos.org.br\/noticias\/#website\",\"url\":\"https:\/\/franciscanos.org.br\/noticias\/\",\"name\":\"Not\u00edcias - Franciscanos\",\"description\":\"Prov\u00edncia Franciscana da Imaculada Concei\u00e7\u00e3o do Brasil - Ordem dos Frades Menores - OFM\",\"potentialAction\":[{\"@type\":\"SearchAction\",\"target\":{\"@type\":\"EntryPoint\",\"urlTemplate\":\"https:\/\/franciscanos.org.br\/noticias\/?s={search_term_string}\"},\"query-input\":\"required name=search_term_string\"}],\"inLanguage\":\"pt-BR\"},{\"@type\":\"ImageObject\",\"inLanguage\":\"pt-BR\",\"@id\":\"https:\/\/franciscanos.org.br\/noticias\/frei-alberto-comeca-ministerio-presbiteral-como-um-veterano.html#primaryimage\",\"url\":\"https:\/\/franciscanos.org.br\/noticias\/wp-content\/uploads\/2012\/05\/15-1-1.jpg\",\"contentUrl\":\"https:\/\/franciscanos.org.br\/noticias\/wp-content\/uploads\/2012\/05\/15-1-1.jpg\",\"width\":273,\"height\":181},{\"@type\":\"WebPage\",\"@id\":\"https:\/\/franciscanos.org.br\/noticias\/frei-alberto-comeca-ministerio-presbiteral-como-um-veterano.html#webpage\",\"url\":\"https:\/\/franciscanos.org.br\/noticias\/frei-alberto-comeca-ministerio-presbiteral-como-um-veterano.html\",\"name\":\"Frei Alberto come\u00e7a minist\u00e9rio presbiteral - Not\u00edcias - Franciscanos\",\"isPartOf\":{\"@id\":\"https:\/\/franciscanos.org.br\/noticias\/#website\"},\"primaryImageOfPage\":{\"@id\":\"https:\/\/franciscanos.org.br\/noticias\/frei-alberto-comeca-ministerio-presbiteral-como-um-veterano.html#primaryimage\"},\"datePublished\":\"2012-05-28T18:37:06+00:00\",\"dateModified\":\"2019-09-24T16:14:26+00:00\",\"author\":{\"@id\":\"https:\/\/franciscanos.org.br\/noticias\/#\/schema\/person\/b38fbf43118f02820bd932f2e4b14ad3\"},\"breadcrumb\":{\"@id\":\"https:\/\/franciscanos.org.br\/noticias\/frei-alberto-comeca-ministerio-presbiteral-como-um-veterano.html#breadcrumb\"},\"inLanguage\":\"pt-BR\",\"potentialAction\":[{\"@type\":\"ReadAction\",\"target\":[\"https:\/\/franciscanos.org.br\/noticias\/frei-alberto-comeca-ministerio-presbiteral-como-um-veterano.html\"]}]},{\"@type\":\"BreadcrumbList\",\"@id\":\"https:\/\/franciscanos.org.br\/noticias\/frei-alberto-comeca-ministerio-presbiteral-como-um-veterano.html#breadcrumb\",\"itemListElement\":[{\"@type\":\"ListItem\",\"position\":1,\"name\":\"Home\",\"item\":\"https:\/\/franciscanos.org.br\/noticias\"},{\"@type\":\"ListItem\",\"position\":2,\"name\":\"Frei Alberto come\u00e7a minist\u00e9rio presbiteral\"}]},{\"@type\":\"Person\",\"@id\":\"https:\/\/franciscanos.org.br\/noticias\/#\/schema\/person\/b38fbf43118f02820bd932f2e4b14ad3\",\"name\":\"admin\",\"image\":{\"@type\":\"ImageObject\",\"inLanguage\":\"pt-BR\",\"@id\":\"https:\/\/franciscanos.org.br\/noticias\/#\/schema\/person\/image\/\",\"url\":\"https:\/\/secure.gravatar.com\/avatar\/e8495742d34d0ba6448ea1c628263b3e?s=96&d=mm&r=g\",\"contentUrl\":\"https:\/\/secure.gravatar.com\/avatar\/e8495742d34d0ba6448ea1c628263b3e?s=96&d=mm&r=g\",\"caption\":\"admin\"},\"url\":\"https:\/\/franciscanos.org.br\/noticias\/author\/admin\"}]}<\/script>\n<!-- \/ Yoast SEO plugin. -->","yoast_head_json":{"title":"Frei Alberto come\u00e7a minist\u00e9rio presbiteral - Not\u00edcias - Franciscanos","robots":{"index":"index","follow":"follow","max-snippet":"max-snippet:-1","max-image-preview":"max-image-preview:large","max-video-preview":"max-video-preview:-1"},"canonical":"https:\/\/franciscanos.org.br\/noticias\/frei-alberto-comeca-ministerio-presbiteral-como-um-veterano.html","og_locale":"pt_BR","og_type":"article","og_title":"Frei Alberto come\u00e7a minist\u00e9rio presbiteral - Not\u00edcias - Franciscanos","og_description":"Primeira Missa de Frei Alberto Eckel","og_url":"https:\/\/franciscanos.org.br\/noticias\/frei-alberto-comeca-ministerio-presbiteral-como-um-veterano.html","og_site_name":"Not\u00edcias - Franciscanos","article_published_time":"2012-05-28T18:37:06+00:00","article_modified_time":"2019-09-24T16:14:26+00:00","og_image":[{"width":273,"height":181,"url":"https:\/\/franciscanos.org.br\/noticias\/wp-content\/uploads\/2012\/05\/15-1-1.jpg","type":"image\/jpeg"}],"author":"admin","twitter_card":"summary_large_image","twitter_misc":{"Escrito por":"admin","Est. tempo de leitura":"12 minutos"},"schema":{"@context":"https:\/\/schema.org","@graph":[{"@type":"WebSite","@id":"https:\/\/franciscanos.org.br\/noticias\/#website","url":"https:\/\/franciscanos.org.br\/noticias\/","name":"Not\u00edcias - Franciscanos","description":"Prov\u00edncia Franciscana da Imaculada Concei\u00e7\u00e3o do Brasil - Ordem dos Frades Menores - OFM","potentialAction":[{"@type":"SearchAction","target":{"@type":"EntryPoint","urlTemplate":"https:\/\/franciscanos.org.br\/noticias\/?s={search_term_string}"},"query-input":"required name=search_term_string"}],"inLanguage":"pt-BR"},{"@type":"ImageObject","inLanguage":"pt-BR","@id":"https:\/\/franciscanos.org.br\/noticias\/frei-alberto-comeca-ministerio-presbiteral-como-um-veterano.html#primaryimage","url":"https:\/\/franciscanos.org.br\/noticias\/wp-content\/uploads\/2012\/05\/15-1-1.jpg","contentUrl":"https:\/\/franciscanos.org.br\/noticias\/wp-content\/uploads\/2012\/05\/15-1-1.jpg","width":273,"height":181},{"@type":"WebPage","@id":"https:\/\/franciscanos.org.br\/noticias\/frei-alberto-comeca-ministerio-presbiteral-como-um-veterano.html#webpage","url":"https:\/\/franciscanos.org.br\/noticias\/frei-alberto-comeca-ministerio-presbiteral-como-um-veterano.html","name":"Frei Alberto come\u00e7a minist\u00e9rio presbiteral - Not\u00edcias - Franciscanos","isPartOf":{"@id":"https:\/\/franciscanos.org.br\/noticias\/#website"},"primaryImageOfPage":{"@id":"https:\/\/franciscanos.org.br\/noticias\/frei-alberto-comeca-ministerio-presbiteral-como-um-veterano.html#primaryimage"},"datePublished":"2012-05-28T18:37:06+00:00","dateModified":"2019-09-24T16:14:26+00:00","author":{"@id":"https:\/\/franciscanos.org.br\/noticias\/#\/schema\/person\/b38fbf43118f02820bd932f2e4b14ad3"},"breadcrumb":{"@id":"https:\/\/franciscanos.org.br\/noticias\/frei-alberto-comeca-ministerio-presbiteral-como-um-veterano.html#breadcrumb"},"inLanguage":"pt-BR","potentialAction":[{"@type":"ReadAction","target":["https:\/\/franciscanos.org.br\/noticias\/frei-alberto-comeca-ministerio-presbiteral-como-um-veterano.html"]}]},{"@type":"BreadcrumbList","@id":"https:\/\/franciscanos.org.br\/noticias\/frei-alberto-comeca-ministerio-presbiteral-como-um-veterano.html#breadcrumb","itemListElement":[{"@type":"ListItem","position":1,"name":"Home","item":"https:\/\/franciscanos.org.br\/noticias"},{"@type":"ListItem","position":2,"name":"Frei Alberto come\u00e7a minist\u00e9rio presbiteral"}]},{"@type":"Person","@id":"https:\/\/franciscanos.org.br\/noticias\/#\/schema\/person\/b38fbf43118f02820bd932f2e4b14ad3","name":"admin","image":{"@type":"ImageObject","inLanguage":"pt-BR","@id":"https:\/\/franciscanos.org.br\/noticias\/#\/schema\/person\/image\/","url":"https:\/\/secure.gravatar.com\/avatar\/e8495742d34d0ba6448ea1c628263b3e?s=96&d=mm&r=g","contentUrl":"https:\/\/secure.gravatar.com\/avatar\/e8495742d34d0ba6448ea1c628263b3e?s=96&d=mm&r=g","caption":"admin"},"url":"https:\/\/franciscanos.org.br\/noticias\/author\/admin"}]}},"_links":{"self":[{"href":"https:\/\/franciscanos.org.br\/noticias\/wp-json\/wp\/v2\/posts\/18431"}],"collection":[{"href":"https:\/\/franciscanos.org.br\/noticias\/wp-json\/wp\/v2\/posts"}],"about":[{"href":"https:\/\/franciscanos.org.br\/noticias\/wp-json\/wp\/v2\/types\/post"}],"author":[{"embeddable":true,"href":"https:\/\/franciscanos.org.br\/noticias\/wp-json\/wp\/v2\/users\/1"}],"replies":[{"embeddable":true,"href":"https:\/\/franciscanos.org.br\/noticias\/wp-json\/wp\/v2\/comments?post=18431"}],"version-history":[{"count":0,"href":"https:\/\/franciscanos.org.br\/noticias\/wp-json\/wp\/v2\/posts\/18431\/revisions"}],"wp:featuredmedia":[{"embeddable":true,"href":"https:\/\/franciscanos.org.br\/noticias\/wp-json\/wp\/v2\/media\/211515"}],"wp:attachment":[{"href":"https:\/\/franciscanos.org.br\/noticias\/wp-json\/wp\/v2\/media?parent=18431"}],"wp:term":[{"taxonomy":"category","embeddable":true,"href":"https:\/\/franciscanos.org.br\/noticias\/wp-json\/wp\/v2\/categories?post=18431"},{"taxonomy":"post_tag","embeddable":true,"href":"https:\/\/franciscanos.org.br\/noticias\/wp-json\/wp\/v2\/tags?post=18431"}],"curies":[{"name":"wp","href":"https:\/\/api.w.org\/{rel}","templated":true}]}}