{"id":18398,"date":"2012-05-27T18:34:13","date_gmt":"2012-05-27T21:34:13","guid":{"rendered":"http:\/\/new.franciscanos.org.br\/?p=18398"},"modified":"2019-09-24T13:13:36","modified_gmt":"2019-09-24T16:13:36","slug":"frei-alberto-o-espirito-nao-o-deixara-so","status":"publish","type":"post","link":"https:\/\/franciscanos.org.br\/noticias\/frei-alberto-o-espirito-nao-o-deixara-so.html","title":{"rendered":"&#8220;Frei Alberto, o Esp\u00edrito n\u00e3o o deixar\u00e1 s\u00f3&#8221;"},"content":{"rendered":"<p><img loading=\"lazy\" class=\"alignnone wp-image-198857 size-full\" src=\"https:\/\/franciscanos.org.br\/noticias\/wp-content\/uploads\/2012\/05\/interna4.jpg\" alt=\"\" width=\"830\" height=\"454\" srcset=\"https:\/\/franciscanos.org.br\/noticias\/wp-content\/uploads\/2012\/05\/interna4.jpg 830w, https:\/\/franciscanos.org.br\/noticias\/wp-content\/uploads\/2012\/05\/interna4-450x246.jpg 450w, https:\/\/franciscanos.org.br\/noticias\/wp-content\/uploads\/2012\/05\/interna4-768x420.jpg 768w, https:\/\/franciscanos.org.br\/noticias\/wp-content\/uploads\/2012\/05\/interna4-150x82.jpg 150w\" sizes=\"(max-width: 830px) 100vw, 830px\" \/><\/p>\n<p><strong>Moacir Beggo<\/strong><\/p>\n<p><strong>Indaial (SC)\u00a0<\/strong>&#8211; \u00a0Frei Alberto Eckel Junior n\u00e3o poderia ter escolhido data melhor para ser ordenado presb\u00edtero. A solenidade de Pentecostes, que d\u00e1 in\u00edcio \u00e0 vida da Igreja de Jesus Cristo, marcou tamb\u00e9m o come\u00e7o da vida presbiteral deste catarinense, que recebeu o segundo grau da Ordem pela imposi\u00e7\u00e3o das m\u00e3os do bispo diocesano de Blumenau, Dom Jos\u00e9 Negri, durante a celebra\u00e7\u00e3o eucar\u00edstica na Igreja Nossa Senhora de F\u00e1tima, no dia 26 de maio, na cidade catarinense de Indaial.<\/p>\n<p>Foi uma bonita celebra\u00e7\u00e3o, que reuniu os frades de toda a Prov\u00edncia, especialmente desta regi\u00e3o e do Noviciado, com seus 19 novi\u00e7os, para celebrarem esta dupla festa.<\/p>\n<p><img loading=\"lazy\" class=\"alignleft size-full wp-image-198859\" src=\"https:\/\/franciscanos.org.br\/noticias\/wp-content\/uploads\/2012\/05\/25.jpg\" alt=\"\" width=\"400\" height=\"600\" srcset=\"https:\/\/franciscanos.org.br\/noticias\/wp-content\/uploads\/2012\/05\/25.jpg 400w, https:\/\/franciscanos.org.br\/noticias\/wp-content\/uploads\/2012\/05\/25-300x450.jpg 300w, https:\/\/franciscanos.org.br\/noticias\/wp-content\/uploads\/2012\/05\/25-150x225.jpg 150w\" sizes=\"(max-width: 400px) 100vw, 400px\" \/>Tamb\u00e9m participaram os seminaristas do Semin\u00e1rio Franciscano de Ituporanga, di\u00e1conos da Diocese e o Pe. Frei M\u00e1rcio Machado, da Comunidade S\u00e3o Francisco de Assis.<\/p>\n<p>Os pais, Alberto e Jociane Mary Trindade Eckel, e os irm\u00e3os Thiago e Thaize, j\u00e1 n\u00e3o residem mais em Indaial, mas Frei Alberto quis voltar \u00e0 cidade onde se formou e cresceu at\u00e9 se mudar para o semin\u00e1rio. O povo retribuiu a sua escolha lotando a igreja para celebrar este momento hist\u00f3rico em sua vida.<\/p>\n<p>Muito simp\u00e1tico, Dom Jos\u00e9 presidiu a celebra\u00e7\u00e3o, que teve como concelebrantes o Ministro Provincial, Frei Fid\u00eancio Vanboemmel, e o p\u00e1roco da Par\u00f3quia Nossa Senhora de F\u00e1tima, Pe. C\u00e9lio Ribeiro, e disse que estava muito feliz, pois era a primeira vez que ordenava um filho de S\u00e3o Francisco, santo por quem tem muita estima e venera\u00e7\u00e3o. Dom Jos\u00e9 nasceu na It\u00e1lia.<\/p>\n<p>Fazendo uma reflex\u00e3o sobre o tema escolhido por Frei Alberto \u2013 \u201cSe algu\u00e9m tem sede, venha a mim e beba\u201d (Jo 7,37) -, Dom Jos\u00e9 disse que a sede pode expressar um desejo natural, como beber \u00e1gua, mas ela pode tamb\u00e9m simbolizar outro tipo de desejo: \u201cS\u00e3o Francisco, por exemplo, na primeira fase de sua vida sentia sede, mas de riqueza, de poder, de vingan\u00e7a contra seus inimigos e corria, corria sem sossego atr\u00e1s disso. Em certo ponto, a sua sede se transformou e o encontro com o Senhor lhe mudou a vida; ele passou a ter sede do Evangelho, de auxiliar os pobres e de atender os leprosos, que eram exclu\u00eddos da sociedade\u201d, explicou.<\/p>\n<p>Segundo Dom Jos\u00e9, essa sua sede \u00e9 a de um jovem que quer doar a vida pelo Reino, \u00e9 a sede de algu\u00e9m que, depois de anos de caminhada vocacional, sente-se preparado n\u00e3o s\u00f3 para atender ao chamado de Jesus \u2013 \u201cVenha a mim\u201d -, mas, sobretudo, aceitar ser como o pr\u00f3prio Jesus. \u201cEssa tamb\u00e9m n\u00e3o foi por acaso a experi\u00eancia m\u00edstica de Francisco? Ele procurou tanto o Cristo sofredor que O encontrou e, quando se uniu misticamente ao Crucificado, ficou marcado pelos estigmas, que se reproduziram em sua carne\u201d, acrescentou.<\/p>\n<p>Dom Jos\u00e9 disse que o mundo precisa de mais Franciscos e que ele est\u00e1 ao lado de Frei Alberto nesta sua doa\u00e7\u00e3o, assim como o Esp\u00edrito n\u00e3o o abandonar\u00e1. \u201cEle o acompanhar\u00e1 ao longo de seu minist\u00e9rio e lhe promete \u2013 conforme diz o Evangelho (Jo 7,38) \u2013 que rios de \u00e1gua viva, frutos e b\u00ean\u00e7\u00e3o o acompanhar\u00e3o e a sua sede de Deus ser\u00e1 saciada\u201d.<\/p>\n<p>Terminada a homilia teve in\u00edcio o rito de ordena\u00e7\u00e3o .\u00a0Frei Alberto foi revestido das vestes lit\u00fargicas por Frei Valdecir Schwambach, guardi\u00e3o do Convento da Penha e o di\u00e1cono Frei Jo\u00e3o Francisco. J\u00e1 como presb\u00edtero, Frei Alberto recebeu o c\u00e1lice e patena de Dom Jos\u00e9 e, pela primeira vez, ele exerceu o seu minist\u00e9rio, concelebrando com o bispo e os presb\u00edteros.<\/p>\n<p><strong><img loading=\"lazy\" class=\"alignright size-full wp-image-198860\" src=\"https:\/\/franciscanos.org.br\/noticias\/wp-content\/uploads\/2012\/05\/08.jpg\" alt=\"\" width=\"600\" height=\"400\" srcset=\"https:\/\/franciscanos.org.br\/noticias\/wp-content\/uploads\/2012\/05\/08.jpg 600w, https:\/\/franciscanos.org.br\/noticias\/wp-content\/uploads\/2012\/05\/08-450x300.jpg 450w, https:\/\/franciscanos.org.br\/noticias\/wp-content\/uploads\/2012\/05\/08-150x100.jpg 150w\" sizes=\"(max-width: 600px) 100vw, 600px\" \/>Alegria e agradecimentos<\/strong><\/p>\n<p>Frei Fid\u00eancio, em nome de toda a Prov\u00edncia, agradeceu a Dom Jos\u00e9 pela disponibilidade ao aceitar o convite de ordenar Frei Alberto. \u201cQuero agradecer-lhe porque nos permite, como Frades Menores,\u00a0 fazer penit\u00eancia na sua Diocese. Como S\u00e3o Francisco diz: fazer penit\u00eancia \u00e9 viver a nossa voca\u00e7\u00e3o e a nossa miss\u00e3o em Blumenau,em Gaspar, onde nossos frades se fazem presentes\u201d, acrescentou.<\/p>\n<p>Frei Fid\u00eancio demonstrou toda a sua gratid\u00e3o \u00e0 comunidade e a Pe. C\u00e9lio e Pe. M\u00e1rcio que tornaram poss\u00edvel esta festa em Indaial. Fez um agradecimento especial a Frei Valdir Laurentino, guardi\u00e3o da Fraternidade do Noviciado, que recebeu os frades que participaram da celebra\u00e7\u00e3o. Por \u00faltimo, agradeceu \u00e0 fam\u00edlia de Frei Alberto: \u201cSr. Alberto, Jociane, Thiago e Thayse, obrigado a voc\u00eas do fundo do nosso cora\u00e7\u00e3o. Voc\u00eas foram aben\u00e7oados tantas vezes e hoje mais uma vez foram aben\u00e7oados por esse filho, irm\u00e3o, sacerdote da Igreja. Obrigado a todos!\u201d. Pe. C\u00e9lio agradeceu aos frades por trazerem um pouco do carisma de S\u00e3o Francisco a Indaial. \u201cEssa par\u00f3quia n\u00e3o ser\u00e1 a mesma depois desta ordena\u00e7\u00e3o, depois deste momento t\u00e3o bonito, t\u00e3o sagrado e t\u00e3o carregado do Esp\u00edrito de Deus. Muito obrigado, Frei Alberto, muito obrigado, Frei Fid\u00eancio!\u201d, completou.<\/p>\n<p><strong>Mensagem Final<\/strong><\/p>\n<p><img loading=\"lazy\" class=\"alignleft wp-image-198861 size-full\" src=\"https:\/\/franciscanos.org.br\/noticias\/wp-content\/uploads\/2012\/05\/20.jpg\" alt=\"\" width=\"600\" height=\"400\" srcset=\"https:\/\/franciscanos.org.br\/noticias\/wp-content\/uploads\/2012\/05\/20.jpg 600w, https:\/\/franciscanos.org.br\/noticias\/wp-content\/uploads\/2012\/05\/20-450x300.jpg 450w, https:\/\/franciscanos.org.br\/noticias\/wp-content\/uploads\/2012\/05\/20-150x100.jpg 150w\" sizes=\"(max-width: 600px) 100vw, 600px\" \/>No final, Dom Jos\u00e9 deixou a seguinte mensagem ao novo presb\u00edtero: \u201cFrei Alberto, hoje padre, escolheu um bispo para orden\u00e1-lo que \u00e9 mission\u00e1rio. Voc\u00ea sabia disso?\u00a0 Ent\u00e3o, n\u00e3o posso terminar esta celebra\u00e7\u00e3o sem lhe dizer que, pelas minhas m\u00e3os episcopais, sacerdotais consagradas, quero que passe tamb\u00e9m este esp\u00edrito mission\u00e1rio a voc\u00ea. Hoje \u00e9 dia de Pentecostes. \u00c9 gra\u00e7as a Pentecostes que a f\u00e9 se espalhou pelo mundo inteiro. A Palavra de Deus correu at\u00e9 os confins da Terra\u201d, disse, chamando os novi\u00e7os angolanos para ficarem ao seu lado no altar. \u201cA f\u00e9 se espalhou no mundo inteiro. E n\u00f3s estamos aqui representando esse mundo inteiro. N\u00e3o esque\u00e7a, Frei Alberto, de ser franciscano, mas tamb\u00e9m de operar para o mundo. E o mundo te espera. N\u00e3o \u00e9 s\u00f3 o Estado do Esp\u00edrito Santo. Tem muito mais Esp\u00edrito Santo no mundo inteiro que espera a tua palavra!\u201d. Em seguida, Dom Jos\u00e9 chamou ao seu lado os pais de Frei Alberto: \u201cEu acredito plenamente que a voca\u00e7\u00e3o de um jovem nasce numa fam\u00edlia, como Frei Alberto j\u00e1 falou no seu agradecimento. N\u00e3o esque\u00e7am a grande responsabilidade que t\u00eam as fam\u00edlias diante de Deus. Os filhos n\u00e3o s\u00e3o nossos. Eles s\u00e3o de Deus. Eu quero agradecer a esta fam\u00edlia que ofereceu um filho \u00e0 Igreja. Esse gesto de voc\u00eas foi corajoso e, acompanhar o seu filho at\u00e9 esse momento, \u00e9 uma grande b\u00ean\u00e7\u00e3o\u201d, finalizou, dando a b\u00ean\u00e7\u00e3o final. Se Pentecostes \u00e9 o coroamento de todo o ciclo da P\u00e1scoa, a ordena\u00e7\u00e3o de Frei Alberto tamb\u00e9m marcou o coroamento de uma s\u00e9rie de onze ordena\u00e7\u00f5es presbiterais para a Prov\u00edncia da Imaculada Concei\u00e7\u00e3o neste primeiro semestre de 2012.<\/p>\n<hr \/>\n<p>\u00cdNTEGRA DA HOMILIA<\/p>\n<p>Caro\u00a0 Frei Alberto!<\/p>\n<p>Saiba da minha grande alegria por ter sido convidado para presidir esta Ordena\u00e7\u00e3o em que, pela imposi\u00e7\u00e3o de minhas m\u00e3os, o Esp\u00edrito o ungir\u00e1 e como nosso novo ap\u00f3stolo. Estou feliz, pois \u00e9 a primeira vez que ordeno um filho de S\u00e3o Francisco, santo pelo qual tenho muita estima e venera\u00e7\u00e3o.<\/p>\n<p>Hoje \u00e9 um dia de festa. O povo, numeroso, vem confirmar a alegria de ter mais um irm\u00e3o entre n\u00f3s, o qual foi chamado a servir \u00e0 Igreja como presb\u00edtero na Ordem dos Frades Menores que, h\u00e1 mais de cem anos, est\u00e1 semeando a boa nova nestas terras. Todos n\u00f3s nos alegramos: a sua fam\u00edlia aqui presente, a fam\u00edlia franciscana, representada pelo Ministro Provincial, a Diocese em que voc\u00ea nasceu e que represento, a sua par\u00f3quia, onde voc\u00ea\u00a0 quis ser ordenado. Por essa gra\u00e7a, todos louvamos e agradecemos ao Senhor!<\/p>\n<p>O lema que voc\u00ea escolheu \u2013 \u201cSe algu\u00e9m tem sede\u201d \u2013 nos lembra um epis\u00f3dio importante do evangelho, relatado por Jo\u00e3o: o encontro de Jesus com a samaritana que tinha ido a um po\u00e7o buscar \u00e1gua. Ao encontrar-se com Jesus ela teve saciada a sua sede, com a \u00e1gua que \u00e9 fonte de vida e que somente Ele poderia proporcionar (Jo 4).<\/p>\n<p>A sede pode expressar um desejo: um, entre os mais comuns, como o de algo t\u00e3o natural, como a \u00e1gua; mas ela pode tamb\u00e9m simbolizar outro tipo de desejo. S\u00e3o Francisco, por exemplo, na primeira fase de sua vida sentia sede, mas de riqueza, de poder, de vingan\u00e7a contra seus inimigos e corria, corria sem sossego atr\u00e1s disso. Em certo ponto, a sua sede se transformou e o encontro com o Senhor lhe mudou a vida; ele passou a ter sede do evangelho, de auxiliar os pobres e de atender os leprosos, que eram exclu\u00eddos da sociedade. Por isso hoje, caro Frei Alberto, S\u00e3o Francisco lhe diz: \u201cVenha a mim\u201d, isto \u00e9, \u201cveja como foi a minha vida, apreenda do meu exemplo, entenda e viva sua vida como eu vivi a minha, no caminho do Mestre\u201d. E ainda: \u201cCultive em seu cora\u00e7\u00e3o a sede do evangelho, tenha \u2018sede\u2019 dos pobres, dos que est\u00e3o \u00e0s margens da sociedade, tenha \u2018sede e fome de justi\u00e7a\u2019\u201d.<\/p>\n<p>Essa sua sede, meu caro ordenando, \u00e9 a de um jovem que quer doar a vida pelo Reino, \u00e9 a sede de algu\u00e9m que, depois de anos de caminhada vocacional, sente-se preparado n\u00e3o s\u00f3 para atender ao chamado de Jesus \u2013 \u201cvenha a mim\u201d -, mas, sobretudo, aceitar ser como o pr\u00f3prio Jesus. A pergunta que lhe farei daqui a pouco ser\u00e1: \u201cQueres unir-te cada vez mais ao Cristo, sumo sacerdote, que se entregou ao Pai por n\u00f3s, e ser com ele consagrado a Deus para a salva\u00e7\u00e3o da humanidade?\u201d. Isso, em poucas palavras, \u00e9 como se Jesus estivesse perguntando: \u201cVoc\u00ea quer comigo subir \u00e0 Cruz?\u201d E n\u00e3o esque\u00e7amos quando Jesus, nos \u00faltimos momentos de sua vida, deu tudo para todos. Quando ele disse: \u201cTudo est\u00e1 consumado!\u201d tamb\u00e9m acrescentou: \u201cTenho sede!\u201d. Ele deu tudo de si, a vida Dele foi uma doa\u00e7\u00e3o total, que no fim Ele precisou de n\u00f3s. \u201cTenho sede!\u201d. \u00a0Essa tamb\u00e9m n\u00e3o foi por acaso a experi\u00eancia m\u00edstica de Francisco? Ele procurou tanto o Cristo sofredor que O encontrou e, quando se uniu misticamente ao Crucificado, ficou marcado pelos estigmas, que se reproduziram em sua carne.<\/p>\n<p>Hoje, o nosso mundo, a sociedade, precisa de outros Franciscos. No mundo em que n\u00f3s vivemos, onde predomina o individualismo, a seculariza\u00e7\u00e3o tomou conta da sociedade. Precisamos de algu\u00e9m que assuma na sua carne, na sua pele, na sua vida, os estigmas de Jesus.\u00a0 E hoje Francisco est\u00e1 aqui ao seu lado para lhe acompanhar nesta sua doa\u00e7\u00e3o.<\/p>\n<p>Essa doa\u00e7\u00e3o exige sacrif\u00edcios. \u00c9 claro que voc\u00ea n\u00e3o est\u00e1 sozinho na entrega de sua vida ao Reino. S\u00e3o Paulo, na carta aos Romanos, nos esclarece que \u201c\u00e9 o Esp\u00edrito que vem em socorro da nossa fraqueza\u201d. De fato, quem poderia doar-se, totalmente, com o peso da pr\u00f3pria condi\u00e7\u00e3o humana, dos pr\u00f3prios defeitos, das imperfei\u00e7\u00f5es? Justamente hoje, dia em que celebramos as v\u00e9speras da grande festa de Pentecostes, saiba que o Esp\u00edrito n\u00e3o o deixar\u00e1 s\u00f3. Ele o acompanhar\u00e1 ao longo de seu minist\u00e9rio e lhe promete \u2013 conforme diz o Evangelho (Jo 7,38) \u2013 que rios de \u00e1gua viva, frutos e b\u00ean\u00e7\u00e3o o acompanhar\u00e3o e a sua sede de Deus ser\u00e1 saciada.<\/p>\n<p><strong>Dom Jos\u00e9 Negri,<\/strong><\/p>\n<p><strong>bispo diocesano de Blumenau (SC)<\/strong><\/p>\n","protected":false},"excerpt":{"rendered":"<p>Ordena\u00e7\u00e3o presbiteral de Frei Alberto Eckel<\/p>\n","protected":false},"author":1,"featured_media":211514,"comment_status":"closed","ping_status":"closed","sticky":false,"template":"","format":"standard","meta":[],"categories":[1],"tags":[282,157],"acf":[],"yoast_head":"<!-- This site is optimized with the Yoast SEO plugin v19.2 - https:\/\/yoast.com\/wordpress\/plugins\/seo\/ -->\n<title>&quot;Frei Alberto, o Esp\u00edrito n\u00e3o o deixar\u00e1 s\u00f3&quot; - Not\u00edcias - Franciscanos<\/title>\n<meta name=\"robots\" content=\"index, follow, max-snippet:-1, max-image-preview:large, max-video-preview:-1\" \/>\n<link rel=\"canonical\" href=\"https:\/\/franciscanos.org.br\/noticias\/frei-alberto-o-espirito-nao-o-deixara-so.html\" \/>\n<meta property=\"og:locale\" content=\"pt_BR\" \/>\n<meta property=\"og:type\" content=\"article\" \/>\n<meta property=\"og:title\" content=\"&quot;Frei Alberto, o Esp\u00edrito n\u00e3o o deixar\u00e1 s\u00f3&quot; - Not\u00edcias - Franciscanos\" \/>\n<meta property=\"og:description\" content=\"Ordena\u00e7\u00e3o presbiteral de Frei Alberto Eckel\" \/>\n<meta property=\"og:url\" content=\"https:\/\/franciscanos.org.br\/noticias\/frei-alberto-o-espirito-nao-o-deixara-so.html\" \/>\n<meta property=\"og:site_name\" content=\"Not\u00edcias - Franciscanos\" \/>\n<meta property=\"article:published_time\" content=\"2012-05-27T21:34:13+00:00\" \/>\n<meta property=\"article:modified_time\" content=\"2019-09-24T16:13:36+00:00\" \/>\n<meta property=\"og:image\" content=\"https:\/\/franciscanos.org.br\/noticias\/wp-content\/uploads\/2012\/05\/interna4-1.jpg\" \/>\n\t<meta property=\"og:image:width\" content=\"273\" \/>\n\t<meta property=\"og:image:height\" content=\"181\" \/>\n\t<meta property=\"og:image:type\" content=\"image\/jpeg\" \/>\n<meta name=\"author\" content=\"admin\" \/>\n<meta name=\"twitter:card\" content=\"summary_large_image\" \/>\n<meta name=\"twitter:label1\" content=\"Escrito por\" \/>\n\t<meta name=\"twitter:data1\" content=\"admin\" \/>\n\t<meta name=\"twitter:label2\" content=\"Est. tempo de leitura\" \/>\n\t<meta name=\"twitter:data2\" content=\"10 minutos\" \/>\n<script type=\"application\/ld+json\" class=\"yoast-schema-graph\">{\"@context\":\"https:\/\/schema.org\",\"@graph\":[{\"@type\":\"WebSite\",\"@id\":\"https:\/\/franciscanos.org.br\/noticias\/#website\",\"url\":\"https:\/\/franciscanos.org.br\/noticias\/\",\"name\":\"Not\u00edcias - Franciscanos\",\"description\":\"Prov\u00edncia Franciscana da Imaculada Concei\u00e7\u00e3o do Brasil - Ordem dos Frades Menores - OFM\",\"potentialAction\":[{\"@type\":\"SearchAction\",\"target\":{\"@type\":\"EntryPoint\",\"urlTemplate\":\"https:\/\/franciscanos.org.br\/noticias\/?s={search_term_string}\"},\"query-input\":\"required name=search_term_string\"}],\"inLanguage\":\"pt-BR\"},{\"@type\":\"ImageObject\",\"inLanguage\":\"pt-BR\",\"@id\":\"https:\/\/franciscanos.org.br\/noticias\/frei-alberto-o-espirito-nao-o-deixara-so.html#primaryimage\",\"url\":\"https:\/\/franciscanos.org.br\/noticias\/wp-content\/uploads\/2012\/05\/interna4-1.jpg\",\"contentUrl\":\"https:\/\/franciscanos.org.br\/noticias\/wp-content\/uploads\/2012\/05\/interna4-1.jpg\",\"width\":273,\"height\":181},{\"@type\":\"WebPage\",\"@id\":\"https:\/\/franciscanos.org.br\/noticias\/frei-alberto-o-espirito-nao-o-deixara-so.html#webpage\",\"url\":\"https:\/\/franciscanos.org.br\/noticias\/frei-alberto-o-espirito-nao-o-deixara-so.html\",\"name\":\"\\\"Frei Alberto, o Esp\u00edrito n\u00e3o o deixar\u00e1 s\u00f3\\\" - Not\u00edcias - Franciscanos\",\"isPartOf\":{\"@id\":\"https:\/\/franciscanos.org.br\/noticias\/#website\"},\"primaryImageOfPage\":{\"@id\":\"https:\/\/franciscanos.org.br\/noticias\/frei-alberto-o-espirito-nao-o-deixara-so.html#primaryimage\"},\"datePublished\":\"2012-05-27T21:34:13+00:00\",\"dateModified\":\"2019-09-24T16:13:36+00:00\",\"author\":{\"@id\":\"https:\/\/franciscanos.org.br\/noticias\/#\/schema\/person\/b38fbf43118f02820bd932f2e4b14ad3\"},\"breadcrumb\":{\"@id\":\"https:\/\/franciscanos.org.br\/noticias\/frei-alberto-o-espirito-nao-o-deixara-so.html#breadcrumb\"},\"inLanguage\":\"pt-BR\",\"potentialAction\":[{\"@type\":\"ReadAction\",\"target\":[\"https:\/\/franciscanos.org.br\/noticias\/frei-alberto-o-espirito-nao-o-deixara-so.html\"]}]},{\"@type\":\"BreadcrumbList\",\"@id\":\"https:\/\/franciscanos.org.br\/noticias\/frei-alberto-o-espirito-nao-o-deixara-so.html#breadcrumb\",\"itemListElement\":[{\"@type\":\"ListItem\",\"position\":1,\"name\":\"Home\",\"item\":\"https:\/\/franciscanos.org.br\/noticias\"},{\"@type\":\"ListItem\",\"position\":2,\"name\":\"&#8220;Frei Alberto, o Esp\u00edrito n\u00e3o o deixar\u00e1 s\u00f3&#8221;\"}]},{\"@type\":\"Person\",\"@id\":\"https:\/\/franciscanos.org.br\/noticias\/#\/schema\/person\/b38fbf43118f02820bd932f2e4b14ad3\",\"name\":\"admin\",\"image\":{\"@type\":\"ImageObject\",\"inLanguage\":\"pt-BR\",\"@id\":\"https:\/\/franciscanos.org.br\/noticias\/#\/schema\/person\/image\/\",\"url\":\"https:\/\/secure.gravatar.com\/avatar\/e8495742d34d0ba6448ea1c628263b3e?s=96&d=mm&r=g\",\"contentUrl\":\"https:\/\/secure.gravatar.com\/avatar\/e8495742d34d0ba6448ea1c628263b3e?s=96&d=mm&r=g\",\"caption\":\"admin\"},\"url\":\"https:\/\/franciscanos.org.br\/noticias\/author\/admin\"}]}<\/script>\n<!-- \/ Yoast SEO plugin. -->","yoast_head_json":{"title":"\"Frei Alberto, o Esp\u00edrito n\u00e3o o deixar\u00e1 s\u00f3\" - Not\u00edcias - Franciscanos","robots":{"index":"index","follow":"follow","max-snippet":"max-snippet:-1","max-image-preview":"max-image-preview:large","max-video-preview":"max-video-preview:-1"},"canonical":"https:\/\/franciscanos.org.br\/noticias\/frei-alberto-o-espirito-nao-o-deixara-so.html","og_locale":"pt_BR","og_type":"article","og_title":"\"Frei Alberto, o Esp\u00edrito n\u00e3o o deixar\u00e1 s\u00f3\" - Not\u00edcias - Franciscanos","og_description":"Ordena\u00e7\u00e3o presbiteral de Frei Alberto Eckel","og_url":"https:\/\/franciscanos.org.br\/noticias\/frei-alberto-o-espirito-nao-o-deixara-so.html","og_site_name":"Not\u00edcias - Franciscanos","article_published_time":"2012-05-27T21:34:13+00:00","article_modified_time":"2019-09-24T16:13:36+00:00","og_image":[{"width":273,"height":181,"url":"https:\/\/franciscanos.org.br\/noticias\/wp-content\/uploads\/2012\/05\/interna4-1.jpg","type":"image\/jpeg"}],"author":"admin","twitter_card":"summary_large_image","twitter_misc":{"Escrito por":"admin","Est. tempo de leitura":"10 minutos"},"schema":{"@context":"https:\/\/schema.org","@graph":[{"@type":"WebSite","@id":"https:\/\/franciscanos.org.br\/noticias\/#website","url":"https:\/\/franciscanos.org.br\/noticias\/","name":"Not\u00edcias - Franciscanos","description":"Prov\u00edncia Franciscana da Imaculada Concei\u00e7\u00e3o do Brasil - Ordem dos Frades Menores - OFM","potentialAction":[{"@type":"SearchAction","target":{"@type":"EntryPoint","urlTemplate":"https:\/\/franciscanos.org.br\/noticias\/?s={search_term_string}"},"query-input":"required name=search_term_string"}],"inLanguage":"pt-BR"},{"@type":"ImageObject","inLanguage":"pt-BR","@id":"https:\/\/franciscanos.org.br\/noticias\/frei-alberto-o-espirito-nao-o-deixara-so.html#primaryimage","url":"https:\/\/franciscanos.org.br\/noticias\/wp-content\/uploads\/2012\/05\/interna4-1.jpg","contentUrl":"https:\/\/franciscanos.org.br\/noticias\/wp-content\/uploads\/2012\/05\/interna4-1.jpg","width":273,"height":181},{"@type":"WebPage","@id":"https:\/\/franciscanos.org.br\/noticias\/frei-alberto-o-espirito-nao-o-deixara-so.html#webpage","url":"https:\/\/franciscanos.org.br\/noticias\/frei-alberto-o-espirito-nao-o-deixara-so.html","name":"\"Frei Alberto, o Esp\u00edrito n\u00e3o o deixar\u00e1 s\u00f3\" - Not\u00edcias - Franciscanos","isPartOf":{"@id":"https:\/\/franciscanos.org.br\/noticias\/#website"},"primaryImageOfPage":{"@id":"https:\/\/franciscanos.org.br\/noticias\/frei-alberto-o-espirito-nao-o-deixara-so.html#primaryimage"},"datePublished":"2012-05-27T21:34:13+00:00","dateModified":"2019-09-24T16:13:36+00:00","author":{"@id":"https:\/\/franciscanos.org.br\/noticias\/#\/schema\/person\/b38fbf43118f02820bd932f2e4b14ad3"},"breadcrumb":{"@id":"https:\/\/franciscanos.org.br\/noticias\/frei-alberto-o-espirito-nao-o-deixara-so.html#breadcrumb"},"inLanguage":"pt-BR","potentialAction":[{"@type":"ReadAction","target":["https:\/\/franciscanos.org.br\/noticias\/frei-alberto-o-espirito-nao-o-deixara-so.html"]}]},{"@type":"BreadcrumbList","@id":"https:\/\/franciscanos.org.br\/noticias\/frei-alberto-o-espirito-nao-o-deixara-so.html#breadcrumb","itemListElement":[{"@type":"ListItem","position":1,"name":"Home","item":"https:\/\/franciscanos.org.br\/noticias"},{"@type":"ListItem","position":2,"name":"&#8220;Frei Alberto, o Esp\u00edrito n\u00e3o o deixar\u00e1 s\u00f3&#8221;"}]},{"@type":"Person","@id":"https:\/\/franciscanos.org.br\/noticias\/#\/schema\/person\/b38fbf43118f02820bd932f2e4b14ad3","name":"admin","image":{"@type":"ImageObject","inLanguage":"pt-BR","@id":"https:\/\/franciscanos.org.br\/noticias\/#\/schema\/person\/image\/","url":"https:\/\/secure.gravatar.com\/avatar\/e8495742d34d0ba6448ea1c628263b3e?s=96&d=mm&r=g","contentUrl":"https:\/\/secure.gravatar.com\/avatar\/e8495742d34d0ba6448ea1c628263b3e?s=96&d=mm&r=g","caption":"admin"},"url":"https:\/\/franciscanos.org.br\/noticias\/author\/admin"}]}},"_links":{"self":[{"href":"https:\/\/franciscanos.org.br\/noticias\/wp-json\/wp\/v2\/posts\/18398"}],"collection":[{"href":"https:\/\/franciscanos.org.br\/noticias\/wp-json\/wp\/v2\/posts"}],"about":[{"href":"https:\/\/franciscanos.org.br\/noticias\/wp-json\/wp\/v2\/types\/post"}],"author":[{"embeddable":true,"href":"https:\/\/franciscanos.org.br\/noticias\/wp-json\/wp\/v2\/users\/1"}],"replies":[{"embeddable":true,"href":"https:\/\/franciscanos.org.br\/noticias\/wp-json\/wp\/v2\/comments?post=18398"}],"version-history":[{"count":0,"href":"https:\/\/franciscanos.org.br\/noticias\/wp-json\/wp\/v2\/posts\/18398\/revisions"}],"wp:featuredmedia":[{"embeddable":true,"href":"https:\/\/franciscanos.org.br\/noticias\/wp-json\/wp\/v2\/media\/211514"}],"wp:attachment":[{"href":"https:\/\/franciscanos.org.br\/noticias\/wp-json\/wp\/v2\/media?parent=18398"}],"wp:term":[{"taxonomy":"category","embeddable":true,"href":"https:\/\/franciscanos.org.br\/noticias\/wp-json\/wp\/v2\/categories?post=18398"},{"taxonomy":"post_tag","embeddable":true,"href":"https:\/\/franciscanos.org.br\/noticias\/wp-json\/wp\/v2\/tags?post=18398"}],"curies":[{"name":"wp","href":"https:\/\/api.w.org\/{rel}","templated":true}]}}