{"id":18048,"date":"2012-05-21T08:40:28","date_gmt":"2012-05-21T11:40:28","guid":{"rendered":"http:\/\/new.franciscanos.org.br\/?p=18048"},"modified":"2019-09-24T13:11:38","modified_gmt":"2019-09-24T16:11:38","slug":"confira-os-novos-lancamentos-da-editora-vozes","status":"publish","type":"post","link":"https:\/\/franciscanos.org.br\/noticias\/confira-os-novos-lancamentos-da-editora-vozes.html","title":{"rendered":"Confira os novos lan\u00e7amentos da Editora Vozes"},"content":{"rendered":"<p><a href=\"http:\/\/franciscanos.org.br\/wp-content\/uploads\/2012\/05\/Dizer-sim-a-Deus.jpg\"><img loading=\"lazy\" class=\"alignright size-full wp-image-18054\" title=\"Dizer-sim-a-Deus\" src=\"http:\/\/franciscanos.org.br\/wp-content\/uploads\/2012\/05\/Dizer-sim-a-Deus.jpg\" alt=\"\" width=\"400\" height=\"658\" \/><\/a>Entre os \u00faltimos lan\u00e7amentos da Editora Vozes, que neste ano completa 111 anos de funda\u00e7\u00e3o e tem sede em Petr\u00f3polis (RJ), est\u00e1 o livro \u201cDizer sim a Deus&#8221;, de Luiz Alexandre Solano Rossi.<\/p>\n<p>&#8220;Dizer sim a Deus&#8221; foi escrito com uma miss\u00e3o bem clara: ajudar os leitores a olharem para dentro de si mesmos e perceberem que possuem valores e condi\u00e7\u00f5es de vivenciar uma vida com mais qualidade e contribuir no processo de humaniza\u00e7\u00e3o daqueles com os quais nos relacionamos em diferentes ambientes: na fam\u00edlia, na igreja, no trabalho etc. Ao abrir o livro voc\u00ea estar\u00e1 a poucos passos de iniciar um processo que o levar\u00e1 a se ver e viver positivamente. Em cada p\u00e1gina, voc\u00ea encontrar\u00e1 um duplo desafio: o de conhecer melhor a si mesmo e seu potencial e o desafio de perceber que Deus o capacita para uma vida positiva.<\/p>\n<p>Confira outros lan\u00e7amentos da Vozes:<\/p>\n<h3>Cidade de Deus (A) &#8211; Parte I (Livros I a X)<\/h3>\n<p>ISBN: 9788532643452<br \/>\n480 p\u00e1ginas<br \/>\nPre\u00e7o: R$ 29,90<br \/>\nautor: Santo Agostinho<br \/>\nPeso: 354 gramas<br \/>\n1\u00aa edi\u00e7\u00e3o<br \/>\nAssunto: Filosofia<br \/>\nVozes de Bolso<br \/>\nA origem desta extraordin\u00e1ria obra de Santo Agostinho parece colocar-se num fato bem espec\u00edfico: a invas\u00e3o e o saque de Roma, em 410, por Alarico, rei dos visigodos. \u00c9 o que nos conta o pr\u00f3prio santo, no cap\u00edtulo 43 da segunda parte das Retractationes, quando afirma:&#8221;Por isso, ardendo em zelo pela casa da Deus, resolvi escrever estes livros da Cidade de Deus contra suas blasf\u00eamias ou erros&#8221;. A Cidade de Deus \u00e9 uma interpreta\u00e7\u00e3o do mundo \u00e0 luz da f\u00e9 crist\u00e3. Trata-se da primeira teologia e filosofia da hist\u00f3ria. Esta primeira parte cont\u00e9m os livros de I a X da obra completa.<br \/>\n________________________________________<\/p>\n<h3>Cidade de Deus (A) &#8211; Parte II (Livros XI a XXII)<\/h3>\n<p>ISBN: 9788532643469<\/p>\n<p>696 p\u00e1ginas<br \/>\nPre\u00e7o: R$ 39,90<br \/>\nautor: Santo Agostinho<br \/>\nPeso: 502 gramas<br \/>\n1\u00aa edi\u00e7\u00e3o<br \/>\nAssunto: Filosofia<br \/>\nVozes de Bolso<br \/>\nA origem desta extraordin\u00e1ria obra de Santo Agostinho parece colocar-se num fato bem espec\u00edfico: a invas\u00e3o e o saque de Roma, em 410, por Alarico, rei dos visigodos. \u00c9 o que nos conta o pr\u00f3prio santo, no cap\u00edtulo 43 da segunda parte das Retractationes, quando afirma:&#8221;Por isso, ardendo em zelo pela casa da Deus, resolvi escrever estes livros da Cidade de Deus contra suas blasf\u00eamias ou erros&#8221;. A Cidade de Deus \u00e9 uma interpreta\u00e7\u00e3o do mundo \u00e0 luz da f\u00e9 crist\u00e3. Trata-se da primeira teologia e filosofia da hist\u00f3ria. Esta segunda parte cont\u00e9m os livros de XI a XXII da obra completa.<br \/>\n________________________________________<\/p>\n<h3>Filoteia ou Introdu\u00e7\u00e3o \u00e0 vida devota<\/h3>\n<p>ISBN: 9788532643445<\/p>\n<p>376 p\u00e1ginas<br \/>\nPre\u00e7o: R$ 19,90<br \/>\nautor: S\u00e3o Francisco de Sales<br \/>\nPeso: 280 gramas<br \/>\n1\u00aa edi\u00e7\u00e3o<br \/>\nAssunto: Espiritualidade e M\u00edstica<br \/>\nVozes de Bolso<\/p>\n<p>Nesta obra, S\u00e3o Francisco de Sales se dirige a Filoteia, que significa uma alma que &#8220;ama a Deus&#8221; e \u00e9 para essas almas que escreve. O livro procura ajudar Filoteia a percorrer com resolu\u00e7\u00e3o, empenho, confian\u00e7a e ardor, o caminho da vida devota, apresentando-lhe doutrina eclesial as virtudes necess\u00e1rias, as ciladas do inimigo e os benef\u00edcios da solid\u00e3o.<br \/>\n________________________________________<\/p>\n<h3>Jesus Cristo Libertador &#8211; Ensaio de cristologia cr\u00edtica para o nosso tempo<\/h3>\n<p>ISBN: 9788532643476<\/p>\n<p>296 p\u00e1ginas<br \/>\nPre\u00e7o: R$ 24,90<br \/>\nautor: Leonardo Boff<br \/>\nPeso: 222 gramas<br \/>\n1\u00aa edi\u00e7\u00e3o<br \/>\nAssunto: Teologia sistem\u00e1tica<br \/>\nVozes de Bolso<\/p>\n<p>Obra cl\u00e1ssica da Teologia da Liberta\u00e7\u00e3o, Jesus Cristo Libertador convida a inspirar-se no sonho de Jesus e no Reino que se principia na hist\u00f3ria mediante o comprometimento inequ\u00edvoco de Jesus pelos exclu\u00eddos e os empobrecidos, e que se expande mediante o comprometimento da Igreja de Jesus com a verdade, a justi\u00e7a, a miseric\u00f3rdia e o amor, em vista da plena liberta\u00e7\u00e3o.<br \/>\n________________________________________<\/p>\n<h3>10 li\u00e7\u00f5es sobre Foucault<\/h3>\n<p>ISBN: 9788532643346<br \/>\n136 p\u00e1ginas<br \/>\nPre\u00e7o: R$ 10,00<br \/>\nautor: Andr\u00e9 Constantino Yazbek<br \/>\nPeso: 106 gramas<br \/>\n1\u00aa edi\u00e7\u00e3o<br \/>\nAssunto: Filosofia<br \/>\nCole\u00e7\u00e3o: 10 Li\u00e7\u00f5es<\/p>\n<p>Este livro prop\u00f5e ao leitor uma apresenta\u00e7\u00e3o introdut\u00f3ria \u00e0 obra de Michel Foucault, centrada principalmente em sua arqueologia e genealogia. Uma apresenta\u00e7\u00e3o que, sem preju\u00edzo ao rigor exigido pelas investiga\u00e7\u00f5es foucaultianas, procure tornar acess\u00edvel ao p\u00fablico n\u00e3o especializado tanto o conjunto de problemas ao qual essa filosofia se remete quanto os instrumentos conceituais dos quais ela se serve.<\/p>\n<p>________________________________________<\/p>\n<h3>Mito, o ritual e o oral (O)<\/h3>\n<p>ISBN: 9788532643360<\/p>\n<p>184 p\u00e1ginas<br \/>\nPre\u00e7o: R$ 35,00<br \/>\nautor: Jack Goody<br \/>\nPeso: 262 gramas<br \/>\n1\u00aa edi\u00e7\u00e3o<br \/>\nAssunto: Antropologia<br \/>\nCole\u00e7\u00e3o: Antropologia<br \/>\nEm O mito, o ritual e o Oral, Jack Goody, um dos antrop\u00f3logos mais importantes do mundo, volta aos temas relacionados do mito, da oralidade e da capacidade de ler e escrever, temas que h\u00e1 muito v\u00eam sendo uma pedra de toque no pensamento antropol\u00f3gico. Combinando trabalhos cl\u00e1ssicos com outros recentemente publicados, este volume re\u00fane alguns dos ensaios mais importantes escritos sobre esses temas nos \u00faltimos cinquenta anos, representantes de uma vida inteira de envolvimento cr\u00edtico e pesquisas. Esses ensaios, perspicazes e, \u00e0s vezes, provocativos, ir\u00e3o estimular novos debates e mostrar-se-\u00e3o inestim\u00e1veis para alunos e professores de antropologia social.<br \/>\n________________________________________<\/p>\n<h3>Com Din\u00e2micas de grupo tamb\u00e9m se aprende<\/h3>\n<p>ISBN: 9788532642714<\/p>\n<p>176 p\u00e1ginas<br \/>\nPre\u00e7o: R$ 25,00<br \/>\nautor: Jos\u00e9 Osmando e Jader Rodrigues<br \/>\nPeso: 240 gramas<br \/>\n1\u00aa edi\u00e7\u00e3o<br \/>\nAssunto: Din\u00e2micas e jogos<\/p>\n<p>Este livro quer aproximar as din\u00e2micas de grupo da aprendizagem e demarcar definitivamente o espa\u00e7o que aquelas ocupam no processo de constru\u00e7\u00e3o do conhecimento. Queremos com este livro trazer um novo jeito de olhar o mundo, de tecer e explorar novas linguagens e formatos, de entrela\u00e7ar potencialidades com o olhar curioso do educando, que se espanta e encanta com as novas possibilidades de conhecimento. Aqui, educando e educador tecem, entrela\u00e7am, engendram e comp\u00f5em o conhecimento como criadores de paix\u00f5es, alquimistas do saber.<br \/>\n________________________________________<\/p>\n<h3>Forma\u00e7\u00e3o espiritual (A) &#8211; Seguindo os movimentos do esp\u00edrito<\/h3>\n<p>ISBN: 9788532643377<br \/>\n224 p\u00e1ginas<br \/>\nPre\u00e7o: R$ 35,00<br \/>\nautor: Henri J.M. Nouwen, Michael J. Christensen e Rebecca J. Laird<br \/>\nPeso: 234 gramas<br \/>\n1\u00aa edi\u00e7\u00e3o<br \/>\nAssunto: Espiritualidade e M\u00edstica<\/p>\n<p>Em A Forma\u00e7\u00e3o Espiritual, Nouwen nos aconselha muito sabiamente como experimentar os cinco est\u00e1gios cl\u00e1ssicos do desenvolvimento espiritual, nos apresenta a atividade da visio divina que nos ajuda a focar e guiar nossas ora\u00e7\u00f5es, nos revela muito sabiamente como ir da cabe\u00e7a para o cora\u00e7\u00e3o e viver neste lugar habitado por Deus. Este livro representa a consolida\u00e7\u00e3o das disciplinas cl\u00e1ssicas, dos est\u00e1gios tradicionais e dos movimentos espirituais em uma din\u00e2mica jornada de f\u00e9 que requer reflex\u00f5es di\u00e1rias e pr\u00e1ticas intencionais. Assim, ele \u00e9 adequado para processos de reflex\u00f5es individuais e de pequenos grupos.<br \/>\n________________________________________<\/p>\n<h3>\u00c1rtemis e Hip\u00f3lito &#8211; Mito e trag\u00e9dia<\/h3>\n<p>ISBN: 9788532643391<br \/>\n104 p\u00e1ginas<br \/>\nPre\u00e7o: R$ 18,60<br \/>\nautor: Rafael L\u00f3pez-Pedraza<br \/>\nPeso: 108 gramas<br \/>\n1\u00aa edi\u00e7\u00e3o<br \/>\nAssunto: Psicologia<br \/>\nCole\u00e7\u00e3o: Reflex\u00f5es Junguianas<br \/>\nEm &#8220;\u00c1rtemis e Hip\u00f3lito, mito e trag\u00e9dia&#8221; mais uma vez L\u00f3pez-Pedraza faz uma leitura clara e profunda de imagens da mitologia grega; aqui no que se refere \u00e0s chamadas deusas virgens &#8211; H\u00e9stia, Atena, Pers\u00e9fone e principalmente \u00c1rtemis &#8211; e \u00e0 trag\u00e9dia de Eur\u00edpedes &#8220;Hip\u00f3lito&#8221;. Assim, toca em assuntos important\u00edssimos da natureza humana &#8211; coisas de hoje e de sempre &#8211; como as conseq\u00fc\u00eancias que trouxeram tanto para o homem quanto para a mulher o fator da conquista de independ\u00eancia da mulher no s\u00e9culo XX. Tamb\u00e9m se refere \u00e0 psicologia virginal (\u00c1rtemis) em total oposi\u00e7\u00e3o ao aspecto carnal (Afrodite), o que provoca uma unilateralidade perigosa e destrutiva, pois reprimindo com viol\u00eancia o seu oposto, este \u00e9 jogado na sombra e aparece na din\u00e2mica do individuo de maneira peculiar e distorcida.<br \/>\n________________________________________<\/p>\n<h3>\u00c9tica da Esperan\u00e7a<\/h3>\n<p>ISBN: 9788532643353<br \/>\n320 p\u00e1ginas<br \/>\nPre\u00e7o: R$ 55,00<br \/>\nautor: J\u00fcrgen Moltmann<br \/>\nPeso: 416 gramas<br \/>\n1\u00aa edi\u00e7\u00e3o<br \/>\nAssunto: Teologia pr\u00e1tica<br \/>\nA presente obra \u00e9 esperada h\u00e1 muito tempo. Nela J\u00fcrgen Moltmann mostra, na perspectiva da teologia da esperan\u00e7a, como se entrela\u00e7am os pontos de vista \u00e9ticos, os ju\u00edzos \u00e9ticos e o agir concreto. Ap\u00f3s um cap\u00edtulo fundamental sobre a rela\u00e7\u00e3o entre escatologia e \u00e9tica, seguem-se tr\u00eas passos: Moltmann indaga por uma \u00e9tica da vida que se diferencia de uma \u00e9tica da morte, por uma \u00e9tica da terra em face dos desafios ecol\u00f3gicos da atualidade e, finalmente, por uma \u00e9tica da justi\u00e7a em face das crescentes disparidades sociais e globais na conviv\u00eancia social.<br \/>\n________________________________________<\/p>\n<h3>Nossa Senhora de F\u00e1tima &#8211; Invocada para pedir um bom conselho &#8211; Novena e Ladainha<\/h3>\n<p>ISBN: 9788532643384<br \/>\n32 p\u00e1ginas<br \/>\nPre\u00e7o: R$ 4,40<br \/>\nautor: Elam de Almeida Pimentel<br \/>\nPeso: 20 gramas<br \/>\n1\u00aa edi\u00e7\u00e3o<br \/>\nAssunto: Devocion\u00e1rios<\/p>\n<p>Este pequeno livro apresenta a hist\u00f3ria das apari\u00e7\u00f5es de Nossa Senhora da F\u00e1tima aos tr\u00eas pastorinhos, a novena para o alcance da gra\u00e7a desejada, ora\u00e7\u00f5es, a ladainha e algumas passagens b\u00edblicas. Nossa Senhora de F\u00e1tima \u00e9 invocada quando se necessita de um bom conselho e tamb\u00e9m para pedido de gra\u00e7a num momento de dificuldades.<br \/>\n________________________________________<\/p>\n<p>EDITORA VOZES \u201cUMA VIDA PELO BOM LIVRO\u201d<br \/>\nRua Frei Luis, 100 \u2013 Petr\u00f3polis, RJ (25689-900)<br \/>\nTel.: (24) 2233-9000 ramais: 9042, 9029 e 9012<br \/>\nFax: (24) 2233-9035<br \/>\ne-mail: vendas@vozes.com.br<br \/>\nSite: www.vozes.com.br<\/p>\n","protected":false},"excerpt":{"rendered":"<p>Livros<\/p>\n","protected":false},"author":1,"featured_media":211511,"comment_status":"closed","ping_status":"closed","sticky":false,"template":"","format":"standard","meta":[],"categories":[1],"tags":[238],"acf":[],"yoast_head":"<!-- This site is optimized with the Yoast SEO plugin v19.2 - https:\/\/yoast.com\/wordpress\/plugins\/seo\/ -->\n<title>Confira os novos lan\u00e7amentos da Editora Vozes - Not\u00edcias - Franciscanos<\/title>\n<meta name=\"robots\" content=\"index, follow, max-snippet:-1, max-image-preview:large, max-video-preview:-1\" \/>\n<link rel=\"canonical\" href=\"https:\/\/franciscanos.org.br\/noticias\/confira-os-novos-lancamentos-da-editora-vozes.html\" \/>\n<meta property=\"og:locale\" content=\"pt_BR\" \/>\n<meta property=\"og:type\" content=\"article\" \/>\n<meta property=\"og:title\" content=\"Confira os novos lan\u00e7amentos da Editora Vozes - Not\u00edcias - Franciscanos\" \/>\n<meta property=\"og:description\" content=\"Livros\" \/>\n<meta property=\"og:url\" content=\"https:\/\/franciscanos.org.br\/noticias\/confira-os-novos-lancamentos-da-editora-vozes.html\" \/>\n<meta property=\"og:site_name\" content=\"Not\u00edcias - Franciscanos\" \/>\n<meta property=\"article:published_time\" content=\"2012-05-21T11:40:28+00:00\" \/>\n<meta property=\"article:modified_time\" content=\"2019-09-24T16:11:38+00:00\" \/>\n<meta property=\"og:image\" content=\"https:\/\/franciscanos.org.br\/noticias\/wp-content\/uploads\/2012\/05\/Dizer-sim-a-Deus.jpg\" \/>\n\t<meta property=\"og:image:width\" content=\"273\" \/>\n\t<meta property=\"og:image:height\" content=\"182\" \/>\n\t<meta property=\"og:image:type\" content=\"image\/jpeg\" \/>\n<meta name=\"author\" content=\"admin\" \/>\n<meta name=\"twitter:card\" content=\"summary_large_image\" \/>\n<meta name=\"twitter:label1\" content=\"Escrito por\" \/>\n\t<meta name=\"twitter:data1\" content=\"admin\" \/>\n\t<meta name=\"twitter:label2\" content=\"Est. tempo de leitura\" \/>\n\t<meta name=\"twitter:data2\" content=\"8 minutos\" \/>\n<script type=\"application\/ld+json\" class=\"yoast-schema-graph\">{\"@context\":\"https:\/\/schema.org\",\"@graph\":[{\"@type\":\"WebSite\",\"@id\":\"https:\/\/franciscanos.org.br\/noticias\/#website\",\"url\":\"https:\/\/franciscanos.org.br\/noticias\/\",\"name\":\"Not\u00edcias - Franciscanos\",\"description\":\"Prov\u00edncia Franciscana da Imaculada Concei\u00e7\u00e3o do Brasil - Ordem dos Frades Menores - OFM\",\"potentialAction\":[{\"@type\":\"SearchAction\",\"target\":{\"@type\":\"EntryPoint\",\"urlTemplate\":\"https:\/\/franciscanos.org.br\/noticias\/?s={search_term_string}\"},\"query-input\":\"required name=search_term_string\"}],\"inLanguage\":\"pt-BR\"},{\"@type\":\"ImageObject\",\"inLanguage\":\"pt-BR\",\"@id\":\"https:\/\/franciscanos.org.br\/noticias\/confira-os-novos-lancamentos-da-editora-vozes.html#primaryimage\",\"url\":\"https:\/\/franciscanos.org.br\/noticias\/wp-content\/uploads\/2012\/05\/Dizer-sim-a-Deus.jpg\",\"contentUrl\":\"https:\/\/franciscanos.org.br\/noticias\/wp-content\/uploads\/2012\/05\/Dizer-sim-a-Deus.jpg\",\"width\":273,\"height\":182},{\"@type\":\"WebPage\",\"@id\":\"https:\/\/franciscanos.org.br\/noticias\/confira-os-novos-lancamentos-da-editora-vozes.html#webpage\",\"url\":\"https:\/\/franciscanos.org.br\/noticias\/confira-os-novos-lancamentos-da-editora-vozes.html\",\"name\":\"Confira os novos lan\u00e7amentos da Editora Vozes - Not\u00edcias - Franciscanos\",\"isPartOf\":{\"@id\":\"https:\/\/franciscanos.org.br\/noticias\/#website\"},\"primaryImageOfPage\":{\"@id\":\"https:\/\/franciscanos.org.br\/noticias\/confira-os-novos-lancamentos-da-editora-vozes.html#primaryimage\"},\"datePublished\":\"2012-05-21T11:40:28+00:00\",\"dateModified\":\"2019-09-24T16:11:38+00:00\",\"author\":{\"@id\":\"https:\/\/franciscanos.org.br\/noticias\/#\/schema\/person\/b38fbf43118f02820bd932f2e4b14ad3\"},\"breadcrumb\":{\"@id\":\"https:\/\/franciscanos.org.br\/noticias\/confira-os-novos-lancamentos-da-editora-vozes.html#breadcrumb\"},\"inLanguage\":\"pt-BR\",\"potentialAction\":[{\"@type\":\"ReadAction\",\"target\":[\"https:\/\/franciscanos.org.br\/noticias\/confira-os-novos-lancamentos-da-editora-vozes.html\"]}]},{\"@type\":\"BreadcrumbList\",\"@id\":\"https:\/\/franciscanos.org.br\/noticias\/confira-os-novos-lancamentos-da-editora-vozes.html#breadcrumb\",\"itemListElement\":[{\"@type\":\"ListItem\",\"position\":1,\"name\":\"Home\",\"item\":\"https:\/\/franciscanos.org.br\/noticias\"},{\"@type\":\"ListItem\",\"position\":2,\"name\":\"Confira os novos lan\u00e7amentos da Editora Vozes\"}]},{\"@type\":\"Person\",\"@id\":\"https:\/\/franciscanos.org.br\/noticias\/#\/schema\/person\/b38fbf43118f02820bd932f2e4b14ad3\",\"name\":\"admin\",\"image\":{\"@type\":\"ImageObject\",\"inLanguage\":\"pt-BR\",\"@id\":\"https:\/\/franciscanos.org.br\/noticias\/#\/schema\/person\/image\/\",\"url\":\"https:\/\/secure.gravatar.com\/avatar\/e8495742d34d0ba6448ea1c628263b3e?s=96&d=mm&r=g\",\"contentUrl\":\"https:\/\/secure.gravatar.com\/avatar\/e8495742d34d0ba6448ea1c628263b3e?s=96&d=mm&r=g\",\"caption\":\"admin\"},\"url\":\"https:\/\/franciscanos.org.br\/noticias\/author\/admin\"}]}<\/script>\n<!-- \/ Yoast SEO plugin. -->","yoast_head_json":{"title":"Confira os novos lan\u00e7amentos da Editora Vozes - Not\u00edcias - Franciscanos","robots":{"index":"index","follow":"follow","max-snippet":"max-snippet:-1","max-image-preview":"max-image-preview:large","max-video-preview":"max-video-preview:-1"},"canonical":"https:\/\/franciscanos.org.br\/noticias\/confira-os-novos-lancamentos-da-editora-vozes.html","og_locale":"pt_BR","og_type":"article","og_title":"Confira os novos lan\u00e7amentos da Editora Vozes - Not\u00edcias - Franciscanos","og_description":"Livros","og_url":"https:\/\/franciscanos.org.br\/noticias\/confira-os-novos-lancamentos-da-editora-vozes.html","og_site_name":"Not\u00edcias - Franciscanos","article_published_time":"2012-05-21T11:40:28+00:00","article_modified_time":"2019-09-24T16:11:38+00:00","og_image":[{"width":273,"height":182,"url":"https:\/\/franciscanos.org.br\/noticias\/wp-content\/uploads\/2012\/05\/Dizer-sim-a-Deus.jpg","type":"image\/jpeg"}],"author":"admin","twitter_card":"summary_large_image","twitter_misc":{"Escrito por":"admin","Est. tempo de leitura":"8 minutos"},"schema":{"@context":"https:\/\/schema.org","@graph":[{"@type":"WebSite","@id":"https:\/\/franciscanos.org.br\/noticias\/#website","url":"https:\/\/franciscanos.org.br\/noticias\/","name":"Not\u00edcias - Franciscanos","description":"Prov\u00edncia Franciscana da Imaculada Concei\u00e7\u00e3o do Brasil - Ordem dos Frades Menores - OFM","potentialAction":[{"@type":"SearchAction","target":{"@type":"EntryPoint","urlTemplate":"https:\/\/franciscanos.org.br\/noticias\/?s={search_term_string}"},"query-input":"required name=search_term_string"}],"inLanguage":"pt-BR"},{"@type":"ImageObject","inLanguage":"pt-BR","@id":"https:\/\/franciscanos.org.br\/noticias\/confira-os-novos-lancamentos-da-editora-vozes.html#primaryimage","url":"https:\/\/franciscanos.org.br\/noticias\/wp-content\/uploads\/2012\/05\/Dizer-sim-a-Deus.jpg","contentUrl":"https:\/\/franciscanos.org.br\/noticias\/wp-content\/uploads\/2012\/05\/Dizer-sim-a-Deus.jpg","width":273,"height":182},{"@type":"WebPage","@id":"https:\/\/franciscanos.org.br\/noticias\/confira-os-novos-lancamentos-da-editora-vozes.html#webpage","url":"https:\/\/franciscanos.org.br\/noticias\/confira-os-novos-lancamentos-da-editora-vozes.html","name":"Confira os novos lan\u00e7amentos da Editora Vozes - Not\u00edcias - Franciscanos","isPartOf":{"@id":"https:\/\/franciscanos.org.br\/noticias\/#website"},"primaryImageOfPage":{"@id":"https:\/\/franciscanos.org.br\/noticias\/confira-os-novos-lancamentos-da-editora-vozes.html#primaryimage"},"datePublished":"2012-05-21T11:40:28+00:00","dateModified":"2019-09-24T16:11:38+00:00","author":{"@id":"https:\/\/franciscanos.org.br\/noticias\/#\/schema\/person\/b38fbf43118f02820bd932f2e4b14ad3"},"breadcrumb":{"@id":"https:\/\/franciscanos.org.br\/noticias\/confira-os-novos-lancamentos-da-editora-vozes.html#breadcrumb"},"inLanguage":"pt-BR","potentialAction":[{"@type":"ReadAction","target":["https:\/\/franciscanos.org.br\/noticias\/confira-os-novos-lancamentos-da-editora-vozes.html"]}]},{"@type":"BreadcrumbList","@id":"https:\/\/franciscanos.org.br\/noticias\/confira-os-novos-lancamentos-da-editora-vozes.html#breadcrumb","itemListElement":[{"@type":"ListItem","position":1,"name":"Home","item":"https:\/\/franciscanos.org.br\/noticias"},{"@type":"ListItem","position":2,"name":"Confira os novos lan\u00e7amentos da Editora Vozes"}]},{"@type":"Person","@id":"https:\/\/franciscanos.org.br\/noticias\/#\/schema\/person\/b38fbf43118f02820bd932f2e4b14ad3","name":"admin","image":{"@type":"ImageObject","inLanguage":"pt-BR","@id":"https:\/\/franciscanos.org.br\/noticias\/#\/schema\/person\/image\/","url":"https:\/\/secure.gravatar.com\/avatar\/e8495742d34d0ba6448ea1c628263b3e?s=96&d=mm&r=g","contentUrl":"https:\/\/secure.gravatar.com\/avatar\/e8495742d34d0ba6448ea1c628263b3e?s=96&d=mm&r=g","caption":"admin"},"url":"https:\/\/franciscanos.org.br\/noticias\/author\/admin"}]}},"_links":{"self":[{"href":"https:\/\/franciscanos.org.br\/noticias\/wp-json\/wp\/v2\/posts\/18048"}],"collection":[{"href":"https:\/\/franciscanos.org.br\/noticias\/wp-json\/wp\/v2\/posts"}],"about":[{"href":"https:\/\/franciscanos.org.br\/noticias\/wp-json\/wp\/v2\/types\/post"}],"author":[{"embeddable":true,"href":"https:\/\/franciscanos.org.br\/noticias\/wp-json\/wp\/v2\/users\/1"}],"replies":[{"embeddable":true,"href":"https:\/\/franciscanos.org.br\/noticias\/wp-json\/wp\/v2\/comments?post=18048"}],"version-history":[{"count":0,"href":"https:\/\/franciscanos.org.br\/noticias\/wp-json\/wp\/v2\/posts\/18048\/revisions"}],"wp:featuredmedia":[{"embeddable":true,"href":"https:\/\/franciscanos.org.br\/noticias\/wp-json\/wp\/v2\/media\/211511"}],"wp:attachment":[{"href":"https:\/\/franciscanos.org.br\/noticias\/wp-json\/wp\/v2\/media?parent=18048"}],"wp:term":[{"taxonomy":"category","embeddable":true,"href":"https:\/\/franciscanos.org.br\/noticias\/wp-json\/wp\/v2\/categories?post=18048"},{"taxonomy":"post_tag","embeddable":true,"href":"https:\/\/franciscanos.org.br\/noticias\/wp-json\/wp\/v2\/tags?post=18048"}],"curies":[{"name":"wp","href":"https:\/\/api.w.org\/{rel}","templated":true}]}}