{"id":18039,"date":"2012-05-21T07:48:29","date_gmt":"2012-05-21T10:48:29","guid":{"rendered":"http:\/\/new.franciscanos.org.br\/?p=18039"},"modified":"2019-09-24T13:06:18","modified_gmt":"2019-09-24T16:06:18","slug":"familia-franciscana-se-prepara-para-a-cupula-dos-povos","status":"publish","type":"post","link":"https:\/\/franciscanos.org.br\/noticias\/familia-franciscana-se-prepara-para-a-cupula-dos-povos.html","title":{"rendered":"Fam\u00edlia Franciscana se prepara para a C\u00fapula dos Povos"},"content":{"rendered":"<p><strong><a href=\"http:\/\/franciscanos.org.br\/wp-content\/uploads\/2012\/05\/2330_210512.jpg\"><img loading=\"lazy\" class=\"alignright size-full wp-image-18040\" title=\"2330_210512\" src=\"http:\/\/franciscanos.org.br\/wp-content\/uploads\/2012\/05\/2330_210512.jpg\" alt=\"\" width=\"400\" height=\"265\" \/><\/a>Por\u00a0Cl\u00e1udio Santos, especial para este site<\/strong><br \/>\nO Regional RJ\/ES da Fam\u00edlia Franciscana do Brasil (FFB) realizou, no \u00faltimo s\u00e1bado, no Col\u00e9gio Maria Raythe, mais uma etapa preparat\u00f3ria para a C\u00fapula dos Povos que acontecer\u00e1 entre os dias 15 e 23 de junho. Os dias 5 e 20 de junho ser\u00e3o de mobiliza\u00e7\u00e3o global.<br \/>\nO objetivo do encontro foi o de aprofundar o debate sobre os impactos da chamada \u201ceconomia verde\u201d \u2013 defendida pelos pa\u00edses capitalistas \u2013 e sua rela\u00e7\u00e3o com a justi\u00e7a ambiental e social em n\u00edvel global. O encontro tamb\u00e9m foi marcado pela disposi\u00e7\u00e3o de articular os diversos ramos da Fam\u00edlia Franciscana para participarem das atividades programadas no Aterro do Flamengo e que contar\u00e3o com a participa\u00e7\u00e3o de defensores do meio ambiente, estudantes, militantes dos movimentos sociais, organiza\u00e7\u00f5es n\u00e3o-governamentais, povos ind\u00edgenas e religiosos do Brasil e do mundo que estar\u00e3o aqui lutando por justi\u00e7a ambiental e social que vir\u00e3o a C\u00fapula dos Povos para dizer N\u00c3O a economia verde.<br \/>\nO debate contou com a participa\u00e7\u00e3o do guardi\u00e3o do Convento Santo Ant\u00f4nio, frei Vit\u00f3rio Mazzuco, OFM, e da coordenadora do IBASE, Moema Miranda, e mediado pela irm\u00e3 Ana Maria Vicente Soares, da Congrega\u00e7\u00e3o das Catequistas Franciscanas, al\u00e9m de religiosas e irm\u00e3os das fraternidades franciscanas seculares do Regional Sudeste II, representado pela Coordenadora Regional de Direitos Humanos, Justi\u00e7a, Paz e Integridade da Cria\u00e7\u00e3o (CODHJUPIC), Maria Concei\u00e7\u00e3o Messias.<br \/>\nEm sua reflex\u00e3o, Frei Vit\u00f3rio afirmou que decorridos 800 anos a ecologia franciscana \u00e9 uma responsabilidade moral em defesa do meio ambiente e da vida; n\u00e3o de forma utilit\u00e1ria, mas de uma rela\u00e7\u00e3o de parceria e de fraternismo c\u00f3smico. Frei Vit\u00f3rio ressaltou que a ecologia franciscana sempre buscou uma melhoria da qualidade de vida em todos os aspectos e que os franciscanos sempre tiveram um olhar cr\u00edtico para o progresso e a tecnologia por estimularem um estilo de vida que utiliza demais os recursos naturais e que educa para o ac\u00famulo e n\u00e3o para a comunh\u00e3o de bens.<br \/>\nEm sua exposi\u00e7\u00e3o, Moema Miranda fez uma retrospectiva do desenvolvimento da sociedade e do avan\u00e7o do capitalista a partir da Era Moderna, na qual os meios de produ\u00e7\u00e3o foram expropriados e passaram a se tornar mercadoria. Essa mudan\u00e7a estrutural da sociedade foi fundamental para que a burguesia em ascens\u00e3o passasse a ter uma rela\u00e7\u00e3o utilit\u00e1ria e economicista dos recursos naturais para a manuten\u00e7\u00e3o do sistema capitalista.<br \/>\nSegundo Moema esse modelo apenas se recicla diante das crises, mas matem sua natureza perversa que servem at\u00e9 hoje aos pa\u00edses capitalistas que vir\u00e3o a Rio+20 defender a economia verde que \u00e9 uma proposta de mercantiliza\u00e7\u00e3o dos bens comuns, sobretudo dos recursos naturais cada vez mais escassos como a \u00e1gua e as florestas.\u00a0 Moema Miranda finalizou dizendo que a C\u00fapula dos Povos servir\u00e1 de contraponto a Rio+20, pois estar\u00e1 pautada pela necessidade de se debater de forma aprofundada justi\u00e7a ambiental e social, pois a pauta prevista para a Rio+20 oficial &#8211; a chamada \u201ceconomia verde\u201d e a institucionalidade global &#8211; \u00e9 considerada por n\u00f3s como insatisfat\u00f3ria para lidar com a crise do planeta, causada pelos modelos de produ\u00e7\u00e3o e consumo capitalistas.<br \/>\nPara enfrentar os desafios dessa crise sist\u00eamica, a C\u00fapula dos Povos n\u00e3o ser\u00e1 apenas um grande evento, mas um processo de ac\u00famulos hist\u00f3ricos e converg\u00eancia das lutas locais, regionais e globais, que tem como marco pol\u00edtico a luta contra o capitalismo. A C\u00fapula dos Povos \u00e9 uma oportunidade para tratar dos graves problemas enfrentados pela humanidade e demonstrar a for\u00e7a pol\u00edtica dos povos organizados.<br \/>\nAs a\u00e7\u00f5es da C\u00fapula est\u00e3o todas interligadas e ser\u00e3o organizadas de forma livre da presen\u00e7a corporativa e com base na economia solid\u00e1ria, agroecologia, em culturas digitais, a\u00e7\u00f5es de comunidades ind\u00edgenas e quilombolas, al\u00e9m de atra\u00e7\u00f5es culturais durante o encontro. A id\u00e9ia \u00e9 que a Assembl\u00e9ia Permanente dos Povos &#8211; o principal f\u00f3rum pol\u00edtico da C\u00fapula &#8211; se organize em torno de tr\u00eas eixos e debata as causas estruturais da atual crise civilizat\u00f3ria, sem fragment\u00e1-la em crises espec\u00edficas &#8211; energ\u00e9tica, financeira, ambiental, alimentar.<br \/>\nEspera-se com esses debates afirmar paradigmas novos e alternativos constru\u00eddos pelos povos e apontar a agenda pol\u00edtica para o pr\u00f3ximo per\u00edodo. Os tr\u00eas eixos s\u00e3o: den\u00fancia das causas estruturais das crises, das falsas solu\u00e7\u00f5es e das novas formas de reprodu\u00e7\u00e3o do capital, solu\u00e7\u00f5es e novos paradigmas dos povos e estimular organiza\u00e7\u00f5es e movimentos sociais a articular processos de luta anticapitalista p\u00f3s-Rio+20. Os dias 5 e 20 de junho ser\u00e3o de mobiliza\u00e7\u00e3o global.<br \/>\n\u201cVenha reinventar o mundo\u201d. Esse \u00e9 o chamado da C\u00fapula dos Povos para a participa\u00e7\u00e3o de todos que est\u00e3o em defesa da vida e contra toda forma de explora\u00e7\u00e3o e injusti\u00e7a.<br \/>\n<strong>Veja mais imagens<\/strong><br \/>\n[nggallery id=183]<\/p>\n","protected":false},"excerpt":{"rendered":"<p>FFB RJ-ES<\/p>\n","protected":false},"author":1,"featured_media":211499,"comment_status":"closed","ping_status":"closed","sticky":false,"template":"","format":"standard","meta":[],"categories":[1],"tags":[],"acf":[],"yoast_head":"<!-- This site is optimized with the Yoast SEO plugin v19.2 - https:\/\/yoast.com\/wordpress\/plugins\/seo\/ -->\n<title>Fam\u00edlia Franciscana se prepara para a C\u00fapula dos Povos - Not\u00edcias - Franciscanos<\/title>\n<meta name=\"robots\" content=\"index, follow, max-snippet:-1, max-image-preview:large, max-video-preview:-1\" \/>\n<link rel=\"canonical\" href=\"https:\/\/franciscanos.org.br\/noticias\/familia-franciscana-se-prepara-para-a-cupula-dos-povos.html\" \/>\n<meta property=\"og:locale\" content=\"pt_BR\" \/>\n<meta property=\"og:type\" content=\"article\" \/>\n<meta property=\"og:title\" content=\"Fam\u00edlia Franciscana se prepara para a C\u00fapula dos Povos - Not\u00edcias - Franciscanos\" \/>\n<meta property=\"og:description\" content=\"FFB RJ-ES\" \/>\n<meta property=\"og:url\" content=\"https:\/\/franciscanos.org.br\/noticias\/familia-franciscana-se-prepara-para-a-cupula-dos-povos.html\" \/>\n<meta property=\"og:site_name\" content=\"Not\u00edcias - Franciscanos\" \/>\n<meta property=\"article:published_time\" content=\"2012-05-21T10:48:29+00:00\" \/>\n<meta property=\"article:modified_time\" content=\"2019-09-24T16:06:18+00:00\" \/>\n<meta property=\"og:image\" content=\"https:\/\/franciscanos.org.br\/noticias\/wp-content\/uploads\/2012\/05\/2330_210512.jpg\" \/>\n\t<meta property=\"og:image:width\" content=\"273\" \/>\n\t<meta property=\"og:image:height\" content=\"181\" \/>\n\t<meta property=\"og:image:type\" content=\"image\/jpeg\" \/>\n<meta name=\"author\" content=\"admin\" \/>\n<meta name=\"twitter:card\" content=\"summary_large_image\" \/>\n<meta name=\"twitter:label1\" content=\"Escrito por\" \/>\n\t<meta name=\"twitter:data1\" content=\"admin\" \/>\n\t<meta name=\"twitter:label2\" content=\"Est. tempo de leitura\" \/>\n\t<meta name=\"twitter:data2\" content=\"4 minutos\" \/>\n<script type=\"application\/ld+json\" class=\"yoast-schema-graph\">{\"@context\":\"https:\/\/schema.org\",\"@graph\":[{\"@type\":\"WebSite\",\"@id\":\"https:\/\/franciscanos.org.br\/noticias\/#website\",\"url\":\"https:\/\/franciscanos.org.br\/noticias\/\",\"name\":\"Not\u00edcias - Franciscanos\",\"description\":\"Prov\u00edncia Franciscana da Imaculada Concei\u00e7\u00e3o do Brasil - Ordem dos Frades Menores - OFM\",\"potentialAction\":[{\"@type\":\"SearchAction\",\"target\":{\"@type\":\"EntryPoint\",\"urlTemplate\":\"https:\/\/franciscanos.org.br\/noticias\/?s={search_term_string}\"},\"query-input\":\"required name=search_term_string\"}],\"inLanguage\":\"pt-BR\"},{\"@type\":\"ImageObject\",\"inLanguage\":\"pt-BR\",\"@id\":\"https:\/\/franciscanos.org.br\/noticias\/familia-franciscana-se-prepara-para-a-cupula-dos-povos.html#primaryimage\",\"url\":\"https:\/\/franciscanos.org.br\/noticias\/wp-content\/uploads\/2012\/05\/2330_210512.jpg\",\"contentUrl\":\"https:\/\/franciscanos.org.br\/noticias\/wp-content\/uploads\/2012\/05\/2330_210512.jpg\",\"width\":273,\"height\":181},{\"@type\":\"WebPage\",\"@id\":\"https:\/\/franciscanos.org.br\/noticias\/familia-franciscana-se-prepara-para-a-cupula-dos-povos.html#webpage\",\"url\":\"https:\/\/franciscanos.org.br\/noticias\/familia-franciscana-se-prepara-para-a-cupula-dos-povos.html\",\"name\":\"Fam\u00edlia Franciscana se prepara para a C\u00fapula dos Povos - Not\u00edcias - Franciscanos\",\"isPartOf\":{\"@id\":\"https:\/\/franciscanos.org.br\/noticias\/#website\"},\"primaryImageOfPage\":{\"@id\":\"https:\/\/franciscanos.org.br\/noticias\/familia-franciscana-se-prepara-para-a-cupula-dos-povos.html#primaryimage\"},\"datePublished\":\"2012-05-21T10:48:29+00:00\",\"dateModified\":\"2019-09-24T16:06:18+00:00\",\"author\":{\"@id\":\"https:\/\/franciscanos.org.br\/noticias\/#\/schema\/person\/b38fbf43118f02820bd932f2e4b14ad3\"},\"breadcrumb\":{\"@id\":\"https:\/\/franciscanos.org.br\/noticias\/familia-franciscana-se-prepara-para-a-cupula-dos-povos.html#breadcrumb\"},\"inLanguage\":\"pt-BR\",\"potentialAction\":[{\"@type\":\"ReadAction\",\"target\":[\"https:\/\/franciscanos.org.br\/noticias\/familia-franciscana-se-prepara-para-a-cupula-dos-povos.html\"]}]},{\"@type\":\"BreadcrumbList\",\"@id\":\"https:\/\/franciscanos.org.br\/noticias\/familia-franciscana-se-prepara-para-a-cupula-dos-povos.html#breadcrumb\",\"itemListElement\":[{\"@type\":\"ListItem\",\"position\":1,\"name\":\"Home\",\"item\":\"https:\/\/franciscanos.org.br\/noticias\"},{\"@type\":\"ListItem\",\"position\":2,\"name\":\"Fam\u00edlia Franciscana se prepara para a C\u00fapula dos Povos\"}]},{\"@type\":\"Person\",\"@id\":\"https:\/\/franciscanos.org.br\/noticias\/#\/schema\/person\/b38fbf43118f02820bd932f2e4b14ad3\",\"name\":\"admin\",\"image\":{\"@type\":\"ImageObject\",\"inLanguage\":\"pt-BR\",\"@id\":\"https:\/\/franciscanos.org.br\/noticias\/#\/schema\/person\/image\/\",\"url\":\"https:\/\/secure.gravatar.com\/avatar\/e8495742d34d0ba6448ea1c628263b3e?s=96&d=mm&r=g\",\"contentUrl\":\"https:\/\/secure.gravatar.com\/avatar\/e8495742d34d0ba6448ea1c628263b3e?s=96&d=mm&r=g\",\"caption\":\"admin\"},\"url\":\"https:\/\/franciscanos.org.br\/noticias\/author\/admin\"}]}<\/script>\n<!-- \/ Yoast SEO plugin. -->","yoast_head_json":{"title":"Fam\u00edlia Franciscana se prepara para a C\u00fapula dos Povos - Not\u00edcias - Franciscanos","robots":{"index":"index","follow":"follow","max-snippet":"max-snippet:-1","max-image-preview":"max-image-preview:large","max-video-preview":"max-video-preview:-1"},"canonical":"https:\/\/franciscanos.org.br\/noticias\/familia-franciscana-se-prepara-para-a-cupula-dos-povos.html","og_locale":"pt_BR","og_type":"article","og_title":"Fam\u00edlia Franciscana se prepara para a C\u00fapula dos Povos - Not\u00edcias - Franciscanos","og_description":"FFB RJ-ES","og_url":"https:\/\/franciscanos.org.br\/noticias\/familia-franciscana-se-prepara-para-a-cupula-dos-povos.html","og_site_name":"Not\u00edcias - Franciscanos","article_published_time":"2012-05-21T10:48:29+00:00","article_modified_time":"2019-09-24T16:06:18+00:00","og_image":[{"width":273,"height":181,"url":"https:\/\/franciscanos.org.br\/noticias\/wp-content\/uploads\/2012\/05\/2330_210512.jpg","type":"image\/jpeg"}],"author":"admin","twitter_card":"summary_large_image","twitter_misc":{"Escrito por":"admin","Est. tempo de leitura":"4 minutos"},"schema":{"@context":"https:\/\/schema.org","@graph":[{"@type":"WebSite","@id":"https:\/\/franciscanos.org.br\/noticias\/#website","url":"https:\/\/franciscanos.org.br\/noticias\/","name":"Not\u00edcias - Franciscanos","description":"Prov\u00edncia Franciscana da Imaculada Concei\u00e7\u00e3o do Brasil - Ordem dos Frades Menores - OFM","potentialAction":[{"@type":"SearchAction","target":{"@type":"EntryPoint","urlTemplate":"https:\/\/franciscanos.org.br\/noticias\/?s={search_term_string}"},"query-input":"required name=search_term_string"}],"inLanguage":"pt-BR"},{"@type":"ImageObject","inLanguage":"pt-BR","@id":"https:\/\/franciscanos.org.br\/noticias\/familia-franciscana-se-prepara-para-a-cupula-dos-povos.html#primaryimage","url":"https:\/\/franciscanos.org.br\/noticias\/wp-content\/uploads\/2012\/05\/2330_210512.jpg","contentUrl":"https:\/\/franciscanos.org.br\/noticias\/wp-content\/uploads\/2012\/05\/2330_210512.jpg","width":273,"height":181},{"@type":"WebPage","@id":"https:\/\/franciscanos.org.br\/noticias\/familia-franciscana-se-prepara-para-a-cupula-dos-povos.html#webpage","url":"https:\/\/franciscanos.org.br\/noticias\/familia-franciscana-se-prepara-para-a-cupula-dos-povos.html","name":"Fam\u00edlia Franciscana se prepara para a C\u00fapula dos Povos - Not\u00edcias - Franciscanos","isPartOf":{"@id":"https:\/\/franciscanos.org.br\/noticias\/#website"},"primaryImageOfPage":{"@id":"https:\/\/franciscanos.org.br\/noticias\/familia-franciscana-se-prepara-para-a-cupula-dos-povos.html#primaryimage"},"datePublished":"2012-05-21T10:48:29+00:00","dateModified":"2019-09-24T16:06:18+00:00","author":{"@id":"https:\/\/franciscanos.org.br\/noticias\/#\/schema\/person\/b38fbf43118f02820bd932f2e4b14ad3"},"breadcrumb":{"@id":"https:\/\/franciscanos.org.br\/noticias\/familia-franciscana-se-prepara-para-a-cupula-dos-povos.html#breadcrumb"},"inLanguage":"pt-BR","potentialAction":[{"@type":"ReadAction","target":["https:\/\/franciscanos.org.br\/noticias\/familia-franciscana-se-prepara-para-a-cupula-dos-povos.html"]}]},{"@type":"BreadcrumbList","@id":"https:\/\/franciscanos.org.br\/noticias\/familia-franciscana-se-prepara-para-a-cupula-dos-povos.html#breadcrumb","itemListElement":[{"@type":"ListItem","position":1,"name":"Home","item":"https:\/\/franciscanos.org.br\/noticias"},{"@type":"ListItem","position":2,"name":"Fam\u00edlia Franciscana se prepara para a C\u00fapula dos Povos"}]},{"@type":"Person","@id":"https:\/\/franciscanos.org.br\/noticias\/#\/schema\/person\/b38fbf43118f02820bd932f2e4b14ad3","name":"admin","image":{"@type":"ImageObject","inLanguage":"pt-BR","@id":"https:\/\/franciscanos.org.br\/noticias\/#\/schema\/person\/image\/","url":"https:\/\/secure.gravatar.com\/avatar\/e8495742d34d0ba6448ea1c628263b3e?s=96&d=mm&r=g","contentUrl":"https:\/\/secure.gravatar.com\/avatar\/e8495742d34d0ba6448ea1c628263b3e?s=96&d=mm&r=g","caption":"admin"},"url":"https:\/\/franciscanos.org.br\/noticias\/author\/admin"}]}},"_links":{"self":[{"href":"https:\/\/franciscanos.org.br\/noticias\/wp-json\/wp\/v2\/posts\/18039"}],"collection":[{"href":"https:\/\/franciscanos.org.br\/noticias\/wp-json\/wp\/v2\/posts"}],"about":[{"href":"https:\/\/franciscanos.org.br\/noticias\/wp-json\/wp\/v2\/types\/post"}],"author":[{"embeddable":true,"href":"https:\/\/franciscanos.org.br\/noticias\/wp-json\/wp\/v2\/users\/1"}],"replies":[{"embeddable":true,"href":"https:\/\/franciscanos.org.br\/noticias\/wp-json\/wp\/v2\/comments?post=18039"}],"version-history":[{"count":0,"href":"https:\/\/franciscanos.org.br\/noticias\/wp-json\/wp\/v2\/posts\/18039\/revisions"}],"wp:featuredmedia":[{"embeddable":true,"href":"https:\/\/franciscanos.org.br\/noticias\/wp-json\/wp\/v2\/media\/211499"}],"wp:attachment":[{"href":"https:\/\/franciscanos.org.br\/noticias\/wp-json\/wp\/v2\/media?parent=18039"}],"wp:term":[{"taxonomy":"category","embeddable":true,"href":"https:\/\/franciscanos.org.br\/noticias\/wp-json\/wp\/v2\/categories?post=18039"},{"taxonomy":"post_tag","embeddable":true,"href":"https:\/\/franciscanos.org.br\/noticias\/wp-json\/wp\/v2\/tags?post=18039"}],"curies":[{"name":"wp","href":"https:\/\/api.w.org\/{rel}","templated":true}]}}