{"id":179212,"date":"2018-06-21T15:46:29","date_gmt":"2018-06-21T18:46:29","guid":{"rendered":"http:\/\/franciscanos.org.br\/2018\/?p=179212"},"modified":"2019-08-19T11:13:50","modified_gmt":"2019-08-19T14:13:50","slug":"frei-almir-a-ofs-nao-pode-descansar-2","status":"publish","type":"post","link":"https:\/\/franciscanos.org.br\/noticias\/frei-almir-a-ofs-nao-pode-descansar-2.html","title":{"rendered":"Frei Almir: \u201cA OFS n\u00e3o pode descansar\u201d"},"content":{"rendered":"<p><img loading=\"lazy\" class=\"alignleft\" src=\"http:\/\/franciscanos.org.br\/wp-content\/uploads\/2018\/05\/entrevista_almir_230618.jpg\" alt=\"entrevista_almir_230618\" width=\"830\" height=\"400\" \/><\/p>\n<p><b>Frei Augusto Luiz Gabriel<\/b><\/p>\n<p><em>A Ordem Franciscana comemorou o 8\u00ba Jubileu de sua funda\u00e7\u00e3o em 2009. Portanto, h\u00e1 mais de 800 anos o Papa Inoc\u00eancio III aprovava a Regra de Vida escrita por S\u00e3o Francisco de Assis. Em 1212, nascia a Ordem de Santa Clara (as Clarissas) e foi tamb\u00e9m nessa \u00e9poca que nasceu a Ordem Franciscana Secular (OFS), reunindo homens e mulheres, casados e solteiros, em meio \u00e0s suas fam\u00edlias, que buscavam viver o mesmo ideal que tanto atraiu S\u00e3o Francisco. Esta \u201cOrdem Terceira\u201d foi aprovada pelo Papa Hon\u00f3rio III em 1221.<\/em><\/p>\n<p><em>At\u00e9 hoje, as fraternidades ainda se sentem comprometidas pelo \u201cMemoriale\u201d, ou seja, a primeira Regra aprovada pelo Papa Nicolau IV que \u00e9 marcada por uma ascese sombria. Pelo contr\u00e1rio, a nova Regra, aprovada em 24 de junho de 1978 pelo Papa Paulo VI, \u00e9 toda imbu\u00edda do aut\u00eantico esp\u00edrito franciscano.<\/em><\/p>\n<p><em>Portanto, a nova Regra completar\u00e1 no dia 24 de junho, 40 anos desde a promulga\u00e7\u00e3o do Papa Paulo VI. Para Frei Almir Guimar\u00e3es, \u201ca Ordem Franciscana Secular n\u00e3o pode descansar\u201d. \u201cO futuro da OFS est\u00e1 nas m\u00e3os de lideran\u00e7as santas que queiram realmente ser um laicato atuante no mundo de hoje. Um leigo franciscano \u00e9 aquele que torna o amargo em do\u00e7ura\u201d, prop\u00f5e o frade.<\/em><\/p>\n<p><strong>ACOMPANHE A ENTREVISTA:<\/strong><\/p>\n<p><strong>Site Franciscanos: Que \u00e9 para o senhor a Ordem Franciscana Secular (OFS)?<\/strong><\/p>\n<p><strong>Frei Almir:<\/strong> \u00c9 com muita alegria que tento responder est\u00e1 pergunta. Ela faz parte de minha vida, praticamente de todo o per\u00edodo do meu existir. Eu nasci em Petr\u00f3polis e conheci um homem chamado Frei Matheus Hoepers, de Forquilhinha. Este homem me passou um entusiasmo muito grande pela Ordem Franciscana em geral, e, de modo muito especial, pela Ordem Franciscana Secular. Eu fiz a minha profiss\u00e3o na OFS quando era um rapazinho, antes de ser frade. Ent\u00e3o, olho pra OFS com muito carinho, embora no come\u00e7o a conhecia como Ordem Terceira Franciscana. Ela ainda, apesar das dificuldades me enche o cora\u00e7\u00e3o.<\/p>\n<p><strong>Site Franciscanos: A OFS t\u00eam uma Regra nova?<\/strong><\/p>\n<p><strong>Frei Almir:<\/strong> Quando Francisco de Assis come\u00e7ou a fazer suas caminhadas, suas aventuras loucas e belas, ele sentiu que tamb\u00e9m os leigos queriam segui-lo. E, ent\u00e3o, ele inventou uma Regra, para aqueles que fazem ou que n\u00e3o fazem penit\u00eancia. Essa norma de vida apareceu nos escritos de Francisco, Carta aos Fi\u00e9is. Com o tempo, esses leigos franciscanos, que n\u00e3o eram padres nem freiras, quiseram uma regra. Depois do Conc\u00edlio Vaticano II, na d\u00e9cada de 60 do s\u00e9culo passado, houve a necessidade de se fazer uma regra especial, e foi feito uma regra admir\u00e1vel que nos chamamos de Regra de Paulo VI. Leigos e leigas do mundo inteiro se reuniram em Roma e atualizaram os princ\u00edpios e as normas da Ordem Terceira. E nasceu ent\u00e3o uma Regra que foi promulgada no dia 24 de junho de 1978, e agora esta completando 40 anos. \u00c9 uma Regra pautada na Igreja de hoje, rica em muitos aspectos.<\/p>\n<p><strong><img loading=\"lazy\" class=\"alignleft size-full wp-image-160204\" src=\"http:\/\/franciscanos.org.br\/wp-content\/uploads\/2018\/05\/entrevista_almir_230618_2.jpg\" alt=\"entrevista_almir_230618_2\" width=\"450\" height=\"550\" \/>Site Franciscanos: Porque a mudan\u00e7a de nome de Ordem Terceira Franciscana para Ordem Franciscana Secular?<\/strong><\/p>\n<p><strong>Frei Almir:<\/strong> Esta quest\u00e3o \u00e9 muito esperta! Quando eu digo Ordem Terceira Franciscana parece que \u00e9 uma ordem de religiosos, e com o Conc\u00edlio do Vaticano II, n\u00f3s quisemos dar muito \u00eanfase aos leigos, aqueles que vivem no s\u00e9culo, no mundo. Secularismo \u00e9 uma coisa que n\u00e3o vale nada, \u00e9 uma pessoa que quer tirar Deus do espa\u00e7o. Mas a palavra secular significa viver no mundo, no casamento, na hist\u00f3ria, na pol\u00edtica, no trabalho, na profiss\u00e3o&#8230; E os leigos franciscanos precisam ser leigos maduros que, seguindo a Regra de Paulo VI, formem um batalh\u00e3o de um laicato maduro no meio do mundo de hoje.<\/p>\n<p><strong>Site Franciscanos: Quais elementos da Ordem traduzem o esp\u00edrito de Francisco de Assis hoje?<\/strong><\/p>\n<p><strong>Frei Almir:<\/strong> A profiss\u00e3o da Ordem Secular diz n\u00f3s queremos no meio do mundo, n\u00e3o fugindo do mundo, nem alienados dele, viver o Evangelho. Os leigos franciscanos emitem uma promessa: eu na presen\u00e7a do Deus onipotente por toda a minha vida prometo viver o Evangelho de Nosso Senhor Jesus Cristo, a maneira de Francisco. Quer dizer a maneira do deslumbramento diante do Alt\u00edssimo e bom Senhor. Uma maneira estrondosamente bela diante do Cristo Jesus que nos ama at\u00e9 o fim. Leigos no meio do mundo que vivam em fraternidades. N\u00f3s frades menores vivemos em fraternidade e eles tamb\u00e9m tem as reuni\u00f5es mensais que \u00e9 um sacramento da fraternidade. Um leigo franciscano \u00e9 aquele que torna o amargo em do\u00e7ura.<\/p>\n<p><strong>Site Franciscanos: Frei, que futuro tem a Ordem Franciscana Secular?<\/strong><\/p>\n<p><strong>Frei Almir:<\/strong> A Ordem Franciscana Secular n\u00e3o pode descansar. Se ela tiver um esp\u00edrito parado, vai morrer. O futuro dela depende de lideran\u00e7as santas e queiram realmente ser um laicato atuante no mundo de hoje, da viol\u00eancia, da indiferen\u00e7a, do secularismo&#8230; Impregnados do Evangelho eles podem ser um excelente fermento na massa. Eu rezo e pe\u00e7o a Deus que os dirigentes da Ordem no Brasil acordem para isso. Que tenhamos a forma\u00e7\u00e3o para um laicato maduro, atuante e impregnado do esp\u00edrito de Francisco de Assis, com muita intimidade de ora\u00e7\u00e3o.<\/p>\n<p><strong>Site Franciscanos: Como \u00e9 express\u00e3o da OFS em todo o pa\u00eds e no exterior?<\/strong><\/p>\n<p><strong>Frei Almir:<\/strong> Tive a oportunidade de ser assistente nacional da Ordem Franciscana Secular e me dediquei de cora\u00e7\u00e3o. No Nordeste \u00e9 marcado por uma devo\u00e7\u00e3o a S\u00e3o Francisco no Canind\u00e9. No Cear\u00e1 existe um Santu\u00e1rio de peregrina\u00e7\u00f5es e S\u00e3o Francisco encanta a todos. N\u00f3s temos muita dificuldade para formar fraternidades franciscanas na Amaz\u00f4nia, as dist\u00e2ncias s\u00e3o muito grandes e os grupos que nascem n\u00e3o possuem oportunidade de se fortalecerem porque a visita e o contato pessoal s\u00e3o dif\u00edceis. H\u00e1 no Brasil um estado extremamente rico que \u00e9 o Goi\u00e1s. L\u00e1 estamos tendo muitas fraternidades, gra\u00e7as a Deus. J\u00e1 em Minas Gerais tamb\u00e9m temos uma grande devo\u00e7\u00e3o a S\u00e3o Francisco. No Estado de S\u00e3o Paulo talvez seja um dos estados em que se tenha um maior n\u00famero de fraternidades. Enquanto que no sul existe uma certa influ\u00eancia dos alem\u00e3es e italianos na Ordem. Eu repito que h\u00e1 necessidade de um passo a frente. E eu pe\u00e7o a Deus que coloque nos frades menores, capuchinhos e conventuais, um gosto. Se as nossas fraternidades franciscanas da Primeira Ordem tivessem ao lado delas um laicato maduro, seria tudo muito mais f\u00e1cil. Tenho recebido ultimamente da It\u00e1lia uma revista e \u00e9 expressivo de se ver por l\u00e1 um laicato atuante com pessoas de influ\u00eancia na cidade. A OFS n\u00e3o precisa ter gra\u00fados nem intelectuais, mas sim de lideran\u00e7as.<\/p>\n<p><strong>Site Franciscanos: Deixe uma mensagem aos franciscanos seculares:<\/strong><\/p>\n<p><strong>Frei Almir:<\/strong> Eu quero dizer que durante a minha vida, de quase 80 anos, a Ordem Franciscana Secular esteve sempre presente. O que eu guardo de lembran\u00e7as gostosas e bonitas foram de pessoas que n\u00e3o quiseram aparecer. Eu devo dizer que na minha vida a OFS dependeu muito de Frei Matheus Hoepers, ele colocou dentro de mim um desejo muito grande de ser um franciscano leigo, depois eu me tornei franciscano da Ordem Primeira. Ent\u00e3o eu diria que no momento atual do mundo, a Ordem Franciscana Secular n\u00e3o tem a express\u00e3o que ela deveria ter, mas eu desejo que ela tenha est\u00e1 express\u00e3o. Nossos retiros devem mergulhar no esp\u00edrito dos santos franciscanos da Ordem, Isabel de Hungria, Luis Rei de Fran\u00e7a, e tantos l\u00edderes no mundo inteiro que revolucionaram o seu tempo. Eu rezo e pe\u00e7o a Deus que a Ordem seja um fermento na massa.<\/p>\n","protected":false},"excerpt":{"rendered":"<p>Entrevista<\/p>\n","protected":false},"author":5,"featured_media":207123,"comment_status":"open","ping_status":"open","sticky":false,"template":"","format":"standard","meta":[],"categories":[758],"tags":[58,60],"acf":[],"yoast_head":"<!-- This site is optimized with the Yoast SEO plugin v19.2 - https:\/\/yoast.com\/wordpress\/plugins\/seo\/ -->\n<title>Frei Almir: \u201cA OFS n\u00e3o pode descansar\u201d - Not\u00edcias - Franciscanos<\/title>\n<meta name=\"robots\" content=\"index, follow, max-snippet:-1, max-image-preview:large, max-video-preview:-1\" \/>\n<link rel=\"canonical\" href=\"https:\/\/franciscanos.org.br\/noticias\/frei-almir-a-ofs-nao-pode-descansar-2.html\" \/>\n<meta property=\"og:locale\" content=\"pt_BR\" \/>\n<meta property=\"og:type\" content=\"article\" \/>\n<meta property=\"og:title\" content=\"Frei Almir: \u201cA OFS n\u00e3o pode descansar\u201d - Not\u00edcias - Franciscanos\" \/>\n<meta property=\"og:description\" content=\"Entrevista\" \/>\n<meta property=\"og:url\" content=\"https:\/\/franciscanos.org.br\/noticias\/frei-almir-a-ofs-nao-pode-descansar-2.html\" \/>\n<meta property=\"og:site_name\" content=\"Not\u00edcias - Franciscanos\" \/>\n<meta property=\"article:published_time\" content=\"2018-06-21T18:46:29+00:00\" \/>\n<meta property=\"article:modified_time\" content=\"2019-08-19T14:13:50+00:00\" \/>\n<meta property=\"og:image\" content=\"https:\/\/franciscanos.org.br\/noticias\/wp-content\/uploads\/2018\/06\/entrevista_almir_230618_2.jpg\" \/>\n\t<meta property=\"og:image:width\" content=\"273\" \/>\n\t<meta property=\"og:image:height\" content=\"181\" \/>\n\t<meta property=\"og:image:type\" content=\"image\/jpeg\" \/>\n<meta name=\"author\" content=\"freiaugusto\" \/>\n<meta name=\"twitter:card\" content=\"summary_large_image\" \/>\n<meta name=\"twitter:label1\" content=\"Escrito por\" \/>\n\t<meta name=\"twitter:data1\" content=\"freiaugusto\" \/>\n\t<meta name=\"twitter:label2\" content=\"Est. tempo de leitura\" \/>\n\t<meta name=\"twitter:data2\" content=\"7 minutos\" \/>\n<script type=\"application\/ld+json\" class=\"yoast-schema-graph\">{\"@context\":\"https:\/\/schema.org\",\"@graph\":[{\"@type\":\"WebSite\",\"@id\":\"https:\/\/franciscanos.org.br\/noticias\/#website\",\"url\":\"https:\/\/franciscanos.org.br\/noticias\/\",\"name\":\"Not\u00edcias - Franciscanos\",\"description\":\"Prov\u00edncia Franciscana da Imaculada Concei\u00e7\u00e3o do Brasil - Ordem dos Frades Menores - OFM\",\"potentialAction\":[{\"@type\":\"SearchAction\",\"target\":{\"@type\":\"EntryPoint\",\"urlTemplate\":\"https:\/\/franciscanos.org.br\/noticias\/?s={search_term_string}\"},\"query-input\":\"required name=search_term_string\"}],\"inLanguage\":\"pt-BR\"},{\"@type\":\"ImageObject\",\"inLanguage\":\"pt-BR\",\"@id\":\"https:\/\/franciscanos.org.br\/noticias\/frei-almir-a-ofs-nao-pode-descansar-2.html#primaryimage\",\"url\":\"https:\/\/franciscanos.org.br\/noticias\/wp-content\/uploads\/2018\/06\/entrevista_almir_230618_2.jpg\",\"contentUrl\":\"https:\/\/franciscanos.org.br\/noticias\/wp-content\/uploads\/2018\/06\/entrevista_almir_230618_2.jpg\",\"width\":273,\"height\":181},{\"@type\":\"WebPage\",\"@id\":\"https:\/\/franciscanos.org.br\/noticias\/frei-almir-a-ofs-nao-pode-descansar-2.html#webpage\",\"url\":\"https:\/\/franciscanos.org.br\/noticias\/frei-almir-a-ofs-nao-pode-descansar-2.html\",\"name\":\"Frei Almir: \u201cA OFS n\u00e3o pode descansar\u201d - Not\u00edcias - Franciscanos\",\"isPartOf\":{\"@id\":\"https:\/\/franciscanos.org.br\/noticias\/#website\"},\"primaryImageOfPage\":{\"@id\":\"https:\/\/franciscanos.org.br\/noticias\/frei-almir-a-ofs-nao-pode-descansar-2.html#primaryimage\"},\"datePublished\":\"2018-06-21T18:46:29+00:00\",\"dateModified\":\"2019-08-19T14:13:50+00:00\",\"author\":{\"@id\":\"https:\/\/franciscanos.org.br\/noticias\/#\/schema\/person\/37f88f0d111cd5358b12a6556a99eb91\"},\"breadcrumb\":{\"@id\":\"https:\/\/franciscanos.org.br\/noticias\/frei-almir-a-ofs-nao-pode-descansar-2.html#breadcrumb\"},\"inLanguage\":\"pt-BR\",\"potentialAction\":[{\"@type\":\"ReadAction\",\"target\":[\"https:\/\/franciscanos.org.br\/noticias\/frei-almir-a-ofs-nao-pode-descansar-2.html\"]}]},{\"@type\":\"BreadcrumbList\",\"@id\":\"https:\/\/franciscanos.org.br\/noticias\/frei-almir-a-ofs-nao-pode-descansar-2.html#breadcrumb\",\"itemListElement\":[{\"@type\":\"ListItem\",\"position\":1,\"name\":\"Home\",\"item\":\"https:\/\/franciscanos.org.br\/noticias\"},{\"@type\":\"ListItem\",\"position\":2,\"name\":\"Frei Almir: \u201cA OFS n\u00e3o pode descansar\u201d\"}]},{\"@type\":\"Person\",\"@id\":\"https:\/\/franciscanos.org.br\/noticias\/#\/schema\/person\/37f88f0d111cd5358b12a6556a99eb91\",\"name\":\"freiaugusto\",\"image\":{\"@type\":\"ImageObject\",\"inLanguage\":\"pt-BR\",\"@id\":\"https:\/\/franciscanos.org.br\/noticias\/#\/schema\/person\/image\/\",\"url\":\"https:\/\/secure.gravatar.com\/avatar\/9840b940e621801b24f3e6b059efb4b7?s=96&d=mm&r=g\",\"contentUrl\":\"https:\/\/secure.gravatar.com\/avatar\/9840b940e621801b24f3e6b059efb4b7?s=96&d=mm&r=g\",\"caption\":\"freiaugusto\"},\"url\":\"https:\/\/franciscanos.org.br\/noticias\/author\/freiaugusto\"}]}<\/script>\n<!-- \/ Yoast SEO plugin. -->","yoast_head_json":{"title":"Frei Almir: \u201cA OFS n\u00e3o pode descansar\u201d - Not\u00edcias - Franciscanos","robots":{"index":"index","follow":"follow","max-snippet":"max-snippet:-1","max-image-preview":"max-image-preview:large","max-video-preview":"max-video-preview:-1"},"canonical":"https:\/\/franciscanos.org.br\/noticias\/frei-almir-a-ofs-nao-pode-descansar-2.html","og_locale":"pt_BR","og_type":"article","og_title":"Frei Almir: \u201cA OFS n\u00e3o pode descansar\u201d - Not\u00edcias - Franciscanos","og_description":"Entrevista","og_url":"https:\/\/franciscanos.org.br\/noticias\/frei-almir-a-ofs-nao-pode-descansar-2.html","og_site_name":"Not\u00edcias - Franciscanos","article_published_time":"2018-06-21T18:46:29+00:00","article_modified_time":"2019-08-19T14:13:50+00:00","og_image":[{"width":273,"height":181,"url":"https:\/\/franciscanos.org.br\/noticias\/wp-content\/uploads\/2018\/06\/entrevista_almir_230618_2.jpg","type":"image\/jpeg"}],"author":"freiaugusto","twitter_card":"summary_large_image","twitter_misc":{"Escrito por":"freiaugusto","Est. tempo de leitura":"7 minutos"},"schema":{"@context":"https:\/\/schema.org","@graph":[{"@type":"WebSite","@id":"https:\/\/franciscanos.org.br\/noticias\/#website","url":"https:\/\/franciscanos.org.br\/noticias\/","name":"Not\u00edcias - Franciscanos","description":"Prov\u00edncia Franciscana da Imaculada Concei\u00e7\u00e3o do Brasil - Ordem dos Frades Menores - OFM","potentialAction":[{"@type":"SearchAction","target":{"@type":"EntryPoint","urlTemplate":"https:\/\/franciscanos.org.br\/noticias\/?s={search_term_string}"},"query-input":"required name=search_term_string"}],"inLanguage":"pt-BR"},{"@type":"ImageObject","inLanguage":"pt-BR","@id":"https:\/\/franciscanos.org.br\/noticias\/frei-almir-a-ofs-nao-pode-descansar-2.html#primaryimage","url":"https:\/\/franciscanos.org.br\/noticias\/wp-content\/uploads\/2018\/06\/entrevista_almir_230618_2.jpg","contentUrl":"https:\/\/franciscanos.org.br\/noticias\/wp-content\/uploads\/2018\/06\/entrevista_almir_230618_2.jpg","width":273,"height":181},{"@type":"WebPage","@id":"https:\/\/franciscanos.org.br\/noticias\/frei-almir-a-ofs-nao-pode-descansar-2.html#webpage","url":"https:\/\/franciscanos.org.br\/noticias\/frei-almir-a-ofs-nao-pode-descansar-2.html","name":"Frei Almir: \u201cA OFS n\u00e3o pode descansar\u201d - Not\u00edcias - Franciscanos","isPartOf":{"@id":"https:\/\/franciscanos.org.br\/noticias\/#website"},"primaryImageOfPage":{"@id":"https:\/\/franciscanos.org.br\/noticias\/frei-almir-a-ofs-nao-pode-descansar-2.html#primaryimage"},"datePublished":"2018-06-21T18:46:29+00:00","dateModified":"2019-08-19T14:13:50+00:00","author":{"@id":"https:\/\/franciscanos.org.br\/noticias\/#\/schema\/person\/37f88f0d111cd5358b12a6556a99eb91"},"breadcrumb":{"@id":"https:\/\/franciscanos.org.br\/noticias\/frei-almir-a-ofs-nao-pode-descansar-2.html#breadcrumb"},"inLanguage":"pt-BR","potentialAction":[{"@type":"ReadAction","target":["https:\/\/franciscanos.org.br\/noticias\/frei-almir-a-ofs-nao-pode-descansar-2.html"]}]},{"@type":"BreadcrumbList","@id":"https:\/\/franciscanos.org.br\/noticias\/frei-almir-a-ofs-nao-pode-descansar-2.html#breadcrumb","itemListElement":[{"@type":"ListItem","position":1,"name":"Home","item":"https:\/\/franciscanos.org.br\/noticias"},{"@type":"ListItem","position":2,"name":"Frei Almir: \u201cA OFS n\u00e3o pode descansar\u201d"}]},{"@type":"Person","@id":"https:\/\/franciscanos.org.br\/noticias\/#\/schema\/person\/37f88f0d111cd5358b12a6556a99eb91","name":"freiaugusto","image":{"@type":"ImageObject","inLanguage":"pt-BR","@id":"https:\/\/franciscanos.org.br\/noticias\/#\/schema\/person\/image\/","url":"https:\/\/secure.gravatar.com\/avatar\/9840b940e621801b24f3e6b059efb4b7?s=96&d=mm&r=g","contentUrl":"https:\/\/secure.gravatar.com\/avatar\/9840b940e621801b24f3e6b059efb4b7?s=96&d=mm&r=g","caption":"freiaugusto"},"url":"https:\/\/franciscanos.org.br\/noticias\/author\/freiaugusto"}]}},"_links":{"self":[{"href":"https:\/\/franciscanos.org.br\/noticias\/wp-json\/wp\/v2\/posts\/179212"}],"collection":[{"href":"https:\/\/franciscanos.org.br\/noticias\/wp-json\/wp\/v2\/posts"}],"about":[{"href":"https:\/\/franciscanos.org.br\/noticias\/wp-json\/wp\/v2\/types\/post"}],"author":[{"embeddable":true,"href":"https:\/\/franciscanos.org.br\/noticias\/wp-json\/wp\/v2\/users\/5"}],"replies":[{"embeddable":true,"href":"https:\/\/franciscanos.org.br\/noticias\/wp-json\/wp\/v2\/comments?post=179212"}],"version-history":[{"count":0,"href":"https:\/\/franciscanos.org.br\/noticias\/wp-json\/wp\/v2\/posts\/179212\/revisions"}],"wp:featuredmedia":[{"embeddable":true,"href":"https:\/\/franciscanos.org.br\/noticias\/wp-json\/wp\/v2\/media\/207123"}],"wp:attachment":[{"href":"https:\/\/franciscanos.org.br\/noticias\/wp-json\/wp\/v2\/media?parent=179212"}],"wp:term":[{"taxonomy":"category","embeddable":true,"href":"https:\/\/franciscanos.org.br\/noticias\/wp-json\/wp\/v2\/categories?post=179212"},{"taxonomy":"post_tag","embeddable":true,"href":"https:\/\/franciscanos.org.br\/noticias\/wp-json\/wp\/v2\/tags?post=179212"}],"curies":[{"name":"wp","href":"https:\/\/api.w.org\/{rel}","templated":true}]}}