{"id":179174,"date":"2011-12-06T10:01:42","date_gmt":"2011-12-06T12:01:42","guid":{"rendered":"http:\/\/franciscanos.org.br\/2018\/?p=179174"},"modified":"2020-05-15T12:19:37","modified_gmt":"2020-05-15T15:19:37","slug":"entrevista-frei-fidencio","status":"publish","type":"post","link":"https:\/\/franciscanos.org.br\/noticias\/entrevista-frei-fidencio.html","title":{"rendered":"Entrevista: Frei Fid\u00eancio Vanboemmel"},"content":{"rendered":"<p><img loading=\"lazy\" src=\"http:\/\/franciscanos.org.br\/wp-content\/uploads\/2011\/12\/1346_051211.jpg\" alt=\"\" width=\"830\" height=\"343\" \/><\/p>\n<p><em>Nesta solenidade da Imaculada Concei\u00e7\u00e3o de Nossa Senhora, padroeira da Ordem Franciscana e desta Prov\u00edncia, este site exibe o seu &#8220;novo rosto&#8221;. Para celebrar este momento, ningu\u00e9m melhor do que Frei Fid\u00eancio Vanboemmel, o Ministro Provincial da Imaculada.<\/em><\/p>\n<p><em>Frei Fid\u00eancio Vanboemmel (<strong>pronuncia-se Fanbemel<\/strong>) foi eleito Ministro no \u00faltimo Cap\u00edtulo da Prov\u00edncia da Imaculada Concei\u00e7\u00e3o, realizado em novembro de 2009, ano que coincidiu tamb\u00e9m com a celebra\u00e7\u00e3o dos 800 anos de funda\u00e7\u00e3o da Ordem dos Frades Menores. Catarinense, natural da cidade de Santo Amaro da Imperatriz, Frei Fid\u00eancio tem 58 anos e h\u00e1 37 anos ingressou na Ordem Franciscana, onde durante 23 anos trabalhou na forma\u00e7\u00e3o.<\/em><\/p>\n<p><em>Dois anos\u00a0 \u00e0 frente da segunda entidade franciscana mais antiga do Brasil &#8211; a Prov\u00edncia foi criada em 15 de julho de 1675 -, Frei Fid\u00eancio fala do seu novo servi\u00e7o (&#8220;o Ministro deve ser servo dos demais irm\u00e3os&#8221;) como um grande aprendizado:\u00a0 &#8220;De fato, a vida me fez entrar numa enorme \u2018sala de aula\u2019 na qual jamais pensei um dia estar!&#8221;, conta Frei Fid\u00eancio, enumerando suas alegrias, tristezas, acertos e desafios, mas tamb\u00e9m confessando que neste servi\u00e7o do lava-p\u00e9s, &#8220;n\u00e3o \u00e9 f\u00e1cil permanecer inclinado&#8230;&#8221;.<\/em><\/p>\n<p><strong>Por Moacir Beggo<\/strong><\/p>\n<p><strong>Site Franciscanos &#8211; Dois anos depois de ser eleito Ministro Provincial, que avalia\u00e7\u00e3o o sr. faz do governo neste per\u00edodo?<\/strong><br \/>\n<strong>Frei Fid\u00eancio &#8211;<\/strong> Inicio a minha avalia\u00e7\u00e3o do governo reconhecendo que estes dois primeiros anos foram dias de grande aprendizado. De fato, a vida me fez entrar numa enorme \u2018sala de aula\u2019 na qual jamais pensei um dia estar! Uma \u2018sala\u2019 que re\u00fane e congrega irm\u00e3os que prometeram estar centrados e atentos ao \u00fanico Mestre e Senhor, assim como nos mostrou Francisco de Assis e companheiros da primitiva fraternidade.<br \/>\nNestes dois anos, mais do que nunca, pude sentir que esta grande \u2018sala\u2019 \u00e9 formada exclusivamente por irm\u00e3os, muitos irm\u00e3os: irm\u00e3os santos e irm\u00e3os pecadores; irm\u00e3os estudiosos e irm\u00e3os laboriosos; irm\u00e3os jovens e irm\u00e3os idosos; irm\u00e3os no vigor da vida e irm\u00e3os realizados; irm\u00e3os machucados e irm\u00e3os acuados; irm\u00e3os corajosos que ousam romper barreiras e irm\u00e3os capazes de superar outras situa\u00e7\u00f5es lim\u00edtrofes; irm\u00e3os que creem e irm\u00e3os cansados \u00e0 beira da estrada; irm\u00e3os fi\u00e9is \u00e0 sua voca\u00e7\u00e3o e irm\u00e3os que \u2018sa\u00edram\u2019 da sala (e n\u00e3o sem dor!); irm\u00e3os realizados e irm\u00e3os orantes; irm\u00e3os que aben\u00e7oam e perdoam e irm\u00e3os que unem, acolhem e congregam; irm\u00e3os distra\u00eddos ou desatentos e irm\u00e3os solid\u00e1rios com os pobres; irm\u00e3os distantes e irm\u00e3os fraternos; irm\u00e3os ego\u00edstas e irm\u00e3os que, generosamente, partilham a vida e o p\u00e3o do trabalho&#8230;\u00a0 Todos, enfim, simplesmente irm\u00e3os, ou como diria S\u00e3o Francisco: irm\u00e3os espiritualmente vinculados!\u00a0 A estes irm\u00e3os o Senhor e Mestre me confiou o servi\u00e7o do lava-p\u00e9s. Confesso que n\u00e3o \u00e9 f\u00e1cil permanecer inclinado&#8230;<\/p>\n<p><strong>Site Franciscanos &#8211; O que mudou na sua vida de Frade Menor?\u00a0 <\/strong><br \/>\n<strong>Frei Fid\u00eancio &#8211;<\/strong> Como Frade Menor, na busca de viver com fidelidade a vida segundo o Santo Evangelho, nada mudou. H\u00e1 uma continuidade!\u00a0 Houve, sim, uma radical mudan\u00e7a entre o pequeno universo de \u201cRodeio\u201d (noviciado) e o grande universo de \u201cS\u00e3o Paulo\u201d (Provincialado).<\/p>\n<p><strong>Site Franciscanos &#8211; Hoje, o conceito de Ministro Provincial mudou?<\/strong><br \/>\n<strong>Frei Fid\u00eancio &#8211;<\/strong> Hoje, mais do que um conceito de Ministro Provincial, vejo que no \u201csim\u201d, ou seja, na aceita\u00e7\u00e3o deste servi\u00e7o, as s\u00e1bias proposi\u00e7\u00f5es estabelecidas por S\u00e3o Francisco de Assis na Regra da Ordem dos Frades Menores s\u00e3o de vital import\u00e2ncia. Conceitos pessoais podem ser perigosos: ou a gente incorre no pecado de se \u2018inflar\u2019 diante das realiza\u00e7\u00f5es e conquistas dos irm\u00e3os, ou se \u2018magoa\u2019 diante dos desafios n\u00e3o solucionados.\u00a0 Pois bem, quais seriam as proposi\u00e7\u00f5es de S\u00e3o Francisco que servem de referencial e a partir das quais devo me medir para obter um conceito de Ministro, enquanto cumprimento de um dever confiado pelos irm\u00e3os?\u00a0 Recordo algumas: o Ministro deve ser servo dos demais irm\u00e3os; o Ministro deve ouvir o Senhor para cumprir o que Lhe agrada; o Ministro deve visitar, exortar e confortar espiritualmente os irm\u00e3os; o Ministro deve cuidar da alma do irm\u00e3o; o Ministro deve ter um guardi\u00e3o para que ele mesmo se exercite na obedi\u00eancia; o Ministro deve oferecer miseric\u00f3rdia ao irm\u00e3o que clama por miseric\u00f3rdia; o Ministro deve zelar pelo bem-estar de toda a fraternidade; o Ministro deve agir com rigor para levar a bom termo o pacto comum feito a Deus no dia da nossa profiss\u00e3o religiosa; etc.<\/p>\n<p><strong>Site Franciscanos &#8211; Quais os acertos do seu governo?<\/strong><br \/>\n<strong>Frei Fid\u00eancio &#8211;<\/strong> Sobre os nossos acertos, destaco alguns: um Definit\u00f3rio que pensa a Prov\u00edncia no seu todo e que busca levar a bom termo o Plano de Evangeliza\u00e7\u00e3o; o desejo incans\u00e1vel de caminhar em sintonia com a Ordem, principalmente na concretiza\u00e7\u00e3o das decis\u00f5es do \u00faltimo Cap\u00edtulo Geral; a incans\u00e1vel luta para qualificar a vida fraterna e a miss\u00e3o evangelizadora com a proposi\u00e7\u00e3o da elabora\u00e7\u00e3o de um \u201cProjeto Fraterno de Vida e Miss\u00e3o\u201d; a significativa aposta no Servi\u00e7o da Anima\u00e7\u00e3o Vocacional, o redimensionamento deste servi\u00e7o (o redimensionamento de Agudos e Semin\u00e1rio de Ituporanga e as Fraternidades de Acolhimento Vocacional); a aposta na pastoral da juventude; a simplifica\u00e7\u00e3o da estrutura provincial (secretariados e servi\u00e7os); a agiliza\u00e7\u00e3o da comunica\u00e7\u00e3o interna (not\u00edcias do Definit\u00f3rio); a aposta na Miss\u00e3o em Angola com a resposta generosa dos frades jovens.<\/p>\n<p><strong>Site Franciscanos &#8211; Quais os desafios do seu governo?<\/strong><br \/>\n<strong>Frei Fid\u00eancio &#8211;<\/strong> Os desafios: a qualifica\u00e7\u00e3o m\u00edstica e profissional dos irm\u00e3os diante das exig\u00eancias do mundo de hoje; o redimensionamento de algumas estruturas que pesam, se levamos em conta a diminui\u00e7\u00e3o num\u00e9rica dos irm\u00e3os; o aprendizado de saber trabalhar e se organizar em rede; o fortalecimento do esp\u00edrito da \u2018mesa comum\u2019 e a consequente partilha com os pobres; o encantamento pela evangeliza\u00e7\u00e3o a partir do nosso carisma franciscano; a leveza da itiner\u00e2ncia franciscana (pobreza e humildade) para n\u00e3o nos empobrecermos na estagna\u00e7\u00e3o dos velhos lugares e coisas de sempre.<\/p>\n<p><strong>Site Franciscanos &#8211; O que mais lhe deu alegria nesse tempo? <\/strong><br \/>\n<strong>Frei Fid\u00eancio &#8211;<\/strong> Destaco algumas: a colabora\u00e7\u00e3o dos guardi\u00e3es e fraternidades que comungam do projeto comum de toda a Fraternidade Provincial; a resposta positiva dos irm\u00e3os que participaram dos diferentes momentos formativos na Prov\u00edncia (retiros e demais reuni\u00f5es provinciais); o trabalho mission\u00e1rio em Angola e as perspectivas vocacionais; a gra\u00e7a de poder ouvir do povo de Deus a linguagem do bem-querer dos frades entre si e dos frades com a comunidade e vice-versa; as celebra\u00e7\u00f5es de Profiss\u00f5es, Ordena\u00e7\u00f5es e a participa\u00e7\u00e3o em v\u00e1rias datas significativas nas nossas diversas frentes de Evangeliza\u00e7\u00e3o;<\/p>\n<p><strong>Site Franciscanos &#8211; O que mais lhe entristeceu?<\/strong><br \/>\n<strong>Frei Fid\u00eancio &#8211;<\/strong> Ter que \u2018administrar\u2019 situa\u00e7\u00f5es e frutos falidos do individualismo e do n\u00e3o esp\u00edrito de perten\u00e7a.<\/p>\n<p><strong>Site Franciscanos &#8211; A diminui\u00e7\u00e3o das voca\u00e7\u00f5es e o grande n\u00famero de frades idosos lhe preocupam?<\/strong><br \/>\n<strong>Frei Fid\u00eancio &#8211;<\/strong> Sim, e muito! Como responder a esta constata\u00e7\u00e3o? Apostamos muito no 2\u00ba objetivo espec\u00edfico do nosso Plano de Evangeliza\u00e7\u00e3o: revigorar e apostar no Servi\u00e7o da Anima\u00e7\u00e3o Vocacional e na Pastoral da Juventude.<\/p>\n<p><strong>Site Franciscanos &#8211; A Prov\u00edncia conquistou uma grande estrutura ao longo dos s\u00e9culos (mais de tr\u00eas s\u00e9culos)\u00a0 e, hoje, consegue mant\u00ea-la com o n\u00famero de frades reduzido?<\/strong><br \/>\n<strong>Frei Fid\u00eancio &#8211;<\/strong> Este \u00e9 o grande desafio do \u201credimensionamento\u201d, muito presente na linguagem dos textos da Prov\u00edncia e nos Documentos da Ordem: redimensionamento da qualidade de nossa vida (a retomada da m\u00edstica do carisma franciscano), redimensionamento das nossas frentes de evangeliza\u00e7\u00e3o (elas ainda s\u00e3o condizentes ao carisma?); redimensionamento das nossas estruturas (como torna-las leves no esp\u00edrito da nossa itiner\u00e2ncia franciscana?). Redimensionar significa reavaliar a nossa vida e a nossa miss\u00e3o a partir da Regra e Vida. Isso naturalmente traz implic\u00e2ncias no redimensionamento estrutural da pessoa do frade e das estruturas externas em que nos envolvemos.<\/p>\n<p><strong>Site Franciscanos &#8211; Como o sr. v\u00ea a Miss\u00e3o de Angola, agora que j\u00e1 a conhece bem devido \u00e0s visitas de anima\u00e7\u00e3o que fez?<\/strong><br \/>\n<strong>Frei Fid\u00eancio &#8211;<\/strong> A nossa miss\u00e3o em Angola nasceu h\u00e1 pouco mais de 20 anos. Quando a nossa Prov\u00edncia celebrou\u00a0 o 1\u00ba Centen\u00e1rio da sua restaura\u00e7\u00e3o. O gesto mais significativo n\u00e3o foi a edifica\u00e7\u00e3o do monumento comemorativo que se encontra na Comunidade de Teres\u00f3polis (SC), mas o gesto de \u2018restitui\u00e7\u00e3o\u2019 com o envio mission\u00e1rio de irm\u00e3os \u00e0 nova miss\u00e3o franciscana no sofrido pa\u00eds de Angola, na \u00e9poca em plena guerra civil.\u00a0 Estes 20 anos foram de sofrimento, de purifica\u00e7\u00e3o e de discernimento. Hoje, visitando a miss\u00e3o, vejo que os frades conseguiram consolidar de forma simples a nossa presen\u00e7a de Frades Menores nas cidades de Luanda, Viana, Malanje e Kibala. O pa\u00eds est\u00e1 em reconstru\u00e7\u00e3o, mas a pobreza impera por toda a parte, particularmente no que se refere \u00e0 infraestrutura, ao saneamento b\u00e1sico, \u00e0 educa\u00e7\u00e3o, etc. H\u00e1 uma estranha conviv\u00eancia entre a tecnologia de ponta e a mis\u00e9ria das vidas humanas. Mas nisso tudo h\u00e1 sinais de esperan\u00e7a que nascem da grandeza e da nobreza da alma do povo angolano. \u00c9 com muita satisfa\u00e7\u00e3o que posso dizer que as perspectivas vocacionais nos enchem de esperan\u00e7a, pois j\u00e1 podemos contar com a for\u00e7a dos jovens frades angolanos e dos muitos vocacionados que est\u00e3o batendo \u00e0s nossas portas.<\/p>\n<p><strong>Site Franciscanos \u2013 Para o sr., qual\u00a0 \u00e9 a\u00a0 Prov\u00edncia ideal? <\/strong><br \/>\n<strong>Frei Fid\u00eancio &#8211;<\/strong> N\u00e3o sei se existe uma Prov\u00edncia ideal! Talvez a Prov\u00edncia ideal esteja pr\u00f3xima \u00e0 narrativa do texto do Espelho da Perfei\u00e7\u00e3o, quando l\u00e1 se aborda a quest\u00e3o das qualidades e virtudes de que deveria ser dotado o bom frade menor. O texto coloca na boca de Francisco a afirma\u00e7\u00e3o de que o bom frade menor \u00e9 o que re\u00fane em si os m\u00e9ritos, os valores e as virtudes dos demais irm\u00e3os. Talvez esta profecia ainda seja uma utopia entre n\u00f3s, mas n\u00e3o imposs\u00edvel! Eu quero acreditar numa Prov\u00edncia ideal formada por irm\u00e3os (frades) que se somam a partir da virtude e do valor de cada irm\u00e3o: a f\u00e9, a simplicidade, a pureza, o bom-senso, a ora\u00e7\u00e3o e a contempla\u00e7\u00e3o, a garra evang\u00e9lica e a paix\u00e3o evangelizadora, a solidariedade com os pobres, a miseric\u00f3rdia, o esp\u00edrito de itiner\u00e2ncia, o vigor moral e espiritual, a pobreza, a minoridade, a castidade, a obedi\u00eancia, o desejo da sabedoria, etc.<\/p>\n<p><strong>Site Franciscanos &#8211; Qual a proposta de S\u00e3o Francisco para hoje?<\/strong><br \/>\n<strong>Frei Fid\u00eancio &#8211;<\/strong> Para n\u00f3s, frades, nada mais sagrado do que as pr\u00f3prias palavras de S\u00e3o Francisco que encontramos na conclus\u00e3o da Regra de Vida: \u201c&#8230; para que firmes na F\u00e9 cat\u00f3lica, guardemos a pobreza e a humildade e o Santo Evangelho de nosso Senhor Jesus Cristo como firmemente prometemos\u201d. Pois \u00e9 a partir desta fidelidade comprometida e carism\u00e1tica que estabelecemos as demais rela\u00e7\u00f5es com o mundo\u00a0 dentro do qual nos encontramos inseridos.<\/p>\n","protected":false},"excerpt":{"rendered":"<p>Entrevista<\/p>\n","protected":false},"author":1,"featured_media":223802,"comment_status":"open","ping_status":"open","sticky":false,"template":"","format":"standard","meta":[],"categories":[758],"tags":[17,668],"acf":[],"yoast_head":"<!-- This site is optimized with the Yoast SEO plugin v19.2 - https:\/\/yoast.com\/wordpress\/plugins\/seo\/ -->\n<title>Entrevista: Frei Fid\u00eancio Vanboemmel - Not\u00edcias - Franciscanos<\/title>\n<meta name=\"robots\" content=\"index, follow, max-snippet:-1, max-image-preview:large, max-video-preview:-1\" \/>\n<link rel=\"canonical\" href=\"https:\/\/franciscanos.org.br\/noticias\/entrevista-frei-fidencio.html\" \/>\n<meta property=\"og:locale\" content=\"pt_BR\" \/>\n<meta property=\"og:type\" content=\"article\" \/>\n<meta property=\"og:title\" content=\"Entrevista: Frei Fid\u00eancio Vanboemmel - Not\u00edcias - Franciscanos\" \/>\n<meta property=\"og:description\" content=\"Entrevista\" \/>\n<meta property=\"og:url\" content=\"https:\/\/franciscanos.org.br\/noticias\/entrevista-frei-fidencio.html\" \/>\n<meta property=\"og:site_name\" content=\"Not\u00edcias - Franciscanos\" \/>\n<meta property=\"article:published_time\" content=\"2011-12-06T12:01:42+00:00\" \/>\n<meta property=\"article:modified_time\" content=\"2020-05-15T15:19:37+00:00\" \/>\n<meta property=\"og:image\" content=\"https:\/\/franciscanos.org.br\/noticias\/wp-content\/uploads\/2011\/12\/1346_051211.jpg\" \/>\n\t<meta property=\"og:image:width\" content=\"800\" \/>\n\t<meta property=\"og:image:height\" content=\"599\" \/>\n\t<meta property=\"og:image:type\" content=\"image\/jpeg\" \/>\n<meta name=\"author\" content=\"admin\" \/>\n<meta name=\"twitter:card\" content=\"summary_large_image\" \/>\n<meta name=\"twitter:label1\" content=\"Escrito por\" \/>\n\t<meta name=\"twitter:data1\" content=\"admin\" \/>\n\t<meta name=\"twitter:label2\" content=\"Est. tempo de leitura\" \/>\n\t<meta name=\"twitter:data2\" content=\"10 minutos\" \/>\n<script type=\"application\/ld+json\" class=\"yoast-schema-graph\">{\"@context\":\"https:\/\/schema.org\",\"@graph\":[{\"@type\":\"WebSite\",\"@id\":\"https:\/\/franciscanos.org.br\/noticias\/#website\",\"url\":\"https:\/\/franciscanos.org.br\/noticias\/\",\"name\":\"Not\u00edcias - Franciscanos\",\"description\":\"Prov\u00edncia Franciscana da Imaculada Concei\u00e7\u00e3o do Brasil - Ordem dos Frades Menores - OFM\",\"potentialAction\":[{\"@type\":\"SearchAction\",\"target\":{\"@type\":\"EntryPoint\",\"urlTemplate\":\"https:\/\/franciscanos.org.br\/noticias\/?s={search_term_string}\"},\"query-input\":\"required name=search_term_string\"}],\"inLanguage\":\"pt-BR\"},{\"@type\":\"ImageObject\",\"inLanguage\":\"pt-BR\",\"@id\":\"https:\/\/franciscanos.org.br\/noticias\/entrevista-frei-fidencio.html#primaryimage\",\"url\":\"https:\/\/franciscanos.org.br\/noticias\/wp-content\/uploads\/2011\/12\/1346_051211.jpg\",\"contentUrl\":\"https:\/\/franciscanos.org.br\/noticias\/wp-content\/uploads\/2011\/12\/1346_051211.jpg\",\"width\":800,\"height\":599},{\"@type\":\"WebPage\",\"@id\":\"https:\/\/franciscanos.org.br\/noticias\/entrevista-frei-fidencio.html#webpage\",\"url\":\"https:\/\/franciscanos.org.br\/noticias\/entrevista-frei-fidencio.html\",\"name\":\"Entrevista: Frei Fid\u00eancio Vanboemmel - Not\u00edcias - Franciscanos\",\"isPartOf\":{\"@id\":\"https:\/\/franciscanos.org.br\/noticias\/#website\"},\"primaryImageOfPage\":{\"@id\":\"https:\/\/franciscanos.org.br\/noticias\/entrevista-frei-fidencio.html#primaryimage\"},\"datePublished\":\"2011-12-06T12:01:42+00:00\",\"dateModified\":\"2020-05-15T15:19:37+00:00\",\"author\":{\"@id\":\"https:\/\/franciscanos.org.br\/noticias\/#\/schema\/person\/b38fbf43118f02820bd932f2e4b14ad3\"},\"breadcrumb\":{\"@id\":\"https:\/\/franciscanos.org.br\/noticias\/entrevista-frei-fidencio.html#breadcrumb\"},\"inLanguage\":\"pt-BR\",\"potentialAction\":[{\"@type\":\"ReadAction\",\"target\":[\"https:\/\/franciscanos.org.br\/noticias\/entrevista-frei-fidencio.html\"]}]},{\"@type\":\"BreadcrumbList\",\"@id\":\"https:\/\/franciscanos.org.br\/noticias\/entrevista-frei-fidencio.html#breadcrumb\",\"itemListElement\":[{\"@type\":\"ListItem\",\"position\":1,\"name\":\"Home\",\"item\":\"https:\/\/franciscanos.org.br\/noticias\"},{\"@type\":\"ListItem\",\"position\":2,\"name\":\"Entrevista: Frei Fid\u00eancio Vanboemmel\"}]},{\"@type\":\"Person\",\"@id\":\"https:\/\/franciscanos.org.br\/noticias\/#\/schema\/person\/b38fbf43118f02820bd932f2e4b14ad3\",\"name\":\"admin\",\"image\":{\"@type\":\"ImageObject\",\"inLanguage\":\"pt-BR\",\"@id\":\"https:\/\/franciscanos.org.br\/noticias\/#\/schema\/person\/image\/\",\"url\":\"https:\/\/secure.gravatar.com\/avatar\/e8495742d34d0ba6448ea1c628263b3e?s=96&d=mm&r=g\",\"contentUrl\":\"https:\/\/secure.gravatar.com\/avatar\/e8495742d34d0ba6448ea1c628263b3e?s=96&d=mm&r=g\",\"caption\":\"admin\"},\"url\":\"https:\/\/franciscanos.org.br\/noticias\/author\/admin\"}]}<\/script>\n<!-- \/ Yoast SEO plugin. -->","yoast_head_json":{"title":"Entrevista: Frei Fid\u00eancio Vanboemmel - Not\u00edcias - Franciscanos","robots":{"index":"index","follow":"follow","max-snippet":"max-snippet:-1","max-image-preview":"max-image-preview:large","max-video-preview":"max-video-preview:-1"},"canonical":"https:\/\/franciscanos.org.br\/noticias\/entrevista-frei-fidencio.html","og_locale":"pt_BR","og_type":"article","og_title":"Entrevista: Frei Fid\u00eancio Vanboemmel - Not\u00edcias - Franciscanos","og_description":"Entrevista","og_url":"https:\/\/franciscanos.org.br\/noticias\/entrevista-frei-fidencio.html","og_site_name":"Not\u00edcias - Franciscanos","article_published_time":"2011-12-06T12:01:42+00:00","article_modified_time":"2020-05-15T15:19:37+00:00","og_image":[{"width":800,"height":599,"url":"https:\/\/franciscanos.org.br\/noticias\/wp-content\/uploads\/2011\/12\/1346_051211.jpg","type":"image\/jpeg"}],"author":"admin","twitter_card":"summary_large_image","twitter_misc":{"Escrito por":"admin","Est. tempo de leitura":"10 minutos"},"schema":{"@context":"https:\/\/schema.org","@graph":[{"@type":"WebSite","@id":"https:\/\/franciscanos.org.br\/noticias\/#website","url":"https:\/\/franciscanos.org.br\/noticias\/","name":"Not\u00edcias - Franciscanos","description":"Prov\u00edncia Franciscana da Imaculada Concei\u00e7\u00e3o do Brasil - Ordem dos Frades Menores - OFM","potentialAction":[{"@type":"SearchAction","target":{"@type":"EntryPoint","urlTemplate":"https:\/\/franciscanos.org.br\/noticias\/?s={search_term_string}"},"query-input":"required name=search_term_string"}],"inLanguage":"pt-BR"},{"@type":"ImageObject","inLanguage":"pt-BR","@id":"https:\/\/franciscanos.org.br\/noticias\/entrevista-frei-fidencio.html#primaryimage","url":"https:\/\/franciscanos.org.br\/noticias\/wp-content\/uploads\/2011\/12\/1346_051211.jpg","contentUrl":"https:\/\/franciscanos.org.br\/noticias\/wp-content\/uploads\/2011\/12\/1346_051211.jpg","width":800,"height":599},{"@type":"WebPage","@id":"https:\/\/franciscanos.org.br\/noticias\/entrevista-frei-fidencio.html#webpage","url":"https:\/\/franciscanos.org.br\/noticias\/entrevista-frei-fidencio.html","name":"Entrevista: Frei Fid\u00eancio Vanboemmel - Not\u00edcias - Franciscanos","isPartOf":{"@id":"https:\/\/franciscanos.org.br\/noticias\/#website"},"primaryImageOfPage":{"@id":"https:\/\/franciscanos.org.br\/noticias\/entrevista-frei-fidencio.html#primaryimage"},"datePublished":"2011-12-06T12:01:42+00:00","dateModified":"2020-05-15T15:19:37+00:00","author":{"@id":"https:\/\/franciscanos.org.br\/noticias\/#\/schema\/person\/b38fbf43118f02820bd932f2e4b14ad3"},"breadcrumb":{"@id":"https:\/\/franciscanos.org.br\/noticias\/entrevista-frei-fidencio.html#breadcrumb"},"inLanguage":"pt-BR","potentialAction":[{"@type":"ReadAction","target":["https:\/\/franciscanos.org.br\/noticias\/entrevista-frei-fidencio.html"]}]},{"@type":"BreadcrumbList","@id":"https:\/\/franciscanos.org.br\/noticias\/entrevista-frei-fidencio.html#breadcrumb","itemListElement":[{"@type":"ListItem","position":1,"name":"Home","item":"https:\/\/franciscanos.org.br\/noticias"},{"@type":"ListItem","position":2,"name":"Entrevista: Frei Fid\u00eancio Vanboemmel"}]},{"@type":"Person","@id":"https:\/\/franciscanos.org.br\/noticias\/#\/schema\/person\/b38fbf43118f02820bd932f2e4b14ad3","name":"admin","image":{"@type":"ImageObject","inLanguage":"pt-BR","@id":"https:\/\/franciscanos.org.br\/noticias\/#\/schema\/person\/image\/","url":"https:\/\/secure.gravatar.com\/avatar\/e8495742d34d0ba6448ea1c628263b3e?s=96&d=mm&r=g","contentUrl":"https:\/\/secure.gravatar.com\/avatar\/e8495742d34d0ba6448ea1c628263b3e?s=96&d=mm&r=g","caption":"admin"},"url":"https:\/\/franciscanos.org.br\/noticias\/author\/admin"}]}},"_links":{"self":[{"href":"https:\/\/franciscanos.org.br\/noticias\/wp-json\/wp\/v2\/posts\/179174"}],"collection":[{"href":"https:\/\/franciscanos.org.br\/noticias\/wp-json\/wp\/v2\/posts"}],"about":[{"href":"https:\/\/franciscanos.org.br\/noticias\/wp-json\/wp\/v2\/types\/post"}],"author":[{"embeddable":true,"href":"https:\/\/franciscanos.org.br\/noticias\/wp-json\/wp\/v2\/users\/1"}],"replies":[{"embeddable":true,"href":"https:\/\/franciscanos.org.br\/noticias\/wp-json\/wp\/v2\/comments?post=179174"}],"version-history":[{"count":3,"href":"https:\/\/franciscanos.org.br\/noticias\/wp-json\/wp\/v2\/posts\/179174\/revisions"}],"predecessor-version":[{"id":223804,"href":"https:\/\/franciscanos.org.br\/noticias\/wp-json\/wp\/v2\/posts\/179174\/revisions\/223804"}],"wp:featuredmedia":[{"embeddable":true,"href":"https:\/\/franciscanos.org.br\/noticias\/wp-json\/wp\/v2\/media\/223802"}],"wp:attachment":[{"href":"https:\/\/franciscanos.org.br\/noticias\/wp-json\/wp\/v2\/media?parent=179174"}],"wp:term":[{"taxonomy":"category","embeddable":true,"href":"https:\/\/franciscanos.org.br\/noticias\/wp-json\/wp\/v2\/categories?post=179174"},{"taxonomy":"post_tag","embeddable":true,"href":"https:\/\/franciscanos.org.br\/noticias\/wp-json\/wp\/v2\/tags?post=179174"}],"curies":[{"name":"wp","href":"https:\/\/api.w.org\/{rel}","templated":true}]}}