{"id":17845,"date":"2012-05-17T07:24:32","date_gmt":"2012-05-17T10:24:32","guid":{"rendered":"http:\/\/new.franciscanos.org.br\/?p=17845"},"modified":"2020-06-16T16:11:59","modified_gmt":"2020-06-16T19:11:59","slug":"encontro-e-encerrado-com-alegria-e-muita-arte","status":"publish","type":"post","link":"https:\/\/franciscanos.org.br\/noticias\/encontro-e-encerrado-com-alegria-e-muita-arte.html","title":{"rendered":"Encontro \u00e9 encerrado com alegria e muita arte"},"content":{"rendered":"<p><img loading=\"lazy\" class=\"alignnone size-full wp-image-198876\" src=\"https:\/\/franciscanos.org.br\/noticias\/wp-content\/uploads\/2012\/05\/2298_170512.jpg\" alt=\"\" width=\"830\" height=\"251\" srcset=\"https:\/\/franciscanos.org.br\/noticias\/wp-content\/uploads\/2012\/05\/2298_170512.jpg 830w, https:\/\/franciscanos.org.br\/noticias\/wp-content\/uploads\/2012\/05\/2298_170512-450x136.jpg 450w, https:\/\/franciscanos.org.br\/noticias\/wp-content\/uploads\/2012\/05\/2298_170512-768x232.jpg 768w, https:\/\/franciscanos.org.br\/noticias\/wp-content\/uploads\/2012\/05\/2298_170512-150x45.jpg 150w\" sizes=\"(max-width: 830px) 100vw, 830px\" \/><\/p>\n<p><strong>Petr\u00f3polis (RJ) \u2013<\/strong> O \u00faltimo dia (16\/05) do 3\u00ba Encontro dos Frades Artistas da Prov\u00edncia Franciscana da Imaculada Concei\u00e7\u00e3o do Brasil foi recheado de reflex\u00e3o, pensamentos, trocas de experi\u00eancia e muita arte. Durante o dia, deu-se continuidade aos trabalhos iniciados no primeiro dia e, \u00e0 noite, foi feita a apresenta\u00e7\u00e3o dos dons culturais e art\u00edsticos dos confrades artistas e \u2018arteiros\u2019.<\/p>\n<p>Frei El\u00f3i Dion\u00edsio\u00a0Piva deu continuidade \u00e0 sua explana\u00e7\u00e3o sobre a Arte e a Palavra de Deus, citando o artista Paul Klee: \u201cA arte n\u00e3o imita o vis\u00edvel, ela cria o vis\u00edvel\u201d. \u00a0Segundo o palestrante, toda a obra de arte \u00e9 constitu\u00edda por tr\u00eas elementos: personalidade \u2013 o pr\u00f3prio do artista, estilo \u2013 pr\u00f3prio da \u00e9poca e do ambiente cultural, e o elemento do puro e eternamente art\u00edstico \u2013 pr\u00f3prio da arte. Frei El\u00f3i tamb\u00e9m fez uma panor\u00e2mica sobre a arte nos v\u00e1rios per\u00edodos hist\u00f3ricos e concluiu sua fala sobre a classifica\u00e7\u00e3o das artes, salvaguardando que cada qual tem sua forma t\u00e9cnica e estilo.<\/p>\n<p>\u00c0 tarde, os frades artistas elencaram algumas propostas a serem apresentadas no Cap\u00edtulo Provincial em novembro. Entre as propostas est\u00e1 a conserva\u00e7\u00e3o e o modo de cuidar do patrim\u00f4nio cultural da Prov\u00edncia. Em seguida, preocupou-se em preparar o pr\u00f3ximo encontro que ser\u00e1 realizado no pr\u00f3ximo ano de maio.<\/p>\n<p><strong>Apresenta\u00e7\u00e3o dos Frades Artistas<\/strong><\/p>\n<p>\u201cO ser humano \u00e9 habitado pela beleza que o salva\u201d. Com essas palavras Frei Vit\u00f3rio Mazzuco abriu a noite de apresenta\u00e7\u00f5es culturais dos confrades artistas. Certamente, a lua cedeu o seu lugar para estas almas sens\u00edveis apresentarem um pouco daquilo que brota de dentro de seus seres.<\/p>\n<p>O Hino Nacional foi o primeiro a ser tocado, atrav\u00e9s da gaita de bica, por Frei Odorico Decker. Ele reside na capital paulista e constantemente est\u00e1 tocando sua \u201cgaitinha\u201d, como ele mesmo gosta de chamar. Por meio das melodias harm\u00f4nicas, Frei Odorico provoca as pessoas a entrar em ora\u00e7\u00e3o.<\/p>\n<p>Em seguida, o mineiro, poeta e escritor Frei Walter Hugo de Almeida, declamou a poesia \u2018Mar profundo\u2019. \u00a0Com a bela voz de Frei Paulo Ferreira e os toques suaves e precisos dos dedos de Frei Marcel Freire no piano, ouviu-se \u00a0\u201cAve Maria\u201d de Washington Negr\u00e3o, compositor e produtor paulista.<\/p>\n<p>Frei Soneca (Airton da Rosa), com um sorriso maroto, mesmo n\u00e3o se considerando um artista (ele prefere \u2018arteiro\u2019), apresentou sua mais nova obra: teatro lambe-lambe (\u00e9 uma linguagem de formas animadas que ocupa um espa\u00e7o c\u00eanico m\u00ednimo). Outra obra que ele empreendeu foi a exposi\u00e7\u00e3o permanente de pres\u00e9pios. Esta exposi\u00e7\u00e3o, preparada por uma equipe, est\u00e1 aberta \u00e0 visita\u00e7\u00e3o no Semin\u00e1rio Frei Galv\u00e3o, em Guaratinguet\u00e1. Ele tamb\u00e9m \u00a0est\u00e1 trabalhando numa outra exposi\u00e7\u00e3o, tamb\u00e9m permanente, com a tem\u00e1tica franciscana, reunindo assim muito material e imagens de S\u00e3o Francisco. A previs\u00e3o \u00e9 de inaugurar ainda este ano.<\/p>\n<p>Frei Cid Passos tamb\u00e9m apresentou suas pinturas, muitas por sinal: \u201cEu sou p\u00e1roco de uma par\u00f3quia em Sorocaba, durante o dia atendo o povo e, de noite, eu pinto\u201d, disse. Outro pintor apresentado por Frei Vit\u00f3rio \u00e9 Frei Dito (Benedito G. G. Gon\u00e7alves): \u201cJ\u00e1 desenhava desde crian\u00e7a. Mas vim fazer a minha primeira pintura, ali\u00e1s, de um selo comemorativo franciscano, quando era frade\u201d, explicou Frei Dito. Frei Roger tamb\u00e9m esteve presente e apresentou a sua recente obra sobre a arte franciscana no Rio de Janeiro.<\/p>\n<p>\u00c0 capela, Frei Odorico Decker entoou uma m\u00fasica dedicada a Santa Clara e, na \u00faltima parte da apresenta\u00e7\u00e3o, homenageou-se o frade artista falecido Frei Clemente Kesselmeier. Por usar a palavra com grande virtuosidade, ele era requisitado para palestras em grandes empresas e institui\u00e7\u00f5es. Viajava pelo Brasil visitando comunidades para despertar o &#8220;gigante adormecido&#8221;, segundo ele, \u00a0que \u00e9 a Igreja Cat\u00f3lica, defendendo como Francisco de Assis os pequenos, humildes e pobres.<\/p>\n<p>Frei Paulo Ferreira e Frei Marcel Freire entoaram a ora\u00e7\u00e3o de S\u00e3o Francisco e Frei Filipinho (Felipe Gabriel Alves) encerrou a noite apresentando \u201cAs raz\u00f5es do lobo\u201d, uma obra que emocionou a todos. Ap\u00f3s sua apresenta\u00e7\u00e3o, Frei Filipinho deu a b\u00ean\u00e7\u00e3o franciscana e convidou os presentes, de m\u00e3o unidas,\u00a0 a rezar o Pai Nosso.<\/p>\n<p><strong>Veja imagens<\/strong><\/p>\n<p>[nggallery id=182]<\/p>\n","protected":false},"excerpt":{"rendered":"<p>\u201cVia Pulchritudinis\u201d<\/p>\n","protected":false},"author":1,"featured_media":209073,"comment_status":"closed","ping_status":"closed","sticky":false,"template":"","format":"standard","meta":[],"categories":[1],"tags":[189],"acf":[],"yoast_head":"<!-- This site is optimized with the Yoast SEO plugin v19.2 - https:\/\/yoast.com\/wordpress\/plugins\/seo\/ -->\n<title>Encontro \u00e9 encerrado com alegria e muita arte - Not\u00edcias - Franciscanos<\/title>\n<meta name=\"robots\" content=\"index, follow, max-snippet:-1, max-image-preview:large, max-video-preview:-1\" \/>\n<link rel=\"canonical\" href=\"https:\/\/franciscanos.org.br\/noticias\/encontro-e-encerrado-com-alegria-e-muita-arte.html\" \/>\n<meta property=\"og:locale\" content=\"pt_BR\" \/>\n<meta property=\"og:type\" content=\"article\" \/>\n<meta property=\"og:title\" content=\"Encontro \u00e9 encerrado com alegria e muita arte - Not\u00edcias - Franciscanos\" \/>\n<meta property=\"og:description\" content=\"\u201cVia Pulchritudinis\u201d\" \/>\n<meta property=\"og:url\" content=\"https:\/\/franciscanos.org.br\/noticias\/encontro-e-encerrado-com-alegria-e-muita-arte.html\" \/>\n<meta property=\"og:site_name\" content=\"Not\u00edcias - Franciscanos\" \/>\n<meta property=\"article:published_time\" content=\"2012-05-17T10:24:32+00:00\" \/>\n<meta property=\"article:modified_time\" content=\"2020-06-16T19:11:59+00:00\" \/>\n<meta property=\"og:image\" content=\"https:\/\/franciscanos.org.br\/noticias\/wp-content\/uploads\/2012\/05\/2298_170512-1.jpg\" \/>\n\t<meta property=\"og:image:width\" content=\"273\" \/>\n\t<meta property=\"og:image:height\" content=\"181\" \/>\n\t<meta property=\"og:image:type\" content=\"image\/jpeg\" \/>\n<meta name=\"author\" content=\"admin\" \/>\n<meta name=\"twitter:card\" content=\"summary_large_image\" \/>\n<meta name=\"twitter:label1\" content=\"Escrito por\" \/>\n\t<meta name=\"twitter:data1\" content=\"admin\" \/>\n\t<meta name=\"twitter:label2\" content=\"Est. tempo de leitura\" \/>\n\t<meta name=\"twitter:data2\" content=\"4 minutos\" \/>\n<script type=\"application\/ld+json\" class=\"yoast-schema-graph\">{\"@context\":\"https:\/\/schema.org\",\"@graph\":[{\"@type\":\"WebSite\",\"@id\":\"https:\/\/franciscanos.org.br\/noticias\/#website\",\"url\":\"https:\/\/franciscanos.org.br\/noticias\/\",\"name\":\"Not\u00edcias - Franciscanos\",\"description\":\"Prov\u00edncia Franciscana da Imaculada Concei\u00e7\u00e3o do Brasil - Ordem dos Frades Menores - OFM\",\"potentialAction\":[{\"@type\":\"SearchAction\",\"target\":{\"@type\":\"EntryPoint\",\"urlTemplate\":\"https:\/\/franciscanos.org.br\/noticias\/?s={search_term_string}\"},\"query-input\":\"required name=search_term_string\"}],\"inLanguage\":\"pt-BR\"},{\"@type\":\"ImageObject\",\"inLanguage\":\"pt-BR\",\"@id\":\"https:\/\/franciscanos.org.br\/noticias\/encontro-e-encerrado-com-alegria-e-muita-arte.html#primaryimage\",\"url\":\"https:\/\/franciscanos.org.br\/noticias\/wp-content\/uploads\/2012\/05\/2298_170512-1.jpg\",\"contentUrl\":\"https:\/\/franciscanos.org.br\/noticias\/wp-content\/uploads\/2012\/05\/2298_170512-1.jpg\",\"width\":273,\"height\":181},{\"@type\":\"WebPage\",\"@id\":\"https:\/\/franciscanos.org.br\/noticias\/encontro-e-encerrado-com-alegria-e-muita-arte.html#webpage\",\"url\":\"https:\/\/franciscanos.org.br\/noticias\/encontro-e-encerrado-com-alegria-e-muita-arte.html\",\"name\":\"Encontro \u00e9 encerrado com alegria e muita arte - Not\u00edcias - Franciscanos\",\"isPartOf\":{\"@id\":\"https:\/\/franciscanos.org.br\/noticias\/#website\"},\"primaryImageOfPage\":{\"@id\":\"https:\/\/franciscanos.org.br\/noticias\/encontro-e-encerrado-com-alegria-e-muita-arte.html#primaryimage\"},\"datePublished\":\"2012-05-17T10:24:32+00:00\",\"dateModified\":\"2020-06-16T19:11:59+00:00\",\"author\":{\"@id\":\"https:\/\/franciscanos.org.br\/noticias\/#\/schema\/person\/b38fbf43118f02820bd932f2e4b14ad3\"},\"breadcrumb\":{\"@id\":\"https:\/\/franciscanos.org.br\/noticias\/encontro-e-encerrado-com-alegria-e-muita-arte.html#breadcrumb\"},\"inLanguage\":\"pt-BR\",\"potentialAction\":[{\"@type\":\"ReadAction\",\"target\":[\"https:\/\/franciscanos.org.br\/noticias\/encontro-e-encerrado-com-alegria-e-muita-arte.html\"]}]},{\"@type\":\"BreadcrumbList\",\"@id\":\"https:\/\/franciscanos.org.br\/noticias\/encontro-e-encerrado-com-alegria-e-muita-arte.html#breadcrumb\",\"itemListElement\":[{\"@type\":\"ListItem\",\"position\":1,\"name\":\"Home\",\"item\":\"https:\/\/franciscanos.org.br\/noticias\"},{\"@type\":\"ListItem\",\"position\":2,\"name\":\"Encontro \u00e9 encerrado com alegria e muita arte\"}]},{\"@type\":\"Person\",\"@id\":\"https:\/\/franciscanos.org.br\/noticias\/#\/schema\/person\/b38fbf43118f02820bd932f2e4b14ad3\",\"name\":\"admin\",\"image\":{\"@type\":\"ImageObject\",\"inLanguage\":\"pt-BR\",\"@id\":\"https:\/\/franciscanos.org.br\/noticias\/#\/schema\/person\/image\/\",\"url\":\"https:\/\/secure.gravatar.com\/avatar\/e8495742d34d0ba6448ea1c628263b3e?s=96&d=mm&r=g\",\"contentUrl\":\"https:\/\/secure.gravatar.com\/avatar\/e8495742d34d0ba6448ea1c628263b3e?s=96&d=mm&r=g\",\"caption\":\"admin\"},\"url\":\"https:\/\/franciscanos.org.br\/noticias\/author\/admin\"}]}<\/script>\n<!-- \/ Yoast SEO plugin. -->","yoast_head_json":{"title":"Encontro \u00e9 encerrado com alegria e muita arte - Not\u00edcias - Franciscanos","robots":{"index":"index","follow":"follow","max-snippet":"max-snippet:-1","max-image-preview":"max-image-preview:large","max-video-preview":"max-video-preview:-1"},"canonical":"https:\/\/franciscanos.org.br\/noticias\/encontro-e-encerrado-com-alegria-e-muita-arte.html","og_locale":"pt_BR","og_type":"article","og_title":"Encontro \u00e9 encerrado com alegria e muita arte - Not\u00edcias - Franciscanos","og_description":"\u201cVia Pulchritudinis\u201d","og_url":"https:\/\/franciscanos.org.br\/noticias\/encontro-e-encerrado-com-alegria-e-muita-arte.html","og_site_name":"Not\u00edcias - Franciscanos","article_published_time":"2012-05-17T10:24:32+00:00","article_modified_time":"2020-06-16T19:11:59+00:00","og_image":[{"width":273,"height":181,"url":"https:\/\/franciscanos.org.br\/noticias\/wp-content\/uploads\/2012\/05\/2298_170512-1.jpg","type":"image\/jpeg"}],"author":"admin","twitter_card":"summary_large_image","twitter_misc":{"Escrito por":"admin","Est. tempo de leitura":"4 minutos"},"schema":{"@context":"https:\/\/schema.org","@graph":[{"@type":"WebSite","@id":"https:\/\/franciscanos.org.br\/noticias\/#website","url":"https:\/\/franciscanos.org.br\/noticias\/","name":"Not\u00edcias - Franciscanos","description":"Prov\u00edncia Franciscana da Imaculada Concei\u00e7\u00e3o do Brasil - Ordem dos Frades Menores - OFM","potentialAction":[{"@type":"SearchAction","target":{"@type":"EntryPoint","urlTemplate":"https:\/\/franciscanos.org.br\/noticias\/?s={search_term_string}"},"query-input":"required name=search_term_string"}],"inLanguage":"pt-BR"},{"@type":"ImageObject","inLanguage":"pt-BR","@id":"https:\/\/franciscanos.org.br\/noticias\/encontro-e-encerrado-com-alegria-e-muita-arte.html#primaryimage","url":"https:\/\/franciscanos.org.br\/noticias\/wp-content\/uploads\/2012\/05\/2298_170512-1.jpg","contentUrl":"https:\/\/franciscanos.org.br\/noticias\/wp-content\/uploads\/2012\/05\/2298_170512-1.jpg","width":273,"height":181},{"@type":"WebPage","@id":"https:\/\/franciscanos.org.br\/noticias\/encontro-e-encerrado-com-alegria-e-muita-arte.html#webpage","url":"https:\/\/franciscanos.org.br\/noticias\/encontro-e-encerrado-com-alegria-e-muita-arte.html","name":"Encontro \u00e9 encerrado com alegria e muita arte - Not\u00edcias - Franciscanos","isPartOf":{"@id":"https:\/\/franciscanos.org.br\/noticias\/#website"},"primaryImageOfPage":{"@id":"https:\/\/franciscanos.org.br\/noticias\/encontro-e-encerrado-com-alegria-e-muita-arte.html#primaryimage"},"datePublished":"2012-05-17T10:24:32+00:00","dateModified":"2020-06-16T19:11:59+00:00","author":{"@id":"https:\/\/franciscanos.org.br\/noticias\/#\/schema\/person\/b38fbf43118f02820bd932f2e4b14ad3"},"breadcrumb":{"@id":"https:\/\/franciscanos.org.br\/noticias\/encontro-e-encerrado-com-alegria-e-muita-arte.html#breadcrumb"},"inLanguage":"pt-BR","potentialAction":[{"@type":"ReadAction","target":["https:\/\/franciscanos.org.br\/noticias\/encontro-e-encerrado-com-alegria-e-muita-arte.html"]}]},{"@type":"BreadcrumbList","@id":"https:\/\/franciscanos.org.br\/noticias\/encontro-e-encerrado-com-alegria-e-muita-arte.html#breadcrumb","itemListElement":[{"@type":"ListItem","position":1,"name":"Home","item":"https:\/\/franciscanos.org.br\/noticias"},{"@type":"ListItem","position":2,"name":"Encontro \u00e9 encerrado com alegria e muita arte"}]},{"@type":"Person","@id":"https:\/\/franciscanos.org.br\/noticias\/#\/schema\/person\/b38fbf43118f02820bd932f2e4b14ad3","name":"admin","image":{"@type":"ImageObject","inLanguage":"pt-BR","@id":"https:\/\/franciscanos.org.br\/noticias\/#\/schema\/person\/image\/","url":"https:\/\/secure.gravatar.com\/avatar\/e8495742d34d0ba6448ea1c628263b3e?s=96&d=mm&r=g","contentUrl":"https:\/\/secure.gravatar.com\/avatar\/e8495742d34d0ba6448ea1c628263b3e?s=96&d=mm&r=g","caption":"admin"},"url":"https:\/\/franciscanos.org.br\/noticias\/author\/admin"}]}},"_links":{"self":[{"href":"https:\/\/franciscanos.org.br\/noticias\/wp-json\/wp\/v2\/posts\/17845"}],"collection":[{"href":"https:\/\/franciscanos.org.br\/noticias\/wp-json\/wp\/v2\/posts"}],"about":[{"href":"https:\/\/franciscanos.org.br\/noticias\/wp-json\/wp\/v2\/types\/post"}],"author":[{"embeddable":true,"href":"https:\/\/franciscanos.org.br\/noticias\/wp-json\/wp\/v2\/users\/1"}],"replies":[{"embeddable":true,"href":"https:\/\/franciscanos.org.br\/noticias\/wp-json\/wp\/v2\/comments?post=17845"}],"version-history":[{"count":1,"href":"https:\/\/franciscanos.org.br\/noticias\/wp-json\/wp\/v2\/posts\/17845\/revisions"}],"predecessor-version":[{"id":226566,"href":"https:\/\/franciscanos.org.br\/noticias\/wp-json\/wp\/v2\/posts\/17845\/revisions\/226566"}],"wp:featuredmedia":[{"embeddable":true,"href":"https:\/\/franciscanos.org.br\/noticias\/wp-json\/wp\/v2\/media\/209073"}],"wp:attachment":[{"href":"https:\/\/franciscanos.org.br\/noticias\/wp-json\/wp\/v2\/media?parent=17845"}],"wp:term":[{"taxonomy":"category","embeddable":true,"href":"https:\/\/franciscanos.org.br\/noticias\/wp-json\/wp\/v2\/categories?post=17845"},{"taxonomy":"post_tag","embeddable":true,"href":"https:\/\/franciscanos.org.br\/noticias\/wp-json\/wp\/v2\/tags?post=17845"}],"curies":[{"name":"wp","href":"https:\/\/api.w.org\/{rel}","templated":true}]}}