{"id":177651,"date":"2018-10-30T10:10:54","date_gmt":"2018-10-30T13:10:54","guid":{"rendered":"http:\/\/franciscanos.org.br\/?p=175762"},"modified":"2022-11-29T15:34:23","modified_gmt":"2022-11-29T18:34:23","slug":"frei-cassio","status":"publish","type":"post","link":"https:\/\/franciscanos.org.br\/noticias\/frei-cassio.html","title":{"rendered":"Frei C\u00e1ssio: &#8220;A melhor escolha que algu\u00e9m pode fazer na vida \u00e9 ser Franciscano&#8221;"},"content":{"rendered":"<p><img loading=\"lazy\" class=\"alignleft size-full wp-image-191117\" src=\"https:\/\/franciscanos.org.br\/noticias\/wp-content\/uploads\/2018\/10\/frei_cassio_081018-1-1.jpg\" alt=\"\" width=\"840\" height=\"500\" srcset=\"https:\/\/franciscanos.org.br\/noticias\/wp-content\/uploads\/2018\/10\/frei_cassio_081018-1-1.jpg 840w, https:\/\/franciscanos.org.br\/noticias\/wp-content\/uploads\/2018\/10\/frei_cassio_081018-1-1-450x268.jpg 450w, https:\/\/franciscanos.org.br\/noticias\/wp-content\/uploads\/2018\/10\/frei_cassio_081018-1-1-768x457.jpg 768w, https:\/\/franciscanos.org.br\/noticias\/wp-content\/uploads\/2018\/10\/frei_cassio_081018-1-1-150x89.jpg 150w\" sizes=\"(max-width: 840px) 100vw, 840px\" \/><\/p>\n<p><strong>Frei Augusto Luiz Gabriel<\/strong><\/p>\n<p><em>Frei C\u00e1ssio Vieira de Lima nasceu em 22 de agosto de 1921, em Japur\u00e1, estado de S\u00e3o Paulo. Proveniente de uma fam\u00edlia simples e muito pobre \u00e9 o mais velho de cinco irm\u00e3os. Seu pai se chamava Ol\u00edmpio de Paula Vieira e sua m\u00e3e, Rita de Paula Vieira, que faleceu quando tinha apenas 9 anos. Ingressou na Ordem dos Frades Menores no dia 20 de dezembro de 1941. Fez a profiss\u00e3o solene no dia 21 de dezembro de 1945 e foi ordenado sacerdote no dia 16 de julho de 1949.<br \/>\n<\/em><br \/>\n<em>Atualmente reside na Fraternidade Bom Jesus dos Perd\u00f5es de Curitiba (PR) e \u00e9 atendente conventual. Frei C\u00e1ssio conta que desde cedo quis ser padre. Para ele, a melhor escolha que algu\u00e9m pode fazer na vida \u00e9 ser franciscano.<\/em><\/p>\n<p><em>Tamb\u00e9m sempre gostou de estudar. Aprendeu onze l\u00ednguas estrangeiras e, segundo ele, se passa um dia em que n\u00e3o pode estudar, sente que falta algo: \u201c\u00c9 como se eu n\u00e3o tivesse almo\u00e7ado\u201d. Durante os trabalhos di\u00e1rios, leva livros em alem\u00e3o para o confession\u00e1rio e l\u00ea enquanto n\u00e3o aparecem fi\u00e9is para se confessar.<\/em><\/p>\n<p><em>Para ele, ser franciscano \u00e9 um grau de santidade e uma esp\u00e9cie de garantia para conquistar a vida eterna. E sobre o segredo para a longevidade, afirma com convic\u00e7\u00e3o: \u201cFui vivendo, vivendo e, quando percebi, estava com 90 anos. Agora cheguei aos 97 e espero passar dos 100!\u201d<\/em><\/p>\n<p><em>Acompanhe a entrevista!<\/em><\/p>\n<p><strong>Site Franciscanos\u00a0\u2013 Como se deu seu discernimento vocacional?<\/strong><br \/>\n<strong>Frei C\u00e1ssio<\/strong> \u2013 Quando tinha mais ou menos sete anos, lembro-me que minha m\u00e3e me dizia: \u201cGostaria que voc\u00ea fosse padre!\u201d. Ela sempre me falava sobre a Igreja e religi\u00e3o. Na nossa cidadezinha n\u00e3o havia padre e sequer uma \u00fanica missa. Lembro-me de que, numa ocasi\u00e3o, especialmente quando fui crismado, apareceu algu\u00e9m que n\u00e3o sabia se era bispo ou padre, e celebrou minha crisma&#8230; Essa ideia da minha m\u00e3e entrou na minha cabe\u00e7a, e ficou. Mas n\u00e3o tinha no\u00e7\u00e3o do que era ser padre religioso ou diocesano. Mais tarde, minha m\u00e3e veio a falecer (3 de abril de 1930) e, em 1935, entrei no semin\u00e1rio. Comecei, ent\u00e3o, a entender a diferen\u00e7a de padre secular e religioso. Foi um franciscano que apareceu na minha par\u00f3quia e me \u2018conquistou\u2019. Nesse dia, estava acompanhado com a minha av\u00f3, uma senhora muito cat\u00f3lica e dedicada, que falou com ele. Era o Ministro Provincial daquele tempo. Ent\u00e3o, fui para Rio Negro (PR) e comecei a minha vida de seminarista.<\/p>\n<p><strong>Site Franciscanos\u00a0\u2013 O que influenciou na sua decis\u00e3o?<\/strong><br \/>\n<strong>Frei C\u00e1ssio<\/strong> \u2013 Como j\u00e1 disse, a grande incentivadora foi minha m\u00e3e. Tudo o que ela dizia era sagrado. Nos momentos de ora\u00e7\u00f5es e do ter\u00e7o, comecei a entender um pouco a religi\u00e3o, Deus&#8230; Mas era um entendimento muito pequenino. O que eu queria mesmo, talvez, fosse primeiramente satisfazer a vontade da minha m\u00e3e. Mais tarde \u00e9 que fui entender que ela tinha o desejo mais sagrado para minha vida, e deu certo!<\/p>\n<p><strong>Site Franciscanos\u00a0\u2013 E por que escolheu ser religioso franciscano?<\/strong><br \/>\n<strong>Frei C\u00e1ssio<\/strong> \u2013 Eu n\u00e3o escolhi, os outros escolheram por mim. Essa minha av\u00f3, com quem eu convivia, era muito religiosa. N\u00f3s rez\u00e1vamos o ter\u00e7o todas as noites em casa. Ela me mandava, sozinho, para a Igreja rezar. Eu n\u00e3o sabia admirar isso naquele tempo, e nem explicar, mas de alguma forma j\u00e1 estava embevecido pela capacidade da vida religiosa que ela tinha. Ela queria que eu fosse padre, indiferentemente se fosse religioso ou secular.<\/p>\n<p><strong><img loading=\"lazy\" class=\"alignleft wp-image-178987 size-large\" src=\"https:\/\/franciscanos.org.br\/noticias\/wp-content\/uploads\/2018\/10\/frei_cassio_081018_1-956x1024.jpg\" alt=\"\" width=\"956\" height=\"1024\" \/>Site Franciscanos\u00a0\u2013 Qual a f\u00f3rmula para ser um bom frade menor?<\/strong><br \/>\n<strong>Frei C\u00e1ssio<\/strong> \u2013 Olha, antes de mais nada, existia uma convic\u00e7\u00e3o: eu queria ser padre porque isso era o melhor que podia acontecer. E depois que estava no semin\u00e1rio h\u00e1 alguns anos, e vendo ali o exemplo dos padres, do que eles diziam e viviam, isso me deixava completamente entusiasmado. Outra coisa \u00e9 que sempre gostei muito de estudar. Fiz cinco ou seis cursos universit\u00e1rios, e n\u00e3o me arrependo. Se pudesse iria estudar mais alguns. At\u00e9 comecei outros cursos, como por exemplo, de Direito, mas n\u00e3o consegui concluir por conta dos trabalhos de que a Prov\u00edncia me incumbiu. Ent\u00e3o, aprendi o que \u00e9 ser franciscano vendo os padres franciscanos do Semin\u00e1rio de Rio Negro. Naturalmente, depois os padres franciscanos do noviciado de Curitiba e da Teologia. Em Petr\u00f3polis, tive grandes decep\u00e7\u00f5es, por conta de um padre que me tratou muito mal. Infelizmente \u00e9 uma lembran\u00e7a profunda e negativa que n\u00e3o \u00e9 poss\u00edvel esquecer. Mas, acabamos superando. O que eu vi, especialmente nos primeiros anos do Semin\u00e1rio de Rio Negro, como o esfor\u00e7o dos frades, a seriedade deles e a capacidade que eles tinham de colocar dentro de n\u00f3s a vontade de ser bom, de ser padre\/frade, de ser amigo de Deus, influenciou toda a minha vida.<\/p>\n<p><strong>Site Franciscanos\u00a0\u2013 Quantas l\u00ednguas o sr. fala?<\/strong><br \/>\n<strong>Frei C\u00e1ssio<\/strong> \u2013 Al\u00e9m das l\u00ednguas como o latim, grego, franc\u00eas e portugu\u00eas, que estudei em Rio Negro, tamb\u00e9m aprendi mais alguns idiomas por minha conta. Especialmente quando tive que ser diretor do gin\u00e1sio em Curitiba, S\u00e3o Jos\u00e9 dos Pinhais e em Clevel\u00e2ndia. Quando deixo de estudar por um dia, sinto que falta algo dentro de mim. \u00c9 como se eu n\u00e3o tivesse almo\u00e7ado. Gosto e acredito que todo padre deveria estudar, claro que em graus diferentes, mas o estudo faz parte da nossa voca\u00e7\u00e3o. Nele aprendemos a raciocinar, e quem n\u00e3o raciocina n\u00e3o est\u00e1 fazendo a vontade de Deus. Se Ele deu racioc\u00ednio para n\u00f3s, e note que deu somente para n\u00f3s, pois \u00e1rvores e animais n\u00e3o pensam. Eles n\u00e3o t\u00eam c\u00e9rebro. O meu tem funcionado muito bem, com a gra\u00e7a de Deus. Estudei 11 l\u00ednguas. Conhecer uma l\u00edngua estrangeira ajuda a desenvolver muito o racioc\u00ednio. N\u00e3o \u00e9 s\u00f3 aprender vocabul\u00e1rio, \u00e9 satisfazer a Deus cumprindo essa inclina\u00e7\u00e3o que ele nos deu!<\/p>\n<p><strong>Site Franciscanos\u00a0\u2013 Qual o segredo para a longevidade?<\/strong><br \/>\n<strong>Frei C\u00e1ssio<\/strong> \u2013 N\u00e3o sei se existe segredo. Acredito que deveria existir antes prud\u00eancia. Por exemplo, n\u00e3o sei comer rapidamente. \u00c9 um problema meu aqui na Par\u00f3quia Bom Jesus dos Perd\u00f5es. N\u00e3o consigo almo\u00e7ar em menos de 45 minutos.<br \/>\nAcredito que devemos saber escolher os alimentos naturais, e comer de tudo. Procuro fazer 4 ou 5 refei\u00e7\u00f5es por dia. Nunca pensei em comer bem para viver bastante. Nunca pensei nisso. Eu tamb\u00e9m n\u00e3o pensava que iria ficar t\u00e3o velho. No meu tempo, os padres morriam mais cedo. Eu via isso e tamb\u00e9m achava que aconteceria assim comigo. Mas Deus fez o caminho de outro jeito comigo. Fui vivendo, vivendo e, quando percebi, estava com 90 anos. Agora, com 97, espero passar dos 100!<\/p>\n<p><strong>Site Franciscanos\u00a0\u00a0\u2013 O que o sr. faria de novo e o que n\u00e3o faria?<\/strong><br \/>\n<strong>Frei C\u00e1ssio<\/strong> \u2013 Bom, acredito que algumas designa\u00e7\u00f5es minhas como padre n\u00e3o foram acertadas. O Provincial n\u00e3o acertou, mas ele n\u00e3o tem culpa. Ele n\u00e3o \u00e9 Deus para saber de tudo. Penso que o melhor tempo de padre que tive \u00e9 o que estou vivendo agora. Fiquei 30 anos como p\u00e1roco na Par\u00f3quia Santa Madalena Sofia de Curitiba (PR), e ali tive bastante sorte e bastante ajuda de Deus, podendo realizar muita coisa, de forma que consegui converter bastante gente e criar muitas amizades. Constru\u00ed uma Igreja grande e bonita, num lugar muito pobre, com a ajuda de pessoas de outros lugares onde eu j\u00e1 havia trabalhado antigamente. Infelizmente, o atual bispo se tornou meu inimigo sem eu saber o porqu\u00ea, pois da forma como ele me tocou de l\u00e1, de forma repentina, n\u00e3o foi bom. Mas assim \u00e9 a vida. Continuo trabalhando e ajudando nas missas e confiss\u00f5es paroquiais.<\/p>\n<p><strong><img loading=\"lazy\" class=\"alignright size-medium wp-image-178981\" src=\"http:\/\/franciscanos.org.br\/2018\/wp-content\/uploads\/2018\/10\/madalena_sofia_301018-450x338.jpg\" alt=\"\" width=\"450\" height=\"338\" srcset=\"https:\/\/franciscanos.org.br\/noticias\/wp-content\/uploads\/2018\/10\/madalena_sofia_301018-450x338.jpg 450w, https:\/\/franciscanos.org.br\/noticias\/wp-content\/uploads\/2018\/10\/madalena_sofia_301018-768x576.jpg 768w, https:\/\/franciscanos.org.br\/noticias\/wp-content\/uploads\/2018\/10\/madalena_sofia_301018-150x113.jpg 150w, https:\/\/franciscanos.org.br\/noticias\/wp-content\/uploads\/2018\/10\/madalena_sofia_301018.jpg 800w\" sizes=\"(max-width: 450px) 100vw, 450px\" \/>Site Franciscanos\u00a0\u2013 Falando sobre a Igreja Santa Madalena Sofia, como foi esse trabalho? Teve alguma experi\u00eancia marcante?<\/strong><br \/>\n<strong>Frei C\u00e1ssio<\/strong> \u2013 A igreja que existia l\u00e1 na \u00e9poca estava em p\u00e9ssimas condi\u00e7\u00f5es e precisava ser constru\u00edda uma nova. Ent\u00e3o, disse ao povo: \u2018N\u00f3s n\u00e3o podemos continuar com essa igreja aqui, feia e abandonada. De repente, este teto pode at\u00e9 cair em cima de voc\u00eas na hora da missa. Vamos fazer aqui uma nova igreja para durar muitos anos, assim como Deus merece\u2019. Alguns criaram resist\u00eancias alegando que os fi\u00e9is eram muito pobres. Outros padres j\u00e1 haviam tentado, mas n\u00e3o tinha dado certo. Sei que de tanto insistir, depois de umas quatro ou cinco reuni\u00f5es, eles acabaram concordando. E come\u00e7amos. Fomos falar com o bispo e ele concordou. Por\u00e9m, depois, quando apresentamos o projeto da Igreja, ele p\u00f4s a m\u00e3o na cabe\u00e7a e pediu para que fiz\u00e9ssemos um projeto menor. Ent\u00e3o, disse: \u2018Senhor bispo, eu n\u00e3o gosto de fazer coisas pequenas, sempre fiz coisas grandes como a igreja merece\u2019. Eu vou tentar e fazer o poss\u00edvel para conseguir ajuda para construir.<br \/>\nE o bispo enfaticamente disse: \u2018Frei, o senhor vai levar 50 anos para fazer essa igreja, mas se quer tentar pode come\u00e7ar. Depois n\u00e3o diga que eu n\u00e3o avisei\u2019. E o bispo citou o exemplo de outra igreja que na \u00e9poca estava em constru\u00e7\u00e3o fazia 49 anos. E prometi a ele que em 10 anos entregaria a Igreja pronta para comunidade e o bispo, batendo na mesa, disse que duvidava, mas pelo menos me deu aval. Come\u00e7amos com toda a for\u00e7a a constru\u00e7\u00e3o, e terminamos a Igreja em 7 anos.<br \/>\nQuando fui novamente at\u00e9 o bispo convid\u00e1-lo para a inaugura\u00e7\u00e3o, ele brincou comigo perguntando se ela estava totalmente pronta. E ele foi at\u00e9 l\u00e1 ver e compareceu para a inaugura\u00e7\u00e3o da Igreja. Fizemos o que pudemos. Houve gente que ajudou muito. Um homem, por exemplo, em um almo\u00e7o oferecido na casa de um deputado, nos doou cinco mil sacos de cimento. Algumas coisas realmente foram quase que miraculosas. Teve outro senhor que doou cinco caminh\u00f5es de areia que deu para a constru\u00e7\u00e3o da igreja toda. E assim \u00edamos construindo. Muita gente ajudou! Outro exemplo \u00e9 de um senhor que tinha uma floresta enorme e nos doou a madeira de todos os 120 bancos existentes na Igreja. E assim as coisas aconteceram, deixando o bispo entusiasmado e admirado. Deus quis que a Igreja sa\u00edsse e assim aconteceu. Posso afirmar que nestes 30 anos que fiquei por l\u00e1 tive muita sorte e por isso agrade\u00e7o muito a Deus.<\/p>\n<p><strong>Site Franciscanos\u00a0\u2013 O que o sr. diria para um jovem que quer entrar na Ordem hoje?<\/strong><br \/>\n<strong>Frei C\u00e1ssio<\/strong> \u2013 A Ordem Franciscana no mundo \u00e9 a melhor coisa que Deus mandou aqui para terra. Todos aqueles que aceitam o franciscanismo est\u00e3o aceitando uma coisa boa e santa. A melhor escolha que algu\u00e9m pode fazer na vida \u00e9 ser franciscano, tanto os homens que se tornam irm\u00e3os leigos e padres, como as mulheres que se tornam freiras, especialmente as Clarissas. Ser franciscano \u00e9 um grande grau de santidade e uma esp\u00e9cie de garantia para conquistar a vida eterna.<\/p>\n<p><strong>Site Franciscanos\u00a0\u2013 Como deve ser a vida de ora\u00e7\u00e3o de um frade?<\/strong><br \/>\n<strong>Frei C\u00e1ssio<\/strong> \u2013 Olha, devemos rezar nem de menos e nem de mais. Precisamos rezar sem d\u00favida. Todas as pessoas precisam rezar. Como religiosos precisamos rezar por n\u00f3s mesmos, pelos outros confrades, por toda a humanidade, e assim agradamos a Deus. Lembrar sempre que rezar \u00e9 conversar com Deus. Existe coisa mais santa, nobre e elevada do que conversar com Deus? A ora\u00e7\u00e3o devia ser muito mais espalhada, devia ser uma forma de convic\u00e7\u00e3o. N\u00e3o precisa ser a ora\u00e7\u00e3o do livro, de dois, tr\u00eas ou quatro metros de comprimento, pode ser a ora\u00e7\u00e3ozinha de um cent\u00edmetro mesmo, desde que a gente se concentre s\u00f3 em Deus. Quem n\u00e3o reza, diz o antigo prov\u00e9rbio, n\u00e3o se salva. Quem reza pode se tornar santo.<br \/>\nTodos sem exce\u00e7\u00e3o, cada um do seu jeito e no seu grau tem que rezar. Acho que a coisa mais s\u00e9ria de nossa vida, muito mais do que comer \u00e9 rezar, pois comer n\u00e3o leva a gente pro c\u00e9u, e rezar leva!<\/p>\n<p><strong>Site Franciscanos\u00a0\u2013 S\u00e3o Francisco tem lugar no mundo de hoje?<\/strong><br \/>\n<strong>Frei C\u00e1ssio<\/strong> \u2013 Olha, penso que \u00e9 aquele que tem mais lugar do que todos os outros. Mesmo que as outras congrega\u00e7\u00f5es tenham l\u00e1 as suas convic\u00e7\u00f5es, a minha \u00e9 est\u00e1: S\u00e3o Francisco foi realmente o maior santo que o mundo produziu e a gente precisa dele.<\/p>\n<p><strong>Site Franciscanos\u00a0\u2013 Como o sr. v\u00ea a Ordem dos Frades Menores hoje?<\/strong><br \/>\n<strong>Frei C\u00e1ssio<\/strong> \u2013 Olha, essa pergunta \u00e9 um pouco dif\u00edcil. Ent\u00e3o, eu n\u00e3o tenho tido tempo para me aprofundar, mas eu penso que a Ordem de S\u00e3o Francisco n\u00e3o vai acabar, a n\u00e3o ser com o fim do mundo. \u00c9 um ideal t\u00e3o grande, profundo e necess\u00e1rio que vai durar para sempre.<\/p>\n<p><strong>Site Franciscanos\u00a0\u2013 O que o sr. acha do Papa Francisco?<\/strong><br \/>\n<strong>Frei C\u00e1ssio<\/strong> \u2013 Deus mandou algu\u00e9m muito especial para uma \u00e9poca especial. \u00c9 verdade que eu n\u00e3o conhe\u00e7o tudo o que ele diz, escreve e faz, n\u00e3o \u00e9 poss\u00edvel porque a gente tem obriga\u00e7\u00f5es que ocupam nosso tempo, mas acredito que foi uma b\u00ean\u00e7\u00e3o de Deus para a Igreja. E a gente agradece a Deus por isso!<\/p>\n<p><strong>Site Franciscanos\u00a0\u2013 Quantos papas o sr. conheceu na sua vida? Do qual o sr. gostou mais?<\/strong><br \/>\n<strong>Frei C\u00e1ssio<\/strong> \u2013 Olha, sempre li tudo o que encontrei sobre os papas. Especialmente quando estudava hist\u00f3ria da Igreja. Tivemos tr\u00eas anos de estudos e conhecemos muitos e muitos papas, mas n\u00e3o sei dizer mais quantos \u00e9 que s\u00e3o. O Papa atual \u00e9 que mais gostei e gosto.<\/p>\n<p><strong>Site Franciscanos\u00a0\u2013 O que achou do Conc\u00edlio Vaticano II?<\/strong><br \/>\n<strong>Frei C\u00e1ssio<\/strong> \u2013 Simplesmente aceitei as mudan\u00e7as que a Igreja pediu. N\u00e3o tive problemas com isso. Muitas coisas precisavam mudar mesmo. Foi uma coisa muito boa.<\/p>\n<p><img loading=\"lazy\" class=\"size-full wp-image-178995 alignleft\" src=\"http:\/\/franciscanos.org.br\/2018\/wp-content\/uploads\/2018\/10\/frei_cassio_081018_2-1.jpg\" alt=\"\" width=\"840\" height=\"500\" srcset=\"https:\/\/franciscanos.org.br\/noticias\/wp-content\/uploads\/2018\/10\/frei_cassio_081018_2-1.jpg 840w, https:\/\/franciscanos.org.br\/noticias\/wp-content\/uploads\/2018\/10\/frei_cassio_081018_2-1-450x268.jpg 450w, https:\/\/franciscanos.org.br\/noticias\/wp-content\/uploads\/2018\/10\/frei_cassio_081018_2-1-768x457.jpg 768w, https:\/\/franciscanos.org.br\/noticias\/wp-content\/uploads\/2018\/10\/frei_cassio_081018_2-1-150x89.jpg 150w\" sizes=\"(max-width: 840px) 100vw, 840px\" \/><\/p>\n<p><strong>Site Franciscanos\u00a0\u2013 O sr. j\u00e1 foi prefeito de Planalto nos anos 70. Como se deu este processo?<\/strong><br \/>\n<strong>Frei C\u00e1ssio<\/strong> \u2013 Sim, fui pra l\u00e1 em 1976 e fiquei at\u00e9 em 1981. Olha, era o tempo do Governo Militar, e esse governo tinha estabelecido que todos os munic\u00edpios do Brasil, com limites com outro pa\u00eds, deveriam ser governados por prefeitos nomeados, ou seja, escolhidos a dedo. Eram 92 munic\u00edpios nesta situa\u00e7\u00e3o. Come\u00e7ava l\u00e1 no Amazonas e ia at\u00e9 o Rio Grande do Sul. Ent\u00e3o, n\u00e3o sei como foi o princ\u00edpio, mas acredito que algu\u00e9m indicou que eu poderia ir pra l\u00e1 e citou o fato de eu ser professor do Col\u00e9gio Militar de Curitiba, onde lecionei por 19 anos. Ent\u00e3o, por ser professor neste col\u00e9gio, era conhecido por alguns militares. O Governador mandou fazer um relat\u00f3rio sobre mim, porque os militares escolhiam, mas a nomea\u00e7\u00e3o era feita sempre pelo Governador em exerc\u00edcio. Quando me fizeram o an\u00fancio, levei um susto e disse: \u201cEu n\u00e3o posso, sou padre\u201d. Perguntaram, ent\u00e3o, quem deveria resolver isso na minha Prov\u00edncia. Expliquei que era o Ministro Provincial, Frei Ant\u00f4nio Nader. E, de antem\u00e3o, j\u00e1 disse que ele n\u00e3o iria autorizar. Por\u00e9m, n\u00e3o sei os pormenores das tratativas desta hist\u00f3ria com o Ministro. Fiquei sabendo pelo Governador, logo depois, que seria o novo prefeito de Planalto.<br \/>\nAinda desconfiado liguei para o Provincial e perguntei se de fato n\u00e3o haveria nenhum problema em aceitar e ele me disse: \u201cEstou sabendo e concordo que voc\u00ea seja o novo prefeito. A sua escolha \u00e9 uma coisa muito boa\u201d. E sabe mais o que ele me disse no telefonema: \u201cA Prov\u00edncia agradece muita esta escolha do Frei C\u00e1ssio, porque nunca nestes 500 anos de Brasil o Governo reconheceu o trabalho dos franciscanos aqui. Os franciscanos foram os primeiros padres e n\u00f3s agradecemos o reconhecimento\u201d. Eu fiquei espantado. Foram 5 anos de mandato.<\/p>\n<p><strong>Site Franciscanos\u00a0\u00a0\u2013 Por que aceitou um cargo nomeado pela Ditadura Militar? Isso n\u00e3o vai contra os princ\u00edpios da Igreja e da Ordem?<\/strong><br \/>\n<strong>Frei C\u00e1ssio<\/strong> \u2013 Sim, tamb\u00e9m estranhei. Por isso disse ao Governador que meu superior n\u00e3o concordaria. Mas, fui pra l\u00e1 e fiz o melhor que pude. Posso dizer que o trabalho deu certo. O Ex\u00e9rcito Brasileiro estava interessado nas fronteiras, deram at\u00e9 a ordem de comunicar imediatamente o Ex\u00e9rcito caso desconfiasse de algo. E uma vez aconteceu que da noite para o dia apareceram algumas m\u00e1quinas na divisa do munic\u00edpio e eu logo e avisei a eles. Os militares averiguaram e constataram que, no limite do munic\u00edpio, a Argentina iria fundar uma empresa e que estava tudo certo. Fiquei por cinco anos como Prefeito e se n\u00e3o renunciasse teria ficado l\u00e1 at\u00e9 o fim do Governo Militar.<\/p>\n<p><strong>Site Franciscanos\u00a0\u2013 Como o sr. acha que o mundo est\u00e1 hoje? O sr. acompanha a situa\u00e7\u00e3o pol\u00edtico-econ\u00f4mica do Brasil?<\/strong><br \/>\n<strong>Frei C\u00e1ssio<\/strong> \u2013 Vejo, leio e escuto que a situa\u00e7\u00e3o est\u00e1 muito ruim. S\u00e3o muitos pobres e ricos, muitas s\u00e3o as injusti\u00e7as. Deus n\u00e3o pode querer uma coisa desta que est\u00e1 acontecendo hoje. Muita injusti\u00e7a, explora\u00e7\u00e3o e roubalheira. Isso n\u00e3o pode continuar assim. Acredito que \u00e9 necess\u00e1rio uma igualdade maior entre pobres e ricos, entre governantes e governados. Aqui no Brasil isso \u00e9 consequ\u00eancia de um grupinho que fica com tudo enquanto um grup\u00e3o fica quase sem nada, morrendo de fome, e isso \u00e9 em grande quantidade.<\/p>\n<p><strong>Site Franciscanos\u00a0\u2013 Para terminar, deixe uma mensagem.<\/strong><br \/>\n<strong>Frei C\u00e1ssio<\/strong> \u2013 Desejo que as voca\u00e7\u00f5es franciscanas aumentem visivelmente, pois n\u00f3s n\u00e3o damos conta do atendimento. As exig\u00eancias de hoje s\u00e3o maiores, por isso precisamos de mais clero. Espero que Deus tenha pena do Brasil e que o n\u00famero de padres aumente tanto em quantidade como em qualidade. Tamb\u00e9m pe\u00e7o que o Cap\u00edtulo Provincial seja proveitoso e que o novo Provincial seja bem escolhido.<\/p>\n","protected":false},"excerpt":{"rendered":"<p>Entrevista<\/p>\n","protected":false},"author":5,"featured_media":191119,"comment_status":"open","ping_status":"open","sticky":false,"template":"","format":"standard","meta":[],"categories":[758],"tags":[17,1888],"acf":[],"yoast_head":"<!-- This site is optimized with the Yoast SEO plugin v19.2 - https:\/\/yoast.com\/wordpress\/plugins\/seo\/ -->\n<title>Frei C\u00e1ssio: &quot;A melhor escolha que algu\u00e9m pode fazer na vida \u00e9 ser Franciscano&quot; - Not\u00edcias - Franciscanos<\/title>\n<meta name=\"robots\" content=\"index, follow, max-snippet:-1, max-image-preview:large, max-video-preview:-1\" \/>\n<link rel=\"canonical\" href=\"https:\/\/franciscanos.org.br\/noticias\/frei-cassio.html\" \/>\n<meta property=\"og:locale\" content=\"pt_BR\" \/>\n<meta property=\"og:type\" content=\"article\" \/>\n<meta property=\"og:title\" content=\"Frei C\u00e1ssio: &quot;A melhor escolha que algu\u00e9m pode fazer na vida \u00e9 ser Franciscano&quot; - Not\u00edcias - Franciscanos\" \/>\n<meta property=\"og:description\" content=\"Entrevista\" \/>\n<meta property=\"og:url\" content=\"https:\/\/franciscanos.org.br\/noticias\/frei-cassio.html\" \/>\n<meta property=\"og:site_name\" content=\"Not\u00edcias - Franciscanos\" \/>\n<meta property=\"article:published_time\" content=\"2018-10-30T13:10:54+00:00\" \/>\n<meta property=\"article:modified_time\" content=\"2022-11-29T18:34:23+00:00\" \/>\n<meta property=\"og:image\" content=\"https:\/\/franciscanos.org.br\/noticias\/wp-content\/uploads\/2018\/10\/frei_cassio_081018-2.jpg\" \/>\n\t<meta property=\"og:image:width\" content=\"273\" \/>\n\t<meta property=\"og:image:height\" content=\"181\" \/>\n\t<meta property=\"og:image:type\" content=\"image\/jpeg\" \/>\n<meta name=\"author\" content=\"freiaugusto\" \/>\n<meta name=\"twitter:card\" content=\"summary_large_image\" \/>\n<meta name=\"twitter:label1\" content=\"Escrito por\" \/>\n\t<meta name=\"twitter:data1\" content=\"freiaugusto\" \/>\n\t<meta name=\"twitter:label2\" content=\"Est. tempo de leitura\" \/>\n\t<meta name=\"twitter:data2\" content=\"15 minutos\" \/>\n<script type=\"application\/ld+json\" class=\"yoast-schema-graph\">{\"@context\":\"https:\/\/schema.org\",\"@graph\":[{\"@type\":\"WebSite\",\"@id\":\"https:\/\/franciscanos.org.br\/noticias\/#website\",\"url\":\"https:\/\/franciscanos.org.br\/noticias\/\",\"name\":\"Not\u00edcias - Franciscanos\",\"description\":\"Prov\u00edncia Franciscana da Imaculada Concei\u00e7\u00e3o do Brasil - Ordem dos Frades Menores - OFM\",\"potentialAction\":[{\"@type\":\"SearchAction\",\"target\":{\"@type\":\"EntryPoint\",\"urlTemplate\":\"https:\/\/franciscanos.org.br\/noticias\/?s={search_term_string}\"},\"query-input\":\"required name=search_term_string\"}],\"inLanguage\":\"pt-BR\"},{\"@type\":\"ImageObject\",\"inLanguage\":\"pt-BR\",\"@id\":\"https:\/\/franciscanos.org.br\/noticias\/frei-cassio.html#primaryimage\",\"url\":\"https:\/\/franciscanos.org.br\/noticias\/wp-content\/uploads\/2018\/10\/frei_cassio_081018-2.jpg\",\"contentUrl\":\"https:\/\/franciscanos.org.br\/noticias\/wp-content\/uploads\/2018\/10\/frei_cassio_081018-2.jpg\",\"width\":273,\"height\":181},{\"@type\":\"WebPage\",\"@id\":\"https:\/\/franciscanos.org.br\/noticias\/frei-cassio.html#webpage\",\"url\":\"https:\/\/franciscanos.org.br\/noticias\/frei-cassio.html\",\"name\":\"Frei C\u00e1ssio: \\\"A melhor escolha que algu\u00e9m pode fazer na vida \u00e9 ser Franciscano\\\" - Not\u00edcias - Franciscanos\",\"isPartOf\":{\"@id\":\"https:\/\/franciscanos.org.br\/noticias\/#website\"},\"primaryImageOfPage\":{\"@id\":\"https:\/\/franciscanos.org.br\/noticias\/frei-cassio.html#primaryimage\"},\"datePublished\":\"2018-10-30T13:10:54+00:00\",\"dateModified\":\"2022-11-29T18:34:23+00:00\",\"author\":{\"@id\":\"https:\/\/franciscanos.org.br\/noticias\/#\/schema\/person\/37f88f0d111cd5358b12a6556a99eb91\"},\"breadcrumb\":{\"@id\":\"https:\/\/franciscanos.org.br\/noticias\/frei-cassio.html#breadcrumb\"},\"inLanguage\":\"pt-BR\",\"potentialAction\":[{\"@type\":\"ReadAction\",\"target\":[\"https:\/\/franciscanos.org.br\/noticias\/frei-cassio.html\"]}]},{\"@type\":\"BreadcrumbList\",\"@id\":\"https:\/\/franciscanos.org.br\/noticias\/frei-cassio.html#breadcrumb\",\"itemListElement\":[{\"@type\":\"ListItem\",\"position\":1,\"name\":\"Home\",\"item\":\"https:\/\/franciscanos.org.br\/noticias\"},{\"@type\":\"ListItem\",\"position\":2,\"name\":\"Frei C\u00e1ssio: &#8220;A melhor escolha que algu\u00e9m pode fazer na vida \u00e9 ser Franciscano&#8221;\"}]},{\"@type\":\"Person\",\"@id\":\"https:\/\/franciscanos.org.br\/noticias\/#\/schema\/person\/37f88f0d111cd5358b12a6556a99eb91\",\"name\":\"freiaugusto\",\"image\":{\"@type\":\"ImageObject\",\"inLanguage\":\"pt-BR\",\"@id\":\"https:\/\/franciscanos.org.br\/noticias\/#\/schema\/person\/image\/\",\"url\":\"https:\/\/secure.gravatar.com\/avatar\/9840b940e621801b24f3e6b059efb4b7?s=96&d=mm&r=g\",\"contentUrl\":\"https:\/\/secure.gravatar.com\/avatar\/9840b940e621801b24f3e6b059efb4b7?s=96&d=mm&r=g\",\"caption\":\"freiaugusto\"},\"url\":\"https:\/\/franciscanos.org.br\/noticias\/author\/freiaugusto\"}]}<\/script>\n<!-- \/ Yoast SEO plugin. -->","yoast_head_json":{"title":"Frei C\u00e1ssio: \"A melhor escolha que algu\u00e9m pode fazer na vida \u00e9 ser Franciscano\" - Not\u00edcias - Franciscanos","robots":{"index":"index","follow":"follow","max-snippet":"max-snippet:-1","max-image-preview":"max-image-preview:large","max-video-preview":"max-video-preview:-1"},"canonical":"https:\/\/franciscanos.org.br\/noticias\/frei-cassio.html","og_locale":"pt_BR","og_type":"article","og_title":"Frei C\u00e1ssio: \"A melhor escolha que algu\u00e9m pode fazer na vida \u00e9 ser Franciscano\" - Not\u00edcias - Franciscanos","og_description":"Entrevista","og_url":"https:\/\/franciscanos.org.br\/noticias\/frei-cassio.html","og_site_name":"Not\u00edcias - Franciscanos","article_published_time":"2018-10-30T13:10:54+00:00","article_modified_time":"2022-11-29T18:34:23+00:00","og_image":[{"width":273,"height":181,"url":"https:\/\/franciscanos.org.br\/noticias\/wp-content\/uploads\/2018\/10\/frei_cassio_081018-2.jpg","type":"image\/jpeg"}],"author":"freiaugusto","twitter_card":"summary_large_image","twitter_misc":{"Escrito por":"freiaugusto","Est. tempo de leitura":"15 minutos"},"schema":{"@context":"https:\/\/schema.org","@graph":[{"@type":"WebSite","@id":"https:\/\/franciscanos.org.br\/noticias\/#website","url":"https:\/\/franciscanos.org.br\/noticias\/","name":"Not\u00edcias - Franciscanos","description":"Prov\u00edncia Franciscana da Imaculada Concei\u00e7\u00e3o do Brasil - Ordem dos Frades Menores - OFM","potentialAction":[{"@type":"SearchAction","target":{"@type":"EntryPoint","urlTemplate":"https:\/\/franciscanos.org.br\/noticias\/?s={search_term_string}"},"query-input":"required name=search_term_string"}],"inLanguage":"pt-BR"},{"@type":"ImageObject","inLanguage":"pt-BR","@id":"https:\/\/franciscanos.org.br\/noticias\/frei-cassio.html#primaryimage","url":"https:\/\/franciscanos.org.br\/noticias\/wp-content\/uploads\/2018\/10\/frei_cassio_081018-2.jpg","contentUrl":"https:\/\/franciscanos.org.br\/noticias\/wp-content\/uploads\/2018\/10\/frei_cassio_081018-2.jpg","width":273,"height":181},{"@type":"WebPage","@id":"https:\/\/franciscanos.org.br\/noticias\/frei-cassio.html#webpage","url":"https:\/\/franciscanos.org.br\/noticias\/frei-cassio.html","name":"Frei C\u00e1ssio: \"A melhor escolha que algu\u00e9m pode fazer na vida \u00e9 ser Franciscano\" - Not\u00edcias - Franciscanos","isPartOf":{"@id":"https:\/\/franciscanos.org.br\/noticias\/#website"},"primaryImageOfPage":{"@id":"https:\/\/franciscanos.org.br\/noticias\/frei-cassio.html#primaryimage"},"datePublished":"2018-10-30T13:10:54+00:00","dateModified":"2022-11-29T18:34:23+00:00","author":{"@id":"https:\/\/franciscanos.org.br\/noticias\/#\/schema\/person\/37f88f0d111cd5358b12a6556a99eb91"},"breadcrumb":{"@id":"https:\/\/franciscanos.org.br\/noticias\/frei-cassio.html#breadcrumb"},"inLanguage":"pt-BR","potentialAction":[{"@type":"ReadAction","target":["https:\/\/franciscanos.org.br\/noticias\/frei-cassio.html"]}]},{"@type":"BreadcrumbList","@id":"https:\/\/franciscanos.org.br\/noticias\/frei-cassio.html#breadcrumb","itemListElement":[{"@type":"ListItem","position":1,"name":"Home","item":"https:\/\/franciscanos.org.br\/noticias"},{"@type":"ListItem","position":2,"name":"Frei C\u00e1ssio: &#8220;A melhor escolha que algu\u00e9m pode fazer na vida \u00e9 ser Franciscano&#8221;"}]},{"@type":"Person","@id":"https:\/\/franciscanos.org.br\/noticias\/#\/schema\/person\/37f88f0d111cd5358b12a6556a99eb91","name":"freiaugusto","image":{"@type":"ImageObject","inLanguage":"pt-BR","@id":"https:\/\/franciscanos.org.br\/noticias\/#\/schema\/person\/image\/","url":"https:\/\/secure.gravatar.com\/avatar\/9840b940e621801b24f3e6b059efb4b7?s=96&d=mm&r=g","contentUrl":"https:\/\/secure.gravatar.com\/avatar\/9840b940e621801b24f3e6b059efb4b7?s=96&d=mm&r=g","caption":"freiaugusto"},"url":"https:\/\/franciscanos.org.br\/noticias\/author\/freiaugusto"}]}},"_links":{"self":[{"href":"https:\/\/franciscanos.org.br\/noticias\/wp-json\/wp\/v2\/posts\/177651"}],"collection":[{"href":"https:\/\/franciscanos.org.br\/noticias\/wp-json\/wp\/v2\/posts"}],"about":[{"href":"https:\/\/franciscanos.org.br\/noticias\/wp-json\/wp\/v2\/types\/post"}],"author":[{"embeddable":true,"href":"https:\/\/franciscanos.org.br\/noticias\/wp-json\/wp\/v2\/users\/5"}],"replies":[{"embeddable":true,"href":"https:\/\/franciscanos.org.br\/noticias\/wp-json\/wp\/v2\/comments?post=177651"}],"version-history":[{"count":2,"href":"https:\/\/franciscanos.org.br\/noticias\/wp-json\/wp\/v2\/posts\/177651\/revisions"}],"predecessor-version":[{"id":241039,"href":"https:\/\/franciscanos.org.br\/noticias\/wp-json\/wp\/v2\/posts\/177651\/revisions\/241039"}],"wp:featuredmedia":[{"embeddable":true,"href":"https:\/\/franciscanos.org.br\/noticias\/wp-json\/wp\/v2\/media\/191119"}],"wp:attachment":[{"href":"https:\/\/franciscanos.org.br\/noticias\/wp-json\/wp\/v2\/media?parent=177651"}],"wp:term":[{"taxonomy":"category","embeddable":true,"href":"https:\/\/franciscanos.org.br\/noticias\/wp-json\/wp\/v2\/categories?post=177651"},{"taxonomy":"post_tag","embeddable":true,"href":"https:\/\/franciscanos.org.br\/noticias\/wp-json\/wp\/v2\/tags?post=177651"}],"curies":[{"name":"wp","href":"https:\/\/api.w.org\/{rel}","templated":true}]}}