{"id":177566,"date":"2015-10-03T09:15:21","date_gmt":"2015-10-03T12:15:21","guid":{"rendered":"http:\/\/franciscanos.org.br\/?p=96103"},"modified":"2020-05-15T13:05:26","modified_gmt":"2020-05-15T16:05:26","slug":"m-geral-somos-chamados-a-estar-com-os-pobres-2","status":"publish","type":"post","link":"https:\/\/franciscanos.org.br\/noticias\/m-geral-somos-chamados-a-estar-com-os-pobres-2.html","title":{"rendered":"Ministro Geral: &#8220;Somos chamados a estar com os pobres&#8221;"},"content":{"rendered":"<p><img loading=\"lazy\" src=\"https:\/\/franciscanos.org.br\/noticias\/wp-content\/uploads\/2015\/10\/michael_perry_1-1.jpg\" alt=\"\" width=\"800\" height=\"601\" \/><\/p>\n<p><em>Enquanto aguardamos o documento final do \u00faltimo Cap\u00edtulo Geral, o \u00a0Ministro Geral, Frei Michael Perry, confirmado no cargo at\u00e9 2021, explica o per\u00edodo de profunda renova\u00e7\u00e3o que est\u00e3o vivendo os Frades Menores: &#8220;O Papa indicou claramente o que espera: uma Igreja pobre com os pobres. Temos muitas estruturas e riquezas, mas devemos ser pobres com os pobres para criar uma nova rela\u00e7\u00e3o com eles&#8221;. E tamb\u00e9m devemos abandonar certo fechamento \u00a0&#8220;paroquial&#8221;.<\/em><\/p>\n<p><em>Acompanhe a entrevista <\/em>\u00a0concedida a Riccardo Benotti, no site da C\u00faria Geral.<\/p>\n<p><strong>Como se pode estar ao lado dos pobres?<\/strong><br \/>\n<strong>Frei Michael<\/strong> &#8211; A pobreza n\u00e3o \u00e9 algo que se d\u00ea valor, mas os pobres existem. No Evangelho de Marcos est\u00e1 escrito: &#8220;Pobres sempre os tereis no meio de v\u00f3s&#8221;. Penso que se Jesus tivesse tempo para acrescentar algo, talvez teria dito: &#8220;Por que voc\u00eas n\u00e3o querem mudar seu estilo de vida?&#8221; Para ser irm\u00e3os menores temos que mudar nosso comportamento. O Papa Francisco est\u00e1 recuperando as ideias do cristianismo das origens. A Igreja n\u00e3o deve ser uma presen\u00e7a poderosa, mas humilde. &#8220;E sua\u00a0 conduta \u00e9 um exemplo para todos n\u00f3s&#8221;.<\/p>\n<p><strong>Viver em uma tranquilidade burguesa \u00e9 um perigo para a vida dos irm\u00e3os&#8230;<\/strong><br \/>\n<strong>Frei Michael<\/strong> &#8211; \u00c9 um risco percebido pelos pr\u00f3prios irm\u00e3os, que p\u00f5em em crise a pr\u00f3pria identidade de nossa voca\u00e7\u00e3o. Somos chamados a concretizar a miseric\u00f3rdia de Deus atrav\u00e9s de atos de justi\u00e7a e caridade. Existem pelo menos dois rem\u00e9dios para tratar esta enfermidade. O primeiro \u00e9 estar com os pobres, vivendo entre os que sofrem. Os pobres n\u00e3o s\u00e3o uma entidade abstrata, mas t\u00eam nome, prov\u00eam de uma fam\u00edlia, t\u00eam filhos, buscam trabalhar todos os dias para melhorar a qualidade de suas vidas. E n\u00f3s devemos estar ali. Se nos deixarmos acompanhar pelos pobres, redescobriremos a beleza da voca\u00e7\u00e3o franciscana.<\/p>\n<p><strong>E o segundo rem\u00e9dio?<\/strong><br \/>\n<strong>Frei Michael<\/strong> \u2013 Abrirmo-nos \u00e0 Palavra de Deus que n\u00e3o se encontra somente na B\u00edblia, mas tamb\u00e9m na Eucaristia da vida das pessoas que conhecemos todos os dias. Precisamos abrir as portas para acolher o mundo. Temos que estar na escuta e em di\u00e1logo com a Igreja e com as pessoas.<\/p>\n<p><strong>As par\u00f3quias e santu\u00e1rios s\u00e3o lugares em que se concentra a atividade pastoral dos irm\u00e3os. Por qu\u00ea?<\/strong><br \/>\n<strong>Frei Michael<\/strong> &#8211; Os irm\u00e3os respondem aos pedidos das Igrejas locais. Hoje, no entanto, \u00e9 o momento de mudar. Atrav\u00e9s dos anos assumimos uma l\u00f3gica &#8220;paroquial&#8221; que devemos romper. O pedido do Papa para sair \u00e9 o mesmo dirigido por Francisco de Assis a seus irm\u00e3os. \u00c9 dif\u00edcil sermos peregrinos quando temos estas responsabilidades, ainda que sejam importantes. Mas tamb\u00e9m, nas mesmas par\u00f3quias e nos santu\u00e1rios, devemos repensar a presen\u00e7a envolvendo os leigos e permitindo a eles serem verdadeiros promotores do Evangelho. Por exemplo, eu n\u00e3o entendo por que n\u00f3s temos que ter as chaves da igreja quando ela pertence ao povo&#8230;<\/p>\n<p><strong>Ent\u00e3o \u00e9 preciso valorizar os leigos?<\/strong><br \/>\n<strong>Frei Michael<\/strong> &#8211; Para n\u00f3s, Frades Menores, e para toda a Igreja, \u00e9 fundamental repensar o papel dos leigos. Nas comunidades franciscanas dos santu\u00e1rios e das par\u00f3quias temos que preparar os leigos, cuja import\u00e2ncia \u00e9 decisiva para a Igreja. S\u00e3o Francisco costumava levar consigo tamb\u00e9m os leigos &#8211; homens e mulheres &#8211; que, com a permiss\u00e3o do bispo, catequizavam e pregavam. N\u00e3o via obst\u00e1culos para permitir que as mulheres pregassem, tendo uma sensibilidade e perspectiva diferentes.<\/p>\n<p><strong>H\u00e1 risco para os leigos e a vida fraterna que vem do clericalismo&#8230;<\/strong><br \/>\n<strong>Frei Michael &#8211;<\/strong> O clericalismo fere a dignidade da voca\u00e7\u00e3o dos leigos na Igreja e no plano de Deus.\u00a0 Tamb\u00e9m n\u00f3s somos chamados a uma convers\u00e3o nesse sentido. A Igreja nos pede para assumirmos muitas responsabilidades. \u00c0s vezes, no entanto, temos levado a cabo a pastoral de maneira ca\u00f3tica com consequ\u00eancias negativas para a vida fraterna. \u00c9 importante, ent\u00e3o, redescobrir a qualidade da vida fraterna de modo que possa ser oferecida aos leigos. O mundo necessita de fraternidade, basta ver os conflitos nas fam\u00edlias ou na pol\u00edtica. E temos a miss\u00e3o de ser testemunhas de Francisco de Assis. Seria um presente para o mundo de hoje.<\/p>\n<p><strong>\u00c9 dif\u00edcil guiar um grande n\u00famero de irm\u00e3os em 110 pa\u00edses?<\/strong><br \/>\n<strong>Frei Michael<\/strong> &#8211; N\u00e3o me \u00e9 f\u00e1cil, mas \u00e9 uma alegria conhecer a vida dos irm\u00e3os, a maioria dos quais vive o Evangelho profundamente. Recentemente estive em Hong Kong, onde os frades desenvolvem atividades pastorais com 4 mil crist\u00e3os chineses que participam cada semana da vida comunit\u00e1ria. Eles t\u00eam medo do que poder\u00e1 acontecer depois das elei\u00e7\u00f5es de 2017, mas mant\u00eam uma f\u00e9 forte. Em Taiwan, no entanto, os frades chineses est\u00e3o a servi\u00e7o dos pobres nas par\u00f3quias, onde os sacerdotes diocesanos n\u00e3o querem ir. Estes s\u00e3o os testemunhos de que necessitamos. Como Ministro Geral, quero lavar os p\u00e9s dos irm\u00e3os para que eles lavem os p\u00e9s dos demais. Creio que \u00e9 a melhor maneira de viver o discipulado de Cristo. Eu sou um pecador, com tantas limita\u00e7\u00f5es, mas \u00e9 uma gra\u00e7a estar a servi\u00e7o dos irm\u00e3os. Sou humano e por isso me sinto bem entre meus irm\u00e3os, porque eles tamb\u00e9m s\u00e3o humanos.<\/p>\n","protected":false},"excerpt":{"rendered":"<p>Entrevista<\/p>\n","protected":false},"author":1,"featured_media":223831,"comment_status":"open","ping_status":"open","sticky":false,"template":"","format":"standard","meta":[],"categories":[758],"tags":[372,723,128,397],"acf":[],"yoast_head":"<!-- This site is optimized with the Yoast SEO plugin v19.2 - https:\/\/yoast.com\/wordpress\/plugins\/seo\/ -->\n<title>Ministro Geral: &quot;Somos chamados a estar com os pobres&quot; - Not\u00edcias - Franciscanos<\/title>\n<meta name=\"robots\" content=\"index, follow, max-snippet:-1, max-image-preview:large, max-video-preview:-1\" \/>\n<link rel=\"canonical\" href=\"https:\/\/franciscanos.org.br\/noticias\/m-geral-somos-chamados-a-estar-com-os-pobres-2.html\" \/>\n<meta property=\"og:locale\" content=\"pt_BR\" \/>\n<meta property=\"og:type\" content=\"article\" \/>\n<meta property=\"og:title\" content=\"Ministro Geral: &quot;Somos chamados a estar com os pobres&quot; - Not\u00edcias - Franciscanos\" \/>\n<meta property=\"og:description\" content=\"Entrevista\" \/>\n<meta property=\"og:url\" content=\"https:\/\/franciscanos.org.br\/noticias\/m-geral-somos-chamados-a-estar-com-os-pobres-2.html\" \/>\n<meta property=\"og:site_name\" content=\"Not\u00edcias - Franciscanos\" \/>\n<meta property=\"article:published_time\" content=\"2015-10-03T12:15:21+00:00\" \/>\n<meta property=\"article:modified_time\" content=\"2020-05-15T16:05:26+00:00\" \/>\n<meta property=\"og:image\" content=\"https:\/\/franciscanos.org.br\/noticias\/wp-content\/uploads\/2015\/10\/michael_perry_1-1.jpg\" \/>\n\t<meta property=\"og:image:width\" content=\"800\" \/>\n\t<meta property=\"og:image:height\" content=\"601\" \/>\n\t<meta property=\"og:image:type\" content=\"image\/jpeg\" \/>\n<meta name=\"author\" content=\"admin\" \/>\n<meta name=\"twitter:card\" content=\"summary_large_image\" \/>\n<meta name=\"twitter:label1\" content=\"Escrito por\" \/>\n\t<meta name=\"twitter:data1\" content=\"admin\" \/>\n\t<meta name=\"twitter:label2\" content=\"Est. tempo de leitura\" \/>\n\t<meta name=\"twitter:data2\" content=\"5 minutos\" \/>\n<script type=\"application\/ld+json\" class=\"yoast-schema-graph\">{\"@context\":\"https:\/\/schema.org\",\"@graph\":[{\"@type\":\"WebSite\",\"@id\":\"https:\/\/franciscanos.org.br\/noticias\/#website\",\"url\":\"https:\/\/franciscanos.org.br\/noticias\/\",\"name\":\"Not\u00edcias - Franciscanos\",\"description\":\"Prov\u00edncia Franciscana da Imaculada Concei\u00e7\u00e3o do Brasil - Ordem dos Frades Menores - OFM\",\"potentialAction\":[{\"@type\":\"SearchAction\",\"target\":{\"@type\":\"EntryPoint\",\"urlTemplate\":\"https:\/\/franciscanos.org.br\/noticias\/?s={search_term_string}\"},\"query-input\":\"required name=search_term_string\"}],\"inLanguage\":\"pt-BR\"},{\"@type\":\"ImageObject\",\"inLanguage\":\"pt-BR\",\"@id\":\"https:\/\/franciscanos.org.br\/noticias\/m-geral-somos-chamados-a-estar-com-os-pobres-2.html#primaryimage\",\"url\":\"https:\/\/franciscanos.org.br\/noticias\/wp-content\/uploads\/2015\/10\/michael_perry_1-1.jpg\",\"contentUrl\":\"https:\/\/franciscanos.org.br\/noticias\/wp-content\/uploads\/2015\/10\/michael_perry_1-1.jpg\",\"width\":800,\"height\":601},{\"@type\":\"WebPage\",\"@id\":\"https:\/\/franciscanos.org.br\/noticias\/m-geral-somos-chamados-a-estar-com-os-pobres-2.html#webpage\",\"url\":\"https:\/\/franciscanos.org.br\/noticias\/m-geral-somos-chamados-a-estar-com-os-pobres-2.html\",\"name\":\"Ministro Geral: \\\"Somos chamados a estar com os pobres\\\" - Not\u00edcias - Franciscanos\",\"isPartOf\":{\"@id\":\"https:\/\/franciscanos.org.br\/noticias\/#website\"},\"primaryImageOfPage\":{\"@id\":\"https:\/\/franciscanos.org.br\/noticias\/m-geral-somos-chamados-a-estar-com-os-pobres-2.html#primaryimage\"},\"datePublished\":\"2015-10-03T12:15:21+00:00\",\"dateModified\":\"2020-05-15T16:05:26+00:00\",\"author\":{\"@id\":\"https:\/\/franciscanos.org.br\/noticias\/#\/schema\/person\/b38fbf43118f02820bd932f2e4b14ad3\"},\"breadcrumb\":{\"@id\":\"https:\/\/franciscanos.org.br\/noticias\/m-geral-somos-chamados-a-estar-com-os-pobres-2.html#breadcrumb\"},\"inLanguage\":\"pt-BR\",\"potentialAction\":[{\"@type\":\"ReadAction\",\"target\":[\"https:\/\/franciscanos.org.br\/noticias\/m-geral-somos-chamados-a-estar-com-os-pobres-2.html\"]}]},{\"@type\":\"BreadcrumbList\",\"@id\":\"https:\/\/franciscanos.org.br\/noticias\/m-geral-somos-chamados-a-estar-com-os-pobres-2.html#breadcrumb\",\"itemListElement\":[{\"@type\":\"ListItem\",\"position\":1,\"name\":\"Home\",\"item\":\"https:\/\/franciscanos.org.br\/noticias\"},{\"@type\":\"ListItem\",\"position\":2,\"name\":\"Ministro Geral: &#8220;Somos chamados a estar com os pobres&#8221;\"}]},{\"@type\":\"Person\",\"@id\":\"https:\/\/franciscanos.org.br\/noticias\/#\/schema\/person\/b38fbf43118f02820bd932f2e4b14ad3\",\"name\":\"admin\",\"image\":{\"@type\":\"ImageObject\",\"inLanguage\":\"pt-BR\",\"@id\":\"https:\/\/franciscanos.org.br\/noticias\/#\/schema\/person\/image\/\",\"url\":\"https:\/\/secure.gravatar.com\/avatar\/e8495742d34d0ba6448ea1c628263b3e?s=96&d=mm&r=g\",\"contentUrl\":\"https:\/\/secure.gravatar.com\/avatar\/e8495742d34d0ba6448ea1c628263b3e?s=96&d=mm&r=g\",\"caption\":\"admin\"},\"url\":\"https:\/\/franciscanos.org.br\/noticias\/author\/admin\"}]}<\/script>\n<!-- \/ Yoast SEO plugin. -->","yoast_head_json":{"title":"Ministro Geral: \"Somos chamados a estar com os pobres\" - Not\u00edcias - Franciscanos","robots":{"index":"index","follow":"follow","max-snippet":"max-snippet:-1","max-image-preview":"max-image-preview:large","max-video-preview":"max-video-preview:-1"},"canonical":"https:\/\/franciscanos.org.br\/noticias\/m-geral-somos-chamados-a-estar-com-os-pobres-2.html","og_locale":"pt_BR","og_type":"article","og_title":"Ministro Geral: \"Somos chamados a estar com os pobres\" - Not\u00edcias - Franciscanos","og_description":"Entrevista","og_url":"https:\/\/franciscanos.org.br\/noticias\/m-geral-somos-chamados-a-estar-com-os-pobres-2.html","og_site_name":"Not\u00edcias - Franciscanos","article_published_time":"2015-10-03T12:15:21+00:00","article_modified_time":"2020-05-15T16:05:26+00:00","og_image":[{"width":800,"height":601,"url":"https:\/\/franciscanos.org.br\/noticias\/wp-content\/uploads\/2015\/10\/michael_perry_1-1.jpg","type":"image\/jpeg"}],"author":"admin","twitter_card":"summary_large_image","twitter_misc":{"Escrito por":"admin","Est. tempo de leitura":"5 minutos"},"schema":{"@context":"https:\/\/schema.org","@graph":[{"@type":"WebSite","@id":"https:\/\/franciscanos.org.br\/noticias\/#website","url":"https:\/\/franciscanos.org.br\/noticias\/","name":"Not\u00edcias - Franciscanos","description":"Prov\u00edncia Franciscana da Imaculada Concei\u00e7\u00e3o do Brasil - Ordem dos Frades Menores - OFM","potentialAction":[{"@type":"SearchAction","target":{"@type":"EntryPoint","urlTemplate":"https:\/\/franciscanos.org.br\/noticias\/?s={search_term_string}"},"query-input":"required name=search_term_string"}],"inLanguage":"pt-BR"},{"@type":"ImageObject","inLanguage":"pt-BR","@id":"https:\/\/franciscanos.org.br\/noticias\/m-geral-somos-chamados-a-estar-com-os-pobres-2.html#primaryimage","url":"https:\/\/franciscanos.org.br\/noticias\/wp-content\/uploads\/2015\/10\/michael_perry_1-1.jpg","contentUrl":"https:\/\/franciscanos.org.br\/noticias\/wp-content\/uploads\/2015\/10\/michael_perry_1-1.jpg","width":800,"height":601},{"@type":"WebPage","@id":"https:\/\/franciscanos.org.br\/noticias\/m-geral-somos-chamados-a-estar-com-os-pobres-2.html#webpage","url":"https:\/\/franciscanos.org.br\/noticias\/m-geral-somos-chamados-a-estar-com-os-pobres-2.html","name":"Ministro Geral: \"Somos chamados a estar com os pobres\" - Not\u00edcias - Franciscanos","isPartOf":{"@id":"https:\/\/franciscanos.org.br\/noticias\/#website"},"primaryImageOfPage":{"@id":"https:\/\/franciscanos.org.br\/noticias\/m-geral-somos-chamados-a-estar-com-os-pobres-2.html#primaryimage"},"datePublished":"2015-10-03T12:15:21+00:00","dateModified":"2020-05-15T16:05:26+00:00","author":{"@id":"https:\/\/franciscanos.org.br\/noticias\/#\/schema\/person\/b38fbf43118f02820bd932f2e4b14ad3"},"breadcrumb":{"@id":"https:\/\/franciscanos.org.br\/noticias\/m-geral-somos-chamados-a-estar-com-os-pobres-2.html#breadcrumb"},"inLanguage":"pt-BR","potentialAction":[{"@type":"ReadAction","target":["https:\/\/franciscanos.org.br\/noticias\/m-geral-somos-chamados-a-estar-com-os-pobres-2.html"]}]},{"@type":"BreadcrumbList","@id":"https:\/\/franciscanos.org.br\/noticias\/m-geral-somos-chamados-a-estar-com-os-pobres-2.html#breadcrumb","itemListElement":[{"@type":"ListItem","position":1,"name":"Home","item":"https:\/\/franciscanos.org.br\/noticias"},{"@type":"ListItem","position":2,"name":"Ministro Geral: &#8220;Somos chamados a estar com os pobres&#8221;"}]},{"@type":"Person","@id":"https:\/\/franciscanos.org.br\/noticias\/#\/schema\/person\/b38fbf43118f02820bd932f2e4b14ad3","name":"admin","image":{"@type":"ImageObject","inLanguage":"pt-BR","@id":"https:\/\/franciscanos.org.br\/noticias\/#\/schema\/person\/image\/","url":"https:\/\/secure.gravatar.com\/avatar\/e8495742d34d0ba6448ea1c628263b3e?s=96&d=mm&r=g","contentUrl":"https:\/\/secure.gravatar.com\/avatar\/e8495742d34d0ba6448ea1c628263b3e?s=96&d=mm&r=g","caption":"admin"},"url":"https:\/\/franciscanos.org.br\/noticias\/author\/admin"}]}},"_links":{"self":[{"href":"https:\/\/franciscanos.org.br\/noticias\/wp-json\/wp\/v2\/posts\/177566"}],"collection":[{"href":"https:\/\/franciscanos.org.br\/noticias\/wp-json\/wp\/v2\/posts"}],"about":[{"href":"https:\/\/franciscanos.org.br\/noticias\/wp-json\/wp\/v2\/types\/post"}],"author":[{"embeddable":true,"href":"https:\/\/franciscanos.org.br\/noticias\/wp-json\/wp\/v2\/users\/1"}],"replies":[{"embeddable":true,"href":"https:\/\/franciscanos.org.br\/noticias\/wp-json\/wp\/v2\/comments?post=177566"}],"version-history":[{"count":2,"href":"https:\/\/franciscanos.org.br\/noticias\/wp-json\/wp\/v2\/posts\/177566\/revisions"}],"predecessor-version":[{"id":223833,"href":"https:\/\/franciscanos.org.br\/noticias\/wp-json\/wp\/v2\/posts\/177566\/revisions\/223833"}],"wp:featuredmedia":[{"embeddable":true,"href":"https:\/\/franciscanos.org.br\/noticias\/wp-json\/wp\/v2\/media\/223831"}],"wp:attachment":[{"href":"https:\/\/franciscanos.org.br\/noticias\/wp-json\/wp\/v2\/media?parent=177566"}],"wp:term":[{"taxonomy":"category","embeddable":true,"href":"https:\/\/franciscanos.org.br\/noticias\/wp-json\/wp\/v2\/categories?post=177566"},{"taxonomy":"post_tag","embeddable":true,"href":"https:\/\/franciscanos.org.br\/noticias\/wp-json\/wp\/v2\/tags?post=177566"}],"curies":[{"name":"wp","href":"https:\/\/api.w.org\/{rel}","templated":true}]}}