{"id":177287,"date":"2018-05-18T09:28:46","date_gmt":"2018-05-18T12:28:46","guid":{"rendered":"http:\/\/franciscanos.org.br\/?p=159635"},"modified":"2020-06-07T15:12:57","modified_gmt":"2020-06-07T18:12:57","slug":"ser-franciscano-raul-budal","status":"publish","type":"post","link":"https:\/\/franciscanos.org.br\/noticias\/ser-franciscano-raul-budal.html","title":{"rendered":"&#8220;Ser franciscano \u00e9 um privil\u00e9gio que Deus nos d\u00e1&#8221;"},"content":{"rendered":"<p><img loading=\"lazy\" class=\"alignleft\" src=\"http:\/\/franciscanos.org.br\/wp-content\/uploads\/2018\/05\/raul_180518_.jpg\" alt=\"raul_180518_\" width=\"830\" height=\"500\" \/><strong>Frei Augusto Luiz Gabriel<\/strong><\/p>\n<p><em>Frei Raul Budal da Silva foi insistente, teimoso e paciente. Na primeira vez que pediu aos seus pais para ingressar no semin\u00e1rio, o pedido foi duramente negado. Somente anos depois, ele viveu o melhor Natal da sua vida, quando de presente ganhou dos pais a autoriza\u00e7\u00e3o para adentrar na vida franciscana. \u201cDisse meu pai comovido: \u2018Raul vai para o semin\u00e1rio\u2019, foi o melhor Natal da minha vida\u201d, agradece o frade que, aos 90 anos, atualmente reside em Bragan\u00e7a Paulista (SP), na Fraternidade S\u00e3o Francisco de Assis. \u201cVivo num ambiente com outros confrades que tamb\u00e9m t\u00eam suas limita\u00e7\u00f5es e com eles convivo com caridade fraterna. \u00c9 necess\u00e1rio viver em fraternidade com muito amor e aceita\u00e7\u00e3o\u201d, destacou o frade.<\/em><\/p>\n<p><em>Ao ser perguntado sobre o tempo forte do Conc\u00edlio Vaticano II, Frei Raul \u00e9 enf\u00e1tico ao afirmar que o Conc\u00edlio foi um \u201cestouro\u201d do Esp\u00edrito Santo na Igreja. Em rela\u00e7\u00e3o ao pontificado do Papa Francisco, Frei Raul acredita que o Papa veio em um momento certo e na hora certa para movimentar e fazer a Igreja caminhar. O frade \u00e9 antenado e conectado. Durante a entrevista brincou que \u00e9 idoso, mas usa celular e acessa a internet quase todos os dias. Sobre sua voca\u00e7\u00e3o destaca com convic\u00e7\u00e3o: \u201c\u00c9 gratificante viver e morrer como franciscano\u201d.<\/em><\/p>\n<p><em>Frei Raul Budal da Silva nasceu no dia 11 de dezembro de 1926. Natural de Rio Negro (PR), \u00e9 proveniente de uma fam\u00edlia grande de 13 irm\u00e3os. Seus pais morreram cedo, pois naquele tempo n\u00e3o havia muitos recursos. Fez sua Primeira Profiss\u00e3o na Ordem dos Frades Menores no dia 20 de dezembro de 1952, no Noviciado S\u00e3o Jos\u00e9 de Rodeio (SC). Posteriormente, em 20 de dezembro de 1955, professou solenemente na Ordem e dois anos depois ordenou-se sacerdote, em 16 de dezembro de 1957.<\/em><\/p>\n<p><strong>ACOMPANHE A ENTREVISTA<\/strong><\/p>\n<p><strong><img loading=\"lazy\" class=\"alignleft size-full wp-image-179044\" src=\"http:\/\/franciscanos.org.br\/2018\/wp-content\/uploads\/2018\/05\/raul_180518_2.jpg\" alt=\"\" width=\"450\" height=\"675\" srcset=\"https:\/\/franciscanos.org.br\/noticias\/wp-content\/uploads\/2018\/05\/raul_180518_2.jpg 450w, https:\/\/franciscanos.org.br\/noticias\/wp-content\/uploads\/2018\/05\/raul_180518_2-300x450.jpg 300w, https:\/\/franciscanos.org.br\/noticias\/wp-content\/uploads\/2018\/05\/raul_180518_2-150x225.jpg 150w\" sizes=\"(max-width: 450px) 100vw, 450px\" \/>Site Franciscanos: Como se deu o discernimento vocacional?<\/strong><br \/>\n<strong>Frei Raul: <\/strong>O meu chamado para o sacerd\u00f3cio e para a Ordem deu-se por etapas. Eu era adolescente com 14 ou 15 anos quando em Rio Negro (PR), local onde funcionava o semin\u00e1rio, eu admirava aquele castelo misterioso que me chamava a aten\u00e7\u00e3o, e eu n\u00e3o tinha sequer a ideia do que seria. As minhas irm\u00e3s mais velhas eram muito religiosas, faziam parte da lideran\u00e7a da par\u00f3quia e me levavam para a missa. Elas sempre me entusiasmaram e indiretamente me estimularam a viver naquele castelo maravilhoso que era o Semin\u00e1rio Ser\u00e1fico S\u00e3o Luiz de Tolosa. Aos poucos, eu senti vontade de ser padre e comuniquei em casa aos meus pais e irm\u00e3os que eu gostaria de ir para o semin\u00e1rio. A primeira ideia foi esta: ser padre. Esse desejo aumentou muito um ano depois, e eu arrisquei pedir ao meu pai. Ele n\u00e3o era muito religioso, era muito bom pai, mas n\u00e3o era de frequentar a igreja n\u00e3o. Pedi a ele para ir para o semin\u00e1rio logo no come\u00e7o do ano, em janeiro ou fevereiro, e meu pai disse: \u201cN\u00e3o, para o semin\u00e1rio e para ser padre, n\u00e3o! Voc\u00ea vai estudar Direito em Curitiba\u201d. Curti aquilo com bastante desengano e desprazer, mas obedeci, afinal o pai era a autoridade na fam\u00edlia. Neste tempo, por uns dois anos, cheguei at\u00e9 a trabalhar numa empresa como <em>office-boy<\/em>. Mas o desejo de meus pais era que eu fosse estudar em Curitiba. O grande passo foi quando eu j\u00e1 tinha 16 ou 17 anos. Perto do Natal, o pai ou m\u00e3e entregavam um peda\u00e7o de papel pra cada membro da fam\u00edlia e cada um escrevia ali o que desejava receber como presente de Natal. Eu escrevi direitinho: ir para o semin\u00e1rio! N\u00e3o falei nada para ningu\u00e9m e coloquei o papel na caixinha. Na v\u00e9spera de Natal \u00e0 noite, como era de costume em nossa casa, a fam\u00edlia se reuniu para fazer a festa do Natal. Meu pai ent\u00e3o foi lendo o pedido de cada um. Eu fiquei por \u00faltimo e estava ansioso. Por fim meu pai abriu e disse: \u201cRaul vai para o semin\u00e1rio!\u201d Eu me senti no c\u00e9u, era isso que eu queria. Meu Deus, que Natal bonito que eu passei, celebrando dentro do cora\u00e7\u00e3o esse grande momento do sim do meu pai. Ele custou, mas me deu como presente ingressar no semin\u00e1rio. Logo entrei em contato com a dire\u00e7\u00e3o do semin\u00e1rio e, no dia 31 de janeiro de 1945, me levaram para o semin\u00e1rio e l\u00e1 come\u00e7ou uma nova vida para mim.<\/p>\n<p><strong>Site Franciscanos: Como \u00e9 chegar aos 90 anos na Fam\u00edlia Franciscana?<\/strong><br \/>\n<strong>Frei Raul: <\/strong>Eu me sinto imensamente feliz e sinto de perto o dedo de Deus que me chamou para esta voca\u00e7\u00e3o. Como pecador, ningu\u00e9m de n\u00f3s merece, mas eu fui para o semin\u00e1rio com o desejo de ser sacerdote. Dentro do semin\u00e1rio, encontrei um educador maravilhoso, Frei Tadeu Hoenighausen, j\u00e1 falecido, que nos direcionou para a voca\u00e7\u00e3o franciscana. Ali Deus foi me abrindo a mente para ser franciscano. Antes de ser padre \u00e9 preciso ser religioso franciscano, mas isso veio aos poucos. Deus n\u00e3o tem pressa e aos poucos foi abrindo o meu cora\u00e7\u00e3o. Devo um grande favor a este grande educador Frei Tadeu. Ent\u00e3o, com o decorrer dos estudos fui desejando e amando ser franciscano.<\/p>\n<p><strong>Site Franciscanos: Tem espa\u00e7o para o carisma de S\u00e3o Francisco hoje?<\/strong><br \/>\n<strong>Frei Raul: <\/strong>A vida religiosa em geral est\u00e1 em crise, mas o carisma franciscano &#8211; justamente por esta grandeza de cora\u00e7\u00e3o, amor \u00e0 natureza, fraternidade, simplicidade e humildade &#8211; ainda n\u00e3o morreu. Como j\u00e1 disse, em geral a vida religiosa est\u00e1 em crise, mas o carisma franciscano continua vivo e n\u00e3o vai morrer! O mundo, mesmo que muitas pessoas estejam afastadas de Deus, admira o carisma franciscano. Ser franciscano hoje \u00e9 um dom e um privil\u00e9gio que Deus nos d\u00e1.<\/p>\n<p><strong>Site Franciscanos: Ent\u00e3o, vale a pena ser franciscano hoje?<\/strong><br \/>\n<strong>Frei Raul:<\/strong> Vale a pena! Porque \u00e9 uma vida simples de pobreza, desapego, de acolhida a todos os irm\u00e3os, sem preconceitos, pelo menos \u00e9 aquilo que n\u00f3s pregamos e gra\u00e7as a Deus muitos de n\u00f3s conseguimos realizar. Isto \u00e9 visto pelo povo, pois quem entra em contato conosco, com um bom franciscano, se sente acolhido, admirado e com facilidade v\u00ea um caminho largo de convers\u00e3o a Deus.<\/p>\n<p><strong><img loading=\"lazy\" class=\"alignleft\" src=\"http:\/\/franciscanos.org.br\/wp-content\/uploads\/2018\/05\/raul_180518_3.jpg\" alt=\"raul_180518_3\" width=\"830\" height=\"470\" \/><\/strong><strong>Site Franciscanos: Como foi o tempo do Conc\u00edlio do Vaticano II?<\/strong><br \/>\n<strong>Frei Raul: <\/strong>Para mim, o Conc\u00edlio Vaticano II foi o desejo de algo que eu estava procurando e desejando naquele tempo, foi uma grande gra\u00e7a, o estouro do Esp\u00edrito Santo na Igreja. Infelizmente, nem tudo do Conc\u00edlio Vaticano II foi realizado. O pr\u00f3prio Papa Francisco est\u00e1 encontrando dificuldades na C\u00faria Romana para realizar plenamente algumas coisas. Uma abertura maior, aquela busca do diferente, acolhida a todos, aquele partir para a periferia. O Papa Francisco est\u00e1 tendo dificuldades de atualizar a Igreja dentro da linha do Conc\u00edlio. Mas temos esperan\u00e7a de que o Esp\u00edrito Santo sabe agir na hora certa.<\/p>\n<p><strong>Site Franciscanos: Fale-nos sobre a experi\u00eancia do seu trabalho pastoral.<\/strong><br \/>\n<strong>Frei Raul: <\/strong>Tenho 60 anos de padre. Trabalhei em duas \u00e1reas, na \u00e1rea de educador, no semin\u00e1rio em Rio Negro, foi a primeira obedi\u00eancia que recebi. N\u00e3o tenho forma\u00e7\u00e3o universit\u00e1ria, naquele tempo nosso estudo era t\u00e3o exigente e refor\u00e7ado que dispensava o diploma universit\u00e1rio. N\u00e3o sei se \u00e9 vaidade minha, mas a gente estava muito bem preparado. Lecionei latim e portugu\u00eas. Ainda que n\u00e3o tenha sido perfeito, nunca ningu\u00e9m reclamou. Depois mais tarde, em Ituporanga, como professor, tamb\u00e9m lecionando as mesmas mat\u00e9rias. Nesse per\u00edodo, senti falta de uma forma\u00e7\u00e3o ulterior, mas fiz o essencial. Tenho muitos frades que foram meus alunos e hoje est\u00e3o \u00e0 frente de trabalhos na Prov\u00edncia.<\/p>\n<p><strong>Site Franciscanos: Como o senhor v\u00ea o pontificado do Papa Francisco?<\/strong><br \/>\n<strong>Frei Raul: <\/strong>Maravilhoso! O Papa que a Igreja precisava no momento certo e na hora certa para movimentar e fazer a Igreja caminhar. Creio que caminhar\u00e1 mais ainda se deixarem o Papa Francisco trabalhar. Ele ir\u00e1 inovar, para o bem da pr\u00f3pria Igreja. Vivemos em um mundo com grandes transforma\u00e7\u00f5es e dentro disso a pr\u00f3pria Igreja, que \u00e9 uma institui\u00e7\u00e3o divina, tamb\u00e9m precisa se transformar. O povo precisa se atualizar para ser Igreja hoje. O Papa Francisco com grande coragem e vis\u00e3o espiritual vai trabalhar ainda mais.<br \/>\n<strong>Site Franciscanos: Deixe uma mensagem para os jovens que desejam ingressar na Vida Franciscana hoje.<\/strong><br \/>\n<strong>Frei Raul: <\/strong>Se voc\u00eas tiverem um desejo de ser franciscano, agrade\u00e7am a Deus e cultivem essa semente maravilhosa que o Esp\u00edrito Santo est\u00e1 colocando dentro de voc\u00eas. \u00c9 gratificante viver e morrer como franciscano!<\/p>\n","protected":false},"excerpt":{"rendered":"<p>Entrevista com Frei Raul Budal da Silva<\/p>\n","protected":false},"author":5,"featured_media":209729,"comment_status":"open","ping_status":"open","sticky":false,"template":"","format":"standard","meta":[],"categories":[758],"tags":[50,17,52,56],"acf":[],"yoast_head":"<!-- This site is optimized with the Yoast SEO plugin v19.2 - https:\/\/yoast.com\/wordpress\/plugins\/seo\/ -->\n<title>&quot;Ser franciscano \u00e9 um privil\u00e9gio que Deus nos d\u00e1&quot; - Not\u00edcias - Franciscanos<\/title>\n<meta name=\"robots\" content=\"index, follow, max-snippet:-1, max-image-preview:large, max-video-preview:-1\" \/>\n<link rel=\"canonical\" href=\"https:\/\/franciscanos.org.br\/noticias\/ser-franciscano-raul-budal.html\" \/>\n<meta property=\"og:locale\" content=\"pt_BR\" \/>\n<meta property=\"og:type\" content=\"article\" \/>\n<meta property=\"og:title\" content=\"&quot;Ser franciscano \u00e9 um privil\u00e9gio que Deus nos d\u00e1&quot; - Not\u00edcias - Franciscanos\" \/>\n<meta property=\"og:description\" content=\"Entrevista com Frei Raul Budal da Silva\" \/>\n<meta property=\"og:url\" content=\"https:\/\/franciscanos.org.br\/noticias\/ser-franciscano-raul-budal.html\" \/>\n<meta property=\"og:site_name\" content=\"Not\u00edcias - Franciscanos\" \/>\n<meta property=\"article:published_time\" content=\"2018-05-18T12:28:46+00:00\" \/>\n<meta property=\"article:modified_time\" content=\"2020-06-07T18:12:57+00:00\" \/>\n<meta property=\"og:image\" content=\"https:\/\/franciscanos.org.br\/noticias\/wp-content\/uploads\/2018\/05\/raul_180518_-1.jpg\" \/>\n\t<meta property=\"og:image:width\" content=\"273\" \/>\n\t<meta property=\"og:image:height\" content=\"180\" \/>\n\t<meta property=\"og:image:type\" content=\"image\/jpeg\" \/>\n<meta name=\"author\" content=\"freiaugusto\" \/>\n<meta name=\"twitter:card\" content=\"summary_large_image\" \/>\n<meta name=\"twitter:label1\" content=\"Escrito por\" \/>\n\t<meta name=\"twitter:data1\" content=\"freiaugusto\" \/>\n\t<meta name=\"twitter:label2\" content=\"Est. tempo de leitura\" \/>\n\t<meta name=\"twitter:data2\" content=\"7 minutos\" \/>\n<script type=\"application\/ld+json\" class=\"yoast-schema-graph\">{\"@context\":\"https:\/\/schema.org\",\"@graph\":[{\"@type\":\"WebSite\",\"@id\":\"https:\/\/franciscanos.org.br\/noticias\/#website\",\"url\":\"https:\/\/franciscanos.org.br\/noticias\/\",\"name\":\"Not\u00edcias - Franciscanos\",\"description\":\"Prov\u00edncia Franciscana da Imaculada Concei\u00e7\u00e3o do Brasil - Ordem dos Frades Menores - OFM\",\"potentialAction\":[{\"@type\":\"SearchAction\",\"target\":{\"@type\":\"EntryPoint\",\"urlTemplate\":\"https:\/\/franciscanos.org.br\/noticias\/?s={search_term_string}\"},\"query-input\":\"required name=search_term_string\"}],\"inLanguage\":\"pt-BR\"},{\"@type\":\"ImageObject\",\"inLanguage\":\"pt-BR\",\"@id\":\"https:\/\/franciscanos.org.br\/noticias\/ser-franciscano-raul-budal.html#primaryimage\",\"url\":\"https:\/\/franciscanos.org.br\/noticias\/wp-content\/uploads\/2018\/05\/raul_180518_-1.jpg\",\"contentUrl\":\"https:\/\/franciscanos.org.br\/noticias\/wp-content\/uploads\/2018\/05\/raul_180518_-1.jpg\",\"width\":273,\"height\":180},{\"@type\":\"WebPage\",\"@id\":\"https:\/\/franciscanos.org.br\/noticias\/ser-franciscano-raul-budal.html#webpage\",\"url\":\"https:\/\/franciscanos.org.br\/noticias\/ser-franciscano-raul-budal.html\",\"name\":\"\\\"Ser franciscano \u00e9 um privil\u00e9gio que Deus nos d\u00e1\\\" - Not\u00edcias - Franciscanos\",\"isPartOf\":{\"@id\":\"https:\/\/franciscanos.org.br\/noticias\/#website\"},\"primaryImageOfPage\":{\"@id\":\"https:\/\/franciscanos.org.br\/noticias\/ser-franciscano-raul-budal.html#primaryimage\"},\"datePublished\":\"2018-05-18T12:28:46+00:00\",\"dateModified\":\"2020-06-07T18:12:57+00:00\",\"author\":{\"@id\":\"https:\/\/franciscanos.org.br\/noticias\/#\/schema\/person\/37f88f0d111cd5358b12a6556a99eb91\"},\"breadcrumb\":{\"@id\":\"https:\/\/franciscanos.org.br\/noticias\/ser-franciscano-raul-budal.html#breadcrumb\"},\"inLanguage\":\"pt-BR\",\"potentialAction\":[{\"@type\":\"ReadAction\",\"target\":[\"https:\/\/franciscanos.org.br\/noticias\/ser-franciscano-raul-budal.html\"]}]},{\"@type\":\"BreadcrumbList\",\"@id\":\"https:\/\/franciscanos.org.br\/noticias\/ser-franciscano-raul-budal.html#breadcrumb\",\"itemListElement\":[{\"@type\":\"ListItem\",\"position\":1,\"name\":\"Home\",\"item\":\"https:\/\/franciscanos.org.br\/noticias\"},{\"@type\":\"ListItem\",\"position\":2,\"name\":\"&#8220;Ser franciscano \u00e9 um privil\u00e9gio que Deus nos d\u00e1&#8221;\"}]},{\"@type\":\"Person\",\"@id\":\"https:\/\/franciscanos.org.br\/noticias\/#\/schema\/person\/37f88f0d111cd5358b12a6556a99eb91\",\"name\":\"freiaugusto\",\"image\":{\"@type\":\"ImageObject\",\"inLanguage\":\"pt-BR\",\"@id\":\"https:\/\/franciscanos.org.br\/noticias\/#\/schema\/person\/image\/\",\"url\":\"https:\/\/secure.gravatar.com\/avatar\/9840b940e621801b24f3e6b059efb4b7?s=96&d=mm&r=g\",\"contentUrl\":\"https:\/\/secure.gravatar.com\/avatar\/9840b940e621801b24f3e6b059efb4b7?s=96&d=mm&r=g\",\"caption\":\"freiaugusto\"},\"url\":\"https:\/\/franciscanos.org.br\/noticias\/author\/freiaugusto\"}]}<\/script>\n<!-- \/ Yoast SEO plugin. -->","yoast_head_json":{"title":"\"Ser franciscano \u00e9 um privil\u00e9gio que Deus nos d\u00e1\" - Not\u00edcias - Franciscanos","robots":{"index":"index","follow":"follow","max-snippet":"max-snippet:-1","max-image-preview":"max-image-preview:large","max-video-preview":"max-video-preview:-1"},"canonical":"https:\/\/franciscanos.org.br\/noticias\/ser-franciscano-raul-budal.html","og_locale":"pt_BR","og_type":"article","og_title":"\"Ser franciscano \u00e9 um privil\u00e9gio que Deus nos d\u00e1\" - Not\u00edcias - Franciscanos","og_description":"Entrevista com Frei Raul Budal da Silva","og_url":"https:\/\/franciscanos.org.br\/noticias\/ser-franciscano-raul-budal.html","og_site_name":"Not\u00edcias - Franciscanos","article_published_time":"2018-05-18T12:28:46+00:00","article_modified_time":"2020-06-07T18:12:57+00:00","og_image":[{"width":273,"height":180,"url":"https:\/\/franciscanos.org.br\/noticias\/wp-content\/uploads\/2018\/05\/raul_180518_-1.jpg","type":"image\/jpeg"}],"author":"freiaugusto","twitter_card":"summary_large_image","twitter_misc":{"Escrito por":"freiaugusto","Est. tempo de leitura":"7 minutos"},"schema":{"@context":"https:\/\/schema.org","@graph":[{"@type":"WebSite","@id":"https:\/\/franciscanos.org.br\/noticias\/#website","url":"https:\/\/franciscanos.org.br\/noticias\/","name":"Not\u00edcias - Franciscanos","description":"Prov\u00edncia Franciscana da Imaculada Concei\u00e7\u00e3o do Brasil - Ordem dos Frades Menores - OFM","potentialAction":[{"@type":"SearchAction","target":{"@type":"EntryPoint","urlTemplate":"https:\/\/franciscanos.org.br\/noticias\/?s={search_term_string}"},"query-input":"required name=search_term_string"}],"inLanguage":"pt-BR"},{"@type":"ImageObject","inLanguage":"pt-BR","@id":"https:\/\/franciscanos.org.br\/noticias\/ser-franciscano-raul-budal.html#primaryimage","url":"https:\/\/franciscanos.org.br\/noticias\/wp-content\/uploads\/2018\/05\/raul_180518_-1.jpg","contentUrl":"https:\/\/franciscanos.org.br\/noticias\/wp-content\/uploads\/2018\/05\/raul_180518_-1.jpg","width":273,"height":180},{"@type":"WebPage","@id":"https:\/\/franciscanos.org.br\/noticias\/ser-franciscano-raul-budal.html#webpage","url":"https:\/\/franciscanos.org.br\/noticias\/ser-franciscano-raul-budal.html","name":"\"Ser franciscano \u00e9 um privil\u00e9gio que Deus nos d\u00e1\" - Not\u00edcias - Franciscanos","isPartOf":{"@id":"https:\/\/franciscanos.org.br\/noticias\/#website"},"primaryImageOfPage":{"@id":"https:\/\/franciscanos.org.br\/noticias\/ser-franciscano-raul-budal.html#primaryimage"},"datePublished":"2018-05-18T12:28:46+00:00","dateModified":"2020-06-07T18:12:57+00:00","author":{"@id":"https:\/\/franciscanos.org.br\/noticias\/#\/schema\/person\/37f88f0d111cd5358b12a6556a99eb91"},"breadcrumb":{"@id":"https:\/\/franciscanos.org.br\/noticias\/ser-franciscano-raul-budal.html#breadcrumb"},"inLanguage":"pt-BR","potentialAction":[{"@type":"ReadAction","target":["https:\/\/franciscanos.org.br\/noticias\/ser-franciscano-raul-budal.html"]}]},{"@type":"BreadcrumbList","@id":"https:\/\/franciscanos.org.br\/noticias\/ser-franciscano-raul-budal.html#breadcrumb","itemListElement":[{"@type":"ListItem","position":1,"name":"Home","item":"https:\/\/franciscanos.org.br\/noticias"},{"@type":"ListItem","position":2,"name":"&#8220;Ser franciscano \u00e9 um privil\u00e9gio que Deus nos d\u00e1&#8221;"}]},{"@type":"Person","@id":"https:\/\/franciscanos.org.br\/noticias\/#\/schema\/person\/37f88f0d111cd5358b12a6556a99eb91","name":"freiaugusto","image":{"@type":"ImageObject","inLanguage":"pt-BR","@id":"https:\/\/franciscanos.org.br\/noticias\/#\/schema\/person\/image\/","url":"https:\/\/secure.gravatar.com\/avatar\/9840b940e621801b24f3e6b059efb4b7?s=96&d=mm&r=g","contentUrl":"https:\/\/secure.gravatar.com\/avatar\/9840b940e621801b24f3e6b059efb4b7?s=96&d=mm&r=g","caption":"freiaugusto"},"url":"https:\/\/franciscanos.org.br\/noticias\/author\/freiaugusto"}]}},"_links":{"self":[{"href":"https:\/\/franciscanos.org.br\/noticias\/wp-json\/wp\/v2\/posts\/177287"}],"collection":[{"href":"https:\/\/franciscanos.org.br\/noticias\/wp-json\/wp\/v2\/posts"}],"about":[{"href":"https:\/\/franciscanos.org.br\/noticias\/wp-json\/wp\/v2\/types\/post"}],"author":[{"embeddable":true,"href":"https:\/\/franciscanos.org.br\/noticias\/wp-json\/wp\/v2\/users\/5"}],"replies":[{"embeddable":true,"href":"https:\/\/franciscanos.org.br\/noticias\/wp-json\/wp\/v2\/comments?post=177287"}],"version-history":[{"count":1,"href":"https:\/\/franciscanos.org.br\/noticias\/wp-json\/wp\/v2\/posts\/177287\/revisions"}],"predecessor-version":[{"id":224971,"href":"https:\/\/franciscanos.org.br\/noticias\/wp-json\/wp\/v2\/posts\/177287\/revisions\/224971"}],"wp:featuredmedia":[{"embeddable":true,"href":"https:\/\/franciscanos.org.br\/noticias\/wp-json\/wp\/v2\/media\/209729"}],"wp:attachment":[{"href":"https:\/\/franciscanos.org.br\/noticias\/wp-json\/wp\/v2\/media?parent=177287"}],"wp:term":[{"taxonomy":"category","embeddable":true,"href":"https:\/\/franciscanos.org.br\/noticias\/wp-json\/wp\/v2\/categories?post=177287"},{"taxonomy":"post_tag","embeddable":true,"href":"https:\/\/franciscanos.org.br\/noticias\/wp-json\/wp\/v2\/tags?post=177287"}],"curies":[{"name":"wp","href":"https:\/\/api.w.org\/{rel}","templated":true}]}}