{"id":177283,"date":"2018-05-12T09:18:57","date_gmt":"2018-05-12T12:18:57","guid":{"rendered":"http:\/\/franciscanos.org.br\/?p=159331"},"modified":"2020-06-07T15:16:41","modified_gmt":"2020-06-07T18:16:41","slug":"precisamos-uma-nova-lei-aurea-pede-frei-david-educafro","status":"publish","type":"post","link":"https:\/\/franciscanos.org.br\/noticias\/precisamos-uma-nova-lei-aurea-pede-frei-david-educafro.html","title":{"rendered":"&#8220;Precisamos de uma nova Lei \u00c1urea&#8221;"},"content":{"rendered":"<p><img loading=\"lazy\" class=\"alignleft\" src=\"http:\/\/franciscanos.org.br\/wp-content\/uploads\/2018\/05\/frei_david_120518_1.jpg\" alt=\"frei_david_120518_1\" width=\"830\" height=\"450\" \/><strong>Frei Augusto Luiz Gabriel<\/strong><\/p>\n<p><em>H\u00e1 130 anos era assinada a Lei \u00c1urea, marcando oficialmente a Aboli\u00e7\u00e3o da Escravatura no Brasil. No entanto, mais de um s\u00e9culo depois, os problemas persistem: \u201cPrecisamos de uma \u2018nova Lei \u00c1urea\u2019\u201d, afirma Frei David Raimundo dos Santos, presidente da Educafro (Educa\u00e7\u00e3o e Cidadania de Afrodescendentes e Carentes). \u201cEstamos trabalhando uma nova Lei \u00c1urea, com outro nome: Lei de Repara\u00e7\u00e3o\u201d, provoca o franciscano, para quem o negro continua exclu\u00eddo da sociedade e sofre com o racismo latente no Brasil.<\/em><\/p>\n<p><em>A Lei \u00c1urea, assinada pela Princesa Isabel, em 13 de maio de 1888, declarou extinta a escravid\u00e3o no Brasil. Por\u00e9m, os latifundi\u00e1rios n\u00e3o concordaram em n\u00e3o receber nenhuma indeniza\u00e7\u00e3o pelos escravos libertos e, por isso, passaram a apoiar os republicanos. Nesta entrevista, Frei David Santos, que est\u00e1 \u00e0 frente da Educafro, fala sobre o anivers\u00e1rio dos 130 anos da Lei \u00c1urea. Defende que cada negro possa receber uma indeniza\u00e7\u00e3o pelo mal causado a seus antepassados e comenta o atual momento de crise vivido pelo pa\u00eds.<\/em><\/p>\n<p><em>Frei David Raimundo dos Santos nasceu no dia 17 de outubro de 1952, em Nanuque, Minas Gerais (MG), filho de Manuel Rosalino dos Santos e Maria Pereira Gomes. \u00c9 frade franciscano da Prov\u00edncia Franciscana da Imaculada Concei\u00e7\u00e3o do Brasil. Ordenado sacerdote em 16 de julho de 1983, \u00e9 formado em Filosofia e Teologia pelo Instituto Teol\u00f3gico Franciscano de Petr\u00f3polis, com especializa\u00e7\u00e3o em Teologia Sistem\u00e1tica pela Pontif\u00edcia Universidade Nossa Senhora da Assun\u00e7\u00e3o, de S\u00e3o Paulo (SP). H\u00e1 mais de 20 anos, Frei David dedica-se a trabalhos populares, sobretudo na \u00e1rea da educa\u00e7\u00e3o para carentes e afrodescendentes, com participa\u00e7\u00e3o em congressos, semin\u00e1rios e encontros em todo Brasil sobre esse tema. Atualmente tem se destacado como uma das principais figuras do cen\u00e1rio nacional na promo\u00e7\u00e3o do debate sobre pol\u00edticas de a\u00e7\u00f5es afirmativas para afrodescendentes nas Universidades P\u00fablicas.<\/em><\/p>\n<p><strong>CONFIRA A ENTREVISTA:<\/strong><\/p>\n<p><strong>Site Franciscanos\u00a0&#8211; O que falta para que o Brasil avance nas pol\u00edticas afirmativas em favor dos afrodescendentes brasileiros?<\/strong><br \/>\n<strong>Frei David &#8211;<\/strong>\u00a0O que est\u00e1 faltando \u00e9 convencermos o Poder Executivo e o Poder Legislativo de que as leis de a\u00e7\u00e3o afirmativa, j\u00e1 conquistadas por n\u00f3s, precisam ser complementadas. Vemos que falta fiscaliza\u00e7\u00e3o, monitoria e puni\u00e7\u00e3o para os fraudadores. Ent\u00e3o, nosso foco, ao longo dos pr\u00f3ximos anos de 2018 e 2019, ser\u00e1 fortemente na monitoria, controle, fiscaliza\u00e7\u00e3o e puni\u00e7\u00e3o.<\/p>\n<p><strong><img loading=\"lazy\" class=\"alignleft size-full wp-image-179051\" src=\"http:\/\/franciscanos.org.br\/2018\/wp-content\/uploads\/2018\/05\/frei_david_120518_2.jpg\" alt=\"\" width=\"350\" height=\"500\" srcset=\"https:\/\/franciscanos.org.br\/noticias\/wp-content\/uploads\/2018\/05\/frei_david_120518_2.jpg 350w, https:\/\/franciscanos.org.br\/noticias\/wp-content\/uploads\/2018\/05\/frei_david_120518_2-315x450.jpg 315w, https:\/\/franciscanos.org.br\/noticias\/wp-content\/uploads\/2018\/05\/frei_david_120518_2-150x214.jpg 150w\" sizes=\"(max-width: 350px) 100vw, 350px\" \/>Site Franciscanos\u00a0\u2013 Qual \u00e9 o papel da Educafro na constru\u00e7\u00e3o destas pol\u00edticas<\/strong>?<br \/>\n<strong>Frei David &#8211;<\/strong>\u00a0A Educafro tem atuado muito como grande guardi\u00e3 dessas leis, no sentido de que ela est\u00e1 trabalhando para dar qualidade aos resultados. Uma lei por si s\u00f3 n\u00e3o faz nada. Com seu trabalho, a Educafro consegue ent\u00e3o fiscalizar, monitorar e denunciar. Assim, a lei come\u00e7a a ganhar corpo e consist\u00eancia, gerando fruto para o Reino de Deus, e este \u00e9 o nosso foco. Tal fruto consiste em equidade, distribui\u00e7\u00e3o, justi\u00e7a, reconhecimento, partilha, ou seja, os valores teologais. A Educafro \u00e9 radicalmente apaixonada pelos valores teologais do Reino de Deus.<\/p>\n<p><strong>Site Franciscanos\u00a0&#8211; Como o senhor v\u00ea esse momento polarizado na cena pol\u00edtica brasileira? <\/strong><br \/>\n<strong>Frei David &#8211;<\/strong>\u00a0N\u00f3s vivenciamos um Brasil que n\u00e3o esper\u00e1vamos e, por outro lado, n\u00e3o \u00e9 uma polariza\u00e7\u00e3o apenas daqui, mas o mundo todo est\u00e1 polarizado. A elei\u00e7\u00e3o de (Donald) Trump nos EUA mostra muito bem que o mundo n\u00e3o est\u00e1 s\u00f3 polarizado, mas est\u00e1 fortemente manipulado por for\u00e7as estranhas. Portanto, como \u00e9 que estamos vendo esta realidade? Enquanto uns choram, outros vendem len\u00e7os. A Educafro discutiu muito esta conjuntura e decidiu n\u00e3o chorar e sim vender len\u00e7os. Ent\u00e3o, temos intensificado o nosso trabalho quando tudo est\u00e1 confuso. Por exemplo, tivemos v\u00e1rias reuni\u00f5es com o Governador do Esp\u00edrito Santo e j\u00e1 est\u00e1 certo que ele ir\u00e1 assinar a Lei de Cotas para negros no Concurso P\u00fablico do Estado. Tivemos j\u00e1 grande avan\u00e7o com a equipe do Governador de S\u00e3o Paulo. Estamos em contato tamb\u00e9m com o Governador de Sergipe e do Distrito Federal, onde estamos trabalhando para a implementa\u00e7\u00e3o de cotas. A crise est\u00e1 a\u00ed, mas n\u00f3s n\u00e3o queremos deixar a crise ser maior que n\u00f3s; estamos trabalhando intensamente para fazermos avan\u00e7ar as conquistas do povo negro.<\/p>\n<p><strong>Site Franciscanos\u00a0&#8211; Esse momento polarizado ent\u00e3o atrapalha os trabalhos das pol\u00edticas inclusivas?<\/strong><br \/>\n<strong>Frei David &#8211;<\/strong>\u00a0\u00c9 verdade! Toda leitura levaria para esta afirma\u00e7\u00e3o. Ent\u00e3o, qual \u00e9 a nossa estrat\u00e9gia? Sabemos n\u00f3s que, neste momento de crise, poucas leis passariam pela C\u00e2mara dos Deputados. Ent\u00e3o, estamos aproveitando isso e vamos avan\u00e7ando pelas bordas. Deixamos de lado um pouco as lutas centrais junto \u00e0 C\u00e2mara Federal e ao Governo Federal, e estamos trabalhando onde \u00e9 poss\u00edvel trabalhar. Portanto, crise \u00e9 tamb\u00e9m a oportunidade pra voc\u00ea &#8216;fazer-se de novo&#8217;, e estamos caminhando por a\u00ed!<\/p>\n<p><strong>Site Franciscanos\u00a0&#8211; H\u00e1 um acirramento de \u00f3dio nas m\u00eddias sociais com forte dose racista! Como lutar contra isso?<\/strong><br \/>\n<strong>Frei David &#8211;<\/strong>\u00a0N\u00f3s estamos nos articulando para, nos pr\u00f3ximos 12 meses, abrir o maior n\u00famero de processos de toda a hist\u00f3ria do Brasil por racismo. Temos acordo com tr\u00eas grandes escrit\u00f3rios de advocacia. Para se ter uma ideia, apenas um destes escrit\u00f3rios conta com mais de 700 advogados. Ent\u00e3o, o nosso plano \u00e9, tendo em vista esta onda de racismo via internet, abrir muitos processos contra o racismo. N\u00f3s sabemos que a m\u00eddia vive de not\u00edcias, e estes processos v\u00e3o gerar, sim, not\u00edcias; as not\u00edcias geram consci\u00eancia; a consci\u00eancia gera revis\u00e3o de postura; o processo vai gerar puni\u00e7\u00e3o e a puni\u00e7\u00e3o vai gerar revis\u00e3o de atitude das pessoas. Por isso, neste momento de persegui\u00e7\u00e3o e discrimina\u00e7\u00e3o racial via internet vamos abrir esses processos. Portanto, volto a dizer: estamos sabendo usufruir bem da crise.<\/p>\n<p><strong>Site Franciscanos\u00a0&#8211; O Brasil precisa de uma nova Lei \u00c1urea?<\/strong><br \/>\n<strong>Frei David &#8211;<\/strong>\u00a0Esta pergunta \u00e9 bem delicada! Na verdade, analisando a Lei \u00c1urea, a gente percebe que ela \u00e9 considerada a lei mais \u201cchocha\u201d da hist\u00f3ria da humanidade. Porque no Brasil, um pa\u00eds marcadamente negro, quando a Lei \u00c1rea foi assinada, 95% das pessoas negras j\u00e1 estavam vivendo plenamente o processo de liberta\u00e7\u00e3o. Ent\u00e3o, esta lei n\u00e3o libertou ningu\u00e9m, pois quando ela foi assinada j\u00e1 havia acontecido o processo de liberta\u00e7\u00e3o. A fun\u00e7\u00e3o da Irmandade do Ros\u00e1rio dos Homens Pretos era trabalhar e dar 10% do seu sal\u00e1rio para um caixa comum. E todo m\u00eas esta irmandade comprava a liberta\u00e7\u00e3o de pessoas negras. Este foi um processo crescente, de modo que quando a Lei \u00c1urea foi assinada, grande parte da comunidade negra j\u00e1 vivia em liberdade. A Lei \u00c1urea foi apenas uma lei jur\u00eddica.\u00a0\u00c9 importante destacar um detalhe: estamos celebrando 130 anos desta lei, por\u00e9m n\u00e3o era pra ser apenas uma lei \u201cchocha\u201d. A Princesa Isabel, no ano de 1888, solicitou e conseguiu um empr\u00e9stimo muito grande da Inglaterra pra fazer a reforma agr\u00e1ria, e a Inglaterra aprovou e mandou o dinheiro em 1889. Justamente, dias depois, houve a Proclama\u00e7\u00e3o da Rep\u00fablica. Quando o dinheiro chegou ao Brasil, os republicanos desviaram-no. Foi a primeira grande corrup\u00e7\u00e3o no Brasil e at\u00e9 hoje n\u00e3o foi feita uma investiga\u00e7\u00e3o para saber quem roubou o dinheiro destinado a realiza\u00e7\u00e3o da reforma agr\u00e1ria para os negros. Portanto, o negro \u00e9 v\u00edtima duas vezes: da escravid\u00e3o e da corrup\u00e7\u00e3o dos republicanos, que usaram do seu poder mais uma vez para prejudicar o povo negro. Enfim, no momento posso dizer que estamos trabalhando uma nova Leia \u00c1urea, com outro nome: Lei de Repara\u00e7\u00e3o. H\u00e1 um estudo t\u00e9cnico que diz quantos milh\u00f5es o Brasil dever\u00e1 pagar a cada negro brasileiro pelos anos de escravid\u00e3o e explora\u00e7\u00e3o que perduram at\u00e9 hoje. Para se ter uma ideia, este nosso processo \u00e9 baseado no processo que os judeus abriram contra os alem\u00e3es por terem sofrido sete anos de escravid\u00e3o. Ent\u00e3o, todo judeu que provasse que \u00e9 descendente daqueles que foram escravizados, ganhavam uma indeniza\u00e7\u00e3o. Inspirados nesta a\u00e7\u00e3o, estamos lutando e trabalhando uma lei pela repara\u00e7\u00e3o, onde cada negro receber\u00e1 uma indeniza\u00e7\u00e3o pelo mal causado\u00a0aos seus antepassados.<\/p>\n<p><strong>CURIOSIDADES<\/strong><\/p>\n<blockquote><p>A palavra \u201c\u00e1urea\u201d, atribu\u00edda \u00e0 lei que p\u00f4s fim a escravid\u00e3o no Brasil, \u00e9 uma palavra que significa \u201couro\u201d, ao referir-se ao novo per\u00edodo \u201ciluminado\u201d que surgia no pa\u00eds. Em 17 de maio foi rezada uma missa campal em frente ao Pa\u00e7o de S\u00e3o Crist\u00f3v\u00e3o (atual Museu da Quinta da Boa Vista), no Rio de Janeiro, onde esteve presente o escritor Machado de Assis. Por coincid\u00eancia, os debates parlamentares se estenderam at\u00e9 13 de maio, data de nascimento de Dom Jo\u00e3o VI (1767-1826) de Portugal, bisav\u00f4 da Princesa Isabel. Por isso, no dia 13 de maio \u00e9 comemorado o \u201cDia da Aboli\u00e7\u00e3o da Escravatura\u201d.<\/p><\/blockquote>\n","protected":false},"excerpt":{"rendered":"<p>Entrevista com Frei David Raimundo dos Santos<\/p>\n","protected":false},"author":5,"featured_media":223834,"comment_status":"open","ping_status":"open","sticky":false,"template":"","format":"standard","meta":[],"categories":[758],"tags":[996],"acf":[],"yoast_head":"<!-- This site is optimized with the Yoast SEO plugin v19.2 - https:\/\/yoast.com\/wordpress\/plugins\/seo\/ -->\n<title>&quot;Precisamos de uma nova Lei \u00c1urea&quot; - Not\u00edcias - Franciscanos<\/title>\n<meta name=\"robots\" content=\"index, follow, max-snippet:-1, max-image-preview:large, max-video-preview:-1\" \/>\n<link rel=\"canonical\" href=\"https:\/\/franciscanos.org.br\/noticias\/precisamos-uma-nova-lei-aurea-pede-frei-david-educafro.html\" \/>\n<meta property=\"og:locale\" content=\"pt_BR\" \/>\n<meta property=\"og:type\" content=\"article\" \/>\n<meta property=\"og:title\" content=\"&quot;Precisamos de uma nova Lei \u00c1urea&quot; - Not\u00edcias - Franciscanos\" \/>\n<meta property=\"og:description\" content=\"Entrevista com Frei David Raimundo dos Santos\" \/>\n<meta property=\"og:url\" content=\"https:\/\/franciscanos.org.br\/noticias\/precisamos-uma-nova-lei-aurea-pede-frei-david-educafro.html\" \/>\n<meta property=\"og:site_name\" content=\"Not\u00edcias - Franciscanos\" \/>\n<meta property=\"article:published_time\" content=\"2018-05-12T12:18:57+00:00\" \/>\n<meta property=\"article:modified_time\" content=\"2020-06-07T18:16:41+00:00\" \/>\n<meta property=\"og:image\" content=\"https:\/\/franciscanos.org.br\/noticias\/wp-content\/uploads\/2018\/05\/frei_david_120518_3-1.jpg\" \/>\n\t<meta property=\"og:image:width\" content=\"800\" \/>\n\t<meta property=\"og:image:height\" content=\"599\" \/>\n\t<meta property=\"og:image:type\" content=\"image\/jpeg\" \/>\n<meta name=\"author\" content=\"freiaugusto\" \/>\n<meta name=\"twitter:card\" content=\"summary_large_image\" \/>\n<meta name=\"twitter:label1\" content=\"Escrito por\" \/>\n\t<meta name=\"twitter:data1\" content=\"freiaugusto\" \/>\n\t<meta name=\"twitter:label2\" content=\"Est. tempo de leitura\" \/>\n\t<meta name=\"twitter:data2\" content=\"8 minutos\" \/>\n<script type=\"application\/ld+json\" class=\"yoast-schema-graph\">{\"@context\":\"https:\/\/schema.org\",\"@graph\":[{\"@type\":\"WebSite\",\"@id\":\"https:\/\/franciscanos.org.br\/noticias\/#website\",\"url\":\"https:\/\/franciscanos.org.br\/noticias\/\",\"name\":\"Not\u00edcias - Franciscanos\",\"description\":\"Prov\u00edncia Franciscana da Imaculada Concei\u00e7\u00e3o do Brasil - Ordem dos Frades Menores - OFM\",\"potentialAction\":[{\"@type\":\"SearchAction\",\"target\":{\"@type\":\"EntryPoint\",\"urlTemplate\":\"https:\/\/franciscanos.org.br\/noticias\/?s={search_term_string}\"},\"query-input\":\"required name=search_term_string\"}],\"inLanguage\":\"pt-BR\"},{\"@type\":\"ImageObject\",\"inLanguage\":\"pt-BR\",\"@id\":\"https:\/\/franciscanos.org.br\/noticias\/precisamos-uma-nova-lei-aurea-pede-frei-david-educafro.html#primaryimage\",\"url\":\"https:\/\/franciscanos.org.br\/noticias\/wp-content\/uploads\/2018\/05\/frei_david_120518_3-1.jpg\",\"contentUrl\":\"https:\/\/franciscanos.org.br\/noticias\/wp-content\/uploads\/2018\/05\/frei_david_120518_3-1.jpg\",\"width\":800,\"height\":599},{\"@type\":\"WebPage\",\"@id\":\"https:\/\/franciscanos.org.br\/noticias\/precisamos-uma-nova-lei-aurea-pede-frei-david-educafro.html#webpage\",\"url\":\"https:\/\/franciscanos.org.br\/noticias\/precisamos-uma-nova-lei-aurea-pede-frei-david-educafro.html\",\"name\":\"\\\"Precisamos de uma nova Lei \u00c1urea\\\" - Not\u00edcias - Franciscanos\",\"isPartOf\":{\"@id\":\"https:\/\/franciscanos.org.br\/noticias\/#website\"},\"primaryImageOfPage\":{\"@id\":\"https:\/\/franciscanos.org.br\/noticias\/precisamos-uma-nova-lei-aurea-pede-frei-david-educafro.html#primaryimage\"},\"datePublished\":\"2018-05-12T12:18:57+00:00\",\"dateModified\":\"2020-06-07T18:16:41+00:00\",\"author\":{\"@id\":\"https:\/\/franciscanos.org.br\/noticias\/#\/schema\/person\/37f88f0d111cd5358b12a6556a99eb91\"},\"breadcrumb\":{\"@id\":\"https:\/\/franciscanos.org.br\/noticias\/precisamos-uma-nova-lei-aurea-pede-frei-david-educafro.html#breadcrumb\"},\"inLanguage\":\"pt-BR\",\"potentialAction\":[{\"@type\":\"ReadAction\",\"target\":[\"https:\/\/franciscanos.org.br\/noticias\/precisamos-uma-nova-lei-aurea-pede-frei-david-educafro.html\"]}]},{\"@type\":\"BreadcrumbList\",\"@id\":\"https:\/\/franciscanos.org.br\/noticias\/precisamos-uma-nova-lei-aurea-pede-frei-david-educafro.html#breadcrumb\",\"itemListElement\":[{\"@type\":\"ListItem\",\"position\":1,\"name\":\"Home\",\"item\":\"https:\/\/franciscanos.org.br\/noticias\"},{\"@type\":\"ListItem\",\"position\":2,\"name\":\"&#8220;Precisamos de uma nova Lei \u00c1urea&#8221;\"}]},{\"@type\":\"Person\",\"@id\":\"https:\/\/franciscanos.org.br\/noticias\/#\/schema\/person\/37f88f0d111cd5358b12a6556a99eb91\",\"name\":\"freiaugusto\",\"image\":{\"@type\":\"ImageObject\",\"inLanguage\":\"pt-BR\",\"@id\":\"https:\/\/franciscanos.org.br\/noticias\/#\/schema\/person\/image\/\",\"url\":\"https:\/\/secure.gravatar.com\/avatar\/9840b940e621801b24f3e6b059efb4b7?s=96&d=mm&r=g\",\"contentUrl\":\"https:\/\/secure.gravatar.com\/avatar\/9840b940e621801b24f3e6b059efb4b7?s=96&d=mm&r=g\",\"caption\":\"freiaugusto\"},\"url\":\"https:\/\/franciscanos.org.br\/noticias\/author\/freiaugusto\"}]}<\/script>\n<!-- \/ Yoast SEO plugin. -->","yoast_head_json":{"title":"\"Precisamos de uma nova Lei \u00c1urea\" - Not\u00edcias - Franciscanos","robots":{"index":"index","follow":"follow","max-snippet":"max-snippet:-1","max-image-preview":"max-image-preview:large","max-video-preview":"max-video-preview:-1"},"canonical":"https:\/\/franciscanos.org.br\/noticias\/precisamos-uma-nova-lei-aurea-pede-frei-david-educafro.html","og_locale":"pt_BR","og_type":"article","og_title":"\"Precisamos de uma nova Lei \u00c1urea\" - Not\u00edcias - Franciscanos","og_description":"Entrevista com Frei David Raimundo dos Santos","og_url":"https:\/\/franciscanos.org.br\/noticias\/precisamos-uma-nova-lei-aurea-pede-frei-david-educafro.html","og_site_name":"Not\u00edcias - Franciscanos","article_published_time":"2018-05-12T12:18:57+00:00","article_modified_time":"2020-06-07T18:16:41+00:00","og_image":[{"width":800,"height":599,"url":"https:\/\/franciscanos.org.br\/noticias\/wp-content\/uploads\/2018\/05\/frei_david_120518_3-1.jpg","type":"image\/jpeg"}],"author":"freiaugusto","twitter_card":"summary_large_image","twitter_misc":{"Escrito por":"freiaugusto","Est. tempo de leitura":"8 minutos"},"schema":{"@context":"https:\/\/schema.org","@graph":[{"@type":"WebSite","@id":"https:\/\/franciscanos.org.br\/noticias\/#website","url":"https:\/\/franciscanos.org.br\/noticias\/","name":"Not\u00edcias - Franciscanos","description":"Prov\u00edncia Franciscana da Imaculada Concei\u00e7\u00e3o do Brasil - Ordem dos Frades Menores - OFM","potentialAction":[{"@type":"SearchAction","target":{"@type":"EntryPoint","urlTemplate":"https:\/\/franciscanos.org.br\/noticias\/?s={search_term_string}"},"query-input":"required name=search_term_string"}],"inLanguage":"pt-BR"},{"@type":"ImageObject","inLanguage":"pt-BR","@id":"https:\/\/franciscanos.org.br\/noticias\/precisamos-uma-nova-lei-aurea-pede-frei-david-educafro.html#primaryimage","url":"https:\/\/franciscanos.org.br\/noticias\/wp-content\/uploads\/2018\/05\/frei_david_120518_3-1.jpg","contentUrl":"https:\/\/franciscanos.org.br\/noticias\/wp-content\/uploads\/2018\/05\/frei_david_120518_3-1.jpg","width":800,"height":599},{"@type":"WebPage","@id":"https:\/\/franciscanos.org.br\/noticias\/precisamos-uma-nova-lei-aurea-pede-frei-david-educafro.html#webpage","url":"https:\/\/franciscanos.org.br\/noticias\/precisamos-uma-nova-lei-aurea-pede-frei-david-educafro.html","name":"\"Precisamos de uma nova Lei \u00c1urea\" - Not\u00edcias - Franciscanos","isPartOf":{"@id":"https:\/\/franciscanos.org.br\/noticias\/#website"},"primaryImageOfPage":{"@id":"https:\/\/franciscanos.org.br\/noticias\/precisamos-uma-nova-lei-aurea-pede-frei-david-educafro.html#primaryimage"},"datePublished":"2018-05-12T12:18:57+00:00","dateModified":"2020-06-07T18:16:41+00:00","author":{"@id":"https:\/\/franciscanos.org.br\/noticias\/#\/schema\/person\/37f88f0d111cd5358b12a6556a99eb91"},"breadcrumb":{"@id":"https:\/\/franciscanos.org.br\/noticias\/precisamos-uma-nova-lei-aurea-pede-frei-david-educafro.html#breadcrumb"},"inLanguage":"pt-BR","potentialAction":[{"@type":"ReadAction","target":["https:\/\/franciscanos.org.br\/noticias\/precisamos-uma-nova-lei-aurea-pede-frei-david-educafro.html"]}]},{"@type":"BreadcrumbList","@id":"https:\/\/franciscanos.org.br\/noticias\/precisamos-uma-nova-lei-aurea-pede-frei-david-educafro.html#breadcrumb","itemListElement":[{"@type":"ListItem","position":1,"name":"Home","item":"https:\/\/franciscanos.org.br\/noticias"},{"@type":"ListItem","position":2,"name":"&#8220;Precisamos de uma nova Lei \u00c1urea&#8221;"}]},{"@type":"Person","@id":"https:\/\/franciscanos.org.br\/noticias\/#\/schema\/person\/37f88f0d111cd5358b12a6556a99eb91","name":"freiaugusto","image":{"@type":"ImageObject","inLanguage":"pt-BR","@id":"https:\/\/franciscanos.org.br\/noticias\/#\/schema\/person\/image\/","url":"https:\/\/secure.gravatar.com\/avatar\/9840b940e621801b24f3e6b059efb4b7?s=96&d=mm&r=g","contentUrl":"https:\/\/secure.gravatar.com\/avatar\/9840b940e621801b24f3e6b059efb4b7?s=96&d=mm&r=g","caption":"freiaugusto"},"url":"https:\/\/franciscanos.org.br\/noticias\/author\/freiaugusto"}]}},"_links":{"self":[{"href":"https:\/\/franciscanos.org.br\/noticias\/wp-json\/wp\/v2\/posts\/177283"}],"collection":[{"href":"https:\/\/franciscanos.org.br\/noticias\/wp-json\/wp\/v2\/posts"}],"about":[{"href":"https:\/\/franciscanos.org.br\/noticias\/wp-json\/wp\/v2\/types\/post"}],"author":[{"embeddable":true,"href":"https:\/\/franciscanos.org.br\/noticias\/wp-json\/wp\/v2\/users\/5"}],"replies":[{"embeddable":true,"href":"https:\/\/franciscanos.org.br\/noticias\/wp-json\/wp\/v2\/comments?post=177283"}],"version-history":[{"count":1,"href":"https:\/\/franciscanos.org.br\/noticias\/wp-json\/wp\/v2\/posts\/177283\/revisions"}],"predecessor-version":[{"id":223835,"href":"https:\/\/franciscanos.org.br\/noticias\/wp-json\/wp\/v2\/posts\/177283\/revisions\/223835"}],"wp:featuredmedia":[{"embeddable":true,"href":"https:\/\/franciscanos.org.br\/noticias\/wp-json\/wp\/v2\/media\/223834"}],"wp:attachment":[{"href":"https:\/\/franciscanos.org.br\/noticias\/wp-json\/wp\/v2\/media?parent=177283"}],"wp:term":[{"taxonomy":"category","embeddable":true,"href":"https:\/\/franciscanos.org.br\/noticias\/wp-json\/wp\/v2\/categories?post=177283"},{"taxonomy":"post_tag","embeddable":true,"href":"https:\/\/franciscanos.org.br\/noticias\/wp-json\/wp\/v2\/tags?post=177283"}],"curies":[{"name":"wp","href":"https:\/\/api.w.org\/{rel}","templated":true}]}}