{"id":17692,"date":"2012-05-16T07:30:12","date_gmt":"2012-05-16T10:30:12","guid":{"rendered":"http:\/\/new.franciscanos.org.br\/?p=17692"},"modified":"2021-04-19T22:32:44","modified_gmt":"2021-04-20T01:32:44","slug":"frades-artistas-da-provincia-realizam-3o-encontro-em-petropolis","status":"publish","type":"post","link":"https:\/\/franciscanos.org.br\/noticias\/frades-artistas-da-provincia-realizam-3o-encontro-em-petropolis.html","title":{"rendered":"Frades artistas da Prov\u00edncia realizam 3\u00ba Encontro em Petr\u00f3polis"},"content":{"rendered":"<p><img loading=\"lazy\" class=\"alignnone size-full wp-image-194754\" src=\"https:\/\/franciscanos.org.br\/noticias\/wp-content\/uploads\/2012\/05\/via_170119.jpg\" alt=\"\" width=\"890\" height=\"591\" srcset=\"https:\/\/franciscanos.org.br\/noticias\/wp-content\/uploads\/2012\/05\/via_170119.jpg 890w, https:\/\/franciscanos.org.br\/noticias\/wp-content\/uploads\/2012\/05\/via_170119-450x299.jpg 450w, https:\/\/franciscanos.org.br\/noticias\/wp-content\/uploads\/2012\/05\/via_170119-768x510.jpg 768w, https:\/\/franciscanos.org.br\/noticias\/wp-content\/uploads\/2012\/05\/via_170119-150x100.jpg 150w\" sizes=\"(max-width: 890px) 100vw, 890px\" \/><\/p>\n<p><strong>Petr\u00f3polis (RJ) \u2013<\/strong> Os frades artistas da Prov\u00edncia Franciscana da Imaculada Concei\u00e7\u00e3o do Brasil participam do 3\u00ba Encontro da \u201cVia Pulchritudinis\u201d no Instituto Teol\u00f3gico Franciscano de Petr\u00f3polis (RJ). Os frades, de Norte a Sul do territ\u00f3rio da Prov\u00edncia, reuniram nesta ter\u00e7a-feira (15\/5) para pensarem em como utilizar todos os seus dons naturais e conquistados a servi\u00e7o da evangeliza\u00e7\u00e3o. O encontro termina nesta quarta-feira (16\/5).<\/p>\n<p>Embora o nome \u201cVia Pulchritudinis\u201d n\u00e3o seja t\u00e3o conhecido, ele expressa algo profundo. Dom Filippo Santoro explica: \u201cA Via Pulchritudinis \u00e9 o caminho que nos aproxima de Deus, que leva a Deus por meio da beleza. O outro caminho muito mais percorrido \u00e9 o caminho da verdade e da bondade; mas quando se abandona o caminho da beleza, tamb\u00e9m os outros dois, ao longo do tempo, perdem a sua capacidade de falar \u00e0 intelig\u00eancia e ao cora\u00e7\u00e3o dos homens\u201d. (Santoro, Filippo. <strong>Est\u00e9tica Teol\u00f3gica, a for\u00e7a do fasc\u00ednio crist\u00e3o<\/strong>. Petr\u00f3polis: Vozes, 2008).<\/p>\n<p>A Prov\u00edncia foi a primeira entidade da Ordem dos Frades Menores a realizar \u00a0tal encontro, visto que a mesma pede que se promovam encontros deste cunho. O 1\u00ba Encontro aconteceu de 25 a 28 de maio de 2004, sob o tema \u201cSens\u00edvel olhar pensante\u201d. O 2\u00ba Encontro, realizado entre os dias 19 a 23 de setembro de 2005, teve o tema \u201cTrabalhar melhor os sentimentos\u201d. E, agora, este encontro foi retomado sob o tema \u201cUnidade, Bondade e Beleza\u201d.<\/p>\n<p>O artista \u00e9 aquele que escreve, desenha, pinta, toca, declama e comp\u00f5e com a alma. O artista, por vezes, \u00e9 um \u2018arteiro\u2019 que sutilmente, por meio da beleza, conduz ao sublime. A Prov\u00edncia Franciscana da Imaculada, desde sua origem, sempre teve em suas fileiras frades artistas. Nesta troca de experi\u00eancias, est\u00e3o frades como Frei Roger Brunorio, Frei Walter Hugo de Almeida, Frei Est\u00eav\u00e3o Ottenbreit, Frei Vit\u00f3rio Mazzuco, Frei Odorico Decker, Frei Paulo Ferreira, Frei Airton da Rosa (Soneca), Frei Marcel Freire, Frei Cid Tadeus Passos, Frei Benedito G. G. Gon\u00e7alves (Dito), Frei Felipe Gabriel Alves (Filipinho). Este \u00faltimo, assim como os demais, deu uma prova do zelo para com as coisas do Senhor. Viajou 24 horas para estar presente neste encontro, visto que ele mora em Pato Branco (PR).<\/p>\n<p>Pela manh\u00e3, os artistas refletiram a partir do significado da \u201cVia Pulchritudinis\u201d, apresentado pelo livro de Dom Filipe Santoro (\u201cEst\u00e9tica Teol\u00f3gica, a for\u00e7a do fasc\u00ednio crist\u00e3o\u201d). Discutiram sobre a arte na Prov\u00edncia, seu acervo patrimonial e os frades artistas. Frei Roger Brunorio apresentou sua mais nova obra, o livro: \u201cArte Franciscana no Rio de Janeiro\u201d. Ainda pela manh\u00e3, prestou-se homenagem aos frades artistas j\u00e1 falecidos. Os homenageados foram: Frei Geraldo Roderfeld, falecido em 1988, Frei Fernando Jansen e Frei Clemente Kesselmeier, falecido em 2011.<br \/>\nNa tarde chuvosa e de temperatura baixa na cidade de Petr\u00f3polis, os frades artistas presenciaram a explana\u00e7\u00e3o de Frei El\u00f3i Dion\u00edsio Piva, sobre a arte na Palavra de Deus, bem como a influ\u00eancia da sagrada escritura na arte. E, ao t\u00e9rmino da tarde, os frades compartilharam suas experi\u00eancias.<\/p>\n<p>No segundo dia do encontro, as reflex\u00f5es e partilhas continuar\u00e3o. Ao t\u00e9rmino do Encontro, os frades artistas apresentar\u00e3o suas artes, seja pintura, poesias, poemas e cantos em um momento aberto para os estudantes do ITF. Esta apresenta\u00e7\u00e3o ser\u00e1 transmitida ao vivo pelo site do ITF(www.itf.org.br), a partir das 19h30.<\/p>\n<p><em>&#8220;Nossa palavra inicial chama-se beleza. Ela \u00e9 a \u00faltima palavra que o intelecto pensante pode ter a ousadia de pronunciar, porque ela outra coisa n\u00e3o faz que coroar com aur\u00e9ola de esplendor inalcan\u00e7\u00e1vel o d\u00faplice astro do verdadeiro e do bem e seu indissol\u00favel relacionamento. Essa \u00e9 a beleza desinteressada, sem a qual o velho mundo era incapaz de se entender, mas que silenciosamente se afastou do mundo moderno, dos interesses, para abandon\u00e1-lo \u00e0 sua cobi\u00e7a e \u00e0 sua tristeza.&#8221; (Urs Von Balthasar).<\/em><\/p>\n","protected":false},"excerpt":{"rendered":"<p>3\u00ba Encontro da \u201cVia Pulchritudinis\u201d <\/p>\n","protected":false},"author":1,"featured_media":194755,"comment_status":"open","ping_status":"open","sticky":false,"template":"","format":"standard","meta":[],"categories":[1],"tags":[189,190],"acf":[],"yoast_head":"<!-- This site is optimized with the Yoast SEO plugin v19.2 - https:\/\/yoast.com\/wordpress\/plugins\/seo\/ -->\n<title>Frades artistas da Prov\u00edncia realizam 3\u00ba Encontro em Petr\u00f3polis - Not\u00edcias - Franciscanos<\/title>\n<meta name=\"robots\" content=\"index, follow, max-snippet:-1, max-image-preview:large, max-video-preview:-1\" \/>\n<link rel=\"canonical\" href=\"https:\/\/franciscanos.org.br\/noticias\/frades-artistas-da-provincia-realizam-3o-encontro-em-petropolis.html\" \/>\n<meta property=\"og:locale\" content=\"pt_BR\" \/>\n<meta property=\"og:type\" content=\"article\" \/>\n<meta property=\"og:title\" content=\"Frades artistas da Prov\u00edncia realizam 3\u00ba Encontro em Petr\u00f3polis - Not\u00edcias - Franciscanos\" \/>\n<meta property=\"og:description\" content=\"3\u00ba Encontro da \u201cVia Pulchritudinis\u201d\" \/>\n<meta property=\"og:url\" content=\"https:\/\/franciscanos.org.br\/noticias\/frades-artistas-da-provincia-realizam-3o-encontro-em-petropolis.html\" \/>\n<meta property=\"og:site_name\" content=\"Not\u00edcias - Franciscanos\" \/>\n<meta property=\"article:published_time\" content=\"2012-05-16T10:30:12+00:00\" \/>\n<meta property=\"article:modified_time\" content=\"2021-04-20T01:32:44+00:00\" \/>\n<meta property=\"og:image\" content=\"https:\/\/franciscanos.org.br\/noticias\/wp-content\/uploads\/2012\/05\/via_170119d.jpg\" \/>\n\t<meta property=\"og:image:width\" content=\"273\" \/>\n\t<meta property=\"og:image:height\" content=\"181\" \/>\n\t<meta property=\"og:image:type\" content=\"image\/jpeg\" \/>\n<meta name=\"author\" content=\"admin\" \/>\n<meta name=\"twitter:card\" content=\"summary_large_image\" \/>\n<meta name=\"twitter:label1\" content=\"Escrito por\" \/>\n\t<meta name=\"twitter:data1\" content=\"admin\" \/>\n\t<meta name=\"twitter:label2\" content=\"Est. tempo de leitura\" \/>\n\t<meta name=\"twitter:data2\" content=\"3 minutos\" \/>\n<script type=\"application\/ld+json\" class=\"yoast-schema-graph\">{\"@context\":\"https:\/\/schema.org\",\"@graph\":[{\"@type\":\"WebSite\",\"@id\":\"https:\/\/franciscanos.org.br\/noticias\/#website\",\"url\":\"https:\/\/franciscanos.org.br\/noticias\/\",\"name\":\"Not\u00edcias - Franciscanos\",\"description\":\"Prov\u00edncia Franciscana da Imaculada Concei\u00e7\u00e3o do Brasil - Ordem dos Frades Menores - OFM\",\"potentialAction\":[{\"@type\":\"SearchAction\",\"target\":{\"@type\":\"EntryPoint\",\"urlTemplate\":\"https:\/\/franciscanos.org.br\/noticias\/?s={search_term_string}\"},\"query-input\":\"required name=search_term_string\"}],\"inLanguage\":\"pt-BR\"},{\"@type\":\"ImageObject\",\"inLanguage\":\"pt-BR\",\"@id\":\"https:\/\/franciscanos.org.br\/noticias\/frades-artistas-da-provincia-realizam-3o-encontro-em-petropolis.html#primaryimage\",\"url\":\"https:\/\/franciscanos.org.br\/noticias\/wp-content\/uploads\/2012\/05\/via_170119d.jpg\",\"contentUrl\":\"https:\/\/franciscanos.org.br\/noticias\/wp-content\/uploads\/2012\/05\/via_170119d.jpg\",\"width\":273,\"height\":181},{\"@type\":\"WebPage\",\"@id\":\"https:\/\/franciscanos.org.br\/noticias\/frades-artistas-da-provincia-realizam-3o-encontro-em-petropolis.html#webpage\",\"url\":\"https:\/\/franciscanos.org.br\/noticias\/frades-artistas-da-provincia-realizam-3o-encontro-em-petropolis.html\",\"name\":\"Frades artistas da Prov\u00edncia realizam 3\u00ba Encontro em Petr\u00f3polis - Not\u00edcias - Franciscanos\",\"isPartOf\":{\"@id\":\"https:\/\/franciscanos.org.br\/noticias\/#website\"},\"primaryImageOfPage\":{\"@id\":\"https:\/\/franciscanos.org.br\/noticias\/frades-artistas-da-provincia-realizam-3o-encontro-em-petropolis.html#primaryimage\"},\"datePublished\":\"2012-05-16T10:30:12+00:00\",\"dateModified\":\"2021-04-20T01:32:44+00:00\",\"author\":{\"@id\":\"https:\/\/franciscanos.org.br\/noticias\/#\/schema\/person\/b38fbf43118f02820bd932f2e4b14ad3\"},\"breadcrumb\":{\"@id\":\"https:\/\/franciscanos.org.br\/noticias\/frades-artistas-da-provincia-realizam-3o-encontro-em-petropolis.html#breadcrumb\"},\"inLanguage\":\"pt-BR\",\"potentialAction\":[{\"@type\":\"ReadAction\",\"target\":[\"https:\/\/franciscanos.org.br\/noticias\/frades-artistas-da-provincia-realizam-3o-encontro-em-petropolis.html\"]}]},{\"@type\":\"BreadcrumbList\",\"@id\":\"https:\/\/franciscanos.org.br\/noticias\/frades-artistas-da-provincia-realizam-3o-encontro-em-petropolis.html#breadcrumb\",\"itemListElement\":[{\"@type\":\"ListItem\",\"position\":1,\"name\":\"Home\",\"item\":\"https:\/\/franciscanos.org.br\/noticias\"},{\"@type\":\"ListItem\",\"position\":2,\"name\":\"Frades artistas da Prov\u00edncia realizam 3\u00ba Encontro em Petr\u00f3polis\"}]},{\"@type\":\"Person\",\"@id\":\"https:\/\/franciscanos.org.br\/noticias\/#\/schema\/person\/b38fbf43118f02820bd932f2e4b14ad3\",\"name\":\"admin\",\"image\":{\"@type\":\"ImageObject\",\"inLanguage\":\"pt-BR\",\"@id\":\"https:\/\/franciscanos.org.br\/noticias\/#\/schema\/person\/image\/\",\"url\":\"https:\/\/secure.gravatar.com\/avatar\/e8495742d34d0ba6448ea1c628263b3e?s=96&d=mm&r=g\",\"contentUrl\":\"https:\/\/secure.gravatar.com\/avatar\/e8495742d34d0ba6448ea1c628263b3e?s=96&d=mm&r=g\",\"caption\":\"admin\"},\"url\":\"https:\/\/franciscanos.org.br\/noticias\/author\/admin\"}]}<\/script>\n<!-- \/ Yoast SEO plugin. -->","yoast_head_json":{"title":"Frades artistas da Prov\u00edncia realizam 3\u00ba Encontro em Petr\u00f3polis - Not\u00edcias - Franciscanos","robots":{"index":"index","follow":"follow","max-snippet":"max-snippet:-1","max-image-preview":"max-image-preview:large","max-video-preview":"max-video-preview:-1"},"canonical":"https:\/\/franciscanos.org.br\/noticias\/frades-artistas-da-provincia-realizam-3o-encontro-em-petropolis.html","og_locale":"pt_BR","og_type":"article","og_title":"Frades artistas da Prov\u00edncia realizam 3\u00ba Encontro em Petr\u00f3polis - Not\u00edcias - Franciscanos","og_description":"3\u00ba Encontro da \u201cVia Pulchritudinis\u201d","og_url":"https:\/\/franciscanos.org.br\/noticias\/frades-artistas-da-provincia-realizam-3o-encontro-em-petropolis.html","og_site_name":"Not\u00edcias - Franciscanos","article_published_time":"2012-05-16T10:30:12+00:00","article_modified_time":"2021-04-20T01:32:44+00:00","og_image":[{"width":273,"height":181,"url":"https:\/\/franciscanos.org.br\/noticias\/wp-content\/uploads\/2012\/05\/via_170119d.jpg","type":"image\/jpeg"}],"author":"admin","twitter_card":"summary_large_image","twitter_misc":{"Escrito por":"admin","Est. tempo de leitura":"3 minutos"},"schema":{"@context":"https:\/\/schema.org","@graph":[{"@type":"WebSite","@id":"https:\/\/franciscanos.org.br\/noticias\/#website","url":"https:\/\/franciscanos.org.br\/noticias\/","name":"Not\u00edcias - Franciscanos","description":"Prov\u00edncia Franciscana da Imaculada Concei\u00e7\u00e3o do Brasil - Ordem dos Frades Menores - OFM","potentialAction":[{"@type":"SearchAction","target":{"@type":"EntryPoint","urlTemplate":"https:\/\/franciscanos.org.br\/noticias\/?s={search_term_string}"},"query-input":"required name=search_term_string"}],"inLanguage":"pt-BR"},{"@type":"ImageObject","inLanguage":"pt-BR","@id":"https:\/\/franciscanos.org.br\/noticias\/frades-artistas-da-provincia-realizam-3o-encontro-em-petropolis.html#primaryimage","url":"https:\/\/franciscanos.org.br\/noticias\/wp-content\/uploads\/2012\/05\/via_170119d.jpg","contentUrl":"https:\/\/franciscanos.org.br\/noticias\/wp-content\/uploads\/2012\/05\/via_170119d.jpg","width":273,"height":181},{"@type":"WebPage","@id":"https:\/\/franciscanos.org.br\/noticias\/frades-artistas-da-provincia-realizam-3o-encontro-em-petropolis.html#webpage","url":"https:\/\/franciscanos.org.br\/noticias\/frades-artistas-da-provincia-realizam-3o-encontro-em-petropolis.html","name":"Frades artistas da Prov\u00edncia realizam 3\u00ba Encontro em Petr\u00f3polis - Not\u00edcias - Franciscanos","isPartOf":{"@id":"https:\/\/franciscanos.org.br\/noticias\/#website"},"primaryImageOfPage":{"@id":"https:\/\/franciscanos.org.br\/noticias\/frades-artistas-da-provincia-realizam-3o-encontro-em-petropolis.html#primaryimage"},"datePublished":"2012-05-16T10:30:12+00:00","dateModified":"2021-04-20T01:32:44+00:00","author":{"@id":"https:\/\/franciscanos.org.br\/noticias\/#\/schema\/person\/b38fbf43118f02820bd932f2e4b14ad3"},"breadcrumb":{"@id":"https:\/\/franciscanos.org.br\/noticias\/frades-artistas-da-provincia-realizam-3o-encontro-em-petropolis.html#breadcrumb"},"inLanguage":"pt-BR","potentialAction":[{"@type":"ReadAction","target":["https:\/\/franciscanos.org.br\/noticias\/frades-artistas-da-provincia-realizam-3o-encontro-em-petropolis.html"]}]},{"@type":"BreadcrumbList","@id":"https:\/\/franciscanos.org.br\/noticias\/frades-artistas-da-provincia-realizam-3o-encontro-em-petropolis.html#breadcrumb","itemListElement":[{"@type":"ListItem","position":1,"name":"Home","item":"https:\/\/franciscanos.org.br\/noticias"},{"@type":"ListItem","position":2,"name":"Frades artistas da Prov\u00edncia realizam 3\u00ba Encontro em Petr\u00f3polis"}]},{"@type":"Person","@id":"https:\/\/franciscanos.org.br\/noticias\/#\/schema\/person\/b38fbf43118f02820bd932f2e4b14ad3","name":"admin","image":{"@type":"ImageObject","inLanguage":"pt-BR","@id":"https:\/\/franciscanos.org.br\/noticias\/#\/schema\/person\/image\/","url":"https:\/\/secure.gravatar.com\/avatar\/e8495742d34d0ba6448ea1c628263b3e?s=96&d=mm&r=g","contentUrl":"https:\/\/secure.gravatar.com\/avatar\/e8495742d34d0ba6448ea1c628263b3e?s=96&d=mm&r=g","caption":"admin"},"url":"https:\/\/franciscanos.org.br\/noticias\/author\/admin"}]}},"_links":{"self":[{"href":"https:\/\/franciscanos.org.br\/noticias\/wp-json\/wp\/v2\/posts\/17692"}],"collection":[{"href":"https:\/\/franciscanos.org.br\/noticias\/wp-json\/wp\/v2\/posts"}],"about":[{"href":"https:\/\/franciscanos.org.br\/noticias\/wp-json\/wp\/v2\/types\/post"}],"author":[{"embeddable":true,"href":"https:\/\/franciscanos.org.br\/noticias\/wp-json\/wp\/v2\/users\/1"}],"replies":[{"embeddable":true,"href":"https:\/\/franciscanos.org.br\/noticias\/wp-json\/wp\/v2\/comments?post=17692"}],"version-history":[{"count":1,"href":"https:\/\/franciscanos.org.br\/noticias\/wp-json\/wp\/v2\/posts\/17692\/revisions"}],"predecessor-version":[{"id":226567,"href":"https:\/\/franciscanos.org.br\/noticias\/wp-json\/wp\/v2\/posts\/17692\/revisions\/226567"}],"wp:featuredmedia":[{"embeddable":true,"href":"https:\/\/franciscanos.org.br\/noticias\/wp-json\/wp\/v2\/media\/194755"}],"wp:attachment":[{"href":"https:\/\/franciscanos.org.br\/noticias\/wp-json\/wp\/v2\/media?parent=17692"}],"wp:term":[{"taxonomy":"category","embeddable":true,"href":"https:\/\/franciscanos.org.br\/noticias\/wp-json\/wp\/v2\/categories?post=17692"},{"taxonomy":"post_tag","embeddable":true,"href":"https:\/\/franciscanos.org.br\/noticias\/wp-json\/wp\/v2\/tags?post=17692"}],"curies":[{"name":"wp","href":"https:\/\/api.w.org\/{rel}","templated":true}]}}