{"id":176751,"date":"2018-11-09T12:00:14","date_gmt":"2018-11-09T14:00:14","guid":{"rendered":"http:\/\/franciscanos.org.br\/?p=176751"},"modified":"2018-11-23T10:32:27","modified_gmt":"2018-11-23T12:32:27","slug":"em-roma-ato-em-honra-beato-joao-duns-scotus","status":"publish","type":"post","link":"https:\/\/franciscanos.org.br\/noticias\/em-roma-ato-em-honra-beato-joao-duns-scotus.html","title":{"rendered":"Em Roma, Ato em honra Beato Jo\u00e3o Duns Scotus"},"content":{"rendered":"<p><img loading=\"lazy\" class=\"aligncenter\" src=\"http:\/\/franciscanos.org.br\/wp-content\/uploads\/2018\/11\/scotus_091118-830.jpg\" alt=\"scotus_091118 830\" width=\"1112\" height=\"524\" \/><\/p>\n<p>No dia 8 de novembro de 2018, o tradicional Ato Acad\u00eamico em honra ao Beato Jo\u00e3o Duns Scotus aconteceu na Aula Magna na Pontif\u00edcia Universidade Antonianum, em Roma.<\/p>\n<p>Participaram do evento Frei Marek\u00a0Wach, Secret\u00e1rio Geral da Universidade, a professora Carmela\u00a0Bianco, Frei Josip\u00a0B.\u00a0Percan, Presidente da Comiss\u00e3o Scotista Internacional. O encerramento ficou por conta do Ministro Geral da Ordem dos Frades Menores e o Gr\u00e3o-Chanceler da Universidade, Frei Michael Anthony Perry.<\/p>\n<p>Acompanhe alguns trechos da fala do Ministro Geral:<\/p>\n<p><strong>O pensamento de Jo\u00e3o Duns Scotus<\/strong><\/p>\n<p>Com S\u00e3o Francisco, Scotus est\u00e1 convencido de que \u00e9 poss\u00edvel que os indiv\u00edduos sejam conhecidos como tais, n\u00e3o s\u00f3 por suas caracter\u00edsticas externas, mas tamb\u00e9m por sua \u201checceidade\u201d<a href=\"#_ftn1\" name=\"_ftnref1\">[1]<\/a>. \u00a0Ela \u00e9 conhecida de forma vaga, por meio de uma certa intui\u00e7\u00e3o e, em an\u00e1lise final, sua particularidade continua sendo um mist\u00e9rio oculto. Neste n\u00edvel, a \u201checceidade\u201d \u00e9 incomunic\u00e1vel, \u00e9 uma solid\u00e3o \u00faltima. Isto d\u00e1 a cada pessoa sua import\u00e2ncia \u00fanica e seu valor.<\/p>\n<p><strong>O mundo de hoje<\/strong><\/p>\n<p>Que ensinamento podemos extrair para nosso mundo, onde a dignidade sagrada e o valor de cada indiv\u00edduo s\u00e3o deixados de lado com tanta indiferen\u00e7a e s\u00e3o violados em nome da liberdade pessoal desenfreada, a autonomia e a gan\u00e2ncia ego\u00edstas? Qual poderia ser o rem\u00e9dio ou a solu\u00e7\u00e3o?<\/p>\n<p><strong>O rem\u00e9dio<\/strong><\/p>\n<p>Algu\u00e9m escreveu que o \u00f3dio e a viol\u00eancia destrutiva que nos rodeiam somente podem ser superados pelo amor. Esta n\u00e3o \u00e9 uma tarefa f\u00e1cil, \u00e9 necess\u00e1rio nada menos que uma mudan\u00e7a radical do cora\u00e7\u00e3o (metanoia). Como fam\u00edlia humana, precisamos aprender, ou voltar a aprender, uma forma diferente de olharmos uns para os outros. N\u00e3o somos indiv\u00edduos isolados, incapazes de nos relacionarmos. A individualidade n\u00e3o \u00e9 uma barreira impenetr\u00e1vel. As diferen\u00e7as pessoais n\u00e3o s\u00e3o uma amea\u00e7a frente \u00e0s quais teremos que erguer muros, mas s\u00e3o um dom que deve ser respeitado, valorizado e acolhido.<\/p>\n<p><strong>A tarefa da reflex\u00e3o<\/strong><\/p>\n<p>Para nos inspirarmos e nos apoiarmos neste trabalho, precisamos da ajuda de l\u00edderes que sejam capazes de pensar e que nos apresentem uma vis\u00e3o melhor, que reflitam sobre o que est\u00e1 acontecendo em nosso mundo e identifiquem formas para melhor\u00e1-lo, que extraiam os recursos de nossa tradi\u00e7\u00e3o humana e religiosa como os preceitos b\u00edblicos e as intui\u00e7\u00f5es de pensadores como Scotus, de guias que possam nos revitalizar quando as energias diminuem ou quando esquecemos o que temos que fazer. Isto \u00e9 o que o mundo necessita agora.<\/p>\n<p><em>Confira na \u00edntegra em <a href=\"https:\/\/ofm.org\/it\/blog\/quale-sia-il-contributo-di-giovanni-duns-scoto-nel-mondo-di-oggi-intervento-del-ministro-generale\/\" target=\"_blank\" rel=\"noopener\">italiano <\/a>e <a href=\"https:\/\/ofm.org\/blog\/what-john-duns-scotus-can-contribute-to-our-world-today-closing-remarks-of-the-minister-general\/\" target=\"_blank\" rel=\"noopener\">ingl\u00eas<\/a><\/em><\/p>\n<hr \/>\n<p><big><strong>Sobre o Bem-Aventurado Jo\u00e3o Duns Scotus<\/strong><\/big><\/p>\n<p>Nasceu em Duns, na Esc\u00f3cia, pelos fins de 1265 e, muito jovem ainda, foi recebido na Ordem de S\u00e3o Francisco de Assis. Foi ordenado presb\u00edtero no dia 17 de mar\u00e7o de 1291. Ap\u00f3s obter a gradua\u00e7\u00e3o acad\u00eamica na Universidade de Sorbonne, em Paris, foi professor nas universidades de Cambridge, Oxford, Paris e, finalmente, em Col\u00f4nia.<\/p>\n<p>Verdadeiro filho do Porevello de Assis, investigou com grande sutileza a divina Revela\u00e7\u00e3o, produzindo muitas obras filos\u00f3ficas e teol\u00f3gicas. Com vigor ardente anunciou o mist\u00e9rio do Verbo Encarnado e foi incans\u00e1vel defensor da Imaculada Concei\u00e7\u00e3o da Virgem Maria e da autoridade do Romano Pont\u00edfice. Em 23 de junho de 1303, por se ter recusado a subscrever o libelo de Filipe IV, o belo, Rei da Fran\u00e7a, contra o Papa Bonif\u00e1cio VIII, foi expulso de Paris, indo para Col\u00f4nia, onde a 8 de novembro de 1308 foi colhido por morte prematura, no auge de sua atividade magisterial.<\/p>\n<p>Saiba mais:\u00a0<a href=\"http:\/\/franciscanos.org.br\/?p=59670\" target=\"_blank\" rel=\"noopener\">http:\/\/franciscanos.org.br\/?p=59670<\/a><\/p>\n<hr \/>\n<blockquote><p><a href=\"#_ftn1\" name=\"_ftnref1\">[1]<\/a>A\u00a0<em>haecceitas<\/em>\u00a0consiste em ser\u00a0<em>haec res<\/em>, esta coisa. Em Pedro e em Paulo est\u00e1 toda a ess\u00eancia humana; mas em Pedro h\u00e1 uma\u00a0<em>formalitas<\/em>\u00a0a mais, que \u00e9 a\u00a0<em>petreidade<\/em>, e em Paulo, a\u00a0<em>paulidade<\/em>. Esse \u00e9 o princ\u00edpio da individua\u00e7\u00e3o em Duns Escoto, que n\u00e3o \u00e9 apenas material, como na metaf\u00edsica tomista, mas tamb\u00e9m formal. (Fonte: <a href=\"https:\/\/sumateologica.wordpress.com\/2010\/04\/14\/os-grandes-temas-da-idade-media-i-os-universais\/\" target=\"_blank\" rel=\"noopener\">sumateologica.wordpress.com<\/a>)<\/p><\/blockquote>\n<p>Fonte: <a href=\"https:\/\/ofm.org\/es\/blog\/cual-es-la-contribucion-de-juan-duns-escoto-en-el-mundo-de-hoy-intervencion-del-ministro-general\/\" target=\"_blank\" rel=\"noopener\">Ordem dos Frades Menores<\/a> | Traduzido por <a href=\"http:\/\/franciscanos.org.br\/?p=176751\" target=\"_blank\" rel=\"noopener\">franciscanos.org.br<\/a><\/p>\n","protected":false},"excerpt":{"rendered":"<p>Frades Menores<\/p>\n","protected":false},"author":1,"featured_media":190987,"comment_status":"open","ping_status":"open","sticky":false,"template":"","format":"standard","meta":[],"categories":[1],"tags":[997,128,397],"acf":[],"yoast_head":"<!-- This site is optimized with the Yoast SEO plugin v19.2 - https:\/\/yoast.com\/wordpress\/plugins\/seo\/ -->\n<title>Em Roma, Ato em honra Beato Jo\u00e3o Duns Scotus - Not\u00edcias - Franciscanos<\/title>\n<meta name=\"robots\" content=\"index, follow, max-snippet:-1, max-image-preview:large, max-video-preview:-1\" \/>\n<link rel=\"canonical\" href=\"https:\/\/franciscanos.org.br\/noticias\/em-roma-ato-em-honra-beato-joao-duns-scotus.html\" \/>\n<meta property=\"og:locale\" content=\"pt_BR\" \/>\n<meta property=\"og:type\" content=\"article\" \/>\n<meta property=\"og:title\" content=\"Em Roma, Ato em honra Beato Jo\u00e3o Duns Scotus - Not\u00edcias - Franciscanos\" \/>\n<meta property=\"og:description\" content=\"Frades Menores\" \/>\n<meta property=\"og:url\" content=\"https:\/\/franciscanos.org.br\/noticias\/em-roma-ato-em-honra-beato-joao-duns-scotus.html\" \/>\n<meta property=\"og:site_name\" content=\"Not\u00edcias - Franciscanos\" \/>\n<meta property=\"article:published_time\" content=\"2018-11-09T14:00:14+00:00\" \/>\n<meta property=\"article:modified_time\" content=\"2018-11-23T12:32:27+00:00\" \/>\n<meta property=\"og:image\" content=\"https:\/\/franciscanos.org.br\/noticias\/wp-content\/uploads\/2018\/11\/scotus_091118-830-1.jpg\" \/>\n\t<meta property=\"og:image:width\" content=\"273\" \/>\n\t<meta property=\"og:image:height\" content=\"181\" \/>\n\t<meta property=\"og:image:type\" content=\"image\/jpeg\" \/>\n<meta name=\"author\" content=\"admin\" \/>\n<meta name=\"twitter:card\" content=\"summary_large_image\" \/>\n<meta name=\"twitter:label1\" content=\"Escrito por\" \/>\n\t<meta name=\"twitter:data1\" content=\"admin\" \/>\n\t<meta name=\"twitter:label2\" content=\"Est. tempo de leitura\" \/>\n\t<meta name=\"twitter:data2\" content=\"3 minutos\" \/>\n<script type=\"application\/ld+json\" class=\"yoast-schema-graph\">{\"@context\":\"https:\/\/schema.org\",\"@graph\":[{\"@type\":\"WebSite\",\"@id\":\"https:\/\/franciscanos.org.br\/noticias\/#website\",\"url\":\"https:\/\/franciscanos.org.br\/noticias\/\",\"name\":\"Not\u00edcias - Franciscanos\",\"description\":\"Prov\u00edncia Franciscana da Imaculada Concei\u00e7\u00e3o do Brasil - Ordem dos Frades Menores - OFM\",\"potentialAction\":[{\"@type\":\"SearchAction\",\"target\":{\"@type\":\"EntryPoint\",\"urlTemplate\":\"https:\/\/franciscanos.org.br\/noticias\/?s={search_term_string}\"},\"query-input\":\"required name=search_term_string\"}],\"inLanguage\":\"pt-BR\"},{\"@type\":\"ImageObject\",\"inLanguage\":\"pt-BR\",\"@id\":\"https:\/\/franciscanos.org.br\/noticias\/em-roma-ato-em-honra-beato-joao-duns-scotus.html#primaryimage\",\"url\":\"https:\/\/franciscanos.org.br\/noticias\/wp-content\/uploads\/2018\/11\/scotus_091118-830-1.jpg\",\"contentUrl\":\"https:\/\/franciscanos.org.br\/noticias\/wp-content\/uploads\/2018\/11\/scotus_091118-830-1.jpg\",\"width\":273,\"height\":181},{\"@type\":\"WebPage\",\"@id\":\"https:\/\/franciscanos.org.br\/noticias\/em-roma-ato-em-honra-beato-joao-duns-scotus.html#webpage\",\"url\":\"https:\/\/franciscanos.org.br\/noticias\/em-roma-ato-em-honra-beato-joao-duns-scotus.html\",\"name\":\"Em Roma, Ato em honra Beato Jo\u00e3o Duns Scotus - Not\u00edcias - Franciscanos\",\"isPartOf\":{\"@id\":\"https:\/\/franciscanos.org.br\/noticias\/#website\"},\"primaryImageOfPage\":{\"@id\":\"https:\/\/franciscanos.org.br\/noticias\/em-roma-ato-em-honra-beato-joao-duns-scotus.html#primaryimage\"},\"datePublished\":\"2018-11-09T14:00:14+00:00\",\"dateModified\":\"2018-11-23T12:32:27+00:00\",\"author\":{\"@id\":\"https:\/\/franciscanos.org.br\/noticias\/#\/schema\/person\/b38fbf43118f02820bd932f2e4b14ad3\"},\"breadcrumb\":{\"@id\":\"https:\/\/franciscanos.org.br\/noticias\/em-roma-ato-em-honra-beato-joao-duns-scotus.html#breadcrumb\"},\"inLanguage\":\"pt-BR\",\"potentialAction\":[{\"@type\":\"ReadAction\",\"target\":[\"https:\/\/franciscanos.org.br\/noticias\/em-roma-ato-em-honra-beato-joao-duns-scotus.html\"]}]},{\"@type\":\"BreadcrumbList\",\"@id\":\"https:\/\/franciscanos.org.br\/noticias\/em-roma-ato-em-honra-beato-joao-duns-scotus.html#breadcrumb\",\"itemListElement\":[{\"@type\":\"ListItem\",\"position\":1,\"name\":\"Home\",\"item\":\"https:\/\/franciscanos.org.br\/noticias\"},{\"@type\":\"ListItem\",\"position\":2,\"name\":\"Em Roma, Ato em honra Beato Jo\u00e3o Duns Scotus\"}]},{\"@type\":\"Person\",\"@id\":\"https:\/\/franciscanos.org.br\/noticias\/#\/schema\/person\/b38fbf43118f02820bd932f2e4b14ad3\",\"name\":\"admin\",\"image\":{\"@type\":\"ImageObject\",\"inLanguage\":\"pt-BR\",\"@id\":\"https:\/\/franciscanos.org.br\/noticias\/#\/schema\/person\/image\/\",\"url\":\"https:\/\/secure.gravatar.com\/avatar\/e8495742d34d0ba6448ea1c628263b3e?s=96&d=mm&r=g\",\"contentUrl\":\"https:\/\/secure.gravatar.com\/avatar\/e8495742d34d0ba6448ea1c628263b3e?s=96&d=mm&r=g\",\"caption\":\"admin\"},\"url\":\"https:\/\/franciscanos.org.br\/noticias\/author\/admin\"}]}<\/script>\n<!-- \/ Yoast SEO plugin. -->","yoast_head_json":{"title":"Em Roma, Ato em honra Beato Jo\u00e3o Duns Scotus - Not\u00edcias - Franciscanos","robots":{"index":"index","follow":"follow","max-snippet":"max-snippet:-1","max-image-preview":"max-image-preview:large","max-video-preview":"max-video-preview:-1"},"canonical":"https:\/\/franciscanos.org.br\/noticias\/em-roma-ato-em-honra-beato-joao-duns-scotus.html","og_locale":"pt_BR","og_type":"article","og_title":"Em Roma, Ato em honra Beato Jo\u00e3o Duns Scotus - Not\u00edcias - Franciscanos","og_description":"Frades Menores","og_url":"https:\/\/franciscanos.org.br\/noticias\/em-roma-ato-em-honra-beato-joao-duns-scotus.html","og_site_name":"Not\u00edcias - Franciscanos","article_published_time":"2018-11-09T14:00:14+00:00","article_modified_time":"2018-11-23T12:32:27+00:00","og_image":[{"width":273,"height":181,"url":"https:\/\/franciscanos.org.br\/noticias\/wp-content\/uploads\/2018\/11\/scotus_091118-830-1.jpg","type":"image\/jpeg"}],"author":"admin","twitter_card":"summary_large_image","twitter_misc":{"Escrito por":"admin","Est. tempo de leitura":"3 minutos"},"schema":{"@context":"https:\/\/schema.org","@graph":[{"@type":"WebSite","@id":"https:\/\/franciscanos.org.br\/noticias\/#website","url":"https:\/\/franciscanos.org.br\/noticias\/","name":"Not\u00edcias - Franciscanos","description":"Prov\u00edncia Franciscana da Imaculada Concei\u00e7\u00e3o do Brasil - Ordem dos Frades Menores - OFM","potentialAction":[{"@type":"SearchAction","target":{"@type":"EntryPoint","urlTemplate":"https:\/\/franciscanos.org.br\/noticias\/?s={search_term_string}"},"query-input":"required name=search_term_string"}],"inLanguage":"pt-BR"},{"@type":"ImageObject","inLanguage":"pt-BR","@id":"https:\/\/franciscanos.org.br\/noticias\/em-roma-ato-em-honra-beato-joao-duns-scotus.html#primaryimage","url":"https:\/\/franciscanos.org.br\/noticias\/wp-content\/uploads\/2018\/11\/scotus_091118-830-1.jpg","contentUrl":"https:\/\/franciscanos.org.br\/noticias\/wp-content\/uploads\/2018\/11\/scotus_091118-830-1.jpg","width":273,"height":181},{"@type":"WebPage","@id":"https:\/\/franciscanos.org.br\/noticias\/em-roma-ato-em-honra-beato-joao-duns-scotus.html#webpage","url":"https:\/\/franciscanos.org.br\/noticias\/em-roma-ato-em-honra-beato-joao-duns-scotus.html","name":"Em Roma, Ato em honra Beato Jo\u00e3o Duns Scotus - Not\u00edcias - Franciscanos","isPartOf":{"@id":"https:\/\/franciscanos.org.br\/noticias\/#website"},"primaryImageOfPage":{"@id":"https:\/\/franciscanos.org.br\/noticias\/em-roma-ato-em-honra-beato-joao-duns-scotus.html#primaryimage"},"datePublished":"2018-11-09T14:00:14+00:00","dateModified":"2018-11-23T12:32:27+00:00","author":{"@id":"https:\/\/franciscanos.org.br\/noticias\/#\/schema\/person\/b38fbf43118f02820bd932f2e4b14ad3"},"breadcrumb":{"@id":"https:\/\/franciscanos.org.br\/noticias\/em-roma-ato-em-honra-beato-joao-duns-scotus.html#breadcrumb"},"inLanguage":"pt-BR","potentialAction":[{"@type":"ReadAction","target":["https:\/\/franciscanos.org.br\/noticias\/em-roma-ato-em-honra-beato-joao-duns-scotus.html"]}]},{"@type":"BreadcrumbList","@id":"https:\/\/franciscanos.org.br\/noticias\/em-roma-ato-em-honra-beato-joao-duns-scotus.html#breadcrumb","itemListElement":[{"@type":"ListItem","position":1,"name":"Home","item":"https:\/\/franciscanos.org.br\/noticias"},{"@type":"ListItem","position":2,"name":"Em Roma, Ato em honra Beato Jo\u00e3o Duns Scotus"}]},{"@type":"Person","@id":"https:\/\/franciscanos.org.br\/noticias\/#\/schema\/person\/b38fbf43118f02820bd932f2e4b14ad3","name":"admin","image":{"@type":"ImageObject","inLanguage":"pt-BR","@id":"https:\/\/franciscanos.org.br\/noticias\/#\/schema\/person\/image\/","url":"https:\/\/secure.gravatar.com\/avatar\/e8495742d34d0ba6448ea1c628263b3e?s=96&d=mm&r=g","contentUrl":"https:\/\/secure.gravatar.com\/avatar\/e8495742d34d0ba6448ea1c628263b3e?s=96&d=mm&r=g","caption":"admin"},"url":"https:\/\/franciscanos.org.br\/noticias\/author\/admin"}]}},"_links":{"self":[{"href":"https:\/\/franciscanos.org.br\/noticias\/wp-json\/wp\/v2\/posts\/176751"}],"collection":[{"href":"https:\/\/franciscanos.org.br\/noticias\/wp-json\/wp\/v2\/posts"}],"about":[{"href":"https:\/\/franciscanos.org.br\/noticias\/wp-json\/wp\/v2\/types\/post"}],"author":[{"embeddable":true,"href":"https:\/\/franciscanos.org.br\/noticias\/wp-json\/wp\/v2\/users\/1"}],"replies":[{"embeddable":true,"href":"https:\/\/franciscanos.org.br\/noticias\/wp-json\/wp\/v2\/comments?post=176751"}],"version-history":[{"count":0,"href":"https:\/\/franciscanos.org.br\/noticias\/wp-json\/wp\/v2\/posts\/176751\/revisions"}],"wp:featuredmedia":[{"embeddable":true,"href":"https:\/\/franciscanos.org.br\/noticias\/wp-json\/wp\/v2\/media\/190987"}],"wp:attachment":[{"href":"https:\/\/franciscanos.org.br\/noticias\/wp-json\/wp\/v2\/media?parent=176751"}],"wp:term":[{"taxonomy":"category","embeddable":true,"href":"https:\/\/franciscanos.org.br\/noticias\/wp-json\/wp\/v2\/categories?post=176751"},{"taxonomy":"post_tag","embeddable":true,"href":"https:\/\/franciscanos.org.br\/noticias\/wp-json\/wp\/v2\/tags?post=176751"}],"curies":[{"name":"wp","href":"https:\/\/api.w.org\/{rel}","templated":true}]}}