{"id":176727,"date":"2018-11-09T09:17:48","date_gmt":"2018-11-09T11:17:48","guid":{"rendered":"http:\/\/franciscanos.org.br\/?p=176727"},"modified":"2020-06-06T16:43:38","modified_gmt":"2020-06-06T19:43:38","slug":"evitar-uma-lista-de-precos-para-os-sacramentos","status":"publish","type":"post","link":"https:\/\/franciscanos.org.br\/noticias\/evitar-uma-lista-de-precos-para-os-sacramentos.html","title":{"rendered":"Papa pede: Evitar uma lista de pre\u00e7os para os Sacramentos"},"content":{"rendered":"<p><img loading=\"lazy\" class=\"alignleft\" src=\"http:\/\/franciscanos.org.br\/wp-content\/uploads\/2018\/11\/marta_091118.jpg\" alt=\"marta_091118\" width=\"830\" height=\"401\" \/><strong>Cidade do Vaticano<\/strong> &#8211; O Papa Francisco iniciou a sexta-feira (09\/11) celebrando a missa na capela de sua resid\u00eancia, a Casa Santa Marta. Na homilia, ele comentou o Evangelho do dia, extra\u00eddo de Jo\u00e3o, explicando as motiva\u00e7\u00f5es que levam \u00e0 agressividade de Jesus, que expulsa violentamente os mercantes do Templo. O Filho de Deus \u00e9 impulsionado pelo amor, \u201cpelo zelo\u201d que sente pela casa do Senhor, \u201cconvertida num mercado\u201d.<\/p>\n<p>Entrando no templo, onde se vendiam bois, ovelhas e pombas, na presen\u00e7a dos cambistas, Jesus reconhece que aquele lugar era povoado por idolatras, homens prontos a servir ao \u201cdinheiro\u201d ao inv\u00e9s de \u201cDeus\u201d. \u201cPor tr\u00e1s do dinheiro h\u00e1 o \u00eddolo\u201d, destacou Francisco, os \u00eddolos s\u00e3o sempre de ouro. E os \u00eddolos escravizam: &#8220;Isso nos chama a aten\u00e7\u00e3o e nos faz pensar em como n\u00f3s tratamos os nossos templos, as nossas igrejas; se realmente s\u00e3o casa de Deus, casa de ora\u00e7\u00e3o, de encontro com o Senhor; se os sacerdotes favorecem isso. Ou se parecem com os mercados. Eu sei&#8230; algumas vezes eu vi \u2013 n\u00e3o aqui em Roma, mas em outro lugar \u2013 vi uma lista de pre\u00e7os. \u201cMas como pagar pelos Sacramentos?\u201d. \u201cN\u00e3o, \u00e9 uma oferta\u201d. Mas se querem dar uma oferta \u2013 e devem d\u00e1-la \u2013 que a coloquem na caixa das ofertas, escondido, que ningu\u00e9m veja quanto est\u00e1 dando. Tamb\u00e9m hoje existe este perigo: \u201cMas devemos manter a Igreja. Sim, sim, sim, realmente.\u201d Que os fi\u00e9is a mantenham, mas na caixa das ofertas, n\u00e3o com uma lista de pre\u00e7os.&#8221;<\/p>\n<p><strong>Que as igrejas n\u00e3o se tornem mercado<\/strong><\/p>\n<p>Sobre a tenta\u00e7\u00e3o da mundanidade, o Papa alertou. &#8220;Pensemos em algumas celebra\u00e7\u00f5es de algum Sacramento talvez, ou comemorativas, onde voc\u00ea vai e v\u00ea: n\u00e3o sabe se \u00e9 um local de culto, a casa de Deus ou uma sal\u00e3o social. Algumas celebra\u00e7\u00f5es que escorregam para a mundanidade. \u00c9 verdade que as celebra\u00e7\u00f5es t\u00eam que ser bonitas \u2013 bonitas \u2013, mas n\u00e3o mundanas, porque a mundanidade depende do deus dinheiro. \u00c9 uma idolatria tamb\u00e9m. Isso nos faz pensar, e tamb\u00e9m no que diz respeito a n\u00f3s: como \u00e9 o nosso zelo pelas nossas igrejas, o respeito que n\u00f3s temos ali quando entramos.<\/p>\n<p><strong>O templo do cora\u00e7\u00e3o<\/strong><\/p>\n<p>O Pont\u00edfice refletiu depois sobre a primeira carta de S\u00e3o Paulo aos Cor\u00edntios, esclarecendo que tamb\u00e9m o cora\u00e7\u00e3o de cada um de n\u00f3s representa \u201cum templo: templo de Deus\u201d. Mesmo conscientes de sermos pecadores, portanto, cada um deveria interrogar o pr\u00f3prio cora\u00e7\u00e3o para verificar se \u00e9 \u201cmundano e idolatra\u201d.<\/p>\n<p>Eu n\u00e3o pergunto qual \u00e9 o seu pecado, o meu pecado. Pergunto se existe dentro de voc\u00ea um \u00eddolo, se h\u00e1 o senhor dinheiro. Porque quando existe o pecado h\u00e1 o Senhor Deus misericordioso que perdoa se voc\u00ea vai at\u00e9 Ele. Mas se h\u00e1 o outro senhor \u2013 o deus dinheiro \u2013 voc\u00ea \u00e9 um idolatra, isto \u00e9, um corrupto: n\u00e3o mais um pecador, mas um corrupto. O cerne da corrup\u00e7\u00e3o \u00e9 justamente uma idolatria: \u00e9 ter vendido a alma ao deus dinheiro, ao deus poder. \u00c9 um idolatra.<\/p>\n<hr \/>\n<p><em>Fonte: Vatican News<\/em><\/p>\n","protected":false},"excerpt":{"rendered":"<p>Missa em Santa Marta<\/p>\n","protected":false},"author":1,"featured_media":190111,"comment_status":"open","ping_status":"open","sticky":false,"template":"","format":"standard","meta":[],"categories":[1428],"tags":[1586],"acf":[],"yoast_head":"<!-- This site is optimized with the Yoast SEO plugin v19.2 - https:\/\/yoast.com\/wordpress\/plugins\/seo\/ -->\n<title>Papa pede: Evitar uma lista de pre\u00e7os para os Sacramentos - Not\u00edcias - Franciscanos<\/title>\n<meta name=\"robots\" content=\"index, follow, max-snippet:-1, max-image-preview:large, max-video-preview:-1\" \/>\n<link rel=\"canonical\" href=\"https:\/\/franciscanos.org.br\/noticias\/evitar-uma-lista-de-precos-para-os-sacramentos.html\" \/>\n<meta property=\"og:locale\" content=\"pt_BR\" \/>\n<meta property=\"og:type\" content=\"article\" \/>\n<meta property=\"og:title\" content=\"Papa pede: Evitar uma lista de pre\u00e7os para os Sacramentos - Not\u00edcias - Franciscanos\" \/>\n<meta property=\"og:description\" content=\"Missa em Santa Marta\" \/>\n<meta property=\"og:url\" content=\"https:\/\/franciscanos.org.br\/noticias\/evitar-uma-lista-de-precos-para-os-sacramentos.html\" \/>\n<meta property=\"og:site_name\" content=\"Not\u00edcias - Franciscanos\" \/>\n<meta property=\"article:published_time\" content=\"2018-11-09T11:17:48+00:00\" \/>\n<meta property=\"article:modified_time\" content=\"2020-06-06T19:43:38+00:00\" \/>\n<meta property=\"og:image\" content=\"https:\/\/franciscanos.org.br\/noticias\/wp-content\/uploads\/2018\/11\/marta_091118p.jpg\" \/>\n\t<meta property=\"og:image:width\" content=\"273\" \/>\n\t<meta property=\"og:image:height\" content=\"181\" \/>\n\t<meta property=\"og:image:type\" content=\"image\/jpeg\" \/>\n<meta name=\"author\" content=\"admin\" \/>\n<meta name=\"twitter:card\" content=\"summary_large_image\" \/>\n<meta name=\"twitter:label1\" content=\"Escrito por\" \/>\n\t<meta name=\"twitter:data1\" content=\"admin\" \/>\n\t<meta name=\"twitter:label2\" content=\"Est. tempo de leitura\" \/>\n\t<meta name=\"twitter:data2\" content=\"3 minutos\" \/>\n<script type=\"application\/ld+json\" class=\"yoast-schema-graph\">{\"@context\":\"https:\/\/schema.org\",\"@graph\":[{\"@type\":\"WebSite\",\"@id\":\"https:\/\/franciscanos.org.br\/noticias\/#website\",\"url\":\"https:\/\/franciscanos.org.br\/noticias\/\",\"name\":\"Not\u00edcias - Franciscanos\",\"description\":\"Prov\u00edncia Franciscana da Imaculada Concei\u00e7\u00e3o do Brasil - Ordem dos Frades Menores - OFM\",\"potentialAction\":[{\"@type\":\"SearchAction\",\"target\":{\"@type\":\"EntryPoint\",\"urlTemplate\":\"https:\/\/franciscanos.org.br\/noticias\/?s={search_term_string}\"},\"query-input\":\"required name=search_term_string\"}],\"inLanguage\":\"pt-BR\"},{\"@type\":\"ImageObject\",\"inLanguage\":\"pt-BR\",\"@id\":\"https:\/\/franciscanos.org.br\/noticias\/evitar-uma-lista-de-precos-para-os-sacramentos.html#primaryimage\",\"url\":\"https:\/\/franciscanos.org.br\/noticias\/wp-content\/uploads\/2018\/11\/marta_091118p.jpg\",\"contentUrl\":\"https:\/\/franciscanos.org.br\/noticias\/wp-content\/uploads\/2018\/11\/marta_091118p.jpg\",\"width\":273,\"height\":181},{\"@type\":\"WebPage\",\"@id\":\"https:\/\/franciscanos.org.br\/noticias\/evitar-uma-lista-de-precos-para-os-sacramentos.html#webpage\",\"url\":\"https:\/\/franciscanos.org.br\/noticias\/evitar-uma-lista-de-precos-para-os-sacramentos.html\",\"name\":\"Papa pede: Evitar uma lista de pre\u00e7os para os Sacramentos - Not\u00edcias - Franciscanos\",\"isPartOf\":{\"@id\":\"https:\/\/franciscanos.org.br\/noticias\/#website\"},\"primaryImageOfPage\":{\"@id\":\"https:\/\/franciscanos.org.br\/noticias\/evitar-uma-lista-de-precos-para-os-sacramentos.html#primaryimage\"},\"datePublished\":\"2018-11-09T11:17:48+00:00\",\"dateModified\":\"2020-06-06T19:43:38+00:00\",\"author\":{\"@id\":\"https:\/\/franciscanos.org.br\/noticias\/#\/schema\/person\/b38fbf43118f02820bd932f2e4b14ad3\"},\"breadcrumb\":{\"@id\":\"https:\/\/franciscanos.org.br\/noticias\/evitar-uma-lista-de-precos-para-os-sacramentos.html#breadcrumb\"},\"inLanguage\":\"pt-BR\",\"potentialAction\":[{\"@type\":\"ReadAction\",\"target\":[\"https:\/\/franciscanos.org.br\/noticias\/evitar-uma-lista-de-precos-para-os-sacramentos.html\"]}]},{\"@type\":\"BreadcrumbList\",\"@id\":\"https:\/\/franciscanos.org.br\/noticias\/evitar-uma-lista-de-precos-para-os-sacramentos.html#breadcrumb\",\"itemListElement\":[{\"@type\":\"ListItem\",\"position\":1,\"name\":\"Home\",\"item\":\"https:\/\/franciscanos.org.br\/noticias\"},{\"@type\":\"ListItem\",\"position\":2,\"name\":\"Papa pede: Evitar uma lista de pre\u00e7os para os Sacramentos\"}]},{\"@type\":\"Person\",\"@id\":\"https:\/\/franciscanos.org.br\/noticias\/#\/schema\/person\/b38fbf43118f02820bd932f2e4b14ad3\",\"name\":\"admin\",\"image\":{\"@type\":\"ImageObject\",\"inLanguage\":\"pt-BR\",\"@id\":\"https:\/\/franciscanos.org.br\/noticias\/#\/schema\/person\/image\/\",\"url\":\"https:\/\/secure.gravatar.com\/avatar\/e8495742d34d0ba6448ea1c628263b3e?s=96&d=mm&r=g\",\"contentUrl\":\"https:\/\/secure.gravatar.com\/avatar\/e8495742d34d0ba6448ea1c628263b3e?s=96&d=mm&r=g\",\"caption\":\"admin\"},\"url\":\"https:\/\/franciscanos.org.br\/noticias\/author\/admin\"}]}<\/script>\n<!-- \/ Yoast SEO plugin. -->","yoast_head_json":{"title":"Papa pede: Evitar uma lista de pre\u00e7os para os Sacramentos - Not\u00edcias - Franciscanos","robots":{"index":"index","follow":"follow","max-snippet":"max-snippet:-1","max-image-preview":"max-image-preview:large","max-video-preview":"max-video-preview:-1"},"canonical":"https:\/\/franciscanos.org.br\/noticias\/evitar-uma-lista-de-precos-para-os-sacramentos.html","og_locale":"pt_BR","og_type":"article","og_title":"Papa pede: Evitar uma lista de pre\u00e7os para os Sacramentos - Not\u00edcias - Franciscanos","og_description":"Missa em Santa Marta","og_url":"https:\/\/franciscanos.org.br\/noticias\/evitar-uma-lista-de-precos-para-os-sacramentos.html","og_site_name":"Not\u00edcias - Franciscanos","article_published_time":"2018-11-09T11:17:48+00:00","article_modified_time":"2020-06-06T19:43:38+00:00","og_image":[{"width":273,"height":181,"url":"https:\/\/franciscanos.org.br\/noticias\/wp-content\/uploads\/2018\/11\/marta_091118p.jpg","type":"image\/jpeg"}],"author":"admin","twitter_card":"summary_large_image","twitter_misc":{"Escrito por":"admin","Est. tempo de leitura":"3 minutos"},"schema":{"@context":"https:\/\/schema.org","@graph":[{"@type":"WebSite","@id":"https:\/\/franciscanos.org.br\/noticias\/#website","url":"https:\/\/franciscanos.org.br\/noticias\/","name":"Not\u00edcias - Franciscanos","description":"Prov\u00edncia Franciscana da Imaculada Concei\u00e7\u00e3o do Brasil - Ordem dos Frades Menores - OFM","potentialAction":[{"@type":"SearchAction","target":{"@type":"EntryPoint","urlTemplate":"https:\/\/franciscanos.org.br\/noticias\/?s={search_term_string}"},"query-input":"required name=search_term_string"}],"inLanguage":"pt-BR"},{"@type":"ImageObject","inLanguage":"pt-BR","@id":"https:\/\/franciscanos.org.br\/noticias\/evitar-uma-lista-de-precos-para-os-sacramentos.html#primaryimage","url":"https:\/\/franciscanos.org.br\/noticias\/wp-content\/uploads\/2018\/11\/marta_091118p.jpg","contentUrl":"https:\/\/franciscanos.org.br\/noticias\/wp-content\/uploads\/2018\/11\/marta_091118p.jpg","width":273,"height":181},{"@type":"WebPage","@id":"https:\/\/franciscanos.org.br\/noticias\/evitar-uma-lista-de-precos-para-os-sacramentos.html#webpage","url":"https:\/\/franciscanos.org.br\/noticias\/evitar-uma-lista-de-precos-para-os-sacramentos.html","name":"Papa pede: Evitar uma lista de pre\u00e7os para os Sacramentos - Not\u00edcias - Franciscanos","isPartOf":{"@id":"https:\/\/franciscanos.org.br\/noticias\/#website"},"primaryImageOfPage":{"@id":"https:\/\/franciscanos.org.br\/noticias\/evitar-uma-lista-de-precos-para-os-sacramentos.html#primaryimage"},"datePublished":"2018-11-09T11:17:48+00:00","dateModified":"2020-06-06T19:43:38+00:00","author":{"@id":"https:\/\/franciscanos.org.br\/noticias\/#\/schema\/person\/b38fbf43118f02820bd932f2e4b14ad3"},"breadcrumb":{"@id":"https:\/\/franciscanos.org.br\/noticias\/evitar-uma-lista-de-precos-para-os-sacramentos.html#breadcrumb"},"inLanguage":"pt-BR","potentialAction":[{"@type":"ReadAction","target":["https:\/\/franciscanos.org.br\/noticias\/evitar-uma-lista-de-precos-para-os-sacramentos.html"]}]},{"@type":"BreadcrumbList","@id":"https:\/\/franciscanos.org.br\/noticias\/evitar-uma-lista-de-precos-para-os-sacramentos.html#breadcrumb","itemListElement":[{"@type":"ListItem","position":1,"name":"Home","item":"https:\/\/franciscanos.org.br\/noticias"},{"@type":"ListItem","position":2,"name":"Papa pede: Evitar uma lista de pre\u00e7os para os Sacramentos"}]},{"@type":"Person","@id":"https:\/\/franciscanos.org.br\/noticias\/#\/schema\/person\/b38fbf43118f02820bd932f2e4b14ad3","name":"admin","image":{"@type":"ImageObject","inLanguage":"pt-BR","@id":"https:\/\/franciscanos.org.br\/noticias\/#\/schema\/person\/image\/","url":"https:\/\/secure.gravatar.com\/avatar\/e8495742d34d0ba6448ea1c628263b3e?s=96&d=mm&r=g","contentUrl":"https:\/\/secure.gravatar.com\/avatar\/e8495742d34d0ba6448ea1c628263b3e?s=96&d=mm&r=g","caption":"admin"},"url":"https:\/\/franciscanos.org.br\/noticias\/author\/admin"}]}},"_links":{"self":[{"href":"https:\/\/franciscanos.org.br\/noticias\/wp-json\/wp\/v2\/posts\/176727"}],"collection":[{"href":"https:\/\/franciscanos.org.br\/noticias\/wp-json\/wp\/v2\/posts"}],"about":[{"href":"https:\/\/franciscanos.org.br\/noticias\/wp-json\/wp\/v2\/types\/post"}],"author":[{"embeddable":true,"href":"https:\/\/franciscanos.org.br\/noticias\/wp-json\/wp\/v2\/users\/1"}],"replies":[{"embeddable":true,"href":"https:\/\/franciscanos.org.br\/noticias\/wp-json\/wp\/v2\/comments?post=176727"}],"version-history":[{"count":1,"href":"https:\/\/franciscanos.org.br\/noticias\/wp-json\/wp\/v2\/posts\/176727\/revisions"}],"predecessor-version":[{"id":224700,"href":"https:\/\/franciscanos.org.br\/noticias\/wp-json\/wp\/v2\/posts\/176727\/revisions\/224700"}],"wp:featuredmedia":[{"embeddable":true,"href":"https:\/\/franciscanos.org.br\/noticias\/wp-json\/wp\/v2\/media\/190111"}],"wp:attachment":[{"href":"https:\/\/franciscanos.org.br\/noticias\/wp-json\/wp\/v2\/media?parent=176727"}],"wp:term":[{"taxonomy":"category","embeddable":true,"href":"https:\/\/franciscanos.org.br\/noticias\/wp-json\/wp\/v2\/categories?post=176727"},{"taxonomy":"post_tag","embeddable":true,"href":"https:\/\/franciscanos.org.br\/noticias\/wp-json\/wp\/v2\/tags?post=176727"}],"curies":[{"name":"wp","href":"https:\/\/api.w.org\/{rel}","templated":true}]}}