{"id":176692,"date":"2018-11-07T05:21:07","date_gmt":"2018-11-07T07:21:07","guid":{"rendered":"http:\/\/franciscanos.org.br\/?p=176692"},"modified":"2018-11-23T10:47:20","modified_gmt":"2018-11-23T12:47:20","slug":"educafro-participa-do-seminario-consciencia-negra-e-direito-a-igualdade","status":"publish","type":"post","link":"https:\/\/franciscanos.org.br\/noticias\/educafro-participa-do-seminario-consciencia-negra-e-direito-a-igualdade.html","title":{"rendered":"Educafro participa do Semin\u00e1rio \u201cConsci\u00eancia Negra e Direito \u00e0 Igualdade\u201d"},"content":{"rendered":"<p><strong>S\u00e3o Paulo (SP) &#8211;<\/strong> Na pr\u00f3xima segunda-feira (12\/11), a Procuradoria Geral do Estado do Rio de Janeiro (PGE-RJ) e o Centro de Estudos Jur\u00eddicos da Defensoria P\u00fablica do Rio de Janeiro (CEJUR) promovem o semin\u00e1rio \u201cConsci\u00eancia Negra e Direito \u00e0 Igualdade\u201d. O evento acontecer\u00e1 das\u00a014h30 \u00e0s 17h, no\u00a0Audit\u00f3rio Machado Guimar\u00e3es, no Rio de Janeiro (RJ)<\/p>\n<p>Frei David Raimundo Santos, presidente da Educafro, \u00e9 um dos expositores. Al\u00e9m dele, participam\u00a0Christiano Taveira,\u00a0Procurador do Estado do Rio de Janeiro (PGE-RJ); Alcione, cantora, compositora e instrumentista; Mayra Castro, advogada e Mestre em Direito Internacional e Europeu, membro do grupo Mulheres do Brasil.<\/p>\n<p>As inscri\u00e7\u00f5es s\u00e3o gratuitas e podem ser feitas atrav\u00e9s do e-mail <a href=\"mailto:%20inscricoescejur@pge.rj.gov.br\" target=\"_blank\" rel=\"noopener\">inscricoescejur@pge.rj.gov.br<\/a><\/p>\n<p>Para mais informa\u00e7\u00f5es sobre a Educafro, acesse a p\u00e1gina do Facebook:\u00a0<strong><a href=\"https:\/\/www.facebook.com\/educafrobrasil\" target=\"_blank\" rel=\"noopener\">fb.com\/educafrobrasil<\/a><\/strong><\/p>\n<p><img loading=\"lazy\" class=\"aligncenter\" src=\"http:\/\/franciscanos.org.br\/wp-content\/uploads\/2018\/11\/seminario_081118-830.jpg\" alt=\"seminario_081118 830\" width=\"830\" height=\"1037\" \/><\/p>\n","protected":false},"excerpt":{"rendered":"<p>Direitos<\/p>\n","protected":false},"author":1,"featured_media":191009,"comment_status":"open","ping_status":"open","sticky":false,"template":"","format":"standard","meta":[],"categories":[1],"tags":[866,996],"acf":[],"yoast_head":"<!-- This site is optimized with the Yoast SEO plugin v19.2 - https:\/\/yoast.com\/wordpress\/plugins\/seo\/ -->\n<title>Educafro participa do Semin\u00e1rio \u201cConsci\u00eancia Negra e Direito \u00e0 Igualdade\u201d - Not\u00edcias - Franciscanos<\/title>\n<meta name=\"robots\" content=\"index, follow, max-snippet:-1, max-image-preview:large, max-video-preview:-1\" \/>\n<link rel=\"canonical\" href=\"https:\/\/franciscanos.org.br\/noticias\/educafro-participa-do-seminario-consciencia-negra-e-direito-a-igualdade.html\" \/>\n<meta property=\"og:locale\" content=\"pt_BR\" \/>\n<meta property=\"og:type\" content=\"article\" \/>\n<meta property=\"og:title\" content=\"Educafro participa do Semin\u00e1rio \u201cConsci\u00eancia Negra e Direito \u00e0 Igualdade\u201d - Not\u00edcias - Franciscanos\" \/>\n<meta property=\"og:description\" content=\"Direitos\" \/>\n<meta property=\"og:url\" content=\"https:\/\/franciscanos.org.br\/noticias\/educafro-participa-do-seminario-consciencia-negra-e-direito-a-igualdade.html\" \/>\n<meta property=\"og:site_name\" content=\"Not\u00edcias - Franciscanos\" \/>\n<meta property=\"article:published_time\" content=\"2018-11-07T07:21:07+00:00\" \/>\n<meta property=\"article:modified_time\" content=\"2018-11-23T12:47:20+00:00\" \/>\n<meta property=\"og:image\" content=\"https:\/\/franciscanos.org.br\/noticias\/wp-content\/uploads\/2018\/11\/seminario_081118.jpg\" \/>\n\t<meta property=\"og:image:width\" content=\"273\" \/>\n\t<meta property=\"og:image:height\" content=\"181\" \/>\n\t<meta property=\"og:image:type\" content=\"image\/jpeg\" \/>\n<meta name=\"author\" content=\"admin\" \/>\n<meta name=\"twitter:card\" content=\"summary_large_image\" \/>\n<meta name=\"twitter:label1\" content=\"Escrito por\" \/>\n\t<meta name=\"twitter:data1\" content=\"admin\" \/>\n\t<meta name=\"twitter:label2\" content=\"Est. tempo de leitura\" \/>\n\t<meta name=\"twitter:data2\" content=\"1 minuto\" \/>\n<script type=\"application\/ld+json\" class=\"yoast-schema-graph\">{\"@context\":\"https:\/\/schema.org\",\"@graph\":[{\"@type\":\"WebSite\",\"@id\":\"https:\/\/franciscanos.org.br\/noticias\/#website\",\"url\":\"https:\/\/franciscanos.org.br\/noticias\/\",\"name\":\"Not\u00edcias - Franciscanos\",\"description\":\"Prov\u00edncia Franciscana da Imaculada Concei\u00e7\u00e3o do Brasil - Ordem dos Frades Menores - OFM\",\"potentialAction\":[{\"@type\":\"SearchAction\",\"target\":{\"@type\":\"EntryPoint\",\"urlTemplate\":\"https:\/\/franciscanos.org.br\/noticias\/?s={search_term_string}\"},\"query-input\":\"required name=search_term_string\"}],\"inLanguage\":\"pt-BR\"},{\"@type\":\"ImageObject\",\"inLanguage\":\"pt-BR\",\"@id\":\"https:\/\/franciscanos.org.br\/noticias\/educafro-participa-do-seminario-consciencia-negra-e-direito-a-igualdade.html#primaryimage\",\"url\":\"https:\/\/franciscanos.org.br\/noticias\/wp-content\/uploads\/2018\/11\/seminario_081118.jpg\",\"contentUrl\":\"https:\/\/franciscanos.org.br\/noticias\/wp-content\/uploads\/2018\/11\/seminario_081118.jpg\",\"width\":273,\"height\":181},{\"@type\":\"WebPage\",\"@id\":\"https:\/\/franciscanos.org.br\/noticias\/educafro-participa-do-seminario-consciencia-negra-e-direito-a-igualdade.html#webpage\",\"url\":\"https:\/\/franciscanos.org.br\/noticias\/educafro-participa-do-seminario-consciencia-negra-e-direito-a-igualdade.html\",\"name\":\"Educafro participa do Semin\u00e1rio \u201cConsci\u00eancia Negra e Direito \u00e0 Igualdade\u201d - Not\u00edcias - Franciscanos\",\"isPartOf\":{\"@id\":\"https:\/\/franciscanos.org.br\/noticias\/#website\"},\"primaryImageOfPage\":{\"@id\":\"https:\/\/franciscanos.org.br\/noticias\/educafro-participa-do-seminario-consciencia-negra-e-direito-a-igualdade.html#primaryimage\"},\"datePublished\":\"2018-11-07T07:21:07+00:00\",\"dateModified\":\"2018-11-23T12:47:20+00:00\",\"author\":{\"@id\":\"https:\/\/franciscanos.org.br\/noticias\/#\/schema\/person\/b38fbf43118f02820bd932f2e4b14ad3\"},\"breadcrumb\":{\"@id\":\"https:\/\/franciscanos.org.br\/noticias\/educafro-participa-do-seminario-consciencia-negra-e-direito-a-igualdade.html#breadcrumb\"},\"inLanguage\":\"pt-BR\",\"potentialAction\":[{\"@type\":\"ReadAction\",\"target\":[\"https:\/\/franciscanos.org.br\/noticias\/educafro-participa-do-seminario-consciencia-negra-e-direito-a-igualdade.html\"]}]},{\"@type\":\"BreadcrumbList\",\"@id\":\"https:\/\/franciscanos.org.br\/noticias\/educafro-participa-do-seminario-consciencia-negra-e-direito-a-igualdade.html#breadcrumb\",\"itemListElement\":[{\"@type\":\"ListItem\",\"position\":1,\"name\":\"Home\",\"item\":\"https:\/\/franciscanos.org.br\/noticias\"},{\"@type\":\"ListItem\",\"position\":2,\"name\":\"Educafro participa do Semin\u00e1rio \u201cConsci\u00eancia Negra e Direito \u00e0 Igualdade\u201d\"}]},{\"@type\":\"Person\",\"@id\":\"https:\/\/franciscanos.org.br\/noticias\/#\/schema\/person\/b38fbf43118f02820bd932f2e4b14ad3\",\"name\":\"admin\",\"image\":{\"@type\":\"ImageObject\",\"inLanguage\":\"pt-BR\",\"@id\":\"https:\/\/franciscanos.org.br\/noticias\/#\/schema\/person\/image\/\",\"url\":\"https:\/\/secure.gravatar.com\/avatar\/e8495742d34d0ba6448ea1c628263b3e?s=96&d=mm&r=g\",\"contentUrl\":\"https:\/\/secure.gravatar.com\/avatar\/e8495742d34d0ba6448ea1c628263b3e?s=96&d=mm&r=g\",\"caption\":\"admin\"},\"url\":\"https:\/\/franciscanos.org.br\/noticias\/author\/admin\"}]}<\/script>\n<!-- \/ Yoast SEO plugin. -->","yoast_head_json":{"title":"Educafro participa do Semin\u00e1rio \u201cConsci\u00eancia Negra e Direito \u00e0 Igualdade\u201d - Not\u00edcias - Franciscanos","robots":{"index":"index","follow":"follow","max-snippet":"max-snippet:-1","max-image-preview":"max-image-preview:large","max-video-preview":"max-video-preview:-1"},"canonical":"https:\/\/franciscanos.org.br\/noticias\/educafro-participa-do-seminario-consciencia-negra-e-direito-a-igualdade.html","og_locale":"pt_BR","og_type":"article","og_title":"Educafro participa do Semin\u00e1rio \u201cConsci\u00eancia Negra e Direito \u00e0 Igualdade\u201d - Not\u00edcias - Franciscanos","og_description":"Direitos","og_url":"https:\/\/franciscanos.org.br\/noticias\/educafro-participa-do-seminario-consciencia-negra-e-direito-a-igualdade.html","og_site_name":"Not\u00edcias - Franciscanos","article_published_time":"2018-11-07T07:21:07+00:00","article_modified_time":"2018-11-23T12:47:20+00:00","og_image":[{"width":273,"height":181,"url":"https:\/\/franciscanos.org.br\/noticias\/wp-content\/uploads\/2018\/11\/seminario_081118.jpg","type":"image\/jpeg"}],"author":"admin","twitter_card":"summary_large_image","twitter_misc":{"Escrito por":"admin","Est. tempo de leitura":"1 minuto"},"schema":{"@context":"https:\/\/schema.org","@graph":[{"@type":"WebSite","@id":"https:\/\/franciscanos.org.br\/noticias\/#website","url":"https:\/\/franciscanos.org.br\/noticias\/","name":"Not\u00edcias - Franciscanos","description":"Prov\u00edncia Franciscana da Imaculada Concei\u00e7\u00e3o do Brasil - Ordem dos Frades Menores - OFM","potentialAction":[{"@type":"SearchAction","target":{"@type":"EntryPoint","urlTemplate":"https:\/\/franciscanos.org.br\/noticias\/?s={search_term_string}"},"query-input":"required name=search_term_string"}],"inLanguage":"pt-BR"},{"@type":"ImageObject","inLanguage":"pt-BR","@id":"https:\/\/franciscanos.org.br\/noticias\/educafro-participa-do-seminario-consciencia-negra-e-direito-a-igualdade.html#primaryimage","url":"https:\/\/franciscanos.org.br\/noticias\/wp-content\/uploads\/2018\/11\/seminario_081118.jpg","contentUrl":"https:\/\/franciscanos.org.br\/noticias\/wp-content\/uploads\/2018\/11\/seminario_081118.jpg","width":273,"height":181},{"@type":"WebPage","@id":"https:\/\/franciscanos.org.br\/noticias\/educafro-participa-do-seminario-consciencia-negra-e-direito-a-igualdade.html#webpage","url":"https:\/\/franciscanos.org.br\/noticias\/educafro-participa-do-seminario-consciencia-negra-e-direito-a-igualdade.html","name":"Educafro participa do Semin\u00e1rio \u201cConsci\u00eancia Negra e Direito \u00e0 Igualdade\u201d - Not\u00edcias - Franciscanos","isPartOf":{"@id":"https:\/\/franciscanos.org.br\/noticias\/#website"},"primaryImageOfPage":{"@id":"https:\/\/franciscanos.org.br\/noticias\/educafro-participa-do-seminario-consciencia-negra-e-direito-a-igualdade.html#primaryimage"},"datePublished":"2018-11-07T07:21:07+00:00","dateModified":"2018-11-23T12:47:20+00:00","author":{"@id":"https:\/\/franciscanos.org.br\/noticias\/#\/schema\/person\/b38fbf43118f02820bd932f2e4b14ad3"},"breadcrumb":{"@id":"https:\/\/franciscanos.org.br\/noticias\/educafro-participa-do-seminario-consciencia-negra-e-direito-a-igualdade.html#breadcrumb"},"inLanguage":"pt-BR","potentialAction":[{"@type":"ReadAction","target":["https:\/\/franciscanos.org.br\/noticias\/educafro-participa-do-seminario-consciencia-negra-e-direito-a-igualdade.html"]}]},{"@type":"BreadcrumbList","@id":"https:\/\/franciscanos.org.br\/noticias\/educafro-participa-do-seminario-consciencia-negra-e-direito-a-igualdade.html#breadcrumb","itemListElement":[{"@type":"ListItem","position":1,"name":"Home","item":"https:\/\/franciscanos.org.br\/noticias"},{"@type":"ListItem","position":2,"name":"Educafro participa do Semin\u00e1rio \u201cConsci\u00eancia Negra e Direito \u00e0 Igualdade\u201d"}]},{"@type":"Person","@id":"https:\/\/franciscanos.org.br\/noticias\/#\/schema\/person\/b38fbf43118f02820bd932f2e4b14ad3","name":"admin","image":{"@type":"ImageObject","inLanguage":"pt-BR","@id":"https:\/\/franciscanos.org.br\/noticias\/#\/schema\/person\/image\/","url":"https:\/\/secure.gravatar.com\/avatar\/e8495742d34d0ba6448ea1c628263b3e?s=96&d=mm&r=g","contentUrl":"https:\/\/secure.gravatar.com\/avatar\/e8495742d34d0ba6448ea1c628263b3e?s=96&d=mm&r=g","caption":"admin"},"url":"https:\/\/franciscanos.org.br\/noticias\/author\/admin"}]}},"_links":{"self":[{"href":"https:\/\/franciscanos.org.br\/noticias\/wp-json\/wp\/v2\/posts\/176692"}],"collection":[{"href":"https:\/\/franciscanos.org.br\/noticias\/wp-json\/wp\/v2\/posts"}],"about":[{"href":"https:\/\/franciscanos.org.br\/noticias\/wp-json\/wp\/v2\/types\/post"}],"author":[{"embeddable":true,"href":"https:\/\/franciscanos.org.br\/noticias\/wp-json\/wp\/v2\/users\/1"}],"replies":[{"embeddable":true,"href":"https:\/\/franciscanos.org.br\/noticias\/wp-json\/wp\/v2\/comments?post=176692"}],"version-history":[{"count":0,"href":"https:\/\/franciscanos.org.br\/noticias\/wp-json\/wp\/v2\/posts\/176692\/revisions"}],"wp:featuredmedia":[{"embeddable":true,"href":"https:\/\/franciscanos.org.br\/noticias\/wp-json\/wp\/v2\/media\/191009"}],"wp:attachment":[{"href":"https:\/\/franciscanos.org.br\/noticias\/wp-json\/wp\/v2\/media?parent=176692"}],"wp:term":[{"taxonomy":"category","embeddable":true,"href":"https:\/\/franciscanos.org.br\/noticias\/wp-json\/wp\/v2\/categories?post=176692"},{"taxonomy":"post_tag","embeddable":true,"href":"https:\/\/franciscanos.org.br\/noticias\/wp-json\/wp\/v2\/tags?post=176692"}],"curies":[{"name":"wp","href":"https:\/\/api.w.org\/{rel}","templated":true}]}}