{"id":176670,"date":"2018-11-09T11:45:48","date_gmt":"2018-11-09T13:45:48","guid":{"rendered":"http:\/\/franciscanos.org.br\/?p=176670"},"modified":"2018-11-23T10:35:26","modified_gmt":"2018-11-23T12:35:26","slug":"custodia-do-sagrado-coracao-de-jesus-elege-novo-governo","status":"publish","type":"post","link":"https:\/\/franciscanos.org.br\/noticias\/custodia-do-sagrado-coracao-de-jesus-elege-novo-governo.html","title":{"rendered":"Cust\u00f3dia do Sagrado Cora\u00e7\u00e3o de Jesus elege novo Governo"},"content":{"rendered":"<p><img loading=\"lazy\" class=\"alignleft\" src=\"http:\/\/franciscanos.org.br\/wp-content\/uploads\/2018\/11\/custodia_071118-830.jpg\" alt=\"custodia_071118 830\" width=\"830\" height=\"480\" \/>Reunidos em Cap\u00edtulo Eletivo desde a \u00faltima segunda-feira (5\/11), em \u00a0Brodowski (SP), a Cust\u00f3dia do Sagrado Cora\u00e7\u00e3o de Jesus elegeu nesta quarta-feira (7), um novo Governo Custodial para o tri\u00eanio 2018-2020. Frei Ivo M\u00fcller, frade da Prov\u00edncia da Imaculada Concei\u00e7\u00e3o, foi nomeado Visitador Geral para a Cust\u00f3dia em outubro de 2017.<br \/>\nO Presidente do Cap\u00edtulo, Frei Ivo M\u00fcller, seguiu a Sess\u00e3o de Vota\u00e7\u00e3o conforme o Regimento Interno do Cap\u00edtulo Custodial que rege o modo de votar e apurar os votos.<br \/>\nCom maioria absoluta, Frei Fernando Aparecido dos Santos foi eleito o novo Cust\u00f3dio. Ap\u00f3s a tomada de posse, que foi realizada imediatamente na Capela da Casa de Retiro Dom Lu\u00eds, os frades capitulares retornaram para a sess\u00e3o de vota\u00e7\u00e3o para eleger o Vig\u00e1rio Custodial e os Conselheiros Custodiais que ir\u00e3o compor o Conselho da Cust\u00f3dia no tri\u00eanio.<br \/>\nCom os escrut\u00ednios, Frei Ezimar Alves Pereira foi eleito Vig\u00e1rio Custodial. Frei Bruno Alexandre Scapolan, Frei Roberto Luiz dos Santos, Frei Israel Cardoso e Frei Valdemir Nelo Rufino (Miro) foram eleitos Conselheiros Custodiais. Assim como o Cust\u00f3dio, suas posses s\u00e3o imediatas e conjuntas, diante do Senhor e do Presidente do Cap\u00edtulo.<\/p>\n<p><strong><img loading=\"lazy\" class=\"wp-image-176672 alignleft\" src=\"http:\/\/franciscanos.org.br\/wp-content\/uploads\/2018\/11\/custodio_071118-1.jpg\" alt=\"custodio_071118 1\" width=\"256\" height=\"335\" \/><\/strong><\/p>\n<p><strong>Novo Cust\u00f3dio:<\/strong><\/p>\n<p>Frei Fernando Aparecido dos Santos nasceu em 9 de janeiro de 1971 em Ituverava (SP). Fez a vesti\u00e7\u00e3o na Ordem dos Frades Menores no dia 13 de janeiro de 1992, a Primeira Profiss\u00e3o em 2 de fevereiro de 1993 e a Profiss\u00e3o Solene em 11 de dezembro de 1997. Foi ordenado presb\u00edtero em 2 de fevereiro de 2001. Atualmente residia em Araguari (MG).<\/p>\n<p><strong>Hist\u00f3rico:<\/strong><\/p>\n<p>A pedido do bispo D. Ant\u00f4nio Augusto de Assis, a Prov\u00edncia de S\u00e3o Pedro Ap\u00f3stolo de N\u00e1poles aceitou enviar mission\u00e1rios para a Diocese de Jaboticabal, no Interior de S\u00e3o Paulo. No dia 2 de abril de 1947, partiam do Porto de N\u00e1poles, na It\u00e1lia, dez frades mission\u00e1rios, que foram recebidos na par\u00f3quia do Bom Jesus de Guaraci (SP). A segunda foi a de S\u00e3o Jo\u00e3o Batista de Ol\u00edmpia e, sem seguida, a de Nossa Senhora da Abadia de Cajobi.<br \/>\nOs frades mission\u00e1rios abriram um semin\u00e1rio em Bastos no in\u00edcio dos anos 50 e, em seguida, iniciaram a constru\u00e7\u00e3o do Semin\u00e1rio Nossa Senhora de F\u00e1tima em Mirassol. Deste trabalho de forma\u00e7\u00e3o, saiu o primeiro religioso brasileiro da Cust\u00f3dia: Frei Francisco de Medeiros.<br \/>\nPor decreto do Definit\u00f3rio Geral da Ordem dos Frades Menores e depois de transcorrido um processo de aproxima\u00e7\u00e3o, a partir de 30 de janeiro de 2015, os frades da Funda\u00e7\u00e3o Nossa Senhora de F\u00e1tima, cujo territ\u00f3rio abrangia o Tri\u00e2ngulo Mineiro e o Alto do Parana\u00edba, passaram a integrar a Cust\u00f3dia Franciscana do Sagrado Cora\u00e7\u00e3o de Jesus.<\/p>\n<p>Atualmente, a Cust\u00f3dia est\u00e1 em 11 cidades, localizadas no Nordeste e Centro-Oeste do Estado de S\u00e3o Paulo, o Tri\u00e2ngulo Mineiro e Alto do Parana\u00edba. Desde o in\u00edcio, os frades voltaram seu trabalho para a popula\u00e7\u00e3o mais pobre, especialmente as crian\u00e7as e adolescentes. Devido a isso, a Cust\u00f3dia tem um rede muito grande de trabalhos sociais.<\/p>\n<p>Fonte: <a href=\"http:\/\/www.ofmscj.com.br\/?p=11860\" target=\"_blank\" rel=\"noopener\">ofmscj.com.br<\/a><\/p>\n","protected":false},"excerpt":{"rendered":"<p>Frades Menores<\/p>\n","protected":false},"author":1,"featured_media":190122,"comment_status":"open","ping_status":"open","sticky":false,"template":"","format":"standard","meta":[],"categories":[1],"tags":[397],"acf":[],"yoast_head":"<!-- This site is optimized with the Yoast SEO plugin v19.2 - https:\/\/yoast.com\/wordpress\/plugins\/seo\/ -->\n<title>Cust\u00f3dia do Sagrado Cora\u00e7\u00e3o de Jesus elege novo Governo - Not\u00edcias - Franciscanos<\/title>\n<meta name=\"robots\" content=\"index, follow, max-snippet:-1, max-image-preview:large, max-video-preview:-1\" \/>\n<link rel=\"canonical\" href=\"https:\/\/franciscanos.org.br\/noticias\/custodia-do-sagrado-coracao-de-jesus-elege-novo-governo.html\" \/>\n<meta property=\"og:locale\" content=\"pt_BR\" \/>\n<meta property=\"og:type\" content=\"article\" \/>\n<meta property=\"og:title\" content=\"Cust\u00f3dia do Sagrado Cora\u00e7\u00e3o de Jesus elege novo Governo - Not\u00edcias - Franciscanos\" \/>\n<meta property=\"og:description\" content=\"Frades Menores\" \/>\n<meta property=\"og:url\" content=\"https:\/\/franciscanos.org.br\/noticias\/custodia-do-sagrado-coracao-de-jesus-elege-novo-governo.html\" \/>\n<meta property=\"og:site_name\" content=\"Not\u00edcias - Franciscanos\" \/>\n<meta property=\"article:published_time\" content=\"2018-11-09T13:45:48+00:00\" \/>\n<meta property=\"article:modified_time\" content=\"2018-11-23T12:35:26+00:00\" \/>\n<meta property=\"og:image\" content=\"https:\/\/franciscanos.org.br\/noticias\/wp-content\/uploads\/2018\/11\/custodia.jpg\" \/>\n\t<meta property=\"og:image:width\" content=\"273\" \/>\n\t<meta property=\"og:image:height\" content=\"181\" \/>\n\t<meta property=\"og:image:type\" content=\"image\/jpeg\" \/>\n<meta name=\"author\" content=\"admin\" \/>\n<meta name=\"twitter:card\" content=\"summary_large_image\" \/>\n<meta name=\"twitter:label1\" content=\"Escrito por\" \/>\n\t<meta name=\"twitter:data1\" content=\"admin\" \/>\n\t<meta name=\"twitter:label2\" content=\"Est. tempo de leitura\" \/>\n\t<meta name=\"twitter:data2\" content=\"3 minutos\" \/>\n<script type=\"application\/ld+json\" class=\"yoast-schema-graph\">{\"@context\":\"https:\/\/schema.org\",\"@graph\":[{\"@type\":\"WebSite\",\"@id\":\"https:\/\/franciscanos.org.br\/noticias\/#website\",\"url\":\"https:\/\/franciscanos.org.br\/noticias\/\",\"name\":\"Not\u00edcias - Franciscanos\",\"description\":\"Prov\u00edncia Franciscana da Imaculada Concei\u00e7\u00e3o do Brasil - Ordem dos Frades Menores - OFM\",\"potentialAction\":[{\"@type\":\"SearchAction\",\"target\":{\"@type\":\"EntryPoint\",\"urlTemplate\":\"https:\/\/franciscanos.org.br\/noticias\/?s={search_term_string}\"},\"query-input\":\"required name=search_term_string\"}],\"inLanguage\":\"pt-BR\"},{\"@type\":\"ImageObject\",\"inLanguage\":\"pt-BR\",\"@id\":\"https:\/\/franciscanos.org.br\/noticias\/custodia-do-sagrado-coracao-de-jesus-elege-novo-governo.html#primaryimage\",\"url\":\"https:\/\/franciscanos.org.br\/noticias\/wp-content\/uploads\/2018\/11\/custodia.jpg\",\"contentUrl\":\"https:\/\/franciscanos.org.br\/noticias\/wp-content\/uploads\/2018\/11\/custodia.jpg\",\"width\":273,\"height\":181},{\"@type\":\"WebPage\",\"@id\":\"https:\/\/franciscanos.org.br\/noticias\/custodia-do-sagrado-coracao-de-jesus-elege-novo-governo.html#webpage\",\"url\":\"https:\/\/franciscanos.org.br\/noticias\/custodia-do-sagrado-coracao-de-jesus-elege-novo-governo.html\",\"name\":\"Cust\u00f3dia do Sagrado Cora\u00e7\u00e3o de Jesus elege novo Governo - Not\u00edcias - Franciscanos\",\"isPartOf\":{\"@id\":\"https:\/\/franciscanos.org.br\/noticias\/#website\"},\"primaryImageOfPage\":{\"@id\":\"https:\/\/franciscanos.org.br\/noticias\/custodia-do-sagrado-coracao-de-jesus-elege-novo-governo.html#primaryimage\"},\"datePublished\":\"2018-11-09T13:45:48+00:00\",\"dateModified\":\"2018-11-23T12:35:26+00:00\",\"author\":{\"@id\":\"https:\/\/franciscanos.org.br\/noticias\/#\/schema\/person\/b38fbf43118f02820bd932f2e4b14ad3\"},\"breadcrumb\":{\"@id\":\"https:\/\/franciscanos.org.br\/noticias\/custodia-do-sagrado-coracao-de-jesus-elege-novo-governo.html#breadcrumb\"},\"inLanguage\":\"pt-BR\",\"potentialAction\":[{\"@type\":\"ReadAction\",\"target\":[\"https:\/\/franciscanos.org.br\/noticias\/custodia-do-sagrado-coracao-de-jesus-elege-novo-governo.html\"]}]},{\"@type\":\"BreadcrumbList\",\"@id\":\"https:\/\/franciscanos.org.br\/noticias\/custodia-do-sagrado-coracao-de-jesus-elege-novo-governo.html#breadcrumb\",\"itemListElement\":[{\"@type\":\"ListItem\",\"position\":1,\"name\":\"Home\",\"item\":\"https:\/\/franciscanos.org.br\/noticias\"},{\"@type\":\"ListItem\",\"position\":2,\"name\":\"Cust\u00f3dia do Sagrado Cora\u00e7\u00e3o de Jesus elege novo Governo\"}]},{\"@type\":\"Person\",\"@id\":\"https:\/\/franciscanos.org.br\/noticias\/#\/schema\/person\/b38fbf43118f02820bd932f2e4b14ad3\",\"name\":\"admin\",\"image\":{\"@type\":\"ImageObject\",\"inLanguage\":\"pt-BR\",\"@id\":\"https:\/\/franciscanos.org.br\/noticias\/#\/schema\/person\/image\/\",\"url\":\"https:\/\/secure.gravatar.com\/avatar\/e8495742d34d0ba6448ea1c628263b3e?s=96&d=mm&r=g\",\"contentUrl\":\"https:\/\/secure.gravatar.com\/avatar\/e8495742d34d0ba6448ea1c628263b3e?s=96&d=mm&r=g\",\"caption\":\"admin\"},\"url\":\"https:\/\/franciscanos.org.br\/noticias\/author\/admin\"}]}<\/script>\n<!-- \/ Yoast SEO plugin. -->","yoast_head_json":{"title":"Cust\u00f3dia do Sagrado Cora\u00e7\u00e3o de Jesus elege novo Governo - Not\u00edcias - Franciscanos","robots":{"index":"index","follow":"follow","max-snippet":"max-snippet:-1","max-image-preview":"max-image-preview:large","max-video-preview":"max-video-preview:-1"},"canonical":"https:\/\/franciscanos.org.br\/noticias\/custodia-do-sagrado-coracao-de-jesus-elege-novo-governo.html","og_locale":"pt_BR","og_type":"article","og_title":"Cust\u00f3dia do Sagrado Cora\u00e7\u00e3o de Jesus elege novo Governo - Not\u00edcias - Franciscanos","og_description":"Frades Menores","og_url":"https:\/\/franciscanos.org.br\/noticias\/custodia-do-sagrado-coracao-de-jesus-elege-novo-governo.html","og_site_name":"Not\u00edcias - Franciscanos","article_published_time":"2018-11-09T13:45:48+00:00","article_modified_time":"2018-11-23T12:35:26+00:00","og_image":[{"width":273,"height":181,"url":"https:\/\/franciscanos.org.br\/noticias\/wp-content\/uploads\/2018\/11\/custodia.jpg","type":"image\/jpeg"}],"author":"admin","twitter_card":"summary_large_image","twitter_misc":{"Escrito por":"admin","Est. tempo de leitura":"3 minutos"},"schema":{"@context":"https:\/\/schema.org","@graph":[{"@type":"WebSite","@id":"https:\/\/franciscanos.org.br\/noticias\/#website","url":"https:\/\/franciscanos.org.br\/noticias\/","name":"Not\u00edcias - Franciscanos","description":"Prov\u00edncia Franciscana da Imaculada Concei\u00e7\u00e3o do Brasil - Ordem dos Frades Menores - OFM","potentialAction":[{"@type":"SearchAction","target":{"@type":"EntryPoint","urlTemplate":"https:\/\/franciscanos.org.br\/noticias\/?s={search_term_string}"},"query-input":"required name=search_term_string"}],"inLanguage":"pt-BR"},{"@type":"ImageObject","inLanguage":"pt-BR","@id":"https:\/\/franciscanos.org.br\/noticias\/custodia-do-sagrado-coracao-de-jesus-elege-novo-governo.html#primaryimage","url":"https:\/\/franciscanos.org.br\/noticias\/wp-content\/uploads\/2018\/11\/custodia.jpg","contentUrl":"https:\/\/franciscanos.org.br\/noticias\/wp-content\/uploads\/2018\/11\/custodia.jpg","width":273,"height":181},{"@type":"WebPage","@id":"https:\/\/franciscanos.org.br\/noticias\/custodia-do-sagrado-coracao-de-jesus-elege-novo-governo.html#webpage","url":"https:\/\/franciscanos.org.br\/noticias\/custodia-do-sagrado-coracao-de-jesus-elege-novo-governo.html","name":"Cust\u00f3dia do Sagrado Cora\u00e7\u00e3o de Jesus elege novo Governo - Not\u00edcias - Franciscanos","isPartOf":{"@id":"https:\/\/franciscanos.org.br\/noticias\/#website"},"primaryImageOfPage":{"@id":"https:\/\/franciscanos.org.br\/noticias\/custodia-do-sagrado-coracao-de-jesus-elege-novo-governo.html#primaryimage"},"datePublished":"2018-11-09T13:45:48+00:00","dateModified":"2018-11-23T12:35:26+00:00","author":{"@id":"https:\/\/franciscanos.org.br\/noticias\/#\/schema\/person\/b38fbf43118f02820bd932f2e4b14ad3"},"breadcrumb":{"@id":"https:\/\/franciscanos.org.br\/noticias\/custodia-do-sagrado-coracao-de-jesus-elege-novo-governo.html#breadcrumb"},"inLanguage":"pt-BR","potentialAction":[{"@type":"ReadAction","target":["https:\/\/franciscanos.org.br\/noticias\/custodia-do-sagrado-coracao-de-jesus-elege-novo-governo.html"]}]},{"@type":"BreadcrumbList","@id":"https:\/\/franciscanos.org.br\/noticias\/custodia-do-sagrado-coracao-de-jesus-elege-novo-governo.html#breadcrumb","itemListElement":[{"@type":"ListItem","position":1,"name":"Home","item":"https:\/\/franciscanos.org.br\/noticias"},{"@type":"ListItem","position":2,"name":"Cust\u00f3dia do Sagrado Cora\u00e7\u00e3o de Jesus elege novo Governo"}]},{"@type":"Person","@id":"https:\/\/franciscanos.org.br\/noticias\/#\/schema\/person\/b38fbf43118f02820bd932f2e4b14ad3","name":"admin","image":{"@type":"ImageObject","inLanguage":"pt-BR","@id":"https:\/\/franciscanos.org.br\/noticias\/#\/schema\/person\/image\/","url":"https:\/\/secure.gravatar.com\/avatar\/e8495742d34d0ba6448ea1c628263b3e?s=96&d=mm&r=g","contentUrl":"https:\/\/secure.gravatar.com\/avatar\/e8495742d34d0ba6448ea1c628263b3e?s=96&d=mm&r=g","caption":"admin"},"url":"https:\/\/franciscanos.org.br\/noticias\/author\/admin"}]}},"_links":{"self":[{"href":"https:\/\/franciscanos.org.br\/noticias\/wp-json\/wp\/v2\/posts\/176670"}],"collection":[{"href":"https:\/\/franciscanos.org.br\/noticias\/wp-json\/wp\/v2\/posts"}],"about":[{"href":"https:\/\/franciscanos.org.br\/noticias\/wp-json\/wp\/v2\/types\/post"}],"author":[{"embeddable":true,"href":"https:\/\/franciscanos.org.br\/noticias\/wp-json\/wp\/v2\/users\/1"}],"replies":[{"embeddable":true,"href":"https:\/\/franciscanos.org.br\/noticias\/wp-json\/wp\/v2\/comments?post=176670"}],"version-history":[{"count":0,"href":"https:\/\/franciscanos.org.br\/noticias\/wp-json\/wp\/v2\/posts\/176670\/revisions"}],"wp:featuredmedia":[{"embeddable":true,"href":"https:\/\/franciscanos.org.br\/noticias\/wp-json\/wp\/v2\/media\/190122"}],"wp:attachment":[{"href":"https:\/\/franciscanos.org.br\/noticias\/wp-json\/wp\/v2\/media?parent=176670"}],"wp:term":[{"taxonomy":"category","embeddable":true,"href":"https:\/\/franciscanos.org.br\/noticias\/wp-json\/wp\/v2\/categories?post=176670"},{"taxonomy":"post_tag","embeddable":true,"href":"https:\/\/franciscanos.org.br\/noticias\/wp-json\/wp\/v2\/tags?post=176670"}],"curies":[{"name":"wp","href":"https:\/\/api.w.org\/{rel}","templated":true}]}}